{"id":45615,"date":"2015-04-27T08:26:18","date_gmt":"2015-04-27T11:26:18","guid":{"rendered":"http:\/\/www.notibras.com\/site\/?p=45615"},"modified":"2015-04-27T16:22:17","modified_gmt":"2015-04-27T19:22:17","slug":"cristovam-abre-o-jogo-massacre-da-estrutural-foi-uma-armacao-suja","status":"publish","type":"post","link":"https:\/\/www.notibras.com\/site\/cristovam-abre-o-jogo-massacre-da-estrutural-foi-uma-armacao-suja\/","title":{"rendered":"Cristovam abre o jogo. Massacre da Estrutural foi uma arma\u00e7\u00e3o suja"},"content":{"rendered":"<p>Entre uma reuni\u00e3o de Comiss\u00e3o e outra no Senado Federal, intercaladas por passagens pelo Plen\u00e1rio, Cristovam Buarque tenta dar aten\u00e7\u00e3o \u00e0 imprensa. Nem sempre \u00e9 poss\u00edvel. Sua agenda n\u00e3o disp\u00f5e de intervalos desocupados. Mas h\u00e1 assuntos que t\u00eam o poder de abrir brechas. O que se refere aos assassinatos na cidade Estrutural durante seu governo, \u00e9 um desses.<\/p>\n<p>Apesar da correria, Cristovam Buarque achou 30 minutos para dar a sua vers\u00e3o sobre os fatos ocorridos nos anos de 94 a 99. \u201cLament\u00e1vel\u201d, reconhece ele. E poderia ter sido diferente, caso houvesse tido \u201ccompet\u00eancia\u201d para tratar o caso. Alguns questionamentos e avalia\u00e7\u00f5es sobre esses epis\u00f3dios estavam em ebuli\u00e7\u00e3o na cabe\u00e7a do senador. Mas ele exp\u00f5e agora, nesta entrevista exclusiva a <strong>Notibras<\/strong>.<\/p>\n<p>O senador admite que foi incompetente para administrar a crise, diz que houve arma\u00e7\u00e3o (cita Durval Barbosa e Luiz Estev\u00e3o) e garante que advertiu o hoje governador Rodrigo Rollemberg sobre os riscos de tentar tirar o teto dos trabalhadores.<\/p>\n<p>Veja trechos da entrevista:<\/p>\n<p><strong>O senhor acha que a a\u00e7\u00e3o da PM tanto para retirada dos moradores de l\u00e1, quanto na Opera\u00e7\u00e3o Tornado, foi exagerada?<br \/>\n<\/strong>Eu achei. Tanto que na hora chamei o comandante (da PM), o secret\u00e1rio de Seguran\u00e7a P\u00fablica e fizemos uma an\u00e1lise do que houve. Eles tentaram dizer que n\u00e3o houve, mas eu acho que sim. Uma pol\u00edcia realmente competente n\u00e3o cairia nessa cilada criada para agir daquela maneira. Por isso mantenho a suspeita de que ali houve inten\u00e7\u00e3o de vingan\u00e7a por conta do policial que foi morto no mesmo local. Acho que teve um pouco ou muito de vingan\u00e7a, o que \u00e9 intoler\u00e1vel que uma pol\u00edcia cometa.<\/p>\n<p><strong>Mas o senhor n\u00e3o tinha conhecimento dessa opera\u00e7\u00e3o desencadeada pela PM do seu governo?<br \/>\n<\/strong>N\u00e3o chegou para mim dos \u00f3rg\u00e3os, a ideia de que aquilo se repetiria. N\u00e3o houve uma estrat\u00e9gia. Eu acho que o comando da PM n\u00e3o estava envolvido naquilo. Muita gente desconfia, eu n\u00e3o posso afirmar, que por tr\u00e1s daquilo estava o Durval Barbosa (ele era respons\u00e1vel pela 3\u00aa DP que investigava os crimes na Estrutural). At\u00e9 porque, como aquilo foi t\u00e3o filmado? Como foi t\u00e3o organizado e o filme depois ter sido usado em campanhas contra mim? O PFL (hoje DEM) da \u00e9poca usou esse v\u00eddeo no Brasil inteiro dizendo: olha a\u00ed como \u00e9 a pol\u00edcia do PT. Quem estava por tr\u00e1s daquilo de organizar e filmar? Posso dizer, que por tudo que eu vi, n\u00e3o foi o comando da PM. Muito menos a Secretaria de Seguran\u00e7a.<\/p>\n<p><strong>Ent\u00e3o as a\u00e7\u00f5es dos PMs foram escondidas?<br \/>\n<\/strong>Eu n\u00e3o posso garantir, absolutamente de forma enf\u00e1tica, mas tenho convic\u00e7\u00e3o que o comandante naquele tempo n\u00e3o estava envolvido. Eu acredito que tudo foi feito ao arrepio da linha de comando.<\/p>\n<p><strong>Mas antes desse epis\u00f3dio houve v\u00e1rias opera\u00e7\u00f5es violentas de retirada de moradores&#8230;<br \/>\n<\/strong>Essas eu assumo a responsabilidade. Mas que eu me lembre, n\u00e3o houve exageros. Ao contr\u00e1rio. A gente dialogou muito. Uma parte consider\u00e1vel saiu voluntariamente. Levamos para Planaltina. Criamos uma cidade. Tamb\u00e9m no Recanto das Emas, mas em Planaltina foi mais. Ao ponto de ter um momento que eles chamaram de \u201cVila Buarque\u201d. Eu que disse que isso (de usar seu nome na regi\u00e3o) era s\u00f3 depois de eu morto. Ent\u00e3o tiramos algumas pessoas voluntariamente.<\/p>\n<p><strong>Por que?<br \/>\n<\/strong>Por que se organizou, no dia seguinte da minha elei\u00e7\u00e3o (em 1994), por lideran\u00e7as pol\u00edticas, entre as quais Luiz Estev\u00e3o, a constru\u00e7\u00e3o de barracos naquele lugar (Estrutural). Criou-se uma coisa chamada de \u201ckit-invas\u00e3o\u201d. Eles davam uma quantidade de madeira, pregos para que as pessoas invadissem ali para criar um constrangimento, um problema. Ali n\u00e3o era um lugar para se construir moradias. Eu zelei muito pelo Plano (Piloto). Ali era para ser, ou uma \u00e1rea florestal, ou setor industrial.<\/p>\n<p><strong>Mas foi esse um grande questionamento na \u00e9poca. Por que tirar fam\u00edlias, casas, e deixar ind\u00fastrias?<br \/>\n<\/strong>Por uma maneira muito simples. Na ind\u00fastria, as pessoas v\u00e3o para a casa. N\u00e3o h\u00e1 uma ocupa\u00e7\u00e3o. N\u00e3o h\u00e1 dejetos humanos, n\u00e3o h\u00e1 as condi\u00e7\u00f5es tr\u00e1gicas de moradia e n\u00e3o criaria a conturba\u00e7\u00e3o que est\u00e3o criando entre o Plano Piloto e Taguatinga, como se as cidades fossem uma coisa s\u00f3. O sonho do DF era de que n\u00e3o tivesse essa conturba\u00e7\u00e3o como existe em S\u00e3o Paulo, no Rio de Janeiro, em Recife. A cidade inteira vai se juntando uma a outra.<\/p>\n<p><strong>E qual era o objetivo para aquela \u00e1rea?<br \/>\n<\/strong>Era para ser uma \u00e1rea industrial porque cria empregos, dinamiza a economia por pagar imposto e porque n\u00e3o ocupa o solo com a mesma densidade demogr\u00e1fica de habita\u00e7\u00e3o. Voc\u00ea tem 200 oper\u00e1rios indo pela manh\u00e3 e saindo a noite. Agora, se tira a ind\u00fastria, no lugar de 200 teremos 2 mil pessoas morando. Ali n\u00e3o era lugar de moradia. Mas hoje eu j\u00e1 defendo que continue. N\u00e3o tem mais jeito de tirar a Estrutural. Venceu a ideia de habita\u00e7\u00e3o sobre a ind\u00fastria.<\/p>\n<p><strong>Ent\u00e3o assume a condu\u00e7\u00e3o das opera\u00e7\u00f5es de retiradas dos barracos na Estrutural?<br \/>\n<\/strong>Isso eu assumo. N\u00e3o era lugar para ter moradia. Isso era no Recanto das Emas, para onde eu levei algumas pessoas. A ideia era levar todos. O problema que essa m\u00e1quina de invas\u00e3o que foi criada \u00e9 muito forte. T\u00e3o forte que a gente tirava e aparecia mais. A verdade \u00e9 que no final entregou-se os pontos. A autoridade, eu no caso, e as outras que vieram entregaram os pontos.<\/p>\n<p><strong>Mas hoje, numa nova avalia\u00e7\u00e3o, o senhor n\u00e3o acha que exagerou em alguns pontos como fazer valas, cercar a cidade com arames, n\u00e3o deixar entrar alimentos para abastecer os mercados locais?<br \/>\n<\/strong>Isso de n\u00e3o entrar alimento eu n\u00e3o me lembro. Os direitos humanos n\u00e3o deixariam. Nem o Minist\u00e9rio P\u00fablico. Cercar eu j\u00e1 me lembro. N\u00e3o tinha outro jeito. Era cercar para evitar a entrada e n\u00e3o para sair. E para n\u00e3o entrarem com carregamentos de \u201ckit-invas\u00e3o\u201d. Tinha que ter uma ordem. Agora de impedir de entrar alimento, n\u00e3o. Mas teve um momento em que precisamos cercar.<\/p>\n<p><strong>Mas conversamos com donos de mercados e moradores que confirmaram isso&#8230;<br \/>\n<\/strong>Confesso que n\u00e3o tenho conhecimento disso e essa ordem n\u00e3o haveria. Isso seria um campo de concentra\u00e7\u00e3o.<\/p>\n<p><strong>O senhor esteve na Estrutural durante a campanha de 1994 e prometeu que a cidade ficaria l\u00e1? Se sim, por que mudou de ideia depois que assumiu o mandato?<br \/>\n<\/strong>Em 1994 n\u00e3o existia a Estrutural. O que existia era uma antiga regi\u00e3o com 520 moradores. Essa a\u00ed deveria continuar. E essa eu fui l\u00e1 e disse que eles tinham que continuar. Mas os que estavam l\u00e1 h\u00e1 20 anos. E n\u00e3o os 15, 20 mil.<\/p>\n<p><strong>Ent\u00e3o n\u00e3o houve uma trai\u00e7\u00e3o, como alguns acreditam?<br \/>\n<\/strong>N\u00e3o. Eu protegi e defendi. E eu gravei um v\u00eddeo dizendo que eles tinham que ficar. Mas n\u00e3o os 20 mil moradores que chegaram depois. Eram 520 que n\u00e3o afetavam o solo e nem atrapalhariam a ind\u00fastria.<\/p>\n<p><strong>O senhor recebeu press\u00e3o do Sinduscon na \u00e9poca, como afirma o ex-deputado Z\u00e9 Edmar?<br \/>\n<\/strong>Nunca aceitei press\u00e3o dessas pessoas. At\u00e9 porque eles n\u00e3o se beneficiaram, pois n\u00e3o seria lugar de habita\u00e7\u00e3o. O Sinduscon, na verdade, quer \u00e9 invas\u00e3o para depois criar casas de classe m\u00e9dia. Essa entidade \u00e9 ligada ao Luiz Estev\u00e3o.<\/p>\n<p><strong>O senhor entrou com uma a\u00e7\u00e3o contra o Z\u00e9 Edmar por danos morais?<br \/>\n<\/strong>Sim. Mas eu n\u00e3o sei os detalhes porque \u00e9 o meu advogado que cuida dessas coisas. E ganhamos.<\/p>\n<p><strong>\u00c9 fato tamb\u00e9m que pediu para o Z\u00e9 Edmar desativar o Museu do Sangue, para que n\u00e3o ligassem esse museu ao seu nome e, em troca, a indeniza\u00e7\u00e3o seria perdoada?<br \/>\n<\/strong>N\u00e3o.<\/p>\n<p><strong>O Z\u00e9 Edmar disse que sim&#8230;<br \/>\n<\/strong>N\u00e3o sei. N\u00e3o \u00e9 comigo. Todo ato que eu entrei contra Roriz, Z\u00e9 Edmar e outros, meu advogado (Claudismar Zupiroli) \u00e9 quem faz e fica com o dinheiro. Eu n\u00e3o recebo um real. A indeniza\u00e7\u00e3o recente, do Luiz Estev\u00e3o que pagou 100 mil reais, foi toda para ele. Mas eu n\u00e3o fiz nenhum acordo com o Z\u00e9 Edmar. Ali\u00e1s, ele me procurou para que eu conversasse com o advogado para n\u00e3o cobrar, que ele est\u00e1 pobre, a\u00ed eu liguei para o advogado e pedi: fale com ele.<\/p>\n<p><strong>Mas pode ter ocorrido sem o seu conhecimento alguma conversa do Zupiroli nesse sentido?<br \/>\n<\/strong>Sem me consultar? O que ele ganharia com isso? S\u00f3 perderia dinheiro&#8230;<\/p>\n<p><strong>Alguns remanescentes desses conflitos, incluindo o Z\u00e9 Edmar, acreditam que o senhor deveria responder junto com os 12 PMs. Como o senhor avalia essa posi\u00e7\u00e3o?<br \/>\n<\/strong>N\u00e3o vou emitir ju\u00edzo sobre isso. \u00c9 a opini\u00e3o deles.<\/p>\n<p><strong>Est\u00e1 arrependido de ter autorizado opera\u00e7\u00f5es de retiradas na Estrutural?<br \/>\n<\/strong>Reconhe\u00e7o que foi um epis\u00f3dio triste. At\u00e9 porque foi usado contra mim de maneira vergonhosa por gente que eu tenho boa rela\u00e7\u00e3o. Foi um epis\u00f3dio lament\u00e1vel que aconteceu no meu governo como outros que aconteceram, como a greve de professores. A maneira como administramos a quest\u00e3o da Estrutural. Depois da campanha (de 2014), eu estive com o governador eleito Rodrigo Rollemberg e tirei do bolso um papel dizendo os erros que eu cometi durante o meu governo. Um deles foi a maneira como administramos a quest\u00e3o da Estrutural.<\/p>\n<p><strong>O senhor acha que a situa\u00e7\u00e3o da Estrutural foi usada como interesses eleitoreiros?<br \/>\n<\/strong>O Z\u00e9 Edmar tinha uma boa inten\u00e7\u00e3o. L\u00e1 atr\u00e1s, com a igreja cat\u00f3lica, ele lutava pela habita\u00e7\u00e3o. Tanto que ele me trouxe um projeto de colocar a ind\u00fastria ao redor e a popula\u00e7\u00e3o no meio que eu at\u00e9 simpatizei. Mas quando o projeto foi analisado por pessoas do setor, disseram que era invi\u00e1vel. Mas o Luiz Estev\u00e3o queria criar conflitos com o governo. \u00c9 uma pena que tenha ocorrido no meu governo.<\/p>\n<p><strong>Depois dos epis\u00f3dios da sua gest\u00e3o, o senhor esteve na Estrutural. Como agiu para tentar um novo contato com a popula\u00e7\u00e3o e at\u00e9 uma reaproxima\u00e7\u00e3o amig\u00e1vel?<br \/>\n<\/strong>Houve o interesse do PDT de indicar o Secret\u00e1rio de Educa\u00e7\u00e3o e eu, pessoalmente, o administrador da Estrutural quando o Agnelo foi eleito. E ele disse que sim. O Wilmar Lacerda, ent\u00e3o, construiu um nome l\u00e1 ouvindo o irm\u00e3o da Marlene Mendes (l\u00edder comunit\u00e1ria na cidade) e se eu n\u00e3o me engano era at\u00e9 o nome que seria indicado (ele fala do Elias, morto tr\u00eas anos atr\u00e1s, em decorr\u00eancia de problemas reais depois de sofrer viol\u00eancia policial durante a gest\u00e3o de Cristovam). Mas o Agnelo preferiu nomear a mulher do Roberto Policarpo. Isso eu n\u00e3o perdoo.<\/p>\n<p><strong>Por que tentou essa aproxima\u00e7\u00e3o? N\u00e3o seria arrependimento?<br \/>\n<\/strong>Porque por mais que eu tenha agido certo em dizer que ali n\u00e3o era um lugar de moradia, eu me sinto em d\u00edvida com a popula\u00e7\u00e3o. Com o Rodrigo Rollemberg repeti a mesma coisa. Tentei indicar e nada. S\u00e3o duas coisas que me incomodam entre o Agnelo e Rollemberg. Mas n\u00e3o \u00e9 uma d\u00edvida pelo massacre, porque isso \u00e9 dos r\u00e9us, mas como n\u00f3s tratamos o assunto. A maneira n\u00e3o foi conduzida com compet\u00eancia e habilidade que deveria.<\/p>\n<p><strong>Mas, de quem foi essa incompet\u00eancia?<br \/>\n<\/strong>Minha.<\/p>\n<p><strong>Elton Santos<\/strong><\/p>\n","protected":false},"excerpt":{"rendered":"<p>Entre uma reuni\u00e3o de Comiss\u00e3o e outra no Senado Federal, intercaladas por passagens pelo Plen\u00e1rio, Cristovam Buarque tenta dar aten\u00e7\u00e3o \u00e0 imprensa. Nem sempre \u00e9 poss\u00edvel. Sua agenda n\u00e3o disp\u00f5e de intervalos desocupados. Mas h\u00e1 assuntos que t\u00eam o poder de abrir brechas. O que se refere aos assassinatos na cidade Estrutural durante seu governo, [&hellip;]<\/p>\n","protected":false},"author":2,"featured_media":45616,"comment_status":"open","ping_status":"closed","sticky":false,"template":"","format":"standard","meta":{"_acf_changed":false,"footnotes":""},"categories":[38],"tags":[],"class_list":["post-45615","post","type-post","status-publish","format-standard","has-post-thumbnail","hentry","category-especial-estrutural"],"acf":[],"yoast_head":"<!-- This site is optimized with the Yoast SEO plugin v27.5 - https:\/\/yoast.com\/product\/yoast-seo-wordpress\/ -->\n<title>Cristovam abre o jogo. Massacre da Estrutural foi uma arma\u00e7\u00e3o suja - Notibras<\/title>\n<meta name=\"robots\" content=\"index, follow, max-snippet:-1, max-image-preview:large, max-video-preview:-1\" \/>\n<link rel=\"canonical\" href=\"https:\/\/www.notibras.com\/site\/cristovam-abre-o-jogo-massacre-da-estrutural-foi-uma-armacao-suja\/\" \/>\n<meta property=\"og:locale\" content=\"pt_BR\" \/>\n<meta property=\"og:type\" content=\"article\" \/>\n<meta property=\"og:title\" content=\"Cristovam abre o jogo. Massacre da Estrutural foi uma arma\u00e7\u00e3o suja - Notibras\" \/>\n<meta property=\"og:description\" content=\"Entre uma reuni\u00e3o de Comiss\u00e3o e outra no Senado Federal, intercaladas por passagens pelo Plen\u00e1rio, Cristovam Buarque tenta dar aten\u00e7\u00e3o \u00e0 imprensa. Nem sempre \u00e9 poss\u00edvel. Sua agenda n\u00e3o disp\u00f5e de intervalos desocupados. Mas h\u00e1 assuntos que t\u00eam o poder de abrir brechas. O que se refere aos assassinatos na cidade Estrutural durante seu governo, [&hellip;]\" \/>\n<meta property=\"og:url\" content=\"https:\/\/www.notibras.com\/site\/cristovam-abre-o-jogo-massacre-da-estrutural-foi-uma-armacao-suja\/\" \/>\n<meta property=\"og:site_name\" content=\"Notibras\" \/>\n<meta property=\"article:publisher\" content=\"https:\/\/www.facebook.com\/notibras\/\" \/>\n<meta property=\"article:published_time\" content=\"2015-04-27T11:26:18+00:00\" \/>\n<meta property=\"article:modified_time\" content=\"2015-04-27T19:22:17+00:00\" \/>\n<meta property=\"og:image\" content=\"https:\/\/www.notibras.com\/site\/wp-content\/uploads\/2015\/04\/cris27.jpg\" \/>\n\t<meta property=\"og:image:width\" content=\"800\" \/>\n\t<meta property=\"og:image:height\" content=\"534\" \/>\n\t<meta property=\"og:image:type\" content=\"image\/jpeg\" \/>\n<meta name=\"author\" content=\"Reda\u00e7\u00e3o\" \/>\n<meta name=\"twitter:card\" content=\"summary_large_image\" \/>\n<meta name=\"twitter:creator\" content=\"@Notibras\" \/>\n<meta name=\"twitter:site\" content=\"@Notibras\" \/>\n<meta name=\"twitter:label1\" content=\"Escrito por\" \/>\n\t<meta name=\"twitter:data1\" content=\"Reda\u00e7\u00e3o\" \/>\n\t<meta name=\"twitter:label2\" content=\"Est. tempo de leitura\" \/>\n\t<meta name=\"twitter:data2\" content=\"10 minutos\" \/>\n<script type=\"application\/ld+json\" class=\"yoast-schema-graph\">{\"@context\":\"https:\\\/\\\/schema.org\",\"@graph\":[{\"@type\":\"Article\",\"@id\":\"https:\\\/\\\/www.notibras.com\\\/site\\\/cristovam-abre-o-jogo-massacre-da-estrutural-foi-uma-armacao-suja\\\/#article\",\"isPartOf\":{\"@id\":\"https:\\\/\\\/www.notibras.com\\\/site\\\/cristovam-abre-o-jogo-massacre-da-estrutural-foi-uma-armacao-suja\\\/\"},\"author\":{\"name\":\"Reda\u00e7\u00e3o\",\"@id\":\"https:\\\/\\\/www.notibras.com\\\/site\\\/#\\\/schema\\\/person\\\/36ab0979449956132d3e5b517ea76ac8\"},\"headline\":\"Cristovam abre o jogo. Massacre da Estrutural foi uma arma\u00e7\u00e3o suja\",\"datePublished\":\"2015-04-27T11:26:18+00:00\",\"dateModified\":\"2015-04-27T19:22:17+00:00\",\"mainEntityOfPage\":{\"@id\":\"https:\\\/\\\/www.notibras.com\\\/site\\\/cristovam-abre-o-jogo-massacre-da-estrutural-foi-uma-armacao-suja\\\/\"},\"wordCount\":1976,\"commentCount\":0,\"publisher\":{\"@id\":\"https:\\\/\\\/www.notibras.com\\\/site\\\/#organization\"},\"image\":{\"@id\":\"https:\\\/\\\/www.notibras.com\\\/site\\\/cristovam-abre-o-jogo-massacre-da-estrutural-foi-uma-armacao-suja\\\/#primaryimage\"},\"thumbnailUrl\":\"https:\\\/\\\/www.notibras.com\\\/site\\\/wp-content\\\/uploads\\\/2015\\\/04\\\/cris27.jpg\",\"articleSection\":[\"ESPECIAL - Estrutural\"],\"inLanguage\":\"pt-BR\",\"potentialAction\":[{\"@type\":\"CommentAction\",\"name\":\"Comment\",\"target\":[\"https:\\\/\\\/www.notibras.com\\\/site\\\/cristovam-abre-o-jogo-massacre-da-estrutural-foi-uma-armacao-suja\\\/#respond\"]}]},{\"@type\":\"WebPage\",\"@id\":\"https:\\\/\\\/www.notibras.com\\\/site\\\/cristovam-abre-o-jogo-massacre-da-estrutural-foi-uma-armacao-suja\\\/\",\"url\":\"https:\\\/\\\/www.notibras.com\\\/site\\\/cristovam-abre-o-jogo-massacre-da-estrutural-foi-uma-armacao-suja\\\/\",\"name\":\"Cristovam abre o jogo. Massacre da Estrutural foi uma arma\u00e7\u00e3o suja - Notibras\",\"isPartOf\":{\"@id\":\"https:\\\/\\\/www.notibras.com\\\/site\\\/#website\"},\"primaryImageOfPage\":{\"@id\":\"https:\\\/\\\/www.notibras.com\\\/site\\\/cristovam-abre-o-jogo-massacre-da-estrutural-foi-uma-armacao-suja\\\/#primaryimage\"},\"image\":{\"@id\":\"https:\\\/\\\/www.notibras.com\\\/site\\\/cristovam-abre-o-jogo-massacre-da-estrutural-foi-uma-armacao-suja\\\/#primaryimage\"},\"thumbnailUrl\":\"https:\\\/\\\/www.notibras.com\\\/site\\\/wp-content\\\/uploads\\\/2015\\\/04\\\/cris27.jpg\",\"datePublished\":\"2015-04-27T11:26:18+00:00\",\"dateModified\":\"2015-04-27T19:22:17+00:00\",\"breadcrumb\":{\"@id\":\"https:\\\/\\\/www.notibras.com\\\/site\\\/cristovam-abre-o-jogo-massacre-da-estrutural-foi-uma-armacao-suja\\\/#breadcrumb\"},\"inLanguage\":\"pt-BR\",\"potentialAction\":[{\"@type\":\"ReadAction\",\"target\":[\"https:\\\/\\\/www.notibras.com\\\/site\\\/cristovam-abre-o-jogo-massacre-da-estrutural-foi-uma-armacao-suja\\\/\"]}]},{\"@type\":\"ImageObject\",\"inLanguage\":\"pt-BR\",\"@id\":\"https:\\\/\\\/www.notibras.com\\\/site\\\/cristovam-abre-o-jogo-massacre-da-estrutural-foi-uma-armacao-suja\\\/#primaryimage\",\"url\":\"https:\\\/\\\/www.notibras.com\\\/site\\\/wp-content\\\/uploads\\\/2015\\\/04\\\/cris27.jpg\",\"contentUrl\":\"https:\\\/\\\/www.notibras.com\\\/site\\\/wp-content\\\/uploads\\\/2015\\\/04\\\/cris27.jpg\",\"width\":800,\"height\":534},{\"@type\":\"BreadcrumbList\",\"@id\":\"https:\\\/\\\/www.notibras.com\\\/site\\\/cristovam-abre-o-jogo-massacre-da-estrutural-foi-uma-armacao-suja\\\/#breadcrumb\",\"itemListElement\":[{\"@type\":\"ListItem\",\"position\":1,\"name\":\"In\u00edcio\",\"item\":\"https:\\\/\\\/www.notibras.com\\\/site\\\/\"},{\"@type\":\"ListItem\",\"position\":2,\"name\":\"Cristovam abre o jogo. Massacre da Estrutural foi uma arma\u00e7\u00e3o suja\"}]},{\"@type\":\"WebSite\",\"@id\":\"https:\\\/\\\/www.notibras.com\\\/site\\\/#website\",\"url\":\"https:\\\/\\\/www.notibras.com\\\/site\\\/\",\"name\":\"Notibras\",\"description\":\"Not\u00edcias de Bras\u00edlia, do Brasil e do Mundo\",\"publisher\":{\"@id\":\"https:\\\/\\\/www.notibras.com\\\/site\\\/#organization\"},\"potentialAction\":[{\"@type\":\"SearchAction\",\"target\":{\"@type\":\"EntryPoint\",\"urlTemplate\":\"https:\\\/\\\/www.notibras.com\\\/site\\\/?s={search_term_string}\"},\"query-input\":{\"@type\":\"PropertyValueSpecification\",\"valueRequired\":true,\"valueName\":\"search_term_string\"}}],\"inLanguage\":\"pt-BR\"},{\"@type\":\"Organization\",\"@id\":\"https:\\\/\\\/www.notibras.com\\\/site\\\/#organization\",\"name\":\"Grupo Notibras de Comunica\u00e7\u00e3o\",\"url\":\"https:\\\/\\\/www.notibras.com\\\/site\\\/\",\"logo\":{\"@type\":\"ImageObject\",\"inLanguage\":\"pt-BR\",\"@id\":\"https:\\\/\\\/www.notibras.com\\\/site\\\/#\\\/schema\\\/logo\\\/image\\\/\",\"url\":\"https:\\\/\\\/www.notibras.com\\\/site\\\/wp-content\\\/uploads\\\/2023\\\/01\\\/notibras23.png\",\"contentUrl\":\"https:\\\/\\\/www.notibras.com\\\/site\\\/wp-content\\\/uploads\\\/2023\\\/01\\\/notibras23.png\",\"width\":350,\"height\":87,\"caption\":\"Grupo Notibras de Comunica\u00e7\u00e3o\"},\"image\":{\"@id\":\"https:\\\/\\\/www.notibras.com\\\/site\\\/#\\\/schema\\\/logo\\\/image\\\/\"},\"sameAs\":[\"https:\\\/\\\/www.facebook.com\\\/notibras\\\/\",\"https:\\\/\\\/x.com\\\/Notibras\",\"https:\\\/\\\/www.instagram.com\\\/notibras\\\/\"]},{\"@type\":\"Person\",\"@id\":\"https:\\\/\\\/www.notibras.com\\\/site\\\/#\\\/schema\\\/person\\\/36ab0979449956132d3e5b517ea76ac8\",\"name\":\"Reda\u00e7\u00e3o\",\"image\":{\"@type\":\"ImageObject\",\"inLanguage\":\"pt-BR\",\"@id\":\"https:\\\/\\\/secure.gravatar.com\\\/avatar\\\/e0a867bdedb85fd243eadf09663511f96fc81e0720a4a42581f334ad4303aa6b?s=96&d=mm&r=g\",\"url\":\"https:\\\/\\\/secure.gravatar.com\\\/avatar\\\/e0a867bdedb85fd243eadf09663511f96fc81e0720a4a42581f334ad4303aa6b?s=96&d=mm&r=g\",\"contentUrl\":\"https:\\\/\\\/secure.gravatar.com\\\/avatar\\\/e0a867bdedb85fd243eadf09663511f96fc81e0720a4a42581f334ad4303aa6b?s=96&d=mm&r=g\",\"caption\":\"Reda\u00e7\u00e3o\"}}]}<\/script>\n<!-- \/ Yoast SEO plugin. -->","yoast_head_json":{"title":"Cristovam abre o jogo. Massacre da Estrutural foi uma arma\u00e7\u00e3o suja - Notibras","robots":{"index":"index","follow":"follow","max-snippet":"max-snippet:-1","max-image-preview":"max-image-preview:large","max-video-preview":"max-video-preview:-1"},"canonical":"https:\/\/www.notibras.com\/site\/cristovam-abre-o-jogo-massacre-da-estrutural-foi-uma-armacao-suja\/","og_locale":"pt_BR","og_type":"article","og_title":"Cristovam abre o jogo. Massacre da Estrutural foi uma arma\u00e7\u00e3o suja - Notibras","og_description":"Entre uma reuni\u00e3o de Comiss\u00e3o e outra no Senado Federal, intercaladas por passagens pelo Plen\u00e1rio, Cristovam Buarque tenta dar aten\u00e7\u00e3o \u00e0 imprensa. Nem sempre \u00e9 poss\u00edvel. Sua agenda n\u00e3o disp\u00f5e de intervalos desocupados. Mas h\u00e1 assuntos que t\u00eam o poder de abrir brechas. O que se refere aos assassinatos na cidade Estrutural durante seu governo, [&hellip;]","og_url":"https:\/\/www.notibras.com\/site\/cristovam-abre-o-jogo-massacre-da-estrutural-foi-uma-armacao-suja\/","og_site_name":"Notibras","article_publisher":"https:\/\/www.facebook.com\/notibras\/","article_published_time":"2015-04-27T11:26:18+00:00","article_modified_time":"2015-04-27T19:22:17+00:00","og_image":[{"width":800,"height":534,"url":"https:\/\/www.notibras.com\/site\/wp-content\/uploads\/2015\/04\/cris27.jpg","type":"image\/jpeg"}],"author":"Reda\u00e7\u00e3o","twitter_card":"summary_large_image","twitter_creator":"@Notibras","twitter_site":"@Notibras","twitter_misc":{"Escrito por":"Reda\u00e7\u00e3o","Est. tempo de leitura":"10 minutos"},"schema":{"@context":"https:\/\/schema.org","@graph":[{"@type":"Article","@id":"https:\/\/www.notibras.com\/site\/cristovam-abre-o-jogo-massacre-da-estrutural-foi-uma-armacao-suja\/#article","isPartOf":{"@id":"https:\/\/www.notibras.com\/site\/cristovam-abre-o-jogo-massacre-da-estrutural-foi-uma-armacao-suja\/"},"author":{"name":"Reda\u00e7\u00e3o","@id":"https:\/\/www.notibras.com\/site\/#\/schema\/person\/36ab0979449956132d3e5b517ea76ac8"},"headline":"Cristovam abre o jogo. Massacre da Estrutural foi uma arma\u00e7\u00e3o suja","datePublished":"2015-04-27T11:26:18+00:00","dateModified":"2015-04-27T19:22:17+00:00","mainEntityOfPage":{"@id":"https:\/\/www.notibras.com\/site\/cristovam-abre-o-jogo-massacre-da-estrutural-foi-uma-armacao-suja\/"},"wordCount":1976,"commentCount":0,"publisher":{"@id":"https:\/\/www.notibras.com\/site\/#organization"},"image":{"@id":"https:\/\/www.notibras.com\/site\/cristovam-abre-o-jogo-massacre-da-estrutural-foi-uma-armacao-suja\/#primaryimage"},"thumbnailUrl":"https:\/\/www.notibras.com\/site\/wp-content\/uploads\/2015\/04\/cris27.jpg","articleSection":["ESPECIAL - Estrutural"],"inLanguage":"pt-BR","potentialAction":[{"@type":"CommentAction","name":"Comment","target":["https:\/\/www.notibras.com\/site\/cristovam-abre-o-jogo-massacre-da-estrutural-foi-uma-armacao-suja\/#respond"]}]},{"@type":"WebPage","@id":"https:\/\/www.notibras.com\/site\/cristovam-abre-o-jogo-massacre-da-estrutural-foi-uma-armacao-suja\/","url":"https:\/\/www.notibras.com\/site\/cristovam-abre-o-jogo-massacre-da-estrutural-foi-uma-armacao-suja\/","name":"Cristovam abre o jogo. Massacre da Estrutural foi uma arma\u00e7\u00e3o suja - Notibras","isPartOf":{"@id":"https:\/\/www.notibras.com\/site\/#website"},"primaryImageOfPage":{"@id":"https:\/\/www.notibras.com\/site\/cristovam-abre-o-jogo-massacre-da-estrutural-foi-uma-armacao-suja\/#primaryimage"},"image":{"@id":"https:\/\/www.notibras.com\/site\/cristovam-abre-o-jogo-massacre-da-estrutural-foi-uma-armacao-suja\/#primaryimage"},"thumbnailUrl":"https:\/\/www.notibras.com\/site\/wp-content\/uploads\/2015\/04\/cris27.jpg","datePublished":"2015-04-27T11:26:18+00:00","dateModified":"2015-04-27T19:22:17+00:00","breadcrumb":{"@id":"https:\/\/www.notibras.com\/site\/cristovam-abre-o-jogo-massacre-da-estrutural-foi-uma-armacao-suja\/#breadcrumb"},"inLanguage":"pt-BR","potentialAction":[{"@type":"ReadAction","target":["https:\/\/www.notibras.com\/site\/cristovam-abre-o-jogo-massacre-da-estrutural-foi-uma-armacao-suja\/"]}]},{"@type":"ImageObject","inLanguage":"pt-BR","@id":"https:\/\/www.notibras.com\/site\/cristovam-abre-o-jogo-massacre-da-estrutural-foi-uma-armacao-suja\/#primaryimage","url":"https:\/\/www.notibras.com\/site\/wp-content\/uploads\/2015\/04\/cris27.jpg","contentUrl":"https:\/\/www.notibras.com\/site\/wp-content\/uploads\/2015\/04\/cris27.jpg","width":800,"height":534},{"@type":"BreadcrumbList","@id":"https:\/\/www.notibras.com\/site\/cristovam-abre-o-jogo-massacre-da-estrutural-foi-uma-armacao-suja\/#breadcrumb","itemListElement":[{"@type":"ListItem","position":1,"name":"In\u00edcio","item":"https:\/\/www.notibras.com\/site\/"},{"@type":"ListItem","position":2,"name":"Cristovam abre o jogo. Massacre da Estrutural foi uma arma\u00e7\u00e3o suja"}]},{"@type":"WebSite","@id":"https:\/\/www.notibras.com\/site\/#website","url":"https:\/\/www.notibras.com\/site\/","name":"Notibras","description":"Not\u00edcias de Bras\u00edlia, do Brasil e do Mundo","publisher":{"@id":"https:\/\/www.notibras.com\/site\/#organization"},"potentialAction":[{"@type":"SearchAction","target":{"@type":"EntryPoint","urlTemplate":"https:\/\/www.notibras.com\/site\/?s={search_term_string}"},"query-input":{"@type":"PropertyValueSpecification","valueRequired":true,"valueName":"search_term_string"}}],"inLanguage":"pt-BR"},{"@type":"Organization","@id":"https:\/\/www.notibras.com\/site\/#organization","name":"Grupo Notibras de Comunica\u00e7\u00e3o","url":"https:\/\/www.notibras.com\/site\/","logo":{"@type":"ImageObject","inLanguage":"pt-BR","@id":"https:\/\/www.notibras.com\/site\/#\/schema\/logo\/image\/","url":"https:\/\/www.notibras.com\/site\/wp-content\/uploads\/2023\/01\/notibras23.png","contentUrl":"https:\/\/www.notibras.com\/site\/wp-content\/uploads\/2023\/01\/notibras23.png","width":350,"height":87,"caption":"Grupo Notibras de Comunica\u00e7\u00e3o"},"image":{"@id":"https:\/\/www.notibras.com\/site\/#\/schema\/logo\/image\/"},"sameAs":["https:\/\/www.facebook.com\/notibras\/","https:\/\/x.com\/Notibras","https:\/\/www.instagram.com\/notibras\/"]},{"@type":"Person","@id":"https:\/\/www.notibras.com\/site\/#\/schema\/person\/36ab0979449956132d3e5b517ea76ac8","name":"Reda\u00e7\u00e3o","image":{"@type":"ImageObject","inLanguage":"pt-BR","@id":"https:\/\/secure.gravatar.com\/avatar\/e0a867bdedb85fd243eadf09663511f96fc81e0720a4a42581f334ad4303aa6b?s=96&d=mm&r=g","url":"https:\/\/secure.gravatar.com\/avatar\/e0a867bdedb85fd243eadf09663511f96fc81e0720a4a42581f334ad4303aa6b?s=96&d=mm&r=g","contentUrl":"https:\/\/secure.gravatar.com\/avatar\/e0a867bdedb85fd243eadf09663511f96fc81e0720a4a42581f334ad4303aa6b?s=96&d=mm&r=g","caption":"Reda\u00e7\u00e3o"}}]}},"amp_enabled":true,"_links":{"self":[{"href":"https:\/\/www.notibras.com\/site\/wp-json\/wp\/v2\/posts\/45615","targetHints":{"allow":["GET"]}}],"collection":[{"href":"https:\/\/www.notibras.com\/site\/wp-json\/wp\/v2\/posts"}],"about":[{"href":"https:\/\/www.notibras.com\/site\/wp-json\/wp\/v2\/types\/post"}],"author":[{"embeddable":true,"href":"https:\/\/www.notibras.com\/site\/wp-json\/wp\/v2\/users\/2"}],"replies":[{"embeddable":true,"href":"https:\/\/www.notibras.com\/site\/wp-json\/wp\/v2\/comments?post=45615"}],"version-history":[{"count":0,"href":"https:\/\/www.notibras.com\/site\/wp-json\/wp\/v2\/posts\/45615\/revisions"}],"wp:featuredmedia":[{"embeddable":true,"href":"https:\/\/www.notibras.com\/site\/wp-json\/wp\/v2\/media\/45616"}],"wp:attachment":[{"href":"https:\/\/www.notibras.com\/site\/wp-json\/wp\/v2\/media?parent=45615"}],"wp:term":[{"taxonomy":"category","embeddable":true,"href":"https:\/\/www.notibras.com\/site\/wp-json\/wp\/v2\/categories?post=45615"},{"taxonomy":"post_tag","embeddable":true,"href":"https:\/\/www.notibras.com\/site\/wp-json\/wp\/v2\/tags?post=45615"}],"curies":[{"name":"wp","href":"https:\/\/api.w.org\/{rel}","templated":true}]}}