{"id":45738,"date":"2015-04-28T07:42:31","date_gmt":"2015-04-28T10:42:31","guid":{"rendered":"http:\/\/www.notibras.com\/site\/?p=45738"},"modified":"2015-04-28T07:42:31","modified_gmt":"2015-04-28T10:42:31","slug":"facilitar-porte-de-arma-nao-vai-melhorar-a-defesa-pessoal","status":"publish","type":"post","link":"https:\/\/www.notibras.com\/site\/facilitar-porte-de-arma-nao-vai-melhorar-a-defesa-pessoal\/","title":{"rendered":"Facilitar porte de arma n\u00e3o vai melhorar a defesa pessoal"},"content":{"rendered":"<p>Em novembro do ano passado ganhou for\u00e7a o debate sobre a revoga\u00e7\u00e3o do Estatuto do Desarmamento. Deputados financiados pela ind\u00fastria das armas se articularam e, sorrateiramente, no momento em que a reta final das elei\u00e7\u00f5es tirava a aten\u00e7\u00e3o sobre o Congresso, montaram uma Comiss\u00e3o Especial para apreciar o projeto de lei 3722\/12, que estabelece a revoga\u00e7\u00e3o do estatuto. Na ocasi\u00e3o, o PL acabou sendo arquivado.<\/p>\n<p>Nessa nova legislatura, a Comiss\u00e3o Especial voltou a ser instalada no dia 14 de abril, na C\u00e2mara dos Deputados. Novamente, parte dos deputados que a comp\u00f5e foi financiada pela ind\u00fastria de armas. Al\u00e9m disso, os mesmos argumentos falaciosos apresentados anteriormente seguem sendo defendidos.<\/p>\n<p>A primeira justificativa usada para defender a revoga\u00e7\u00e3o \u00e9 de que a popula\u00e7\u00e3o rejeitou o desarmamento no referendo realizado em 2005 e a manuten\u00e7\u00e3o do estatuto, portanto, estaria contrariando a vontade da maioria. Imposs\u00edvel pensar em um argumento mais falso.<\/p>\n<p>O que a popula\u00e7\u00e3o rejeitou em 2005 foi a proibi\u00e7\u00e3o da venda de armas e muni\u00e7\u00f5es, o que vem sendo amplamente respeitada desde ent\u00e3o. Ali\u00e1s, mais de 72 mil novos registros foram autorizados a civis que cumpriram os requisitos da nova lei desde 2004.<\/p>\n<p>Todo o restante do estatuto estabelece uma ampla pol\u00edtica de controle de armas no pa\u00eds. Ningu\u00e9m em s\u00e3 consci\u00eancia pode ser contr\u00e1rio \u00e0 correta regula\u00e7\u00e3o da circula\u00e7\u00e3o e uso das armas de fogo. A menos que haja interesses de outras naturezas envolvidos.<\/p>\n<p>Atualmente, o estatuto permite que cidad\u00e3os tenham armas em casa e estabelece que para port\u00e1-las nas ruas \u00e9 preciso ser profissional de seguran\u00e7a ou extremamente habilitado. Em um pa\u00eds no qual parte significativa dos homic\u00eddios acontece por motivo f\u00fatil, em brigas cotidianas, quando a presen\u00e7a da arma torna o conflito letal, nada justifica que a atual lei seja revogada. Novamente, fica a pergunta sobre quais interesses movem tamanha sanha pela revoga\u00e7\u00e3o do estatuto.<\/p>\n<blockquote><p>Outro argumento usado por quem \u00e9 contra o controle de armas no Brasil \u00e9 de que esse controle apenas desarma o cidad\u00e3o de bem, enquanto bandidos seguem fortemente armados. Ora, se \u00e9 fato que o Brasil vive um problema de viol\u00eancia armada, mais certo ainda \u00e9 o fato de que o mercado legal, ou seja, as armas dos cidad\u00e3os de bem, \u00e9 que abastece parte significativa desse mercado ilegal. Armas n\u00e3o s\u00e3o plantadas em fundos de quintal, elas s\u00e3o fabricadas e entram legais no mercado.<\/p><\/blockquote>\n<p>Recente pesquisa realizada pelo Sou da Paz com mais de 14 mil armas apreendidas pela pol\u00edcia na cidade de S\u00e3o Paulo demonstra que 80% delas t\u00eam origem nacional, tendo entrado legalmente no mercado e, em algum momento, foram desviadas para a m\u00e3o de criminosos.<\/p>\n<p>Essa mesma pesquisa aponta que 64% das armas apreendidas nas m\u00e3os de criminosos foram fabricadas antes do estatuto, o que comprova que o descontrole sobre as armas \u00e9 nocivo at\u00e9 hoje para a seguran\u00e7a p\u00fablica.<\/p>\n<p>Quem defende a revoga\u00e7\u00e3o do estatuto diz ainda que o controle atual sobre as armas \u00e9 falho. Mas como explicar que o novo projeto de lei apresentado passa a permitir que civis andem armados nas ruas, que mais de 600 muni\u00e7\u00f5es possam ser compradas anualmente e por arma, que se reduza a idade m\u00ednima para o porte de armas para 21 anos e que se reduzam penas de crimes como o &#8220;comercio ilegal de arma de fogo&#8221;?<\/p>\n<p>Tudo indica que quem quer a revoga\u00e7\u00e3o do estatuto quer mesmo \u00e9 que se amplie o mercado da poderosa ind\u00fastria de armas no Brasil, ainda que \u00e0 custa de mais mortes.<\/p>\n<p>Por fim, h\u00e1 o grande argumento do direito \u00e0 defesa. Ningu\u00e9m \u00e9 contra o direito individual das pessoas se defenderem. O ponto \u00e9 que as armas n\u00e3o defendem. Elas matam. \u00c9 poss\u00edvel contar nos dedos os casos em que as armas foram usadas com sucesso para a defesa pessoal.<\/p>\n<p>Em todos os outros casos, elas foram parar nas m\u00e3os dos criminosos ou, pior, usadas para encerrar, de forma fatal, discuss\u00f5es banais em conflitos entre pessoas que se conheciam.<\/p>\n<p>Estamos diante de interesses pouco claros, que buscam a revoga\u00e7\u00e3o da lei que estabelece o controle de armas no pa\u00eds. Ou a sociedade brasileira se posiciona diante deste fato, ou corremos o risco de voltar \u00e0 d\u00e9cada de 90, com pessoas armadas em cada esquina, acreditando em sua defesa, mas sem capacidade para us\u00e1-las.<\/p>\n<p><strong>Ivan Marques e<\/strong><br \/>\n<strong>Carolina Ricardo<\/strong><\/p>\n","protected":false},"excerpt":{"rendered":"<p>Em novembro do ano passado ganhou for\u00e7a o debate sobre a revoga\u00e7\u00e3o do Estatuto do Desarmamento. Deputados financiados pela ind\u00fastria das armas se articularam e, sorrateiramente, no momento em que a reta final das elei\u00e7\u00f5es tirava a aten\u00e7\u00e3o sobre o Congresso, montaram uma Comiss\u00e3o Especial para apreciar o projeto de lei 3722\/12, que estabelece a [&hellip;]<\/p>\n","protected":false},"author":2,"featured_media":45739,"comment_status":"open","ping_status":"closed","sticky":false,"template":"","format":"standard","meta":{"_acf_changed":false,"footnotes":""},"categories":[25],"tags":[],"class_list":["post-45738","post","type-post","status-publish","format-standard","has-post-thumbnail","hentry","category-opina-ai"],"acf":[],"yoast_head":"<!-- This site is optimized with the Yoast SEO plugin v27.5 - https:\/\/yoast.com\/product\/yoast-seo-wordpress\/ -->\n<title>Facilitar porte de arma n\u00e3o vai melhorar a defesa pessoal - Notibras<\/title>\n<meta name=\"robots\" content=\"index, follow, max-snippet:-1, max-image-preview:large, max-video-preview:-1\" \/>\n<link rel=\"canonical\" href=\"https:\/\/www.notibras.com\/site\/facilitar-porte-de-arma-nao-vai-melhorar-a-defesa-pessoal\/\" \/>\n<meta property=\"og:locale\" content=\"pt_BR\" \/>\n<meta property=\"og:type\" content=\"article\" \/>\n<meta property=\"og:title\" content=\"Facilitar porte de arma n\u00e3o vai melhorar a defesa pessoal - Notibras\" \/>\n<meta property=\"og:description\" content=\"Em novembro do ano passado ganhou for\u00e7a o debate sobre a revoga\u00e7\u00e3o do Estatuto do Desarmamento. Deputados financiados pela ind\u00fastria das armas se articularam e, sorrateiramente, no momento em que a reta final das elei\u00e7\u00f5es tirava a aten\u00e7\u00e3o sobre o Congresso, montaram uma Comiss\u00e3o Especial para apreciar o projeto de lei 3722\/12, que estabelece a [&hellip;]\" \/>\n<meta property=\"og:url\" content=\"https:\/\/www.notibras.com\/site\/facilitar-porte-de-arma-nao-vai-melhorar-a-defesa-pessoal\/\" \/>\n<meta property=\"og:site_name\" content=\"Notibras\" \/>\n<meta property=\"article:publisher\" content=\"https:\/\/www.facebook.com\/notibras\/\" \/>\n<meta property=\"article:published_time\" content=\"2015-04-28T10:42:31+00:00\" \/>\n<meta property=\"og:image\" content=\"https:\/\/www.notibras.com\/site\/wp-content\/uploads\/2015\/04\/op28.jpg\" \/>\n\t<meta property=\"og:image:width\" content=\"480\" \/>\n\t<meta property=\"og:image:height\" content=\"320\" \/>\n\t<meta property=\"og:image:type\" content=\"image\/jpeg\" \/>\n<meta name=\"author\" content=\"Reda\u00e7\u00e3o\" \/>\n<meta name=\"twitter:card\" content=\"summary_large_image\" \/>\n<meta name=\"twitter:creator\" content=\"@Notibras\" \/>\n<meta name=\"twitter:site\" content=\"@Notibras\" \/>\n<meta name=\"twitter:label1\" content=\"Escrito por\" \/>\n\t<meta name=\"twitter:data1\" content=\"Reda\u00e7\u00e3o\" \/>\n\t<meta name=\"twitter:label2\" content=\"Est. tempo de leitura\" \/>\n\t<meta name=\"twitter:data2\" content=\"4 minutos\" \/>\n<script type=\"application\/ld+json\" class=\"yoast-schema-graph\">{\"@context\":\"https:\\\/\\\/schema.org\",\"@graph\":[{\"@type\":\"Article\",\"@id\":\"https:\\\/\\\/www.notibras.com\\\/site\\\/facilitar-porte-de-arma-nao-vai-melhorar-a-defesa-pessoal\\\/#article\",\"isPartOf\":{\"@id\":\"https:\\\/\\\/www.notibras.com\\\/site\\\/facilitar-porte-de-arma-nao-vai-melhorar-a-defesa-pessoal\\\/\"},\"author\":{\"name\":\"Reda\u00e7\u00e3o\",\"@id\":\"https:\\\/\\\/www.notibras.com\\\/site\\\/#\\\/schema\\\/person\\\/36ab0979449956132d3e5b517ea76ac8\"},\"headline\":\"Facilitar porte de arma n\u00e3o vai melhorar a defesa pessoal\",\"datePublished\":\"2015-04-28T10:42:31+00:00\",\"mainEntityOfPage\":{\"@id\":\"https:\\\/\\\/www.notibras.com\\\/site\\\/facilitar-porte-de-arma-nao-vai-melhorar-a-defesa-pessoal\\\/\"},\"wordCount\":762,\"commentCount\":0,\"publisher\":{\"@id\":\"https:\\\/\\\/www.notibras.com\\\/site\\\/#organization\"},\"image\":{\"@id\":\"https:\\\/\\\/www.notibras.com\\\/site\\\/facilitar-porte-de-arma-nao-vai-melhorar-a-defesa-pessoal\\\/#primaryimage\"},\"thumbnailUrl\":\"https:\\\/\\\/www.notibras.com\\\/site\\\/wp-content\\\/uploads\\\/2015\\\/04\\\/op28.jpg\",\"articleSection\":[\"Opina a\u00ed\"],\"inLanguage\":\"pt-BR\",\"potentialAction\":[{\"@type\":\"CommentAction\",\"name\":\"Comment\",\"target\":[\"https:\\\/\\\/www.notibras.com\\\/site\\\/facilitar-porte-de-arma-nao-vai-melhorar-a-defesa-pessoal\\\/#respond\"]}]},{\"@type\":\"WebPage\",\"@id\":\"https:\\\/\\\/www.notibras.com\\\/site\\\/facilitar-porte-de-arma-nao-vai-melhorar-a-defesa-pessoal\\\/\",\"url\":\"https:\\\/\\\/www.notibras.com\\\/site\\\/facilitar-porte-de-arma-nao-vai-melhorar-a-defesa-pessoal\\\/\",\"name\":\"Facilitar porte de arma n\u00e3o vai melhorar a defesa pessoal - Notibras\",\"isPartOf\":{\"@id\":\"https:\\\/\\\/www.notibras.com\\\/site\\\/#website\"},\"primaryImageOfPage\":{\"@id\":\"https:\\\/\\\/www.notibras.com\\\/site\\\/facilitar-porte-de-arma-nao-vai-melhorar-a-defesa-pessoal\\\/#primaryimage\"},\"image\":{\"@id\":\"https:\\\/\\\/www.notibras.com\\\/site\\\/facilitar-porte-de-arma-nao-vai-melhorar-a-defesa-pessoal\\\/#primaryimage\"},\"thumbnailUrl\":\"https:\\\/\\\/www.notibras.com\\\/site\\\/wp-content\\\/uploads\\\/2015\\\/04\\\/op28.jpg\",\"datePublished\":\"2015-04-28T10:42:31+00:00\",\"breadcrumb\":{\"@id\":\"https:\\\/\\\/www.notibras.com\\\/site\\\/facilitar-porte-de-arma-nao-vai-melhorar-a-defesa-pessoal\\\/#breadcrumb\"},\"inLanguage\":\"pt-BR\",\"potentialAction\":[{\"@type\":\"ReadAction\",\"target\":[\"https:\\\/\\\/www.notibras.com\\\/site\\\/facilitar-porte-de-arma-nao-vai-melhorar-a-defesa-pessoal\\\/\"]}]},{\"@type\":\"ImageObject\",\"inLanguage\":\"pt-BR\",\"@id\":\"https:\\\/\\\/www.notibras.com\\\/site\\\/facilitar-porte-de-arma-nao-vai-melhorar-a-defesa-pessoal\\\/#primaryimage\",\"url\":\"https:\\\/\\\/www.notibras.com\\\/site\\\/wp-content\\\/uploads\\\/2015\\\/04\\\/op28.jpg\",\"contentUrl\":\"https:\\\/\\\/www.notibras.com\\\/site\\\/wp-content\\\/uploads\\\/2015\\\/04\\\/op28.jpg\",\"width\":480,\"height\":320},{\"@type\":\"BreadcrumbList\",\"@id\":\"https:\\\/\\\/www.notibras.com\\\/site\\\/facilitar-porte-de-arma-nao-vai-melhorar-a-defesa-pessoal\\\/#breadcrumb\",\"itemListElement\":[{\"@type\":\"ListItem\",\"position\":1,\"name\":\"In\u00edcio\",\"item\":\"https:\\\/\\\/www.notibras.com\\\/site\\\/\"},{\"@type\":\"ListItem\",\"position\":2,\"name\":\"Facilitar porte de arma n\u00e3o vai melhorar a defesa pessoal\"}]},{\"@type\":\"WebSite\",\"@id\":\"https:\\\/\\\/www.notibras.com\\\/site\\\/#website\",\"url\":\"https:\\\/\\\/www.notibras.com\\\/site\\\/\",\"name\":\"Notibras\",\"description\":\"Not\u00edcias de Bras\u00edlia, do Brasil e do Mundo\",\"publisher\":{\"@id\":\"https:\\\/\\\/www.notibras.com\\\/site\\\/#organization\"},\"potentialAction\":[{\"@type\":\"SearchAction\",\"target\":{\"@type\":\"EntryPoint\",\"urlTemplate\":\"https:\\\/\\\/www.notibras.com\\\/site\\\/?s={search_term_string}\"},\"query-input\":{\"@type\":\"PropertyValueSpecification\",\"valueRequired\":true,\"valueName\":\"search_term_string\"}}],\"inLanguage\":\"pt-BR\"},{\"@type\":\"Organization\",\"@id\":\"https:\\\/\\\/www.notibras.com\\\/site\\\/#organization\",\"name\":\"Grupo Notibras de Comunica\u00e7\u00e3o\",\"url\":\"https:\\\/\\\/www.notibras.com\\\/site\\\/\",\"logo\":{\"@type\":\"ImageObject\",\"inLanguage\":\"pt-BR\",\"@id\":\"https:\\\/\\\/www.notibras.com\\\/site\\\/#\\\/schema\\\/logo\\\/image\\\/\",\"url\":\"https:\\\/\\\/www.notibras.com\\\/site\\\/wp-content\\\/uploads\\\/2023\\\/01\\\/notibras23.png\",\"contentUrl\":\"https:\\\/\\\/www.notibras.com\\\/site\\\/wp-content\\\/uploads\\\/2023\\\/01\\\/notibras23.png\",\"width\":350,\"height\":87,\"caption\":\"Grupo Notibras de Comunica\u00e7\u00e3o\"},\"image\":{\"@id\":\"https:\\\/\\\/www.notibras.com\\\/site\\\/#\\\/schema\\\/logo\\\/image\\\/\"},\"sameAs\":[\"https:\\\/\\\/www.facebook.com\\\/notibras\\\/\",\"https:\\\/\\\/x.com\\\/Notibras\",\"https:\\\/\\\/www.instagram.com\\\/notibras\\\/\"]},{\"@type\":\"Person\",\"@id\":\"https:\\\/\\\/www.notibras.com\\\/site\\\/#\\\/schema\\\/person\\\/36ab0979449956132d3e5b517ea76ac8\",\"name\":\"Reda\u00e7\u00e3o\",\"image\":{\"@type\":\"ImageObject\",\"inLanguage\":\"pt-BR\",\"@id\":\"https:\\\/\\\/secure.gravatar.com\\\/avatar\\\/e0a867bdedb85fd243eadf09663511f96fc81e0720a4a42581f334ad4303aa6b?s=96&d=mm&r=g\",\"url\":\"https:\\\/\\\/secure.gravatar.com\\\/avatar\\\/e0a867bdedb85fd243eadf09663511f96fc81e0720a4a42581f334ad4303aa6b?s=96&d=mm&r=g\",\"contentUrl\":\"https:\\\/\\\/secure.gravatar.com\\\/avatar\\\/e0a867bdedb85fd243eadf09663511f96fc81e0720a4a42581f334ad4303aa6b?s=96&d=mm&r=g\",\"caption\":\"Reda\u00e7\u00e3o\"}}]}<\/script>\n<!-- \/ Yoast SEO plugin. -->","yoast_head_json":{"title":"Facilitar porte de arma n\u00e3o vai melhorar a defesa pessoal - Notibras","robots":{"index":"index","follow":"follow","max-snippet":"max-snippet:-1","max-image-preview":"max-image-preview:large","max-video-preview":"max-video-preview:-1"},"canonical":"https:\/\/www.notibras.com\/site\/facilitar-porte-de-arma-nao-vai-melhorar-a-defesa-pessoal\/","og_locale":"pt_BR","og_type":"article","og_title":"Facilitar porte de arma n\u00e3o vai melhorar a defesa pessoal - Notibras","og_description":"Em novembro do ano passado ganhou for\u00e7a o debate sobre a revoga\u00e7\u00e3o do Estatuto do Desarmamento. Deputados financiados pela ind\u00fastria das armas se articularam e, sorrateiramente, no momento em que a reta final das elei\u00e7\u00f5es tirava a aten\u00e7\u00e3o sobre o Congresso, montaram uma Comiss\u00e3o Especial para apreciar o projeto de lei 3722\/12, que estabelece a [&hellip;]","og_url":"https:\/\/www.notibras.com\/site\/facilitar-porte-de-arma-nao-vai-melhorar-a-defesa-pessoal\/","og_site_name":"Notibras","article_publisher":"https:\/\/www.facebook.com\/notibras\/","article_published_time":"2015-04-28T10:42:31+00:00","og_image":[{"width":480,"height":320,"url":"https:\/\/www.notibras.com\/site\/wp-content\/uploads\/2015\/04\/op28.jpg","type":"image\/jpeg"}],"author":"Reda\u00e7\u00e3o","twitter_card":"summary_large_image","twitter_creator":"@Notibras","twitter_site":"@Notibras","twitter_misc":{"Escrito por":"Reda\u00e7\u00e3o","Est. tempo de leitura":"4 minutos"},"schema":{"@context":"https:\/\/schema.org","@graph":[{"@type":"Article","@id":"https:\/\/www.notibras.com\/site\/facilitar-porte-de-arma-nao-vai-melhorar-a-defesa-pessoal\/#article","isPartOf":{"@id":"https:\/\/www.notibras.com\/site\/facilitar-porte-de-arma-nao-vai-melhorar-a-defesa-pessoal\/"},"author":{"name":"Reda\u00e7\u00e3o","@id":"https:\/\/www.notibras.com\/site\/#\/schema\/person\/36ab0979449956132d3e5b517ea76ac8"},"headline":"Facilitar porte de arma n\u00e3o vai melhorar a defesa pessoal","datePublished":"2015-04-28T10:42:31+00:00","mainEntityOfPage":{"@id":"https:\/\/www.notibras.com\/site\/facilitar-porte-de-arma-nao-vai-melhorar-a-defesa-pessoal\/"},"wordCount":762,"commentCount":0,"publisher":{"@id":"https:\/\/www.notibras.com\/site\/#organization"},"image":{"@id":"https:\/\/www.notibras.com\/site\/facilitar-porte-de-arma-nao-vai-melhorar-a-defesa-pessoal\/#primaryimage"},"thumbnailUrl":"https:\/\/www.notibras.com\/site\/wp-content\/uploads\/2015\/04\/op28.jpg","articleSection":["Opina a\u00ed"],"inLanguage":"pt-BR","potentialAction":[{"@type":"CommentAction","name":"Comment","target":["https:\/\/www.notibras.com\/site\/facilitar-porte-de-arma-nao-vai-melhorar-a-defesa-pessoal\/#respond"]}]},{"@type":"WebPage","@id":"https:\/\/www.notibras.com\/site\/facilitar-porte-de-arma-nao-vai-melhorar-a-defesa-pessoal\/","url":"https:\/\/www.notibras.com\/site\/facilitar-porte-de-arma-nao-vai-melhorar-a-defesa-pessoal\/","name":"Facilitar porte de arma n\u00e3o vai melhorar a defesa pessoal - Notibras","isPartOf":{"@id":"https:\/\/www.notibras.com\/site\/#website"},"primaryImageOfPage":{"@id":"https:\/\/www.notibras.com\/site\/facilitar-porte-de-arma-nao-vai-melhorar-a-defesa-pessoal\/#primaryimage"},"image":{"@id":"https:\/\/www.notibras.com\/site\/facilitar-porte-de-arma-nao-vai-melhorar-a-defesa-pessoal\/#primaryimage"},"thumbnailUrl":"https:\/\/www.notibras.com\/site\/wp-content\/uploads\/2015\/04\/op28.jpg","datePublished":"2015-04-28T10:42:31+00:00","breadcrumb":{"@id":"https:\/\/www.notibras.com\/site\/facilitar-porte-de-arma-nao-vai-melhorar-a-defesa-pessoal\/#breadcrumb"},"inLanguage":"pt-BR","potentialAction":[{"@type":"ReadAction","target":["https:\/\/www.notibras.com\/site\/facilitar-porte-de-arma-nao-vai-melhorar-a-defesa-pessoal\/"]}]},{"@type":"ImageObject","inLanguage":"pt-BR","@id":"https:\/\/www.notibras.com\/site\/facilitar-porte-de-arma-nao-vai-melhorar-a-defesa-pessoal\/#primaryimage","url":"https:\/\/www.notibras.com\/site\/wp-content\/uploads\/2015\/04\/op28.jpg","contentUrl":"https:\/\/www.notibras.com\/site\/wp-content\/uploads\/2015\/04\/op28.jpg","width":480,"height":320},{"@type":"BreadcrumbList","@id":"https:\/\/www.notibras.com\/site\/facilitar-porte-de-arma-nao-vai-melhorar-a-defesa-pessoal\/#breadcrumb","itemListElement":[{"@type":"ListItem","position":1,"name":"In\u00edcio","item":"https:\/\/www.notibras.com\/site\/"},{"@type":"ListItem","position":2,"name":"Facilitar porte de arma n\u00e3o vai melhorar a defesa pessoal"}]},{"@type":"WebSite","@id":"https:\/\/www.notibras.com\/site\/#website","url":"https:\/\/www.notibras.com\/site\/","name":"Notibras","description":"Not\u00edcias de Bras\u00edlia, do Brasil e do Mundo","publisher":{"@id":"https:\/\/www.notibras.com\/site\/#organization"},"potentialAction":[{"@type":"SearchAction","target":{"@type":"EntryPoint","urlTemplate":"https:\/\/www.notibras.com\/site\/?s={search_term_string}"},"query-input":{"@type":"PropertyValueSpecification","valueRequired":true,"valueName":"search_term_string"}}],"inLanguage":"pt-BR"},{"@type":"Organization","@id":"https:\/\/www.notibras.com\/site\/#organization","name":"Grupo Notibras de Comunica\u00e7\u00e3o","url":"https:\/\/www.notibras.com\/site\/","logo":{"@type":"ImageObject","inLanguage":"pt-BR","@id":"https:\/\/www.notibras.com\/site\/#\/schema\/logo\/image\/","url":"https:\/\/www.notibras.com\/site\/wp-content\/uploads\/2023\/01\/notibras23.png","contentUrl":"https:\/\/www.notibras.com\/site\/wp-content\/uploads\/2023\/01\/notibras23.png","width":350,"height":87,"caption":"Grupo Notibras de Comunica\u00e7\u00e3o"},"image":{"@id":"https:\/\/www.notibras.com\/site\/#\/schema\/logo\/image\/"},"sameAs":["https:\/\/www.facebook.com\/notibras\/","https:\/\/x.com\/Notibras","https:\/\/www.instagram.com\/notibras\/"]},{"@type":"Person","@id":"https:\/\/www.notibras.com\/site\/#\/schema\/person\/36ab0979449956132d3e5b517ea76ac8","name":"Reda\u00e7\u00e3o","image":{"@type":"ImageObject","inLanguage":"pt-BR","@id":"https:\/\/secure.gravatar.com\/avatar\/e0a867bdedb85fd243eadf09663511f96fc81e0720a4a42581f334ad4303aa6b?s=96&d=mm&r=g","url":"https:\/\/secure.gravatar.com\/avatar\/e0a867bdedb85fd243eadf09663511f96fc81e0720a4a42581f334ad4303aa6b?s=96&d=mm&r=g","contentUrl":"https:\/\/secure.gravatar.com\/avatar\/e0a867bdedb85fd243eadf09663511f96fc81e0720a4a42581f334ad4303aa6b?s=96&d=mm&r=g","caption":"Reda\u00e7\u00e3o"}}]}},"amp_enabled":true,"_links":{"self":[{"href":"https:\/\/www.notibras.com\/site\/wp-json\/wp\/v2\/posts\/45738","targetHints":{"allow":["GET"]}}],"collection":[{"href":"https:\/\/www.notibras.com\/site\/wp-json\/wp\/v2\/posts"}],"about":[{"href":"https:\/\/www.notibras.com\/site\/wp-json\/wp\/v2\/types\/post"}],"author":[{"embeddable":true,"href":"https:\/\/www.notibras.com\/site\/wp-json\/wp\/v2\/users\/2"}],"replies":[{"embeddable":true,"href":"https:\/\/www.notibras.com\/site\/wp-json\/wp\/v2\/comments?post=45738"}],"version-history":[{"count":0,"href":"https:\/\/www.notibras.com\/site\/wp-json\/wp\/v2\/posts\/45738\/revisions"}],"wp:featuredmedia":[{"embeddable":true,"href":"https:\/\/www.notibras.com\/site\/wp-json\/wp\/v2\/media\/45739"}],"wp:attachment":[{"href":"https:\/\/www.notibras.com\/site\/wp-json\/wp\/v2\/media?parent=45738"}],"wp:term":[{"taxonomy":"category","embeddable":true,"href":"https:\/\/www.notibras.com\/site\/wp-json\/wp\/v2\/categories?post=45738"},{"taxonomy":"post_tag","embeddable":true,"href":"https:\/\/www.notibras.com\/site\/wp-json\/wp\/v2\/tags?post=45738"}],"curies":[{"name":"wp","href":"https:\/\/api.w.org\/{rel}","templated":true}]}}