{"id":45767,"date":"2015-04-28T10:16:42","date_gmt":"2015-04-28T13:16:42","guid":{"rendered":"http:\/\/www.notibras.com\/site\/?p=45767"},"modified":"2015-04-28T15:00:23","modified_gmt":"2015-04-28T18:00:23","slug":"reus-colocam-cristovam-no-bolo-e-juri-da-estrutural-fica-para-agosto","status":"publish","type":"post","link":"https:\/\/www.notibras.com\/site\/reus-colocam-cristovam-no-bolo-e-juri-da-estrutural-fica-para-agosto\/","title":{"rendered":"R\u00e9us colocam Cristovam no bolo e j\u00fari da Estrutural fica para agosto"},"content":{"rendered":"<p>O t\u00e3o aguardado julgamento dos policiais militares que participaram dos assassinatos na cidade Estrutural em 1998 foi adiado para o m\u00eas de agosto. Motivo? Dois dos r\u00e9us arrolados no caso querem que o ex-governador Cristovam Buarque seja ouvido como testemunha pelo Tribunal de Justi\u00e7a. Ele era o governador do Distrito Federal na \u00e9poca. Portanto, teoricamente, teria a responsabilidade das a\u00e7\u00f5es.<\/p>\n<p>Mas, por ter foro privilegiado, o senador n\u00e3o falou \u00e0 Justi\u00e7a, embora j\u00e1 tenha sido comunicado. A inten\u00e7\u00e3o de protelar o julgamento \u00e9 para n\u00e3o desmembrar a a\u00e7\u00e3o. Caso isso ocorresse, as senten\u00e7as poderiam ser ajuizadas em diferentes \u00e9pocas.<\/p>\n<blockquote><p>O pedido para que Cristovam seja ouvido foi feito pelos advogados de Daniel de Souza e C\u00e1ssio Marinho. Segundo o promotor de Justi\u00e7a Marcelo Leite, a defesa dos r\u00e9us insistiu na oitiva. Mas alerta, no entanto, que o j\u00fari s\u00f3 pode ser adiado uma vez por esse motivo. Ou seja, caso o senador Cristovam Buarque n\u00e3o seja inquirido at\u00e9 l\u00e1, o processo ficar\u00e1 sem esse depoimento e o julgamento ser\u00e1 efetivado.<\/p><\/blockquote>\n<p>Quando foi solicitado para dar seu testemunho, o senador respondeu por meio de sua assessoria apenas que n\u00e3o poderia comparecer. N\u00e3o por falta de vontade, mas por incompatibilidade de agendas, garantiu.<\/p>\n<p>Apesar de n\u00e3o ter conversado oficialmente com a Justi\u00e7a, o senador Cristovam deu seu depoimento a <strong>Notibras<\/strong>. Contou, por exemplo, que as a\u00e7\u00f5es foram exageradas e tinha o intuito vingativo pela morte do PM Rubens Gomes Farias.<\/p>\n<p>\u201cMuita gente desconfia, eu n\u00e3o posso afirmar, que por tr\u00e1s daquilo estava o Durval Barbosa (ele era respons\u00e1vel pela 3\u00aa DP que investigava os crimes na Estrutural). At\u00e9 porque, como aquilo foi t\u00e3o filmado? Como foi t\u00e3o organizado e o filme depois ter sido usado em campanhas contra mim?\u201d, questiona. <strong>(<a href=\"http:\/\/www.notibras.com\/site\/cristovam-abre-o-jogo-massacre-da-estrutural-foi-uma-armacao-suja\/\">A entrevista completa pode ser conferida aqui<\/a>).<\/strong><\/p>\n<p>As palavras de Cristovam Buarque d\u00e3o a entender que ele n\u00e3o sabia da amplia\u00e7\u00e3o da Opera\u00e7\u00e3o Tornado para a cidade da Estrutural. Essa a\u00e7\u00e3o da PM tinha o objetivo de desarmar a popula\u00e7\u00e3o, mas apenas das cidades de Samambaia e Ceil\u00e2ndia. Por\u00e9m, a morte do policial Rubens estimulou a ida da tropa para a Estrutural.<\/p>\n<p>Mas o depoimento do coronel An\u00edbal Person Neto, que era Comandante-geral da PM naquela \u00e9poca, joga as afirma\u00e7\u00f5es do parlamentar por terra. Ele afirma que foi contra essa opera\u00e7\u00e3o na Estrutural afirma ter externado essa posi\u00e7\u00e3o a Cristovam e ao secret\u00e1rio de Seguran\u00e7a P\u00fablica do per\u00edodo. (<strong><a href=\"http:\/\/www.notibras.com\/site\/estrutural-20-anos-depois-poe-cristovam-e-pm-no-banco-dos-reus\/\">Veja a mat\u00e9ria completa aqui<\/a>).<\/strong><\/p>\n<p>Com as alega\u00e7\u00f5es deferidas pela Justi\u00e7a, uma nova data foi definida. O julgamento ser\u00e1 realizado nos dias 24, 25, 26, 27 e 28. Trinta e tr\u00eas testemunhas no total ser\u00e3o ouvidas em plen\u00e1rio. Entre elas o ex-chefe da Casa Militar de Agnelo Queiroz, coronel Rog\u00e9rio Le\u00e3o e o titular do posto no atual governo de Rodrigo Rollemberg, Cl\u00e1udio Ribas de Sousa. Os dois dar\u00e3o seus testemunhos por terem participado direta ou indiretamente do epis\u00f3dio.<\/p>\n<p><strong>Notibras<\/strong> procurou ouvir o senador Cristovam Buarque mais uma vez sobre o assunto, inclusive por meio de sua assessoria, mas sem \u00eaxito. O caso est\u00e1 em aberto. E at\u00e9 que o j\u00fari se defina em agosto, <strong>Notibras<\/strong> continuar\u00e1 acompanhando tudo. N\u00e3o como testemunha oficial, mas como os olhos interessados de seus leitores.<\/p>\n<p><strong>Elton Santos<\/strong><\/p>\n","protected":false},"excerpt":{"rendered":"<p>O t\u00e3o aguardado julgamento dos policiais militares que participaram dos assassinatos na cidade Estrutural em 1998 foi adiado para o m\u00eas de agosto. Motivo? Dois dos r\u00e9us arrolados no caso querem que o ex-governador Cristovam Buarque seja ouvido como testemunha pelo Tribunal de Justi\u00e7a. Ele era o governador do Distrito Federal na \u00e9poca. Portanto, teoricamente, [&hellip;]<\/p>\n","protected":false},"author":2,"featured_media":45772,"comment_status":"open","ping_status":"closed","sticky":false,"template":"","format":"standard","meta":{"_acf_changed":false,"footnotes":""},"categories":[38],"tags":[],"class_list":["post-45767","post","type-post","status-publish","format-standard","has-post-thumbnail","hentry","category-especial-estrutural"],"acf":[],"yoast_head":"<!-- This site is optimized with the Yoast SEO plugin v27.5 - https:\/\/yoast.com\/product\/yoast-seo-wordpress\/ -->\n<title>R\u00e9us colocam Cristovam no bolo e j\u00fari da Estrutural fica para agosto - Notibras<\/title>\n<meta name=\"robots\" content=\"index, follow, max-snippet:-1, max-image-preview:large, max-video-preview:-1\" \/>\n<link rel=\"canonical\" href=\"https:\/\/www.notibras.com\/site\/reus-colocam-cristovam-no-bolo-e-juri-da-estrutural-fica-para-agosto\/\" \/>\n<meta property=\"og:locale\" content=\"pt_BR\" \/>\n<meta property=\"og:type\" content=\"article\" \/>\n<meta property=\"og:title\" content=\"R\u00e9us colocam Cristovam no bolo e j\u00fari da Estrutural fica para agosto - Notibras\" \/>\n<meta property=\"og:description\" content=\"O t\u00e3o aguardado julgamento dos policiais militares que participaram dos assassinatos na cidade Estrutural em 1998 foi adiado para o m\u00eas de agosto. Motivo? Dois dos r\u00e9us arrolados no caso querem que o ex-governador Cristovam Buarque seja ouvido como testemunha pelo Tribunal de Justi\u00e7a. Ele era o governador do Distrito Federal na \u00e9poca. Portanto, teoricamente, [&hellip;]\" \/>\n<meta property=\"og:url\" content=\"https:\/\/www.notibras.com\/site\/reus-colocam-cristovam-no-bolo-e-juri-da-estrutural-fica-para-agosto\/\" \/>\n<meta property=\"og:site_name\" content=\"Notibras\" \/>\n<meta property=\"article:publisher\" content=\"https:\/\/www.facebook.com\/notibras\/\" \/>\n<meta property=\"article:published_time\" content=\"2015-04-28T13:16:42+00:00\" \/>\n<meta property=\"article:modified_time\" content=\"2015-04-28T18:00:23+00:00\" \/>\n<meta property=\"og:image\" content=\"https:\/\/www.notibras.com\/site\/wp-content\/uploads\/2015\/04\/salvar.jpg\" \/>\n\t<meta property=\"og:image:width\" content=\"660\" \/>\n\t<meta property=\"og:image:height\" content=\"427\" \/>\n\t<meta property=\"og:image:type\" content=\"image\/jpeg\" \/>\n<meta name=\"author\" content=\"Reda\u00e7\u00e3o\" \/>\n<meta name=\"twitter:card\" content=\"summary_large_image\" \/>\n<meta name=\"twitter:creator\" content=\"@Notibras\" \/>\n<meta name=\"twitter:site\" content=\"@Notibras\" \/>\n<meta name=\"twitter:label1\" content=\"Escrito por\" \/>\n\t<meta name=\"twitter:data1\" content=\"Reda\u00e7\u00e3o\" \/>\n\t<meta name=\"twitter:label2\" content=\"Est. tempo de leitura\" \/>\n\t<meta name=\"twitter:data2\" content=\"3 minutos\" \/>\n<script type=\"application\/ld+json\" class=\"yoast-schema-graph\">{\"@context\":\"https:\\\/\\\/schema.org\",\"@graph\":[{\"@type\":\"Article\",\"@id\":\"https:\\\/\\\/www.notibras.com\\\/site\\\/reus-colocam-cristovam-no-bolo-e-juri-da-estrutural-fica-para-agosto\\\/#article\",\"isPartOf\":{\"@id\":\"https:\\\/\\\/www.notibras.com\\\/site\\\/reus-colocam-cristovam-no-bolo-e-juri-da-estrutural-fica-para-agosto\\\/\"},\"author\":{\"name\":\"Reda\u00e7\u00e3o\",\"@id\":\"https:\\\/\\\/www.notibras.com\\\/site\\\/#\\\/schema\\\/person\\\/36ab0979449956132d3e5b517ea76ac8\"},\"headline\":\"R\u00e9us colocam Cristovam no bolo e j\u00fari da Estrutural fica para agosto\",\"datePublished\":\"2015-04-28T13:16:42+00:00\",\"dateModified\":\"2015-04-28T18:00:23+00:00\",\"mainEntityOfPage\":{\"@id\":\"https:\\\/\\\/www.notibras.com\\\/site\\\/reus-colocam-cristovam-no-bolo-e-juri-da-estrutural-fica-para-agosto\\\/\"},\"wordCount\":589,\"commentCount\":0,\"publisher\":{\"@id\":\"https:\\\/\\\/www.notibras.com\\\/site\\\/#organization\"},\"image\":{\"@id\":\"https:\\\/\\\/www.notibras.com\\\/site\\\/reus-colocam-cristovam-no-bolo-e-juri-da-estrutural-fica-para-agosto\\\/#primaryimage\"},\"thumbnailUrl\":\"https:\\\/\\\/www.notibras.com\\\/site\\\/wp-content\\\/uploads\\\/2015\\\/04\\\/salvar.jpg\",\"articleSection\":[\"ESPECIAL - Estrutural\"],\"inLanguage\":\"pt-BR\",\"potentialAction\":[{\"@type\":\"CommentAction\",\"name\":\"Comment\",\"target\":[\"https:\\\/\\\/www.notibras.com\\\/site\\\/reus-colocam-cristovam-no-bolo-e-juri-da-estrutural-fica-para-agosto\\\/#respond\"]}]},{\"@type\":\"WebPage\",\"@id\":\"https:\\\/\\\/www.notibras.com\\\/site\\\/reus-colocam-cristovam-no-bolo-e-juri-da-estrutural-fica-para-agosto\\\/\",\"url\":\"https:\\\/\\\/www.notibras.com\\\/site\\\/reus-colocam-cristovam-no-bolo-e-juri-da-estrutural-fica-para-agosto\\\/\",\"name\":\"R\u00e9us colocam Cristovam no bolo e j\u00fari da Estrutural fica para agosto - Notibras\",\"isPartOf\":{\"@id\":\"https:\\\/\\\/www.notibras.com\\\/site\\\/#website\"},\"primaryImageOfPage\":{\"@id\":\"https:\\\/\\\/www.notibras.com\\\/site\\\/reus-colocam-cristovam-no-bolo-e-juri-da-estrutural-fica-para-agosto\\\/#primaryimage\"},\"image\":{\"@id\":\"https:\\\/\\\/www.notibras.com\\\/site\\\/reus-colocam-cristovam-no-bolo-e-juri-da-estrutural-fica-para-agosto\\\/#primaryimage\"},\"thumbnailUrl\":\"https:\\\/\\\/www.notibras.com\\\/site\\\/wp-content\\\/uploads\\\/2015\\\/04\\\/salvar.jpg\",\"datePublished\":\"2015-04-28T13:16:42+00:00\",\"dateModified\":\"2015-04-28T18:00:23+00:00\",\"breadcrumb\":{\"@id\":\"https:\\\/\\\/www.notibras.com\\\/site\\\/reus-colocam-cristovam-no-bolo-e-juri-da-estrutural-fica-para-agosto\\\/#breadcrumb\"},\"inLanguage\":\"pt-BR\",\"potentialAction\":[{\"@type\":\"ReadAction\",\"target\":[\"https:\\\/\\\/www.notibras.com\\\/site\\\/reus-colocam-cristovam-no-bolo-e-juri-da-estrutural-fica-para-agosto\\\/\"]}]},{\"@type\":\"ImageObject\",\"inLanguage\":\"pt-BR\",\"@id\":\"https:\\\/\\\/www.notibras.com\\\/site\\\/reus-colocam-cristovam-no-bolo-e-juri-da-estrutural-fica-para-agosto\\\/#primaryimage\",\"url\":\"https:\\\/\\\/www.notibras.com\\\/site\\\/wp-content\\\/uploads\\\/2015\\\/04\\\/salvar.jpg\",\"contentUrl\":\"https:\\\/\\\/www.notibras.com\\\/site\\\/wp-content\\\/uploads\\\/2015\\\/04\\\/salvar.jpg\",\"width\":660,\"height\":427},{\"@type\":\"BreadcrumbList\",\"@id\":\"https:\\\/\\\/www.notibras.com\\\/site\\\/reus-colocam-cristovam-no-bolo-e-juri-da-estrutural-fica-para-agosto\\\/#breadcrumb\",\"itemListElement\":[{\"@type\":\"ListItem\",\"position\":1,\"name\":\"In\u00edcio\",\"item\":\"https:\\\/\\\/www.notibras.com\\\/site\\\/\"},{\"@type\":\"ListItem\",\"position\":2,\"name\":\"R\u00e9us colocam Cristovam no bolo e j\u00fari da Estrutural fica para agosto\"}]},{\"@type\":\"WebSite\",\"@id\":\"https:\\\/\\\/www.notibras.com\\\/site\\\/#website\",\"url\":\"https:\\\/\\\/www.notibras.com\\\/site\\\/\",\"name\":\"Notibras\",\"description\":\"Not\u00edcias de Bras\u00edlia, do Brasil e do Mundo\",\"publisher\":{\"@id\":\"https:\\\/\\\/www.notibras.com\\\/site\\\/#organization\"},\"potentialAction\":[{\"@type\":\"SearchAction\",\"target\":{\"@type\":\"EntryPoint\",\"urlTemplate\":\"https:\\\/\\\/www.notibras.com\\\/site\\\/?s={search_term_string}\"},\"query-input\":{\"@type\":\"PropertyValueSpecification\",\"valueRequired\":true,\"valueName\":\"search_term_string\"}}],\"inLanguage\":\"pt-BR\"},{\"@type\":\"Organization\",\"@id\":\"https:\\\/\\\/www.notibras.com\\\/site\\\/#organization\",\"name\":\"Grupo Notibras de Comunica\u00e7\u00e3o\",\"url\":\"https:\\\/\\\/www.notibras.com\\\/site\\\/\",\"logo\":{\"@type\":\"ImageObject\",\"inLanguage\":\"pt-BR\",\"@id\":\"https:\\\/\\\/www.notibras.com\\\/site\\\/#\\\/schema\\\/logo\\\/image\\\/\",\"url\":\"https:\\\/\\\/www.notibras.com\\\/site\\\/wp-content\\\/uploads\\\/2023\\\/01\\\/notibras23.png\",\"contentUrl\":\"https:\\\/\\\/www.notibras.com\\\/site\\\/wp-content\\\/uploads\\\/2023\\\/01\\\/notibras23.png\",\"width\":350,\"height\":87,\"caption\":\"Grupo Notibras de Comunica\u00e7\u00e3o\"},\"image\":{\"@id\":\"https:\\\/\\\/www.notibras.com\\\/site\\\/#\\\/schema\\\/logo\\\/image\\\/\"},\"sameAs\":[\"https:\\\/\\\/www.facebook.com\\\/notibras\\\/\",\"https:\\\/\\\/x.com\\\/Notibras\",\"https:\\\/\\\/www.instagram.com\\\/notibras\\\/\"]},{\"@type\":\"Person\",\"@id\":\"https:\\\/\\\/www.notibras.com\\\/site\\\/#\\\/schema\\\/person\\\/36ab0979449956132d3e5b517ea76ac8\",\"name\":\"Reda\u00e7\u00e3o\",\"image\":{\"@type\":\"ImageObject\",\"inLanguage\":\"pt-BR\",\"@id\":\"https:\\\/\\\/secure.gravatar.com\\\/avatar\\\/e0a867bdedb85fd243eadf09663511f96fc81e0720a4a42581f334ad4303aa6b?s=96&d=mm&r=g\",\"url\":\"https:\\\/\\\/secure.gravatar.com\\\/avatar\\\/e0a867bdedb85fd243eadf09663511f96fc81e0720a4a42581f334ad4303aa6b?s=96&d=mm&r=g\",\"contentUrl\":\"https:\\\/\\\/secure.gravatar.com\\\/avatar\\\/e0a867bdedb85fd243eadf09663511f96fc81e0720a4a42581f334ad4303aa6b?s=96&d=mm&r=g\",\"caption\":\"Reda\u00e7\u00e3o\"}}]}<\/script>\n<!-- \/ Yoast SEO plugin. -->","yoast_head_json":{"title":"R\u00e9us colocam Cristovam no bolo e j\u00fari da Estrutural fica para agosto - Notibras","robots":{"index":"index","follow":"follow","max-snippet":"max-snippet:-1","max-image-preview":"max-image-preview:large","max-video-preview":"max-video-preview:-1"},"canonical":"https:\/\/www.notibras.com\/site\/reus-colocam-cristovam-no-bolo-e-juri-da-estrutural-fica-para-agosto\/","og_locale":"pt_BR","og_type":"article","og_title":"R\u00e9us colocam Cristovam no bolo e j\u00fari da Estrutural fica para agosto - Notibras","og_description":"O t\u00e3o aguardado julgamento dos policiais militares que participaram dos assassinatos na cidade Estrutural em 1998 foi adiado para o m\u00eas de agosto. Motivo? Dois dos r\u00e9us arrolados no caso querem que o ex-governador Cristovam Buarque seja ouvido como testemunha pelo Tribunal de Justi\u00e7a. Ele era o governador do Distrito Federal na \u00e9poca. Portanto, teoricamente, [&hellip;]","og_url":"https:\/\/www.notibras.com\/site\/reus-colocam-cristovam-no-bolo-e-juri-da-estrutural-fica-para-agosto\/","og_site_name":"Notibras","article_publisher":"https:\/\/www.facebook.com\/notibras\/","article_published_time":"2015-04-28T13:16:42+00:00","article_modified_time":"2015-04-28T18:00:23+00:00","og_image":[{"width":660,"height":427,"url":"https:\/\/www.notibras.com\/site\/wp-content\/uploads\/2015\/04\/salvar.jpg","type":"image\/jpeg"}],"author":"Reda\u00e7\u00e3o","twitter_card":"summary_large_image","twitter_creator":"@Notibras","twitter_site":"@Notibras","twitter_misc":{"Escrito por":"Reda\u00e7\u00e3o","Est. tempo de leitura":"3 minutos"},"schema":{"@context":"https:\/\/schema.org","@graph":[{"@type":"Article","@id":"https:\/\/www.notibras.com\/site\/reus-colocam-cristovam-no-bolo-e-juri-da-estrutural-fica-para-agosto\/#article","isPartOf":{"@id":"https:\/\/www.notibras.com\/site\/reus-colocam-cristovam-no-bolo-e-juri-da-estrutural-fica-para-agosto\/"},"author":{"name":"Reda\u00e7\u00e3o","@id":"https:\/\/www.notibras.com\/site\/#\/schema\/person\/36ab0979449956132d3e5b517ea76ac8"},"headline":"R\u00e9us colocam Cristovam no bolo e j\u00fari da Estrutural fica para agosto","datePublished":"2015-04-28T13:16:42+00:00","dateModified":"2015-04-28T18:00:23+00:00","mainEntityOfPage":{"@id":"https:\/\/www.notibras.com\/site\/reus-colocam-cristovam-no-bolo-e-juri-da-estrutural-fica-para-agosto\/"},"wordCount":589,"commentCount":0,"publisher":{"@id":"https:\/\/www.notibras.com\/site\/#organization"},"image":{"@id":"https:\/\/www.notibras.com\/site\/reus-colocam-cristovam-no-bolo-e-juri-da-estrutural-fica-para-agosto\/#primaryimage"},"thumbnailUrl":"https:\/\/www.notibras.com\/site\/wp-content\/uploads\/2015\/04\/salvar.jpg","articleSection":["ESPECIAL - Estrutural"],"inLanguage":"pt-BR","potentialAction":[{"@type":"CommentAction","name":"Comment","target":["https:\/\/www.notibras.com\/site\/reus-colocam-cristovam-no-bolo-e-juri-da-estrutural-fica-para-agosto\/#respond"]}]},{"@type":"WebPage","@id":"https:\/\/www.notibras.com\/site\/reus-colocam-cristovam-no-bolo-e-juri-da-estrutural-fica-para-agosto\/","url":"https:\/\/www.notibras.com\/site\/reus-colocam-cristovam-no-bolo-e-juri-da-estrutural-fica-para-agosto\/","name":"R\u00e9us colocam Cristovam no bolo e j\u00fari da Estrutural fica para agosto - Notibras","isPartOf":{"@id":"https:\/\/www.notibras.com\/site\/#website"},"primaryImageOfPage":{"@id":"https:\/\/www.notibras.com\/site\/reus-colocam-cristovam-no-bolo-e-juri-da-estrutural-fica-para-agosto\/#primaryimage"},"image":{"@id":"https:\/\/www.notibras.com\/site\/reus-colocam-cristovam-no-bolo-e-juri-da-estrutural-fica-para-agosto\/#primaryimage"},"thumbnailUrl":"https:\/\/www.notibras.com\/site\/wp-content\/uploads\/2015\/04\/salvar.jpg","datePublished":"2015-04-28T13:16:42+00:00","dateModified":"2015-04-28T18:00:23+00:00","breadcrumb":{"@id":"https:\/\/www.notibras.com\/site\/reus-colocam-cristovam-no-bolo-e-juri-da-estrutural-fica-para-agosto\/#breadcrumb"},"inLanguage":"pt-BR","potentialAction":[{"@type":"ReadAction","target":["https:\/\/www.notibras.com\/site\/reus-colocam-cristovam-no-bolo-e-juri-da-estrutural-fica-para-agosto\/"]}]},{"@type":"ImageObject","inLanguage":"pt-BR","@id":"https:\/\/www.notibras.com\/site\/reus-colocam-cristovam-no-bolo-e-juri-da-estrutural-fica-para-agosto\/#primaryimage","url":"https:\/\/www.notibras.com\/site\/wp-content\/uploads\/2015\/04\/salvar.jpg","contentUrl":"https:\/\/www.notibras.com\/site\/wp-content\/uploads\/2015\/04\/salvar.jpg","width":660,"height":427},{"@type":"BreadcrumbList","@id":"https:\/\/www.notibras.com\/site\/reus-colocam-cristovam-no-bolo-e-juri-da-estrutural-fica-para-agosto\/#breadcrumb","itemListElement":[{"@type":"ListItem","position":1,"name":"In\u00edcio","item":"https:\/\/www.notibras.com\/site\/"},{"@type":"ListItem","position":2,"name":"R\u00e9us colocam Cristovam no bolo e j\u00fari da Estrutural fica para agosto"}]},{"@type":"WebSite","@id":"https:\/\/www.notibras.com\/site\/#website","url":"https:\/\/www.notibras.com\/site\/","name":"Notibras","description":"Not\u00edcias de Bras\u00edlia, do Brasil e do Mundo","publisher":{"@id":"https:\/\/www.notibras.com\/site\/#organization"},"potentialAction":[{"@type":"SearchAction","target":{"@type":"EntryPoint","urlTemplate":"https:\/\/www.notibras.com\/site\/?s={search_term_string}"},"query-input":{"@type":"PropertyValueSpecification","valueRequired":true,"valueName":"search_term_string"}}],"inLanguage":"pt-BR"},{"@type":"Organization","@id":"https:\/\/www.notibras.com\/site\/#organization","name":"Grupo Notibras de Comunica\u00e7\u00e3o","url":"https:\/\/www.notibras.com\/site\/","logo":{"@type":"ImageObject","inLanguage":"pt-BR","@id":"https:\/\/www.notibras.com\/site\/#\/schema\/logo\/image\/","url":"https:\/\/www.notibras.com\/site\/wp-content\/uploads\/2023\/01\/notibras23.png","contentUrl":"https:\/\/www.notibras.com\/site\/wp-content\/uploads\/2023\/01\/notibras23.png","width":350,"height":87,"caption":"Grupo Notibras de Comunica\u00e7\u00e3o"},"image":{"@id":"https:\/\/www.notibras.com\/site\/#\/schema\/logo\/image\/"},"sameAs":["https:\/\/www.facebook.com\/notibras\/","https:\/\/x.com\/Notibras","https:\/\/www.instagram.com\/notibras\/"]},{"@type":"Person","@id":"https:\/\/www.notibras.com\/site\/#\/schema\/person\/36ab0979449956132d3e5b517ea76ac8","name":"Reda\u00e7\u00e3o","image":{"@type":"ImageObject","inLanguage":"pt-BR","@id":"https:\/\/secure.gravatar.com\/avatar\/e0a867bdedb85fd243eadf09663511f96fc81e0720a4a42581f334ad4303aa6b?s=96&d=mm&r=g","url":"https:\/\/secure.gravatar.com\/avatar\/e0a867bdedb85fd243eadf09663511f96fc81e0720a4a42581f334ad4303aa6b?s=96&d=mm&r=g","contentUrl":"https:\/\/secure.gravatar.com\/avatar\/e0a867bdedb85fd243eadf09663511f96fc81e0720a4a42581f334ad4303aa6b?s=96&d=mm&r=g","caption":"Reda\u00e7\u00e3o"}}]}},"amp_enabled":true,"_links":{"self":[{"href":"https:\/\/www.notibras.com\/site\/wp-json\/wp\/v2\/posts\/45767","targetHints":{"allow":["GET"]}}],"collection":[{"href":"https:\/\/www.notibras.com\/site\/wp-json\/wp\/v2\/posts"}],"about":[{"href":"https:\/\/www.notibras.com\/site\/wp-json\/wp\/v2\/types\/post"}],"author":[{"embeddable":true,"href":"https:\/\/www.notibras.com\/site\/wp-json\/wp\/v2\/users\/2"}],"replies":[{"embeddable":true,"href":"https:\/\/www.notibras.com\/site\/wp-json\/wp\/v2\/comments?post=45767"}],"version-history":[{"count":0,"href":"https:\/\/www.notibras.com\/site\/wp-json\/wp\/v2\/posts\/45767\/revisions"}],"wp:featuredmedia":[{"embeddable":true,"href":"https:\/\/www.notibras.com\/site\/wp-json\/wp\/v2\/media\/45772"}],"wp:attachment":[{"href":"https:\/\/www.notibras.com\/site\/wp-json\/wp\/v2\/media?parent=45767"}],"wp:term":[{"taxonomy":"category","embeddable":true,"href":"https:\/\/www.notibras.com\/site\/wp-json\/wp\/v2\/categories?post=45767"},{"taxonomy":"post_tag","embeddable":true,"href":"https:\/\/www.notibras.com\/site\/wp-json\/wp\/v2\/tags?post=45767"}],"curies":[{"name":"wp","href":"https:\/\/api.w.org\/{rel}","templated":true}]}}