{"id":45796,"date":"2015-04-28T11:20:09","date_gmt":"2015-04-28T14:20:09","guid":{"rendered":"http:\/\/www.notibras.com\/site\/?p=45796"},"modified":"2015-04-28T17:06:59","modified_gmt":"2015-04-28T20:06:59","slug":"abujamra-morre-em-sao-paulo-aos-82-anos","status":"publish","type":"post","link":"https:\/\/www.notibras.com\/site\/abujamra-morre-em-sao-paulo-aos-82-anos\/","title":{"rendered":"Abujamra, ator e diretor, morre em S\u00e3o Paulo aos 82"},"content":{"rendered":"<p>O ator, diretor e apresentador Antonio Abujamra, morreu aos 82 anos, em S\u00e3o Paulo. A informa\u00e7\u00e3o foi confirmada pela TV Cultura, onde ele apresentava o programa &#8220;Provoca\u00e7\u00f5es&#8221;, na TV Cultura.<\/p>\n<p>Um dos principais nomes do teatro brasileiro nos anos 1960 e 1970, Abujamra morreu em sua casa, no bairro de Higien\u00f3polis. A causa da morte ainda n\u00e3o foi divulgada.<\/p>\n<p>A p\u00e1gina oficial do programa &#8220;Provoca\u00e7\u00f5es&#8221; no Facebook divulgou nota lamentando a not\u00edcia: &#8220;\u00c9 com grande pesar que informamos que hoje, 28\/04\/2015, o apresentador de Provoca\u00e7\u00f5es, Ant\u00f4nio Abujamra, faleceu. Agradecemos o carinho e apoio de todos que tem nos acompanhado ao longo desses 14 anos de programa&#8221;.<\/p>\n<blockquote><p>Abujamra ficou conhecido pela irrever\u00eancia de suas encena\u00e7\u00f5es. Come\u00e7ou no teatro amador em Porto Alegre, na pe\u00e7a &#8220;Assim \u00c9 se lhe Parece&#8221; e, ao longo de sua carreira, trabalhou ao lado de grandes nomes do teatro nacional, como Ruth Escobar, Nicette Bruno e Paulo Goulart, al\u00e9m de ter dirigido atores como Ant\u00f4nio Fagundes e Vera Holtz em diversas ocasi\u00f5es.<\/p><\/blockquote>\n<p>Abujamra ganhou a simpatia do grande p\u00fablico no anos 1980, ao participar de telenovelas como &#8220;Que Rei Sou Eu?&#8221; (1989), da Rede Globo, em que interpretou o bruxo Ravengar.<\/p>\n<p>Sua \u00faltima atua\u00e7\u00e3o em novelas foi em 2011, em &#8220;Cora\u00e7\u00f5es Feridos&#8221;, do SBT, e no cinema ocorreu em 2012, em &#8220;Brichos 2 &#8211; A Floresta \u00e9 Nossa&#8221;.<\/p>\n","protected":false},"excerpt":{"rendered":"<p>O ator, diretor e apresentador Antonio Abujamra, morreu aos 82 anos, em S\u00e3o Paulo. A informa\u00e7\u00e3o foi confirmada pela TV Cultura, onde ele apresentava o programa &#8220;Provoca\u00e7\u00f5es&#8221;, na TV Cultura. Um dos principais nomes do teatro brasileiro nos anos 1960 e 1970, Abujamra morreu em sua casa, no bairro de Higien\u00f3polis. A causa da morte [&hellip;]<\/p>\n","protected":false},"author":2,"featured_media":45797,"comment_status":"open","ping_status":"closed","sticky":false,"template":"","format":"standard","meta":{"_acf_changed":false,"footnotes":""},"categories":[16],"tags":[],"class_list":["post-45796","post","type-post","status-publish","format-standard","has-post-thumbnail","hentry","category-brasil"],"acf":[],"yoast_head":"<!-- This site is optimized with the Yoast SEO plugin v27.5 - https:\/\/yoast.com\/product\/yoast-seo-wordpress\/ -->\n<title>Abujamra, ator e diretor, morre em S\u00e3o Paulo aos 82 - Notibras<\/title>\n<meta name=\"robots\" content=\"index, follow, max-snippet:-1, max-image-preview:large, max-video-preview:-1\" \/>\n<link rel=\"canonical\" href=\"https:\/\/www.notibras.com\/site\/abujamra-morre-em-sao-paulo-aos-82-anos\/\" \/>\n<meta property=\"og:locale\" content=\"pt_BR\" \/>\n<meta property=\"og:type\" content=\"article\" \/>\n<meta property=\"og:title\" content=\"Abujamra, ator e diretor, morre em S\u00e3o Paulo aos 82 - Notibras\" \/>\n<meta property=\"og:description\" content=\"O ator, diretor e apresentador Antonio Abujamra, morreu aos 82 anos, em S\u00e3o Paulo. A informa\u00e7\u00e3o foi confirmada pela TV Cultura, onde ele apresentava o programa &#8220;Provoca\u00e7\u00f5es&#8221;, na TV Cultura. Um dos principais nomes do teatro brasileiro nos anos 1960 e 1970, Abujamra morreu em sua casa, no bairro de Higien\u00f3polis. A causa da morte [&hellip;]\" \/>\n<meta property=\"og:url\" content=\"https:\/\/www.notibras.com\/site\/abujamra-morre-em-sao-paulo-aos-82-anos\/\" \/>\n<meta property=\"og:site_name\" content=\"Notibras\" \/>\n<meta property=\"article:publisher\" content=\"https:\/\/www.facebook.com\/notibras\/\" \/>\n<meta property=\"article:published_time\" content=\"2015-04-28T14:20:09+00:00\" \/>\n<meta property=\"article:modified_time\" content=\"2015-04-28T20:06:59+00:00\" \/>\n<meta property=\"og:image\" content=\"https:\/\/www.notibras.com\/site\/wp-content\/uploads\/2015\/04\/abu28.jpg\" \/>\n\t<meta property=\"og:image:width\" content=\"560\" \/>\n\t<meta property=\"og:image:height\" content=\"400\" \/>\n\t<meta property=\"og:image:type\" content=\"image\/jpeg\" \/>\n<meta name=\"author\" content=\"Reda\u00e7\u00e3o\" \/>\n<meta name=\"twitter:card\" content=\"summary_large_image\" \/>\n<meta name=\"twitter:creator\" content=\"@Notibras\" \/>\n<meta name=\"twitter:site\" content=\"@Notibras\" \/>\n<meta name=\"twitter:label1\" content=\"Escrito por\" \/>\n\t<meta name=\"twitter:data1\" content=\"Reda\u00e7\u00e3o\" \/>\n\t<meta name=\"twitter:label2\" content=\"Est. tempo de leitura\" \/>\n\t<meta name=\"twitter:data2\" content=\"1 minuto\" \/>\n<script type=\"application\/ld+json\" class=\"yoast-schema-graph\">{\"@context\":\"https:\\\/\\\/schema.org\",\"@graph\":[{\"@type\":\"Article\",\"@id\":\"https:\\\/\\\/www.notibras.com\\\/site\\\/abujamra-morre-em-sao-paulo-aos-82-anos\\\/#article\",\"isPartOf\":{\"@id\":\"https:\\\/\\\/www.notibras.com\\\/site\\\/abujamra-morre-em-sao-paulo-aos-82-anos\\\/\"},\"author\":{\"name\":\"Reda\u00e7\u00e3o\",\"@id\":\"https:\\\/\\\/www.notibras.com\\\/site\\\/#\\\/schema\\\/person\\\/36ab0979449956132d3e5b517ea76ac8\"},\"headline\":\"Abujamra, ator e diretor, morre em S\u00e3o Paulo aos 82\",\"datePublished\":\"2015-04-28T14:20:09+00:00\",\"dateModified\":\"2015-04-28T20:06:59+00:00\",\"mainEntityOfPage\":{\"@id\":\"https:\\\/\\\/www.notibras.com\\\/site\\\/abujamra-morre-em-sao-paulo-aos-82-anos\\\/\"},\"wordCount\":238,\"commentCount\":0,\"publisher\":{\"@id\":\"https:\\\/\\\/www.notibras.com\\\/site\\\/#organization\"},\"image\":{\"@id\":\"https:\\\/\\\/www.notibras.com\\\/site\\\/abujamra-morre-em-sao-paulo-aos-82-anos\\\/#primaryimage\"},\"thumbnailUrl\":\"https:\\\/\\\/www.notibras.com\\\/site\\\/wp-content\\\/uploads\\\/2015\\\/04\\\/abu28.jpg\",\"articleSection\":[\"Brasil\"],\"inLanguage\":\"pt-BR\",\"potentialAction\":[{\"@type\":\"CommentAction\",\"name\":\"Comment\",\"target\":[\"https:\\\/\\\/www.notibras.com\\\/site\\\/abujamra-morre-em-sao-paulo-aos-82-anos\\\/#respond\"]}]},{\"@type\":\"WebPage\",\"@id\":\"https:\\\/\\\/www.notibras.com\\\/site\\\/abujamra-morre-em-sao-paulo-aos-82-anos\\\/\",\"url\":\"https:\\\/\\\/www.notibras.com\\\/site\\\/abujamra-morre-em-sao-paulo-aos-82-anos\\\/\",\"name\":\"Abujamra, ator e diretor, morre em S\u00e3o Paulo aos 82 - Notibras\",\"isPartOf\":{\"@id\":\"https:\\\/\\\/www.notibras.com\\\/site\\\/#website\"},\"primaryImageOfPage\":{\"@id\":\"https:\\\/\\\/www.notibras.com\\\/site\\\/abujamra-morre-em-sao-paulo-aos-82-anos\\\/#primaryimage\"},\"image\":{\"@id\":\"https:\\\/\\\/www.notibras.com\\\/site\\\/abujamra-morre-em-sao-paulo-aos-82-anos\\\/#primaryimage\"},\"thumbnailUrl\":\"https:\\\/\\\/www.notibras.com\\\/site\\\/wp-content\\\/uploads\\\/2015\\\/04\\\/abu28.jpg\",\"datePublished\":\"2015-04-28T14:20:09+00:00\",\"dateModified\":\"2015-04-28T20:06:59+00:00\",\"breadcrumb\":{\"@id\":\"https:\\\/\\\/www.notibras.com\\\/site\\\/abujamra-morre-em-sao-paulo-aos-82-anos\\\/#breadcrumb\"},\"inLanguage\":\"pt-BR\",\"potentialAction\":[{\"@type\":\"ReadAction\",\"target\":[\"https:\\\/\\\/www.notibras.com\\\/site\\\/abujamra-morre-em-sao-paulo-aos-82-anos\\\/\"]}]},{\"@type\":\"ImageObject\",\"inLanguage\":\"pt-BR\",\"@id\":\"https:\\\/\\\/www.notibras.com\\\/site\\\/abujamra-morre-em-sao-paulo-aos-82-anos\\\/#primaryimage\",\"url\":\"https:\\\/\\\/www.notibras.com\\\/site\\\/wp-content\\\/uploads\\\/2015\\\/04\\\/abu28.jpg\",\"contentUrl\":\"https:\\\/\\\/www.notibras.com\\\/site\\\/wp-content\\\/uploads\\\/2015\\\/04\\\/abu28.jpg\",\"width\":560,\"height\":400},{\"@type\":\"BreadcrumbList\",\"@id\":\"https:\\\/\\\/www.notibras.com\\\/site\\\/abujamra-morre-em-sao-paulo-aos-82-anos\\\/#breadcrumb\",\"itemListElement\":[{\"@type\":\"ListItem\",\"position\":1,\"name\":\"In\u00edcio\",\"item\":\"https:\\\/\\\/www.notibras.com\\\/site\\\/\"},{\"@type\":\"ListItem\",\"position\":2,\"name\":\"Abujamra, ator e diretor, morre em S\u00e3o Paulo aos 82\"}]},{\"@type\":\"WebSite\",\"@id\":\"https:\\\/\\\/www.notibras.com\\\/site\\\/#website\",\"url\":\"https:\\\/\\\/www.notibras.com\\\/site\\\/\",\"name\":\"Notibras\",\"description\":\"Not\u00edcias de Bras\u00edlia, do Brasil e do Mundo\",\"publisher\":{\"@id\":\"https:\\\/\\\/www.notibras.com\\\/site\\\/#organization\"},\"potentialAction\":[{\"@type\":\"SearchAction\",\"target\":{\"@type\":\"EntryPoint\",\"urlTemplate\":\"https:\\\/\\\/www.notibras.com\\\/site\\\/?s={search_term_string}\"},\"query-input\":{\"@type\":\"PropertyValueSpecification\",\"valueRequired\":true,\"valueName\":\"search_term_string\"}}],\"inLanguage\":\"pt-BR\"},{\"@type\":\"Organization\",\"@id\":\"https:\\\/\\\/www.notibras.com\\\/site\\\/#organization\",\"name\":\"Grupo Notibras de Comunica\u00e7\u00e3o\",\"url\":\"https:\\\/\\\/www.notibras.com\\\/site\\\/\",\"logo\":{\"@type\":\"ImageObject\",\"inLanguage\":\"pt-BR\",\"@id\":\"https:\\\/\\\/www.notibras.com\\\/site\\\/#\\\/schema\\\/logo\\\/image\\\/\",\"url\":\"https:\\\/\\\/www.notibras.com\\\/site\\\/wp-content\\\/uploads\\\/2023\\\/01\\\/notibras23.png\",\"contentUrl\":\"https:\\\/\\\/www.notibras.com\\\/site\\\/wp-content\\\/uploads\\\/2023\\\/01\\\/notibras23.png\",\"width\":350,\"height\":87,\"caption\":\"Grupo Notibras de Comunica\u00e7\u00e3o\"},\"image\":{\"@id\":\"https:\\\/\\\/www.notibras.com\\\/site\\\/#\\\/schema\\\/logo\\\/image\\\/\"},\"sameAs\":[\"https:\\\/\\\/www.facebook.com\\\/notibras\\\/\",\"https:\\\/\\\/x.com\\\/Notibras\",\"https:\\\/\\\/www.instagram.com\\\/notibras\\\/\"]},{\"@type\":\"Person\",\"@id\":\"https:\\\/\\\/www.notibras.com\\\/site\\\/#\\\/schema\\\/person\\\/36ab0979449956132d3e5b517ea76ac8\",\"name\":\"Reda\u00e7\u00e3o\",\"image\":{\"@type\":\"ImageObject\",\"inLanguage\":\"pt-BR\",\"@id\":\"https:\\\/\\\/secure.gravatar.com\\\/avatar\\\/e0a867bdedb85fd243eadf09663511f96fc81e0720a4a42581f334ad4303aa6b?s=96&d=mm&r=g\",\"url\":\"https:\\\/\\\/secure.gravatar.com\\\/avatar\\\/e0a867bdedb85fd243eadf09663511f96fc81e0720a4a42581f334ad4303aa6b?s=96&d=mm&r=g\",\"contentUrl\":\"https:\\\/\\\/secure.gravatar.com\\\/avatar\\\/e0a867bdedb85fd243eadf09663511f96fc81e0720a4a42581f334ad4303aa6b?s=96&d=mm&r=g\",\"caption\":\"Reda\u00e7\u00e3o\"}}]}<\/script>\n<!-- \/ Yoast SEO plugin. -->","yoast_head_json":{"title":"Abujamra, ator e diretor, morre em S\u00e3o Paulo aos 82 - Notibras","robots":{"index":"index","follow":"follow","max-snippet":"max-snippet:-1","max-image-preview":"max-image-preview:large","max-video-preview":"max-video-preview:-1"},"canonical":"https:\/\/www.notibras.com\/site\/abujamra-morre-em-sao-paulo-aos-82-anos\/","og_locale":"pt_BR","og_type":"article","og_title":"Abujamra, ator e diretor, morre em S\u00e3o Paulo aos 82 - Notibras","og_description":"O ator, diretor e apresentador Antonio Abujamra, morreu aos 82 anos, em S\u00e3o Paulo. A informa\u00e7\u00e3o foi confirmada pela TV Cultura, onde ele apresentava o programa &#8220;Provoca\u00e7\u00f5es&#8221;, na TV Cultura. Um dos principais nomes do teatro brasileiro nos anos 1960 e 1970, Abujamra morreu em sua casa, no bairro de Higien\u00f3polis. A causa da morte [&hellip;]","og_url":"https:\/\/www.notibras.com\/site\/abujamra-morre-em-sao-paulo-aos-82-anos\/","og_site_name":"Notibras","article_publisher":"https:\/\/www.facebook.com\/notibras\/","article_published_time":"2015-04-28T14:20:09+00:00","article_modified_time":"2015-04-28T20:06:59+00:00","og_image":[{"width":560,"height":400,"url":"https:\/\/www.notibras.com\/site\/wp-content\/uploads\/2015\/04\/abu28.jpg","type":"image\/jpeg"}],"author":"Reda\u00e7\u00e3o","twitter_card":"summary_large_image","twitter_creator":"@Notibras","twitter_site":"@Notibras","twitter_misc":{"Escrito por":"Reda\u00e7\u00e3o","Est. tempo de leitura":"1 minuto"},"schema":{"@context":"https:\/\/schema.org","@graph":[{"@type":"Article","@id":"https:\/\/www.notibras.com\/site\/abujamra-morre-em-sao-paulo-aos-82-anos\/#article","isPartOf":{"@id":"https:\/\/www.notibras.com\/site\/abujamra-morre-em-sao-paulo-aos-82-anos\/"},"author":{"name":"Reda\u00e7\u00e3o","@id":"https:\/\/www.notibras.com\/site\/#\/schema\/person\/36ab0979449956132d3e5b517ea76ac8"},"headline":"Abujamra, ator e diretor, morre em S\u00e3o Paulo aos 82","datePublished":"2015-04-28T14:20:09+00:00","dateModified":"2015-04-28T20:06:59+00:00","mainEntityOfPage":{"@id":"https:\/\/www.notibras.com\/site\/abujamra-morre-em-sao-paulo-aos-82-anos\/"},"wordCount":238,"commentCount":0,"publisher":{"@id":"https:\/\/www.notibras.com\/site\/#organization"},"image":{"@id":"https:\/\/www.notibras.com\/site\/abujamra-morre-em-sao-paulo-aos-82-anos\/#primaryimage"},"thumbnailUrl":"https:\/\/www.notibras.com\/site\/wp-content\/uploads\/2015\/04\/abu28.jpg","articleSection":["Brasil"],"inLanguage":"pt-BR","potentialAction":[{"@type":"CommentAction","name":"Comment","target":["https:\/\/www.notibras.com\/site\/abujamra-morre-em-sao-paulo-aos-82-anos\/#respond"]}]},{"@type":"WebPage","@id":"https:\/\/www.notibras.com\/site\/abujamra-morre-em-sao-paulo-aos-82-anos\/","url":"https:\/\/www.notibras.com\/site\/abujamra-morre-em-sao-paulo-aos-82-anos\/","name":"Abujamra, ator e diretor, morre em S\u00e3o Paulo aos 82 - Notibras","isPartOf":{"@id":"https:\/\/www.notibras.com\/site\/#website"},"primaryImageOfPage":{"@id":"https:\/\/www.notibras.com\/site\/abujamra-morre-em-sao-paulo-aos-82-anos\/#primaryimage"},"image":{"@id":"https:\/\/www.notibras.com\/site\/abujamra-morre-em-sao-paulo-aos-82-anos\/#primaryimage"},"thumbnailUrl":"https:\/\/www.notibras.com\/site\/wp-content\/uploads\/2015\/04\/abu28.jpg","datePublished":"2015-04-28T14:20:09+00:00","dateModified":"2015-04-28T20:06:59+00:00","breadcrumb":{"@id":"https:\/\/www.notibras.com\/site\/abujamra-morre-em-sao-paulo-aos-82-anos\/#breadcrumb"},"inLanguage":"pt-BR","potentialAction":[{"@type":"ReadAction","target":["https:\/\/www.notibras.com\/site\/abujamra-morre-em-sao-paulo-aos-82-anos\/"]}]},{"@type":"ImageObject","inLanguage":"pt-BR","@id":"https:\/\/www.notibras.com\/site\/abujamra-morre-em-sao-paulo-aos-82-anos\/#primaryimage","url":"https:\/\/www.notibras.com\/site\/wp-content\/uploads\/2015\/04\/abu28.jpg","contentUrl":"https:\/\/www.notibras.com\/site\/wp-content\/uploads\/2015\/04\/abu28.jpg","width":560,"height":400},{"@type":"BreadcrumbList","@id":"https:\/\/www.notibras.com\/site\/abujamra-morre-em-sao-paulo-aos-82-anos\/#breadcrumb","itemListElement":[{"@type":"ListItem","position":1,"name":"In\u00edcio","item":"https:\/\/www.notibras.com\/site\/"},{"@type":"ListItem","position":2,"name":"Abujamra, ator e diretor, morre em S\u00e3o Paulo aos 82"}]},{"@type":"WebSite","@id":"https:\/\/www.notibras.com\/site\/#website","url":"https:\/\/www.notibras.com\/site\/","name":"Notibras","description":"Not\u00edcias de Bras\u00edlia, do Brasil e do Mundo","publisher":{"@id":"https:\/\/www.notibras.com\/site\/#organization"},"potentialAction":[{"@type":"SearchAction","target":{"@type":"EntryPoint","urlTemplate":"https:\/\/www.notibras.com\/site\/?s={search_term_string}"},"query-input":{"@type":"PropertyValueSpecification","valueRequired":true,"valueName":"search_term_string"}}],"inLanguage":"pt-BR"},{"@type":"Organization","@id":"https:\/\/www.notibras.com\/site\/#organization","name":"Grupo Notibras de Comunica\u00e7\u00e3o","url":"https:\/\/www.notibras.com\/site\/","logo":{"@type":"ImageObject","inLanguage":"pt-BR","@id":"https:\/\/www.notibras.com\/site\/#\/schema\/logo\/image\/","url":"https:\/\/www.notibras.com\/site\/wp-content\/uploads\/2023\/01\/notibras23.png","contentUrl":"https:\/\/www.notibras.com\/site\/wp-content\/uploads\/2023\/01\/notibras23.png","width":350,"height":87,"caption":"Grupo Notibras de Comunica\u00e7\u00e3o"},"image":{"@id":"https:\/\/www.notibras.com\/site\/#\/schema\/logo\/image\/"},"sameAs":["https:\/\/www.facebook.com\/notibras\/","https:\/\/x.com\/Notibras","https:\/\/www.instagram.com\/notibras\/"]},{"@type":"Person","@id":"https:\/\/www.notibras.com\/site\/#\/schema\/person\/36ab0979449956132d3e5b517ea76ac8","name":"Reda\u00e7\u00e3o","image":{"@type":"ImageObject","inLanguage":"pt-BR","@id":"https:\/\/secure.gravatar.com\/avatar\/e0a867bdedb85fd243eadf09663511f96fc81e0720a4a42581f334ad4303aa6b?s=96&d=mm&r=g","url":"https:\/\/secure.gravatar.com\/avatar\/e0a867bdedb85fd243eadf09663511f96fc81e0720a4a42581f334ad4303aa6b?s=96&d=mm&r=g","contentUrl":"https:\/\/secure.gravatar.com\/avatar\/e0a867bdedb85fd243eadf09663511f96fc81e0720a4a42581f334ad4303aa6b?s=96&d=mm&r=g","caption":"Reda\u00e7\u00e3o"}}]}},"amp_enabled":true,"_links":{"self":[{"href":"https:\/\/www.notibras.com\/site\/wp-json\/wp\/v2\/posts\/45796","targetHints":{"allow":["GET"]}}],"collection":[{"href":"https:\/\/www.notibras.com\/site\/wp-json\/wp\/v2\/posts"}],"about":[{"href":"https:\/\/www.notibras.com\/site\/wp-json\/wp\/v2\/types\/post"}],"author":[{"embeddable":true,"href":"https:\/\/www.notibras.com\/site\/wp-json\/wp\/v2\/users\/2"}],"replies":[{"embeddable":true,"href":"https:\/\/www.notibras.com\/site\/wp-json\/wp\/v2\/comments?post=45796"}],"version-history":[{"count":0,"href":"https:\/\/www.notibras.com\/site\/wp-json\/wp\/v2\/posts\/45796\/revisions"}],"wp:featuredmedia":[{"embeddable":true,"href":"https:\/\/www.notibras.com\/site\/wp-json\/wp\/v2\/media\/45797"}],"wp:attachment":[{"href":"https:\/\/www.notibras.com\/site\/wp-json\/wp\/v2\/media?parent=45796"}],"wp:term":[{"taxonomy":"category","embeddable":true,"href":"https:\/\/www.notibras.com\/site\/wp-json\/wp\/v2\/categories?post=45796"},{"taxonomy":"post_tag","embeddable":true,"href":"https:\/\/www.notibras.com\/site\/wp-json\/wp\/v2\/tags?post=45796"}],"curies":[{"name":"wp","href":"https:\/\/api.w.org\/{rel}","templated":true}]}}