{"id":45922,"date":"2015-04-29T05:25:47","date_gmt":"2015-04-29T08:25:47","guid":{"rendered":"http:\/\/www.notibras.com\/site\/?p=45922"},"modified":"2015-04-29T05:25:47","modified_gmt":"2015-04-29T08:25:47","slug":"azaroes-crescem-e-ameacam-ficar-com-os-titulos-dos-grandes","status":"publish","type":"post","link":"https:\/\/www.notibras.com\/site\/azaroes-crescem-e-ameacam-ficar-com-os-titulos-dos-grandes\/","title":{"rendered":"Azar\u00f5es crescem e amea\u00e7am ficar com os t\u00edtulos dos grandes"},"content":{"rendered":"<p class=\"text\">Atl\u00e9tico-MG , Coritiba e Bahia. Tr\u00eas times acostumados a decidir t\u00edtulos em seus estados e, frequentemente, levar o trof\u00e9u. Hoje, por\u00e9m, quem est\u00e1 mais perto de ser campe\u00e3o em Minas Gerais, no Paran\u00e1 e na Bahia n\u00e3o \u00e9 nenhum deles: as grandes surpresas deste in\u00edcio de temporada no futebol brasileiro s\u00e3o Caldense, Oper\u00e1rio e Vit\u00f3ria da Conquista, que largaram em vantagem nos jogos de idas das finais, e podem no pr\u00f3ximo domingo derrubar os favoritos para fazer hist\u00f3ria. Conhe\u00e7a os segredos de cada um dos &#8220;azar\u00f5es&#8221; que podem terminar o Estadual comemorando o t\u00edtulo.<strong><br \/>\n<\/strong><\/p>\n<p class=\"text\">Com a surpreendente melhor campanha da primeira fase do Campeonato Mineiro , a Caldense est\u00e1 apenas a um empate diante do Atl\u00e9tico-MG para se sagrar campe\u00e3 &#8211; no primeiro jogo da decis\u00e3o, os times n\u00e3o sa\u00edram do 0 a 0. E o\u00a0sucesso do time de Po\u00e7os de Caldas se baseia principalmente em uma defesa forte: \u00e9 o time menos vazado do torneio, com apenas quatro gols sofridos em 14 jogos. Para isso, n\u00e3o apenas os zagueiros trabalham. Toda a equipe se ajuda muito sem a bola, e o entrosamento para cumprir bem essa fun\u00e7\u00e3o \u00e9 fundamental.<\/p>\n<p class=\"text\">Entrosamento que existe gra\u00e7as a um planejamento que come\u00e7ou no fim do ano passado, quando a diretoria reuniu novamente a base da equipe de 2014. Se no ano passado o time n\u00e3o passou de oitavo, a continuidade nesta temporada mostrou que rendeu bons frutos. Foi dado tempo para que o jovem t\u00e9cnico Leonardo Cond\u00e9 &#8211; 37 anos e sem passado como jogador &#8211; trabalhasse a equipe na pr\u00e9-temporada, com v\u00e1rios jogadores que ele j\u00e1 conhecia. Com uma equipe experiente no futebol mineiro, que inclui o atacante Luiz Eduardo, um dos artilheiros da competi\u00e7\u00e3o, a Caldense conseguiu fazer bonito contra os favoritos.<\/p>\n<p class=\"text\">Uma vit\u00f3ria por 2 a 0 em Ponta Grossa na primeira partida da final contra o Coritiba colocou o &#8220;Fantasma&#8221; muito perto do t\u00edtulo paranaense. E vencer em casa se tornou rotina para o Oper\u00e1rio neste Campeonato Paranaense : a \u00fanica vez em que o time n\u00e3o saiu com tr\u00eas pontos de seus dom\u00ednios foi em um jogo contra o Paran\u00e1 Clube na primeira fase. Nas quartas de final, por\u00e9m, os tricolores foram despachados com um 3 a 0. No Est\u00e1dio Germano Kruger, o Oper\u00e1rio conta com a for\u00e7a de sua torcida, que recentemente dobrou no n\u00famero de associados.<\/p>\n<p class=\"text\">O planejamento tamb\u00e9m se estende para que os sal\u00e1rios sejam pagos sempre em dia: por tr\u00e1s da dire\u00e7\u00e3o, existe um grupo de empres\u00e1rios, trazidos pelo presidente do clube, Laurival Pontarollo, que come\u00e7ou\u00a0a ajudar neste ano.\u00a0Quarenta pessoas contribuem com R$ 2 mil todo m\u00eas e mant\u00eam o clube funcionando. E mesmo com uma folha salarial modesta, a equipe tem valores individuais: o destaque \u00e9 o meia Ruy, que \u00a0come\u00e7ou a carreira justamente na base do Coritiba, mas n\u00e3o conseguiu se firmar entre os profissionais no time alviverde.<\/p>\n<p class=\"text\">Poderia haver forma melhor de estrear em uma decis\u00e3o de Campeonato Baiano ? Com apenas 10 anos de funda\u00e7\u00e3o, o Vit\u00f3ria da Conquista aplicou 3 a 0 no Bahia no jogo de ida da final e ficou praticamente com uma m\u00e3o na ta\u00e7a. O t\u00edtulo coroaria uma campanha excepcional no Estadual: foi a melhor equipe da primeira fase na classifica\u00e7\u00e3o geral, com 14 pontos, \u00e0 frente dos tradicionais Bahia e Vit\u00f3ria. E a receita para surpreender os favoritos conta com v\u00e1rios jogadores experientes &#8211; alguns nomes s\u00e3o o goleiro Vi\u00e1fara (ex-Vit\u00f3ria), o volante Paulo Almeida e o meia Andr\u00e9 &#8220;Belezinha&#8221; (ambos ex-Santos).<\/p>\n<p class=\"text\">A folha salarial \u00e9 modesta, estimada em cerca de R$ 150 mil, mas a oportunidade de ganhar\u00a0o primeiro t\u00edtulo de elite da hist\u00f3ria do clube \u00e9 uma motiva\u00e7\u00e3o extra para os jogadores &#8211; em 2006, o Vit\u00f3ria da Conquista levou a segunda divis\u00e3o do Baiano. Pode n\u00e3o ser o Vit\u00f3ria &#8220;tradicional&#8221; em uma decis\u00e3o contra o Bahia, mas a atua\u00e7\u00e3o de gala nos 3 a 0 da primeira final deixa poucas d\u00favidas de que \u00e9 um candidato just\u00edssimo ao t\u00edtulo.<\/p>\n","protected":false},"excerpt":{"rendered":"<p>Atl\u00e9tico-MG , Coritiba e Bahia. Tr\u00eas times acostumados a decidir t\u00edtulos em seus estados e, frequentemente, levar o trof\u00e9u. Hoje, por\u00e9m, quem est\u00e1 mais perto de ser campe\u00e3o em Minas Gerais, no Paran\u00e1 e na Bahia n\u00e3o \u00e9 nenhum deles: as grandes surpresas deste in\u00edcio de temporada no futebol brasileiro s\u00e3o Caldense, Oper\u00e1rio e Vit\u00f3ria [&hellip;]<\/p>\n","protected":false},"author":2,"featured_media":45923,"comment_status":"open","ping_status":"closed","sticky":false,"template":"","format":"standard","meta":{"_acf_changed":false,"footnotes":""},"categories":[19,29],"tags":[],"class_list":["post-45922","post","type-post","status-publish","format-standard","has-post-thumbnail","hentry","category-esportes","category-futebol"],"acf":[],"yoast_head":"<!-- This site is optimized with the Yoast SEO plugin v27.2 - https:\/\/yoast.com\/product\/yoast-seo-wordpress\/ -->\n<title>Azar\u00f5es crescem e amea\u00e7am ficar com os t\u00edtulos dos grandes - Notibras<\/title>\n<meta name=\"robots\" content=\"index, follow, max-snippet:-1, max-image-preview:large, max-video-preview:-1\" \/>\n<link rel=\"canonical\" href=\"https:\/\/www.notibras.com\/site\/azaroes-crescem-e-ameacam-ficar-com-os-titulos-dos-grandes\/\" \/>\n<meta property=\"og:locale\" content=\"pt_BR\" \/>\n<meta property=\"og:type\" content=\"article\" \/>\n<meta property=\"og:title\" content=\"Azar\u00f5es crescem e amea\u00e7am ficar com os t\u00edtulos dos grandes - Notibras\" \/>\n<meta property=\"og:description\" content=\"Atl\u00e9tico-MG , Coritiba e Bahia. Tr\u00eas times acostumados a decidir t\u00edtulos em seus estados e, frequentemente, levar o trof\u00e9u. Hoje, por\u00e9m, quem est\u00e1 mais perto de ser campe\u00e3o em Minas Gerais, no Paran\u00e1 e na Bahia n\u00e3o \u00e9 nenhum deles: as grandes surpresas deste in\u00edcio de temporada no futebol brasileiro s\u00e3o Caldense, Oper\u00e1rio e Vit\u00f3ria [&hellip;]\" \/>\n<meta property=\"og:url\" content=\"https:\/\/www.notibras.com\/site\/azaroes-crescem-e-ameacam-ficar-com-os-titulos-dos-grandes\/\" \/>\n<meta property=\"og:site_name\" content=\"Notibras\" \/>\n<meta property=\"article:publisher\" content=\"https:\/\/www.facebook.com\/notibras\/\" \/>\n<meta property=\"article:published_time\" content=\"2015-04-29T08:25:47+00:00\" \/>\n<meta property=\"og:image\" content=\"https:\/\/www.notibras.com\/site\/wp-content\/uploads\/2015\/04\/azaroes.jpg\" \/>\n\t<meta property=\"og:image:width\" content=\"460\" \/>\n\t<meta property=\"og:image:height\" content=\"307\" \/>\n\t<meta property=\"og:image:type\" content=\"image\/jpeg\" \/>\n<meta name=\"author\" content=\"Reda\u00e7\u00e3o\" \/>\n<meta name=\"twitter:card\" content=\"summary_large_image\" \/>\n<meta name=\"twitter:creator\" content=\"@Notibras\" \/>\n<meta name=\"twitter:site\" content=\"@Notibras\" \/>\n<meta name=\"twitter:label1\" content=\"Escrito por\" \/>\n\t<meta name=\"twitter:data1\" content=\"Reda\u00e7\u00e3o\" \/>\n\t<meta name=\"twitter:label2\" content=\"Est. tempo de leitura\" \/>\n\t<meta name=\"twitter:data2\" content=\"4 minutos\" \/>\n<script type=\"application\/ld+json\" class=\"yoast-schema-graph\">{\"@context\":\"https:\/\/schema.org\",\"@graph\":[{\"@type\":\"Article\",\"@id\":\"https:\/\/www.notibras.com\/site\/azaroes-crescem-e-ameacam-ficar-com-os-titulos-dos-grandes\/#article\",\"isPartOf\":{\"@id\":\"https:\/\/www.notibras.com\/site\/azaroes-crescem-e-ameacam-ficar-com-os-titulos-dos-grandes\/\"},\"author\":{\"name\":\"Reda\u00e7\u00e3o\",\"@id\":\"https:\/\/www.notibras.com\/site\/#\/schema\/person\/36ab0979449956132d3e5b517ea76ac8\"},\"headline\":\"Azar\u00f5es crescem e amea\u00e7am ficar com os t\u00edtulos dos grandes\",\"datePublished\":\"2015-04-29T08:25:47+00:00\",\"mainEntityOfPage\":{\"@id\":\"https:\/\/www.notibras.com\/site\/azaroes-crescem-e-ameacam-ficar-com-os-titulos-dos-grandes\/\"},\"wordCount\":720,\"commentCount\":0,\"publisher\":{\"@id\":\"https:\/\/www.notibras.com\/site\/#organization\"},\"image\":{\"@id\":\"https:\/\/www.notibras.com\/site\/azaroes-crescem-e-ameacam-ficar-com-os-titulos-dos-grandes\/#primaryimage\"},\"thumbnailUrl\":\"https:\/\/www.notibras.com\/site\/wp-content\/uploads\/2015\/04\/azaroes.jpg\",\"articleSection\":[\"Esportes\",\"Futebol\"],\"inLanguage\":\"pt-BR\",\"potentialAction\":[{\"@type\":\"CommentAction\",\"name\":\"Comment\",\"target\":[\"https:\/\/www.notibras.com\/site\/azaroes-crescem-e-ameacam-ficar-com-os-titulos-dos-grandes\/#respond\"]}]},{\"@type\":\"WebPage\",\"@id\":\"https:\/\/www.notibras.com\/site\/azaroes-crescem-e-ameacam-ficar-com-os-titulos-dos-grandes\/\",\"url\":\"https:\/\/www.notibras.com\/site\/azaroes-crescem-e-ameacam-ficar-com-os-titulos-dos-grandes\/\",\"name\":\"Azar\u00f5es crescem e amea\u00e7am ficar com os t\u00edtulos dos grandes - Notibras\",\"isPartOf\":{\"@id\":\"https:\/\/www.notibras.com\/site\/#website\"},\"primaryImageOfPage\":{\"@id\":\"https:\/\/www.notibras.com\/site\/azaroes-crescem-e-ameacam-ficar-com-os-titulos-dos-grandes\/#primaryimage\"},\"image\":{\"@id\":\"https:\/\/www.notibras.com\/site\/azaroes-crescem-e-ameacam-ficar-com-os-titulos-dos-grandes\/#primaryimage\"},\"thumbnailUrl\":\"https:\/\/www.notibras.com\/site\/wp-content\/uploads\/2015\/04\/azaroes.jpg\",\"datePublished\":\"2015-04-29T08:25:47+00:00\",\"breadcrumb\":{\"@id\":\"https:\/\/www.notibras.com\/site\/azaroes-crescem-e-ameacam-ficar-com-os-titulos-dos-grandes\/#breadcrumb\"},\"inLanguage\":\"pt-BR\",\"potentialAction\":[{\"@type\":\"ReadAction\",\"target\":[\"https:\/\/www.notibras.com\/site\/azaroes-crescem-e-ameacam-ficar-com-os-titulos-dos-grandes\/\"]}]},{\"@type\":\"ImageObject\",\"inLanguage\":\"pt-BR\",\"@id\":\"https:\/\/www.notibras.com\/site\/azaroes-crescem-e-ameacam-ficar-com-os-titulos-dos-grandes\/#primaryimage\",\"url\":\"https:\/\/www.notibras.com\/site\/wp-content\/uploads\/2015\/04\/azaroes.jpg\",\"contentUrl\":\"https:\/\/www.notibras.com\/site\/wp-content\/uploads\/2015\/04\/azaroes.jpg\",\"width\":460,\"height\":307},{\"@type\":\"BreadcrumbList\",\"@id\":\"https:\/\/www.notibras.com\/site\/azaroes-crescem-e-ameacam-ficar-com-os-titulos-dos-grandes\/#breadcrumb\",\"itemListElement\":[{\"@type\":\"ListItem\",\"position\":1,\"name\":\"In\u00edcio\",\"item\":\"https:\/\/www.notibras.com\/site\/\"},{\"@type\":\"ListItem\",\"position\":2,\"name\":\"Azar\u00f5es crescem e amea\u00e7am ficar com os t\u00edtulos dos grandes\"}]},{\"@type\":\"WebSite\",\"@id\":\"https:\/\/www.notibras.com\/site\/#website\",\"url\":\"https:\/\/www.notibras.com\/site\/\",\"name\":\"Notibras\",\"description\":\"Not\u00edcias de Bras\u00edlia, do Brasil e do Mundo\",\"publisher\":{\"@id\":\"https:\/\/www.notibras.com\/site\/#organization\"},\"potentialAction\":[{\"@type\":\"SearchAction\",\"target\":{\"@type\":\"EntryPoint\",\"urlTemplate\":\"https:\/\/www.notibras.com\/site\/?s={search_term_string}\"},\"query-input\":{\"@type\":\"PropertyValueSpecification\",\"valueRequired\":true,\"valueName\":\"search_term_string\"}}],\"inLanguage\":\"pt-BR\"},{\"@type\":\"Organization\",\"@id\":\"https:\/\/www.notibras.com\/site\/#organization\",\"name\":\"Grupo Notibras de Comunica\u00e7\u00e3o\",\"url\":\"https:\/\/www.notibras.com\/site\/\",\"logo\":{\"@type\":\"ImageObject\",\"inLanguage\":\"pt-BR\",\"@id\":\"https:\/\/www.notibras.com\/site\/#\/schema\/logo\/image\/\",\"url\":\"https:\/\/www.notibras.com\/site\/wp-content\/uploads\/2023\/01\/notibras23.png\",\"contentUrl\":\"https:\/\/www.notibras.com\/site\/wp-content\/uploads\/2023\/01\/notibras23.png\",\"width\":350,\"height\":87,\"caption\":\"Grupo Notibras de Comunica\u00e7\u00e3o\"},\"image\":{\"@id\":\"https:\/\/www.notibras.com\/site\/#\/schema\/logo\/image\/\"},\"sameAs\":[\"https:\/\/www.facebook.com\/notibras\/\",\"https:\/\/x.com\/Notibras\",\"https:\/\/www.instagram.com\/notibras\/\"]},{\"@type\":\"Person\",\"@id\":\"https:\/\/www.notibras.com\/site\/#\/schema\/person\/36ab0979449956132d3e5b517ea76ac8\",\"name\":\"Reda\u00e7\u00e3o\",\"image\":{\"@type\":\"ImageObject\",\"inLanguage\":\"pt-BR\",\"@id\":\"https:\/\/secure.gravatar.com\/avatar\/e0a867bdedb85fd243eadf09663511f96fc81e0720a4a42581f334ad4303aa6b?s=96&d=mm&r=g\",\"url\":\"https:\/\/secure.gravatar.com\/avatar\/e0a867bdedb85fd243eadf09663511f96fc81e0720a4a42581f334ad4303aa6b?s=96&d=mm&r=g\",\"contentUrl\":\"https:\/\/secure.gravatar.com\/avatar\/e0a867bdedb85fd243eadf09663511f96fc81e0720a4a42581f334ad4303aa6b?s=96&d=mm&r=g\",\"caption\":\"Reda\u00e7\u00e3o\"}}]}<\/script>\n<!-- \/ Yoast SEO plugin. -->","yoast_head_json":{"title":"Azar\u00f5es crescem e amea\u00e7am ficar com os t\u00edtulos dos grandes - Notibras","robots":{"index":"index","follow":"follow","max-snippet":"max-snippet:-1","max-image-preview":"max-image-preview:large","max-video-preview":"max-video-preview:-1"},"canonical":"https:\/\/www.notibras.com\/site\/azaroes-crescem-e-ameacam-ficar-com-os-titulos-dos-grandes\/","og_locale":"pt_BR","og_type":"article","og_title":"Azar\u00f5es crescem e amea\u00e7am ficar com os t\u00edtulos dos grandes - Notibras","og_description":"Atl\u00e9tico-MG , Coritiba e Bahia. Tr\u00eas times acostumados a decidir t\u00edtulos em seus estados e, frequentemente, levar o trof\u00e9u. Hoje, por\u00e9m, quem est\u00e1 mais perto de ser campe\u00e3o em Minas Gerais, no Paran\u00e1 e na Bahia n\u00e3o \u00e9 nenhum deles: as grandes surpresas deste in\u00edcio de temporada no futebol brasileiro s\u00e3o Caldense, Oper\u00e1rio e Vit\u00f3ria [&hellip;]","og_url":"https:\/\/www.notibras.com\/site\/azaroes-crescem-e-ameacam-ficar-com-os-titulos-dos-grandes\/","og_site_name":"Notibras","article_publisher":"https:\/\/www.facebook.com\/notibras\/","article_published_time":"2015-04-29T08:25:47+00:00","og_image":[{"width":460,"height":307,"url":"https:\/\/www.notibras.com\/site\/wp-content\/uploads\/2015\/04\/azaroes.jpg","type":"image\/jpeg"}],"author":"Reda\u00e7\u00e3o","twitter_card":"summary_large_image","twitter_creator":"@Notibras","twitter_site":"@Notibras","twitter_misc":{"Escrito por":"Reda\u00e7\u00e3o","Est. tempo de leitura":"4 minutos"},"schema":{"@context":"https:\/\/schema.org","@graph":[{"@type":"Article","@id":"https:\/\/www.notibras.com\/site\/azaroes-crescem-e-ameacam-ficar-com-os-titulos-dos-grandes\/#article","isPartOf":{"@id":"https:\/\/www.notibras.com\/site\/azaroes-crescem-e-ameacam-ficar-com-os-titulos-dos-grandes\/"},"author":{"name":"Reda\u00e7\u00e3o","@id":"https:\/\/www.notibras.com\/site\/#\/schema\/person\/36ab0979449956132d3e5b517ea76ac8"},"headline":"Azar\u00f5es crescem e amea\u00e7am ficar com os t\u00edtulos dos grandes","datePublished":"2015-04-29T08:25:47+00:00","mainEntityOfPage":{"@id":"https:\/\/www.notibras.com\/site\/azaroes-crescem-e-ameacam-ficar-com-os-titulos-dos-grandes\/"},"wordCount":720,"commentCount":0,"publisher":{"@id":"https:\/\/www.notibras.com\/site\/#organization"},"image":{"@id":"https:\/\/www.notibras.com\/site\/azaroes-crescem-e-ameacam-ficar-com-os-titulos-dos-grandes\/#primaryimage"},"thumbnailUrl":"https:\/\/www.notibras.com\/site\/wp-content\/uploads\/2015\/04\/azaroes.jpg","articleSection":["Esportes","Futebol"],"inLanguage":"pt-BR","potentialAction":[{"@type":"CommentAction","name":"Comment","target":["https:\/\/www.notibras.com\/site\/azaroes-crescem-e-ameacam-ficar-com-os-titulos-dos-grandes\/#respond"]}]},{"@type":"WebPage","@id":"https:\/\/www.notibras.com\/site\/azaroes-crescem-e-ameacam-ficar-com-os-titulos-dos-grandes\/","url":"https:\/\/www.notibras.com\/site\/azaroes-crescem-e-ameacam-ficar-com-os-titulos-dos-grandes\/","name":"Azar\u00f5es crescem e amea\u00e7am ficar com os t\u00edtulos dos grandes - Notibras","isPartOf":{"@id":"https:\/\/www.notibras.com\/site\/#website"},"primaryImageOfPage":{"@id":"https:\/\/www.notibras.com\/site\/azaroes-crescem-e-ameacam-ficar-com-os-titulos-dos-grandes\/#primaryimage"},"image":{"@id":"https:\/\/www.notibras.com\/site\/azaroes-crescem-e-ameacam-ficar-com-os-titulos-dos-grandes\/#primaryimage"},"thumbnailUrl":"https:\/\/www.notibras.com\/site\/wp-content\/uploads\/2015\/04\/azaroes.jpg","datePublished":"2015-04-29T08:25:47+00:00","breadcrumb":{"@id":"https:\/\/www.notibras.com\/site\/azaroes-crescem-e-ameacam-ficar-com-os-titulos-dos-grandes\/#breadcrumb"},"inLanguage":"pt-BR","potentialAction":[{"@type":"ReadAction","target":["https:\/\/www.notibras.com\/site\/azaroes-crescem-e-ameacam-ficar-com-os-titulos-dos-grandes\/"]}]},{"@type":"ImageObject","inLanguage":"pt-BR","@id":"https:\/\/www.notibras.com\/site\/azaroes-crescem-e-ameacam-ficar-com-os-titulos-dos-grandes\/#primaryimage","url":"https:\/\/www.notibras.com\/site\/wp-content\/uploads\/2015\/04\/azaroes.jpg","contentUrl":"https:\/\/www.notibras.com\/site\/wp-content\/uploads\/2015\/04\/azaroes.jpg","width":460,"height":307},{"@type":"BreadcrumbList","@id":"https:\/\/www.notibras.com\/site\/azaroes-crescem-e-ameacam-ficar-com-os-titulos-dos-grandes\/#breadcrumb","itemListElement":[{"@type":"ListItem","position":1,"name":"In\u00edcio","item":"https:\/\/www.notibras.com\/site\/"},{"@type":"ListItem","position":2,"name":"Azar\u00f5es crescem e amea\u00e7am ficar com os t\u00edtulos dos grandes"}]},{"@type":"WebSite","@id":"https:\/\/www.notibras.com\/site\/#website","url":"https:\/\/www.notibras.com\/site\/","name":"Notibras","description":"Not\u00edcias de Bras\u00edlia, do Brasil e do Mundo","publisher":{"@id":"https:\/\/www.notibras.com\/site\/#organization"},"potentialAction":[{"@type":"SearchAction","target":{"@type":"EntryPoint","urlTemplate":"https:\/\/www.notibras.com\/site\/?s={search_term_string}"},"query-input":{"@type":"PropertyValueSpecification","valueRequired":true,"valueName":"search_term_string"}}],"inLanguage":"pt-BR"},{"@type":"Organization","@id":"https:\/\/www.notibras.com\/site\/#organization","name":"Grupo Notibras de Comunica\u00e7\u00e3o","url":"https:\/\/www.notibras.com\/site\/","logo":{"@type":"ImageObject","inLanguage":"pt-BR","@id":"https:\/\/www.notibras.com\/site\/#\/schema\/logo\/image\/","url":"https:\/\/www.notibras.com\/site\/wp-content\/uploads\/2023\/01\/notibras23.png","contentUrl":"https:\/\/www.notibras.com\/site\/wp-content\/uploads\/2023\/01\/notibras23.png","width":350,"height":87,"caption":"Grupo Notibras de Comunica\u00e7\u00e3o"},"image":{"@id":"https:\/\/www.notibras.com\/site\/#\/schema\/logo\/image\/"},"sameAs":["https:\/\/www.facebook.com\/notibras\/","https:\/\/x.com\/Notibras","https:\/\/www.instagram.com\/notibras\/"]},{"@type":"Person","@id":"https:\/\/www.notibras.com\/site\/#\/schema\/person\/36ab0979449956132d3e5b517ea76ac8","name":"Reda\u00e7\u00e3o","image":{"@type":"ImageObject","inLanguage":"pt-BR","@id":"https:\/\/secure.gravatar.com\/avatar\/e0a867bdedb85fd243eadf09663511f96fc81e0720a4a42581f334ad4303aa6b?s=96&d=mm&r=g","url":"https:\/\/secure.gravatar.com\/avatar\/e0a867bdedb85fd243eadf09663511f96fc81e0720a4a42581f334ad4303aa6b?s=96&d=mm&r=g","contentUrl":"https:\/\/secure.gravatar.com\/avatar\/e0a867bdedb85fd243eadf09663511f96fc81e0720a4a42581f334ad4303aa6b?s=96&d=mm&r=g","caption":"Reda\u00e7\u00e3o"}}]}},"amp_enabled":true,"_links":{"self":[{"href":"https:\/\/www.notibras.com\/site\/wp-json\/wp\/v2\/posts\/45922","targetHints":{"allow":["GET"]}}],"collection":[{"href":"https:\/\/www.notibras.com\/site\/wp-json\/wp\/v2\/posts"}],"about":[{"href":"https:\/\/www.notibras.com\/site\/wp-json\/wp\/v2\/types\/post"}],"author":[{"embeddable":true,"href":"https:\/\/www.notibras.com\/site\/wp-json\/wp\/v2\/users\/2"}],"replies":[{"embeddable":true,"href":"https:\/\/www.notibras.com\/site\/wp-json\/wp\/v2\/comments?post=45922"}],"version-history":[{"count":0,"href":"https:\/\/www.notibras.com\/site\/wp-json\/wp\/v2\/posts\/45922\/revisions"}],"wp:featuredmedia":[{"embeddable":true,"href":"https:\/\/www.notibras.com\/site\/wp-json\/wp\/v2\/media\/45923"}],"wp:attachment":[{"href":"https:\/\/www.notibras.com\/site\/wp-json\/wp\/v2\/media?parent=45922"}],"wp:term":[{"taxonomy":"category","embeddable":true,"href":"https:\/\/www.notibras.com\/site\/wp-json\/wp\/v2\/categories?post=45922"},{"taxonomy":"post_tag","embeddable":true,"href":"https:\/\/www.notibras.com\/site\/wp-json\/wp\/v2\/tags?post=45922"}],"curies":[{"name":"wp","href":"https:\/\/api.w.org\/{rel}","templated":true}]}}