{"id":45967,"date":"2015-04-29T14:10:45","date_gmt":"2015-04-29T17:10:45","guid":{"rendered":"http:\/\/www.notibras.com\/site\/?p=45967"},"modified":"2015-04-29T18:04:11","modified_gmt":"2015-04-29T21:04:11","slug":"brasileiro-para-de-comprar-e-empurra-industria-para-fundo-do-poco","status":"publish","type":"post","link":"https:\/\/www.notibras.com\/site\/brasileiro-para-de-comprar-e-empurra-industria-para-fundo-do-poco\/","title":{"rendered":"Brasileiro para de comprar e joga a ind\u00fastria no buraco"},"content":{"rendered":"<p>A demanda interna insuficiente foi apontada pelos empres\u00e1rios como o principal problema da ind\u00fastria no primeiro trimestre de 2015. De acordo com a pesquisa Sondagem Industrial, divulgada hoje (29) pela Confedera\u00e7\u00e3o Nacional da Ind\u00fastria (CNI), a quest\u00e3o teve 39,1% de men\u00e7\u00f5es dos industriais questionados, liderando o <em>ranking <\/em>de itens problem\u00e1ticos. Em segundo lugar ficou a alta carga tribut\u00e1ria, com 35,8% de men\u00e7\u00f5es, seguida pela taxa de c\u00e2mbio, mencionada com frequ\u00eancia de 28,7%.<\/p>\n<p>A falta ou o custo da energia e das mat\u00e9rias-primas e os juros elevados tamb\u00e9m apareceram como preocupa\u00e7\u00f5es relevantes para os empres\u00e1rios, alcan\u00e7ando, respectivamente, 27,4%, 24,5% e 20,9% das men\u00e7\u00f5es. De acordo com Marcelo Azevedo, economista da CNI, a avalia\u00e7\u00e3o da entidade \u00e9 que a ind\u00fastria sente os efeitos de custos altos e demanda enfraquecida, essa \u00faltima afetada pela queda no consumo das fam\u00edlias. Por isso, a produ\u00e7\u00e3o e o emprego industriais seguem em trajet\u00f3ria de queda.<\/p>\n<blockquote><p>\u201cA gente sempre percebia um aumento da produ\u00e7\u00e3o em mar\u00e7o. Costuma ser um m\u00eas mais forte na compara\u00e7\u00e3o com os mais fracos de janeiro e fevereiro. Mas, apesar da sazonalidade favor\u00e1vel, a produ\u00e7\u00e3o no m\u00eas em 2015 mostrou queda\u201d, destacou Azevedo. Ele ressaltou que, de 2010 a 2013, foi registrada eleva\u00e7\u00e3o da produ\u00e7\u00e3o em mar\u00e7o. Em 2014, como neste ano, houve recuo.<\/p><\/blockquote>\n<p>Com o cen\u00e1rio desfavor\u00e1vel, as expectativas dos empres\u00e1rios est\u00e3o majoritariamente negativas. A inten\u00e7\u00e3o de investimento est\u00e1 em 46,7 pontos. A estimativa de demanda est\u00e1 em 47,9 pontos. A inten\u00e7\u00e3o de compra de mat\u00e9rias-primas, ficou em 45,8 pontos, e a expectativa de aumento do n\u00famero de empregados, em 42,6 pontos. Segundo a metodologia usada pela CNI, a pontua\u00e7\u00e3o abaixo de 50 indica expectativa em queda. Os industriais s\u00f3 est\u00e3o otimistas com as exporta\u00e7\u00f5es. Nesse quesito, as expectativas dos empres\u00e1rios ficaram em 51,7 pontos. De acordo com Marcelo Azevedo, o otimismo pontual acontece em fun\u00e7\u00e3o do d\u00f3lar valorizado, que torna as exporta\u00e7\u00f5es brasileiras mais baratas e competitivas no exterior.<\/p>\n<p>Para ele, as medidas de ajuste fiscal propostas pelo governo far\u00e3o com que a ind\u00fastria tenha um momento dif\u00edcil de transi\u00e7\u00e3o. &#8220;Mas, com a casa arrumada, as incertezas v\u00e3o se dissipar e deve haver retomada do investimento.&#8221; A Sondagem Industrial foi feita entre 1\u00ba a 15 de abril, com 2.307 empresas. Dessas, 928 s\u00e3o pequenas, 835 m\u00e9dias e 544 grandes.<\/p>\n<p><strong>Mariana Branco, ABr <\/strong><\/p>\n","protected":false},"excerpt":{"rendered":"<p>A demanda interna insuficiente foi apontada pelos empres\u00e1rios como o principal problema da ind\u00fastria no primeiro trimestre de 2015. De acordo com a pesquisa Sondagem Industrial, divulgada hoje (29) pela Confedera\u00e7\u00e3o Nacional da Ind\u00fastria (CNI), a quest\u00e3o teve 39,1% de men\u00e7\u00f5es dos industriais questionados, liderando o ranking de itens problem\u00e1ticos. Em segundo lugar ficou a [&hellip;]<\/p>\n","protected":false},"author":2,"featured_media":45977,"comment_status":"open","ping_status":"closed","sticky":false,"template":"","format":"standard","meta":{"_acf_changed":false,"footnotes":""},"categories":[16],"tags":[],"class_list":["post-45967","post","type-post","status-publish","format-standard","has-post-thumbnail","hentry","category-brasil"],"acf":[],"yoast_head":"<!-- This site is optimized with the Yoast SEO plugin v27.5 - https:\/\/yoast.com\/product\/yoast-seo-wordpress\/ -->\n<title>Brasileiro para de comprar e joga a ind\u00fastria no buraco - Notibras<\/title>\n<meta name=\"robots\" content=\"index, follow, max-snippet:-1, max-image-preview:large, max-video-preview:-1\" \/>\n<link rel=\"canonical\" href=\"https:\/\/www.notibras.com\/site\/brasileiro-para-de-comprar-e-empurra-industria-para-fundo-do-poco\/\" \/>\n<meta property=\"og:locale\" content=\"pt_BR\" \/>\n<meta property=\"og:type\" content=\"article\" \/>\n<meta property=\"og:title\" content=\"Brasileiro para de comprar e joga a ind\u00fastria no buraco - Notibras\" \/>\n<meta property=\"og:description\" content=\"A demanda interna insuficiente foi apontada pelos empres\u00e1rios como o principal problema da ind\u00fastria no primeiro trimestre de 2015. De acordo com a pesquisa Sondagem Industrial, divulgada hoje (29) pela Confedera\u00e7\u00e3o Nacional da Ind\u00fastria (CNI), a quest\u00e3o teve 39,1% de men\u00e7\u00f5es dos industriais questionados, liderando o ranking de itens problem\u00e1ticos. Em segundo lugar ficou a [&hellip;]\" \/>\n<meta property=\"og:url\" content=\"https:\/\/www.notibras.com\/site\/brasileiro-para-de-comprar-e-empurra-industria-para-fundo-do-poco\/\" \/>\n<meta property=\"og:site_name\" content=\"Notibras\" \/>\n<meta property=\"article:publisher\" content=\"https:\/\/www.facebook.com\/notibras\/\" \/>\n<meta property=\"article:published_time\" content=\"2015-04-29T17:10:45+00:00\" \/>\n<meta property=\"article:modified_time\" content=\"2015-04-29T21:04:11+00:00\" \/>\n<meta property=\"og:image\" content=\"https:\/\/www.notibras.com\/site\/wp-content\/uploads\/2015\/04\/fabrica29.jpg\" \/>\n\t<meta property=\"og:image:width\" content=\"580\" \/>\n\t<meta property=\"og:image:height\" content=\"388\" \/>\n\t<meta property=\"og:image:type\" content=\"image\/jpeg\" \/>\n<meta name=\"author\" content=\"Reda\u00e7\u00e3o\" \/>\n<meta name=\"twitter:card\" content=\"summary_large_image\" \/>\n<meta name=\"twitter:creator\" content=\"@Notibras\" \/>\n<meta name=\"twitter:site\" content=\"@Notibras\" \/>\n<meta name=\"twitter:label1\" content=\"Escrito por\" \/>\n\t<meta name=\"twitter:data1\" content=\"Reda\u00e7\u00e3o\" \/>\n\t<meta name=\"twitter:label2\" content=\"Est. tempo de leitura\" \/>\n\t<meta name=\"twitter:data2\" content=\"2 minutos\" \/>\n<script type=\"application\/ld+json\" class=\"yoast-schema-graph\">{\"@context\":\"https:\\\/\\\/schema.org\",\"@graph\":[{\"@type\":\"Article\",\"@id\":\"https:\\\/\\\/www.notibras.com\\\/site\\\/brasileiro-para-de-comprar-e-empurra-industria-para-fundo-do-poco\\\/#article\",\"isPartOf\":{\"@id\":\"https:\\\/\\\/www.notibras.com\\\/site\\\/brasileiro-para-de-comprar-e-empurra-industria-para-fundo-do-poco\\\/\"},\"author\":{\"name\":\"Reda\u00e7\u00e3o\",\"@id\":\"https:\\\/\\\/www.notibras.com\\\/site\\\/#\\\/schema\\\/person\\\/36ab0979449956132d3e5b517ea76ac8\"},\"headline\":\"Brasileiro para de comprar e joga a ind\u00fastria no buraco\",\"datePublished\":\"2015-04-29T17:10:45+00:00\",\"dateModified\":\"2015-04-29T21:04:11+00:00\",\"mainEntityOfPage\":{\"@id\":\"https:\\\/\\\/www.notibras.com\\\/site\\\/brasileiro-para-de-comprar-e-empurra-industria-para-fundo-do-poco\\\/\"},\"wordCount\":421,\"commentCount\":0,\"publisher\":{\"@id\":\"https:\\\/\\\/www.notibras.com\\\/site\\\/#organization\"},\"image\":{\"@id\":\"https:\\\/\\\/www.notibras.com\\\/site\\\/brasileiro-para-de-comprar-e-empurra-industria-para-fundo-do-poco\\\/#primaryimage\"},\"thumbnailUrl\":\"https:\\\/\\\/www.notibras.com\\\/site\\\/wp-content\\\/uploads\\\/2015\\\/04\\\/fabrica29.jpg\",\"articleSection\":[\"Brasil\"],\"inLanguage\":\"pt-BR\",\"potentialAction\":[{\"@type\":\"CommentAction\",\"name\":\"Comment\",\"target\":[\"https:\\\/\\\/www.notibras.com\\\/site\\\/brasileiro-para-de-comprar-e-empurra-industria-para-fundo-do-poco\\\/#respond\"]}]},{\"@type\":\"WebPage\",\"@id\":\"https:\\\/\\\/www.notibras.com\\\/site\\\/brasileiro-para-de-comprar-e-empurra-industria-para-fundo-do-poco\\\/\",\"url\":\"https:\\\/\\\/www.notibras.com\\\/site\\\/brasileiro-para-de-comprar-e-empurra-industria-para-fundo-do-poco\\\/\",\"name\":\"Brasileiro para de comprar e joga a ind\u00fastria no buraco - Notibras\",\"isPartOf\":{\"@id\":\"https:\\\/\\\/www.notibras.com\\\/site\\\/#website\"},\"primaryImageOfPage\":{\"@id\":\"https:\\\/\\\/www.notibras.com\\\/site\\\/brasileiro-para-de-comprar-e-empurra-industria-para-fundo-do-poco\\\/#primaryimage\"},\"image\":{\"@id\":\"https:\\\/\\\/www.notibras.com\\\/site\\\/brasileiro-para-de-comprar-e-empurra-industria-para-fundo-do-poco\\\/#primaryimage\"},\"thumbnailUrl\":\"https:\\\/\\\/www.notibras.com\\\/site\\\/wp-content\\\/uploads\\\/2015\\\/04\\\/fabrica29.jpg\",\"datePublished\":\"2015-04-29T17:10:45+00:00\",\"dateModified\":\"2015-04-29T21:04:11+00:00\",\"breadcrumb\":{\"@id\":\"https:\\\/\\\/www.notibras.com\\\/site\\\/brasileiro-para-de-comprar-e-empurra-industria-para-fundo-do-poco\\\/#breadcrumb\"},\"inLanguage\":\"pt-BR\",\"potentialAction\":[{\"@type\":\"ReadAction\",\"target\":[\"https:\\\/\\\/www.notibras.com\\\/site\\\/brasileiro-para-de-comprar-e-empurra-industria-para-fundo-do-poco\\\/\"]}]},{\"@type\":\"ImageObject\",\"inLanguage\":\"pt-BR\",\"@id\":\"https:\\\/\\\/www.notibras.com\\\/site\\\/brasileiro-para-de-comprar-e-empurra-industria-para-fundo-do-poco\\\/#primaryimage\",\"url\":\"https:\\\/\\\/www.notibras.com\\\/site\\\/wp-content\\\/uploads\\\/2015\\\/04\\\/fabrica29.jpg\",\"contentUrl\":\"https:\\\/\\\/www.notibras.com\\\/site\\\/wp-content\\\/uploads\\\/2015\\\/04\\\/fabrica29.jpg\",\"width\":580,\"height\":388},{\"@type\":\"BreadcrumbList\",\"@id\":\"https:\\\/\\\/www.notibras.com\\\/site\\\/brasileiro-para-de-comprar-e-empurra-industria-para-fundo-do-poco\\\/#breadcrumb\",\"itemListElement\":[{\"@type\":\"ListItem\",\"position\":1,\"name\":\"In\u00edcio\",\"item\":\"https:\\\/\\\/www.notibras.com\\\/site\\\/\"},{\"@type\":\"ListItem\",\"position\":2,\"name\":\"Brasileiro para de comprar e joga a ind\u00fastria no buraco\"}]},{\"@type\":\"WebSite\",\"@id\":\"https:\\\/\\\/www.notibras.com\\\/site\\\/#website\",\"url\":\"https:\\\/\\\/www.notibras.com\\\/site\\\/\",\"name\":\"Notibras\",\"description\":\"Not\u00edcias de Bras\u00edlia, do Brasil e do Mundo\",\"publisher\":{\"@id\":\"https:\\\/\\\/www.notibras.com\\\/site\\\/#organization\"},\"potentialAction\":[{\"@type\":\"SearchAction\",\"target\":{\"@type\":\"EntryPoint\",\"urlTemplate\":\"https:\\\/\\\/www.notibras.com\\\/site\\\/?s={search_term_string}\"},\"query-input\":{\"@type\":\"PropertyValueSpecification\",\"valueRequired\":true,\"valueName\":\"search_term_string\"}}],\"inLanguage\":\"pt-BR\"},{\"@type\":\"Organization\",\"@id\":\"https:\\\/\\\/www.notibras.com\\\/site\\\/#organization\",\"name\":\"Grupo Notibras de Comunica\u00e7\u00e3o\",\"url\":\"https:\\\/\\\/www.notibras.com\\\/site\\\/\",\"logo\":{\"@type\":\"ImageObject\",\"inLanguage\":\"pt-BR\",\"@id\":\"https:\\\/\\\/www.notibras.com\\\/site\\\/#\\\/schema\\\/logo\\\/image\\\/\",\"url\":\"https:\\\/\\\/www.notibras.com\\\/site\\\/wp-content\\\/uploads\\\/2023\\\/01\\\/notibras23.png\",\"contentUrl\":\"https:\\\/\\\/www.notibras.com\\\/site\\\/wp-content\\\/uploads\\\/2023\\\/01\\\/notibras23.png\",\"width\":350,\"height\":87,\"caption\":\"Grupo Notibras de Comunica\u00e7\u00e3o\"},\"image\":{\"@id\":\"https:\\\/\\\/www.notibras.com\\\/site\\\/#\\\/schema\\\/logo\\\/image\\\/\"},\"sameAs\":[\"https:\\\/\\\/www.facebook.com\\\/notibras\\\/\",\"https:\\\/\\\/x.com\\\/Notibras\",\"https:\\\/\\\/www.instagram.com\\\/notibras\\\/\"]},{\"@type\":\"Person\",\"@id\":\"https:\\\/\\\/www.notibras.com\\\/site\\\/#\\\/schema\\\/person\\\/36ab0979449956132d3e5b517ea76ac8\",\"name\":\"Reda\u00e7\u00e3o\",\"image\":{\"@type\":\"ImageObject\",\"inLanguage\":\"pt-BR\",\"@id\":\"https:\\\/\\\/secure.gravatar.com\\\/avatar\\\/e0a867bdedb85fd243eadf09663511f96fc81e0720a4a42581f334ad4303aa6b?s=96&d=mm&r=g\",\"url\":\"https:\\\/\\\/secure.gravatar.com\\\/avatar\\\/e0a867bdedb85fd243eadf09663511f96fc81e0720a4a42581f334ad4303aa6b?s=96&d=mm&r=g\",\"contentUrl\":\"https:\\\/\\\/secure.gravatar.com\\\/avatar\\\/e0a867bdedb85fd243eadf09663511f96fc81e0720a4a42581f334ad4303aa6b?s=96&d=mm&r=g\",\"caption\":\"Reda\u00e7\u00e3o\"}}]}<\/script>\n<!-- \/ Yoast SEO plugin. -->","yoast_head_json":{"title":"Brasileiro para de comprar e joga a ind\u00fastria no buraco - Notibras","robots":{"index":"index","follow":"follow","max-snippet":"max-snippet:-1","max-image-preview":"max-image-preview:large","max-video-preview":"max-video-preview:-1"},"canonical":"https:\/\/www.notibras.com\/site\/brasileiro-para-de-comprar-e-empurra-industria-para-fundo-do-poco\/","og_locale":"pt_BR","og_type":"article","og_title":"Brasileiro para de comprar e joga a ind\u00fastria no buraco - Notibras","og_description":"A demanda interna insuficiente foi apontada pelos empres\u00e1rios como o principal problema da ind\u00fastria no primeiro trimestre de 2015. De acordo com a pesquisa Sondagem Industrial, divulgada hoje (29) pela Confedera\u00e7\u00e3o Nacional da Ind\u00fastria (CNI), a quest\u00e3o teve 39,1% de men\u00e7\u00f5es dos industriais questionados, liderando o ranking de itens problem\u00e1ticos. Em segundo lugar ficou a [&hellip;]","og_url":"https:\/\/www.notibras.com\/site\/brasileiro-para-de-comprar-e-empurra-industria-para-fundo-do-poco\/","og_site_name":"Notibras","article_publisher":"https:\/\/www.facebook.com\/notibras\/","article_published_time":"2015-04-29T17:10:45+00:00","article_modified_time":"2015-04-29T21:04:11+00:00","og_image":[{"width":580,"height":388,"url":"https:\/\/www.notibras.com\/site\/wp-content\/uploads\/2015\/04\/fabrica29.jpg","type":"image\/jpeg"}],"author":"Reda\u00e7\u00e3o","twitter_card":"summary_large_image","twitter_creator":"@Notibras","twitter_site":"@Notibras","twitter_misc":{"Escrito por":"Reda\u00e7\u00e3o","Est. tempo de leitura":"2 minutos"},"schema":{"@context":"https:\/\/schema.org","@graph":[{"@type":"Article","@id":"https:\/\/www.notibras.com\/site\/brasileiro-para-de-comprar-e-empurra-industria-para-fundo-do-poco\/#article","isPartOf":{"@id":"https:\/\/www.notibras.com\/site\/brasileiro-para-de-comprar-e-empurra-industria-para-fundo-do-poco\/"},"author":{"name":"Reda\u00e7\u00e3o","@id":"https:\/\/www.notibras.com\/site\/#\/schema\/person\/36ab0979449956132d3e5b517ea76ac8"},"headline":"Brasileiro para de comprar e joga a ind\u00fastria no buraco","datePublished":"2015-04-29T17:10:45+00:00","dateModified":"2015-04-29T21:04:11+00:00","mainEntityOfPage":{"@id":"https:\/\/www.notibras.com\/site\/brasileiro-para-de-comprar-e-empurra-industria-para-fundo-do-poco\/"},"wordCount":421,"commentCount":0,"publisher":{"@id":"https:\/\/www.notibras.com\/site\/#organization"},"image":{"@id":"https:\/\/www.notibras.com\/site\/brasileiro-para-de-comprar-e-empurra-industria-para-fundo-do-poco\/#primaryimage"},"thumbnailUrl":"https:\/\/www.notibras.com\/site\/wp-content\/uploads\/2015\/04\/fabrica29.jpg","articleSection":["Brasil"],"inLanguage":"pt-BR","potentialAction":[{"@type":"CommentAction","name":"Comment","target":["https:\/\/www.notibras.com\/site\/brasileiro-para-de-comprar-e-empurra-industria-para-fundo-do-poco\/#respond"]}]},{"@type":"WebPage","@id":"https:\/\/www.notibras.com\/site\/brasileiro-para-de-comprar-e-empurra-industria-para-fundo-do-poco\/","url":"https:\/\/www.notibras.com\/site\/brasileiro-para-de-comprar-e-empurra-industria-para-fundo-do-poco\/","name":"Brasileiro para de comprar e joga a ind\u00fastria no buraco - Notibras","isPartOf":{"@id":"https:\/\/www.notibras.com\/site\/#website"},"primaryImageOfPage":{"@id":"https:\/\/www.notibras.com\/site\/brasileiro-para-de-comprar-e-empurra-industria-para-fundo-do-poco\/#primaryimage"},"image":{"@id":"https:\/\/www.notibras.com\/site\/brasileiro-para-de-comprar-e-empurra-industria-para-fundo-do-poco\/#primaryimage"},"thumbnailUrl":"https:\/\/www.notibras.com\/site\/wp-content\/uploads\/2015\/04\/fabrica29.jpg","datePublished":"2015-04-29T17:10:45+00:00","dateModified":"2015-04-29T21:04:11+00:00","breadcrumb":{"@id":"https:\/\/www.notibras.com\/site\/brasileiro-para-de-comprar-e-empurra-industria-para-fundo-do-poco\/#breadcrumb"},"inLanguage":"pt-BR","potentialAction":[{"@type":"ReadAction","target":["https:\/\/www.notibras.com\/site\/brasileiro-para-de-comprar-e-empurra-industria-para-fundo-do-poco\/"]}]},{"@type":"ImageObject","inLanguage":"pt-BR","@id":"https:\/\/www.notibras.com\/site\/brasileiro-para-de-comprar-e-empurra-industria-para-fundo-do-poco\/#primaryimage","url":"https:\/\/www.notibras.com\/site\/wp-content\/uploads\/2015\/04\/fabrica29.jpg","contentUrl":"https:\/\/www.notibras.com\/site\/wp-content\/uploads\/2015\/04\/fabrica29.jpg","width":580,"height":388},{"@type":"BreadcrumbList","@id":"https:\/\/www.notibras.com\/site\/brasileiro-para-de-comprar-e-empurra-industria-para-fundo-do-poco\/#breadcrumb","itemListElement":[{"@type":"ListItem","position":1,"name":"In\u00edcio","item":"https:\/\/www.notibras.com\/site\/"},{"@type":"ListItem","position":2,"name":"Brasileiro para de comprar e joga a ind\u00fastria no buraco"}]},{"@type":"WebSite","@id":"https:\/\/www.notibras.com\/site\/#website","url":"https:\/\/www.notibras.com\/site\/","name":"Notibras","description":"Not\u00edcias de Bras\u00edlia, do Brasil e do Mundo","publisher":{"@id":"https:\/\/www.notibras.com\/site\/#organization"},"potentialAction":[{"@type":"SearchAction","target":{"@type":"EntryPoint","urlTemplate":"https:\/\/www.notibras.com\/site\/?s={search_term_string}"},"query-input":{"@type":"PropertyValueSpecification","valueRequired":true,"valueName":"search_term_string"}}],"inLanguage":"pt-BR"},{"@type":"Organization","@id":"https:\/\/www.notibras.com\/site\/#organization","name":"Grupo Notibras de Comunica\u00e7\u00e3o","url":"https:\/\/www.notibras.com\/site\/","logo":{"@type":"ImageObject","inLanguage":"pt-BR","@id":"https:\/\/www.notibras.com\/site\/#\/schema\/logo\/image\/","url":"https:\/\/www.notibras.com\/site\/wp-content\/uploads\/2023\/01\/notibras23.png","contentUrl":"https:\/\/www.notibras.com\/site\/wp-content\/uploads\/2023\/01\/notibras23.png","width":350,"height":87,"caption":"Grupo Notibras de Comunica\u00e7\u00e3o"},"image":{"@id":"https:\/\/www.notibras.com\/site\/#\/schema\/logo\/image\/"},"sameAs":["https:\/\/www.facebook.com\/notibras\/","https:\/\/x.com\/Notibras","https:\/\/www.instagram.com\/notibras\/"]},{"@type":"Person","@id":"https:\/\/www.notibras.com\/site\/#\/schema\/person\/36ab0979449956132d3e5b517ea76ac8","name":"Reda\u00e7\u00e3o","image":{"@type":"ImageObject","inLanguage":"pt-BR","@id":"https:\/\/secure.gravatar.com\/avatar\/e0a867bdedb85fd243eadf09663511f96fc81e0720a4a42581f334ad4303aa6b?s=96&d=mm&r=g","url":"https:\/\/secure.gravatar.com\/avatar\/e0a867bdedb85fd243eadf09663511f96fc81e0720a4a42581f334ad4303aa6b?s=96&d=mm&r=g","contentUrl":"https:\/\/secure.gravatar.com\/avatar\/e0a867bdedb85fd243eadf09663511f96fc81e0720a4a42581f334ad4303aa6b?s=96&d=mm&r=g","caption":"Reda\u00e7\u00e3o"}}]}},"amp_enabled":true,"_links":{"self":[{"href":"https:\/\/www.notibras.com\/site\/wp-json\/wp\/v2\/posts\/45967","targetHints":{"allow":["GET"]}}],"collection":[{"href":"https:\/\/www.notibras.com\/site\/wp-json\/wp\/v2\/posts"}],"about":[{"href":"https:\/\/www.notibras.com\/site\/wp-json\/wp\/v2\/types\/post"}],"author":[{"embeddable":true,"href":"https:\/\/www.notibras.com\/site\/wp-json\/wp\/v2\/users\/2"}],"replies":[{"embeddable":true,"href":"https:\/\/www.notibras.com\/site\/wp-json\/wp\/v2\/comments?post=45967"}],"version-history":[{"count":0,"href":"https:\/\/www.notibras.com\/site\/wp-json\/wp\/v2\/posts\/45967\/revisions"}],"wp:featuredmedia":[{"embeddable":true,"href":"https:\/\/www.notibras.com\/site\/wp-json\/wp\/v2\/media\/45977"}],"wp:attachment":[{"href":"https:\/\/www.notibras.com\/site\/wp-json\/wp\/v2\/media?parent=45967"}],"wp:term":[{"taxonomy":"category","embeddable":true,"href":"https:\/\/www.notibras.com\/site\/wp-json\/wp\/v2\/categories?post=45967"},{"taxonomy":"post_tag","embeddable":true,"href":"https:\/\/www.notibras.com\/site\/wp-json\/wp\/v2\/tags?post=45967"}],"curies":[{"name":"wp","href":"https:\/\/api.w.org\/{rel}","templated":true}]}}