{"id":46027,"date":"2015-04-30T00:00:18","date_gmt":"2015-04-30T03:00:18","guid":{"rendered":"http:\/\/www.notibras.com\/site\/?p=46027"},"modified":"2015-04-30T13:19:11","modified_gmt":"2015-04-30T16:19:11","slug":"psb-engole-pps-para-servir-de-fiel-da-balanca-na-politica","status":"publish","type":"post","link":"https:\/\/www.notibras.com\/site\/psb-engole-pps-para-servir-de-fiel-da-balanca-na-politica\/","title":{"rendered":"PSB engole PPS para servir de fiel da balan\u00e7a no Congresso"},"content":{"rendered":"<div class=\"content\">\n<p>Dirigentes do PSB e do PPS anunciaram 29 o in\u00edcio da fus\u00e3o das duas legendas e informaram que o processo ser\u00e1 consolidado, no m\u00e1ximo, em 60 dias. Em entrevista \u00e0 imprensa, os presidentes do PSB, Carlos Siqueira, e do PPS, deputado Roberto Freire (SP), acompanhados de lideran\u00e7as nacionais e de parlamentares, garantiram que a nova legenda n\u00e3o ser\u00e1 aliada do governo, mas atuar\u00e1 como uma nova alternativa na pol\u00edtica nacional.<\/p>\n<p>Segundo Roberto Freire, as duas legendas come\u00e7aram a discutir o processo de fus\u00e3o na pr\u00e9-campanha de Eduardo Campos \u00e0 Presid\u00eancia da Rep\u00fablica.\u00a0\u201cTemos muito em comum com o PSB, estivemos juntos em muitas lutas, mas esta n\u00e3o \u00e9 uma homenagem ao passado, mas sim ao futuro, pois o Brasil atravessa uma crise grave e busca alternativas; queremos construir o novo\u201d, disse.<\/p>\n<p>Carlos Siqueira informou que a nova agremia\u00e7\u00e3o manter\u00e1 a sigla PSB, com o n\u00famero 40, disputar\u00e1 as prefeituras de todas as capitais e de quase todos os munic\u00edpios, no ano que vem. \u201cTalvez os grandes partidos n\u00e3o tenham tantos bons nomes para lan\u00e7ar candidatos como n\u00f3s temos\u201d.\u00a0 Siqueira disse ainda que aguarda a filia\u00e7\u00e3o da senadora Marta Suplicy e anunciou que ela dever\u00e1 ser a candidata do partido na disputa da prefeitura de S\u00e3o Paulo.<\/p>\n<blockquote><p>Dentro da Executiva Nacional do PSB houve um voto contra a fus\u00e3o. No PPS todos votaram a favor da medida, de acordo com Siqueira. Segundo ele, a inten\u00e7\u00e3o das duas legendas \u00e9 n\u00e3o tardar com os procedimentos da fus\u00e3o, por exemplo, a realiza\u00e7\u00e3o de congressos dos partidos para aprovar a medida e solucionar quest\u00f5es burocr\u00e1ticas.<\/p><\/blockquote>\n<p>A nova legenda nascer\u00e1 com 45 deputados federais; oito senadores, contando com a entrada da ex-prefeita de S\u00e3o Paulo Marta Suplicy; tr\u00eas governadores; 92 deputados estaduais; 588 prefeitos, sendo quatro de capitais; 5.832 vereadores; e 792 mil filiados.<\/p>\n<p>Roberto Freire disse que o fato de n\u00e3o haver nenhuma reforma pol\u00edtica implantada e a prem\u00eancia do prazo para a defini\u00e7\u00e3o de partidos e candidatos \u00e0s elei\u00e7\u00f5es municipais do ano que vem apressou o in\u00edcio do processo de fus\u00e3o. \u201cTemos uma hist\u00f3ria de lutas em comum, pela democracia, pela anistia, para corrigir rumos do Brasil e tamb\u00e9m uma perspectiva que precisa ser constru\u00edda para um pa\u00eds que est\u00e1 pedindo um novo rumo\u201d, ressaltou.<\/p>\n<header>\n<div class=\"node-info\"><strong>Iolando Louren\u00e7o, ABr<\/strong><strong><br \/>\n<\/strong><\/div>\n<\/header>\n<\/div>\n","protected":false},"excerpt":{"rendered":"<p>Dirigentes do PSB e do PPS anunciaram 29 o in\u00edcio da fus\u00e3o das duas legendas e informaram que o processo ser\u00e1 consolidado, no m\u00e1ximo, em 60 dias. Em entrevista \u00e0 imprensa, os presidentes do PSB, Carlos Siqueira, e do PPS, deputado Roberto Freire (SP), acompanhados de lideran\u00e7as nacionais e de parlamentares, garantiram que a nova [&hellip;]<\/p>\n","protected":false},"author":2,"featured_media":46028,"comment_status":"open","ping_status":"closed","sticky":false,"template":"","format":"standard","meta":{"_acf_changed":false,"footnotes":""},"categories":[16],"tags":[],"class_list":["post-46027","post","type-post","status-publish","format-standard","has-post-thumbnail","hentry","category-brasil"],"acf":[],"yoast_head":"<!-- This site is optimized with the Yoast SEO plugin v27.5 - https:\/\/yoast.com\/product\/yoast-seo-wordpress\/ -->\n<title>PSB engole PPS para servir de fiel da balan\u00e7a no Congresso - Notibras<\/title>\n<meta name=\"robots\" content=\"index, follow, max-snippet:-1, max-image-preview:large, max-video-preview:-1\" \/>\n<link rel=\"canonical\" href=\"https:\/\/www.notibras.com\/site\/psb-engole-pps-para-servir-de-fiel-da-balanca-na-politica\/\" \/>\n<meta property=\"og:locale\" content=\"pt_BR\" \/>\n<meta property=\"og:type\" content=\"article\" \/>\n<meta property=\"og:title\" content=\"PSB engole PPS para servir de fiel da balan\u00e7a no Congresso - Notibras\" \/>\n<meta property=\"og:description\" content=\"Dirigentes do PSB e do PPS anunciaram 29 o in\u00edcio da fus\u00e3o das duas legendas e informaram que o processo ser\u00e1 consolidado, no m\u00e1ximo, em 60 dias. Em entrevista \u00e0 imprensa, os presidentes do PSB, Carlos Siqueira, e do PPS, deputado Roberto Freire (SP), acompanhados de lideran\u00e7as nacionais e de parlamentares, garantiram que a nova [&hellip;]\" \/>\n<meta property=\"og:url\" content=\"https:\/\/www.notibras.com\/site\/psb-engole-pps-para-servir-de-fiel-da-balanca-na-politica\/\" \/>\n<meta property=\"og:site_name\" content=\"Notibras\" \/>\n<meta property=\"article:publisher\" content=\"https:\/\/www.facebook.com\/notibras\/\" \/>\n<meta property=\"article:published_time\" content=\"2015-04-30T03:00:18+00:00\" \/>\n<meta property=\"article:modified_time\" content=\"2015-04-30T16:19:11+00:00\" \/>\n<meta property=\"og:image\" content=\"https:\/\/www.notibras.com\/site\/wp-content\/uploads\/2015\/04\/carlos_siqueira_-_psb.jpg\" \/>\n\t<meta property=\"og:image:width\" content=\"620\" \/>\n\t<meta property=\"og:image:height\" content=\"346\" \/>\n\t<meta property=\"og:image:type\" content=\"image\/jpeg\" \/>\n<meta name=\"author\" content=\"Reda\u00e7\u00e3o\" \/>\n<meta name=\"twitter:card\" content=\"summary_large_image\" \/>\n<meta name=\"twitter:creator\" content=\"@Notibras\" \/>\n<meta name=\"twitter:site\" content=\"@Notibras\" \/>\n<meta name=\"twitter:label1\" content=\"Escrito por\" \/>\n\t<meta name=\"twitter:data1\" content=\"Reda\u00e7\u00e3o\" \/>\n\t<meta name=\"twitter:label2\" content=\"Est. tempo de leitura\" \/>\n\t<meta name=\"twitter:data2\" content=\"2 minutos\" \/>\n<script type=\"application\/ld+json\" class=\"yoast-schema-graph\">{\"@context\":\"https:\\\/\\\/schema.org\",\"@graph\":[{\"@type\":\"Article\",\"@id\":\"https:\\\/\\\/www.notibras.com\\\/site\\\/psb-engole-pps-para-servir-de-fiel-da-balanca-na-politica\\\/#article\",\"isPartOf\":{\"@id\":\"https:\\\/\\\/www.notibras.com\\\/site\\\/psb-engole-pps-para-servir-de-fiel-da-balanca-na-politica\\\/\"},\"author\":{\"name\":\"Reda\u00e7\u00e3o\",\"@id\":\"https:\\\/\\\/www.notibras.com\\\/site\\\/#\\\/schema\\\/person\\\/36ab0979449956132d3e5b517ea76ac8\"},\"headline\":\"PSB engole PPS para servir de fiel da balan\u00e7a no Congresso\",\"datePublished\":\"2015-04-30T03:00:18+00:00\",\"dateModified\":\"2015-04-30T16:19:11+00:00\",\"mainEntityOfPage\":{\"@id\":\"https:\\\/\\\/www.notibras.com\\\/site\\\/psb-engole-pps-para-servir-de-fiel-da-balanca-na-politica\\\/\"},\"wordCount\":416,\"commentCount\":0,\"publisher\":{\"@id\":\"https:\\\/\\\/www.notibras.com\\\/site\\\/#organization\"},\"image\":{\"@id\":\"https:\\\/\\\/www.notibras.com\\\/site\\\/psb-engole-pps-para-servir-de-fiel-da-balanca-na-politica\\\/#primaryimage\"},\"thumbnailUrl\":\"https:\\\/\\\/www.notibras.com\\\/site\\\/wp-content\\\/uploads\\\/2015\\\/04\\\/carlos_siqueira_-_psb.jpg\",\"articleSection\":[\"Brasil\"],\"inLanguage\":\"pt-BR\",\"potentialAction\":[{\"@type\":\"CommentAction\",\"name\":\"Comment\",\"target\":[\"https:\\\/\\\/www.notibras.com\\\/site\\\/psb-engole-pps-para-servir-de-fiel-da-balanca-na-politica\\\/#respond\"]}]},{\"@type\":\"WebPage\",\"@id\":\"https:\\\/\\\/www.notibras.com\\\/site\\\/psb-engole-pps-para-servir-de-fiel-da-balanca-na-politica\\\/\",\"url\":\"https:\\\/\\\/www.notibras.com\\\/site\\\/psb-engole-pps-para-servir-de-fiel-da-balanca-na-politica\\\/\",\"name\":\"PSB engole PPS para servir de fiel da balan\u00e7a no Congresso - Notibras\",\"isPartOf\":{\"@id\":\"https:\\\/\\\/www.notibras.com\\\/site\\\/#website\"},\"primaryImageOfPage\":{\"@id\":\"https:\\\/\\\/www.notibras.com\\\/site\\\/psb-engole-pps-para-servir-de-fiel-da-balanca-na-politica\\\/#primaryimage\"},\"image\":{\"@id\":\"https:\\\/\\\/www.notibras.com\\\/site\\\/psb-engole-pps-para-servir-de-fiel-da-balanca-na-politica\\\/#primaryimage\"},\"thumbnailUrl\":\"https:\\\/\\\/www.notibras.com\\\/site\\\/wp-content\\\/uploads\\\/2015\\\/04\\\/carlos_siqueira_-_psb.jpg\",\"datePublished\":\"2015-04-30T03:00:18+00:00\",\"dateModified\":\"2015-04-30T16:19:11+00:00\",\"breadcrumb\":{\"@id\":\"https:\\\/\\\/www.notibras.com\\\/site\\\/psb-engole-pps-para-servir-de-fiel-da-balanca-na-politica\\\/#breadcrumb\"},\"inLanguage\":\"pt-BR\",\"potentialAction\":[{\"@type\":\"ReadAction\",\"target\":[\"https:\\\/\\\/www.notibras.com\\\/site\\\/psb-engole-pps-para-servir-de-fiel-da-balanca-na-politica\\\/\"]}]},{\"@type\":\"ImageObject\",\"inLanguage\":\"pt-BR\",\"@id\":\"https:\\\/\\\/www.notibras.com\\\/site\\\/psb-engole-pps-para-servir-de-fiel-da-balanca-na-politica\\\/#primaryimage\",\"url\":\"https:\\\/\\\/www.notibras.com\\\/site\\\/wp-content\\\/uploads\\\/2015\\\/04\\\/carlos_siqueira_-_psb.jpg\",\"contentUrl\":\"https:\\\/\\\/www.notibras.com\\\/site\\\/wp-content\\\/uploads\\\/2015\\\/04\\\/carlos_siqueira_-_psb.jpg\",\"width\":620,\"height\":346},{\"@type\":\"BreadcrumbList\",\"@id\":\"https:\\\/\\\/www.notibras.com\\\/site\\\/psb-engole-pps-para-servir-de-fiel-da-balanca-na-politica\\\/#breadcrumb\",\"itemListElement\":[{\"@type\":\"ListItem\",\"position\":1,\"name\":\"In\u00edcio\",\"item\":\"https:\\\/\\\/www.notibras.com\\\/site\\\/\"},{\"@type\":\"ListItem\",\"position\":2,\"name\":\"PSB engole PPS para servir de fiel da balan\u00e7a no Congresso\"}]},{\"@type\":\"WebSite\",\"@id\":\"https:\\\/\\\/www.notibras.com\\\/site\\\/#website\",\"url\":\"https:\\\/\\\/www.notibras.com\\\/site\\\/\",\"name\":\"Notibras\",\"description\":\"Not\u00edcias de Bras\u00edlia, do Brasil e do Mundo\",\"publisher\":{\"@id\":\"https:\\\/\\\/www.notibras.com\\\/site\\\/#organization\"},\"potentialAction\":[{\"@type\":\"SearchAction\",\"target\":{\"@type\":\"EntryPoint\",\"urlTemplate\":\"https:\\\/\\\/www.notibras.com\\\/site\\\/?s={search_term_string}\"},\"query-input\":{\"@type\":\"PropertyValueSpecification\",\"valueRequired\":true,\"valueName\":\"search_term_string\"}}],\"inLanguage\":\"pt-BR\"},{\"@type\":\"Organization\",\"@id\":\"https:\\\/\\\/www.notibras.com\\\/site\\\/#organization\",\"name\":\"Grupo Notibras de Comunica\u00e7\u00e3o\",\"url\":\"https:\\\/\\\/www.notibras.com\\\/site\\\/\",\"logo\":{\"@type\":\"ImageObject\",\"inLanguage\":\"pt-BR\",\"@id\":\"https:\\\/\\\/www.notibras.com\\\/site\\\/#\\\/schema\\\/logo\\\/image\\\/\",\"url\":\"https:\\\/\\\/www.notibras.com\\\/site\\\/wp-content\\\/uploads\\\/2023\\\/01\\\/notibras23.png\",\"contentUrl\":\"https:\\\/\\\/www.notibras.com\\\/site\\\/wp-content\\\/uploads\\\/2023\\\/01\\\/notibras23.png\",\"width\":350,\"height\":87,\"caption\":\"Grupo Notibras de Comunica\u00e7\u00e3o\"},\"image\":{\"@id\":\"https:\\\/\\\/www.notibras.com\\\/site\\\/#\\\/schema\\\/logo\\\/image\\\/\"},\"sameAs\":[\"https:\\\/\\\/www.facebook.com\\\/notibras\\\/\",\"https:\\\/\\\/x.com\\\/Notibras\",\"https:\\\/\\\/www.instagram.com\\\/notibras\\\/\"]},{\"@type\":\"Person\",\"@id\":\"https:\\\/\\\/www.notibras.com\\\/site\\\/#\\\/schema\\\/person\\\/36ab0979449956132d3e5b517ea76ac8\",\"name\":\"Reda\u00e7\u00e3o\",\"image\":{\"@type\":\"ImageObject\",\"inLanguage\":\"pt-BR\",\"@id\":\"https:\\\/\\\/secure.gravatar.com\\\/avatar\\\/e0a867bdedb85fd243eadf09663511f96fc81e0720a4a42581f334ad4303aa6b?s=96&d=mm&r=g\",\"url\":\"https:\\\/\\\/secure.gravatar.com\\\/avatar\\\/e0a867bdedb85fd243eadf09663511f96fc81e0720a4a42581f334ad4303aa6b?s=96&d=mm&r=g\",\"contentUrl\":\"https:\\\/\\\/secure.gravatar.com\\\/avatar\\\/e0a867bdedb85fd243eadf09663511f96fc81e0720a4a42581f334ad4303aa6b?s=96&d=mm&r=g\",\"caption\":\"Reda\u00e7\u00e3o\"}}]}<\/script>\n<!-- \/ Yoast SEO plugin. -->","yoast_head_json":{"title":"PSB engole PPS para servir de fiel da balan\u00e7a no Congresso - Notibras","robots":{"index":"index","follow":"follow","max-snippet":"max-snippet:-1","max-image-preview":"max-image-preview:large","max-video-preview":"max-video-preview:-1"},"canonical":"https:\/\/www.notibras.com\/site\/psb-engole-pps-para-servir-de-fiel-da-balanca-na-politica\/","og_locale":"pt_BR","og_type":"article","og_title":"PSB engole PPS para servir de fiel da balan\u00e7a no Congresso - Notibras","og_description":"Dirigentes do PSB e do PPS anunciaram 29 o in\u00edcio da fus\u00e3o das duas legendas e informaram que o processo ser\u00e1 consolidado, no m\u00e1ximo, em 60 dias. Em entrevista \u00e0 imprensa, os presidentes do PSB, Carlos Siqueira, e do PPS, deputado Roberto Freire (SP), acompanhados de lideran\u00e7as nacionais e de parlamentares, garantiram que a nova [&hellip;]","og_url":"https:\/\/www.notibras.com\/site\/psb-engole-pps-para-servir-de-fiel-da-balanca-na-politica\/","og_site_name":"Notibras","article_publisher":"https:\/\/www.facebook.com\/notibras\/","article_published_time":"2015-04-30T03:00:18+00:00","article_modified_time":"2015-04-30T16:19:11+00:00","og_image":[{"width":620,"height":346,"url":"https:\/\/www.notibras.com\/site\/wp-content\/uploads\/2015\/04\/carlos_siqueira_-_psb.jpg","type":"image\/jpeg"}],"author":"Reda\u00e7\u00e3o","twitter_card":"summary_large_image","twitter_creator":"@Notibras","twitter_site":"@Notibras","twitter_misc":{"Escrito por":"Reda\u00e7\u00e3o","Est. tempo de leitura":"2 minutos"},"schema":{"@context":"https:\/\/schema.org","@graph":[{"@type":"Article","@id":"https:\/\/www.notibras.com\/site\/psb-engole-pps-para-servir-de-fiel-da-balanca-na-politica\/#article","isPartOf":{"@id":"https:\/\/www.notibras.com\/site\/psb-engole-pps-para-servir-de-fiel-da-balanca-na-politica\/"},"author":{"name":"Reda\u00e7\u00e3o","@id":"https:\/\/www.notibras.com\/site\/#\/schema\/person\/36ab0979449956132d3e5b517ea76ac8"},"headline":"PSB engole PPS para servir de fiel da balan\u00e7a no Congresso","datePublished":"2015-04-30T03:00:18+00:00","dateModified":"2015-04-30T16:19:11+00:00","mainEntityOfPage":{"@id":"https:\/\/www.notibras.com\/site\/psb-engole-pps-para-servir-de-fiel-da-balanca-na-politica\/"},"wordCount":416,"commentCount":0,"publisher":{"@id":"https:\/\/www.notibras.com\/site\/#organization"},"image":{"@id":"https:\/\/www.notibras.com\/site\/psb-engole-pps-para-servir-de-fiel-da-balanca-na-politica\/#primaryimage"},"thumbnailUrl":"https:\/\/www.notibras.com\/site\/wp-content\/uploads\/2015\/04\/carlos_siqueira_-_psb.jpg","articleSection":["Brasil"],"inLanguage":"pt-BR","potentialAction":[{"@type":"CommentAction","name":"Comment","target":["https:\/\/www.notibras.com\/site\/psb-engole-pps-para-servir-de-fiel-da-balanca-na-politica\/#respond"]}]},{"@type":"WebPage","@id":"https:\/\/www.notibras.com\/site\/psb-engole-pps-para-servir-de-fiel-da-balanca-na-politica\/","url":"https:\/\/www.notibras.com\/site\/psb-engole-pps-para-servir-de-fiel-da-balanca-na-politica\/","name":"PSB engole PPS para servir de fiel da balan\u00e7a no Congresso - Notibras","isPartOf":{"@id":"https:\/\/www.notibras.com\/site\/#website"},"primaryImageOfPage":{"@id":"https:\/\/www.notibras.com\/site\/psb-engole-pps-para-servir-de-fiel-da-balanca-na-politica\/#primaryimage"},"image":{"@id":"https:\/\/www.notibras.com\/site\/psb-engole-pps-para-servir-de-fiel-da-balanca-na-politica\/#primaryimage"},"thumbnailUrl":"https:\/\/www.notibras.com\/site\/wp-content\/uploads\/2015\/04\/carlos_siqueira_-_psb.jpg","datePublished":"2015-04-30T03:00:18+00:00","dateModified":"2015-04-30T16:19:11+00:00","breadcrumb":{"@id":"https:\/\/www.notibras.com\/site\/psb-engole-pps-para-servir-de-fiel-da-balanca-na-politica\/#breadcrumb"},"inLanguage":"pt-BR","potentialAction":[{"@type":"ReadAction","target":["https:\/\/www.notibras.com\/site\/psb-engole-pps-para-servir-de-fiel-da-balanca-na-politica\/"]}]},{"@type":"ImageObject","inLanguage":"pt-BR","@id":"https:\/\/www.notibras.com\/site\/psb-engole-pps-para-servir-de-fiel-da-balanca-na-politica\/#primaryimage","url":"https:\/\/www.notibras.com\/site\/wp-content\/uploads\/2015\/04\/carlos_siqueira_-_psb.jpg","contentUrl":"https:\/\/www.notibras.com\/site\/wp-content\/uploads\/2015\/04\/carlos_siqueira_-_psb.jpg","width":620,"height":346},{"@type":"BreadcrumbList","@id":"https:\/\/www.notibras.com\/site\/psb-engole-pps-para-servir-de-fiel-da-balanca-na-politica\/#breadcrumb","itemListElement":[{"@type":"ListItem","position":1,"name":"In\u00edcio","item":"https:\/\/www.notibras.com\/site\/"},{"@type":"ListItem","position":2,"name":"PSB engole PPS para servir de fiel da balan\u00e7a no Congresso"}]},{"@type":"WebSite","@id":"https:\/\/www.notibras.com\/site\/#website","url":"https:\/\/www.notibras.com\/site\/","name":"Notibras","description":"Not\u00edcias de Bras\u00edlia, do Brasil e do Mundo","publisher":{"@id":"https:\/\/www.notibras.com\/site\/#organization"},"potentialAction":[{"@type":"SearchAction","target":{"@type":"EntryPoint","urlTemplate":"https:\/\/www.notibras.com\/site\/?s={search_term_string}"},"query-input":{"@type":"PropertyValueSpecification","valueRequired":true,"valueName":"search_term_string"}}],"inLanguage":"pt-BR"},{"@type":"Organization","@id":"https:\/\/www.notibras.com\/site\/#organization","name":"Grupo Notibras de Comunica\u00e7\u00e3o","url":"https:\/\/www.notibras.com\/site\/","logo":{"@type":"ImageObject","inLanguage":"pt-BR","@id":"https:\/\/www.notibras.com\/site\/#\/schema\/logo\/image\/","url":"https:\/\/www.notibras.com\/site\/wp-content\/uploads\/2023\/01\/notibras23.png","contentUrl":"https:\/\/www.notibras.com\/site\/wp-content\/uploads\/2023\/01\/notibras23.png","width":350,"height":87,"caption":"Grupo Notibras de Comunica\u00e7\u00e3o"},"image":{"@id":"https:\/\/www.notibras.com\/site\/#\/schema\/logo\/image\/"},"sameAs":["https:\/\/www.facebook.com\/notibras\/","https:\/\/x.com\/Notibras","https:\/\/www.instagram.com\/notibras\/"]},{"@type":"Person","@id":"https:\/\/www.notibras.com\/site\/#\/schema\/person\/36ab0979449956132d3e5b517ea76ac8","name":"Reda\u00e7\u00e3o","image":{"@type":"ImageObject","inLanguage":"pt-BR","@id":"https:\/\/secure.gravatar.com\/avatar\/e0a867bdedb85fd243eadf09663511f96fc81e0720a4a42581f334ad4303aa6b?s=96&d=mm&r=g","url":"https:\/\/secure.gravatar.com\/avatar\/e0a867bdedb85fd243eadf09663511f96fc81e0720a4a42581f334ad4303aa6b?s=96&d=mm&r=g","contentUrl":"https:\/\/secure.gravatar.com\/avatar\/e0a867bdedb85fd243eadf09663511f96fc81e0720a4a42581f334ad4303aa6b?s=96&d=mm&r=g","caption":"Reda\u00e7\u00e3o"}}]}},"amp_enabled":true,"_links":{"self":[{"href":"https:\/\/www.notibras.com\/site\/wp-json\/wp\/v2\/posts\/46027","targetHints":{"allow":["GET"]}}],"collection":[{"href":"https:\/\/www.notibras.com\/site\/wp-json\/wp\/v2\/posts"}],"about":[{"href":"https:\/\/www.notibras.com\/site\/wp-json\/wp\/v2\/types\/post"}],"author":[{"embeddable":true,"href":"https:\/\/www.notibras.com\/site\/wp-json\/wp\/v2\/users\/2"}],"replies":[{"embeddable":true,"href":"https:\/\/www.notibras.com\/site\/wp-json\/wp\/v2\/comments?post=46027"}],"version-history":[{"count":0,"href":"https:\/\/www.notibras.com\/site\/wp-json\/wp\/v2\/posts\/46027\/revisions"}],"wp:featuredmedia":[{"embeddable":true,"href":"https:\/\/www.notibras.com\/site\/wp-json\/wp\/v2\/media\/46028"}],"wp:attachment":[{"href":"https:\/\/www.notibras.com\/site\/wp-json\/wp\/v2\/media?parent=46027"}],"wp:term":[{"taxonomy":"category","embeddable":true,"href":"https:\/\/www.notibras.com\/site\/wp-json\/wp\/v2\/categories?post=46027"},{"taxonomy":"post_tag","embeddable":true,"href":"https:\/\/www.notibras.com\/site\/wp-json\/wp\/v2\/tags?post=46027"}],"curies":[{"name":"wp","href":"https:\/\/api.w.org\/{rel}","templated":true}]}}