{"id":46054,"date":"2015-04-30T01:50:28","date_gmt":"2015-04-30T04:50:28","guid":{"rendered":"http:\/\/www.notibras.com\/site\/?p=46054"},"modified":"2015-04-30T01:50:28","modified_gmt":"2015-04-30T04:50:28","slug":"fusao-pps-psb-tende-a-tirar-eliana-pedrosa-do-meio-da-sombra","status":"publish","type":"post","link":"https:\/\/www.notibras.com\/site\/fusao-pps-psb-tende-a-tirar-eliana-pedrosa-do-meio-da-sombra\/","title":{"rendered":"Fus\u00e3o PPS-PSB tende a tirar Eliana Pedrosa do meio da sombra"},"content":{"rendered":"<p>A incorpora\u00e7\u00e3o do PPS pelo PSB, que as duas legendas est\u00e3o chamando e fus\u00e3o, motivar\u00e1 Rodrigo Rollemberg a fazer ajustes em sua equipe. Surge da\u00ed uma oportunidade \u00edmpar para curar feridas deixadas na \u00faltima disputa eleitoral em Bras\u00edlia, quando Eliana Pedrosa insistiu em concorrer ao Pal\u00e1cio do Buriti em detrimento de uma alian\u00e7a maior com o hoje governador, abonada pelo presidente nacional do PPS Roberto Freire. Sob a \u00f3tica de cadeiras conquistadas, o PPS saiu fragilizado das urnas, ao n\u00e3o conseguir eleger nenhum dos seus representantes. Mas ficou a certeza da exist\u00eancia de um caudal de votos. \u00c9 certo que Rollemberg foi o grande vitorioso, mas ele sabe que toda conquista tem um pre\u00e7o. E como 2018 \u00e9 logo ali&#8230;<\/p>\n","protected":false},"excerpt":{"rendered":"<p>A incorpora\u00e7\u00e3o do PPS pelo PSB, que as duas legendas est\u00e3o chamando e fus\u00e3o, motivar\u00e1 Rodrigo Rollemberg a fazer ajustes em sua equipe. Surge da\u00ed uma oportunidade \u00edmpar para curar feridas deixadas na \u00faltima disputa eleitoral em Bras\u00edlia, quando Eliana Pedrosa insistiu em concorrer ao Pal\u00e1cio do Buriti em detrimento de uma alian\u00e7a maior com [&hellip;]<\/p>\n","protected":false},"author":2,"featured_media":46055,"comment_status":"open","ping_status":"closed","sticky":false,"template":"","format":"standard","meta":{"_acf_changed":false,"footnotes":""},"categories":[26],"tags":[],"class_list":["post-46054","post","type-post","status-publish","format-standard","has-post-thumbnail","hentry","category-eleicoes-2022"],"acf":[],"yoast_head":"<!-- This site is optimized with the Yoast SEO plugin v27.5 - https:\/\/yoast.com\/product\/yoast-seo-wordpress\/ -->\n<title>Fus\u00e3o PPS-PSB tende a tirar Eliana Pedrosa do meio da sombra - Notibras<\/title>\n<meta name=\"robots\" content=\"index, follow, max-snippet:-1, max-image-preview:large, max-video-preview:-1\" \/>\n<link rel=\"canonical\" href=\"https:\/\/www.notibras.com\/site\/fusao-pps-psb-tende-a-tirar-eliana-pedrosa-do-meio-da-sombra\/\" \/>\n<meta property=\"og:locale\" content=\"pt_BR\" \/>\n<meta property=\"og:type\" content=\"article\" \/>\n<meta property=\"og:title\" content=\"Fus\u00e3o PPS-PSB tende a tirar Eliana Pedrosa do meio da sombra - Notibras\" \/>\n<meta property=\"og:description\" content=\"A incorpora\u00e7\u00e3o do PPS pelo PSB, que as duas legendas est\u00e3o chamando e fus\u00e3o, motivar\u00e1 Rodrigo Rollemberg a fazer ajustes em sua equipe. Surge da\u00ed uma oportunidade \u00edmpar para curar feridas deixadas na \u00faltima disputa eleitoral em Bras\u00edlia, quando Eliana Pedrosa insistiu em concorrer ao Pal\u00e1cio do Buriti em detrimento de uma alian\u00e7a maior com [&hellip;]\" \/>\n<meta property=\"og:url\" content=\"https:\/\/www.notibras.com\/site\/fusao-pps-psb-tende-a-tirar-eliana-pedrosa-do-meio-da-sombra\/\" \/>\n<meta property=\"og:site_name\" content=\"Notibras\" \/>\n<meta property=\"article:publisher\" content=\"https:\/\/www.facebook.com\/notibras\/\" \/>\n<meta property=\"article:published_time\" content=\"2015-04-30T04:50:28+00:00\" \/>\n<meta property=\"og:image\" content=\"https:\/\/www.notibras.com\/site\/wp-content\/uploads\/2015\/04\/rr30.jpg\" \/>\n\t<meta property=\"og:image:width\" content=\"997\" \/>\n\t<meta property=\"og:image:height\" content=\"664\" \/>\n\t<meta property=\"og:image:type\" content=\"image\/jpeg\" \/>\n<meta name=\"author\" content=\"Reda\u00e7\u00e3o\" \/>\n<meta name=\"twitter:card\" content=\"summary_large_image\" \/>\n<meta name=\"twitter:creator\" content=\"@Notibras\" \/>\n<meta name=\"twitter:site\" content=\"@Notibras\" \/>\n<meta name=\"twitter:label1\" content=\"Escrito por\" \/>\n\t<meta name=\"twitter:data1\" content=\"Reda\u00e7\u00e3o\" \/>\n\t<meta name=\"twitter:label2\" content=\"Est. tempo de leitura\" \/>\n\t<meta name=\"twitter:data2\" content=\"1 minuto\" \/>\n<script type=\"application\/ld+json\" class=\"yoast-schema-graph\">{\"@context\":\"https:\\\/\\\/schema.org\",\"@graph\":[{\"@type\":\"Article\",\"@id\":\"https:\\\/\\\/www.notibras.com\\\/site\\\/fusao-pps-psb-tende-a-tirar-eliana-pedrosa-do-meio-da-sombra\\\/#article\",\"isPartOf\":{\"@id\":\"https:\\\/\\\/www.notibras.com\\\/site\\\/fusao-pps-psb-tende-a-tirar-eliana-pedrosa-do-meio-da-sombra\\\/\"},\"author\":{\"name\":\"Reda\u00e7\u00e3o\",\"@id\":\"https:\\\/\\\/www.notibras.com\\\/site\\\/#\\\/schema\\\/person\\\/36ab0979449956132d3e5b517ea76ac8\"},\"headline\":\"Fus\u00e3o PPS-PSB tende a tirar Eliana Pedrosa do meio da sombra\",\"datePublished\":\"2015-04-30T04:50:28+00:00\",\"mainEntityOfPage\":{\"@id\":\"https:\\\/\\\/www.notibras.com\\\/site\\\/fusao-pps-psb-tende-a-tirar-eliana-pedrosa-do-meio-da-sombra\\\/\"},\"wordCount\":138,\"commentCount\":0,\"publisher\":{\"@id\":\"https:\\\/\\\/www.notibras.com\\\/site\\\/#organization\"},\"image\":{\"@id\":\"https:\\\/\\\/www.notibras.com\\\/site\\\/fusao-pps-psb-tende-a-tirar-eliana-pedrosa-do-meio-da-sombra\\\/#primaryimage\"},\"thumbnailUrl\":\"https:\\\/\\\/www.notibras.com\\\/site\\\/wp-content\\\/uploads\\\/2015\\\/04\\\/rr30.jpg\",\"articleSection\":[\"Elei\u00e7\u00f5es 2022\"],\"inLanguage\":\"pt-BR\",\"potentialAction\":[{\"@type\":\"CommentAction\",\"name\":\"Comment\",\"target\":[\"https:\\\/\\\/www.notibras.com\\\/site\\\/fusao-pps-psb-tende-a-tirar-eliana-pedrosa-do-meio-da-sombra\\\/#respond\"]}]},{\"@type\":\"WebPage\",\"@id\":\"https:\\\/\\\/www.notibras.com\\\/site\\\/fusao-pps-psb-tende-a-tirar-eliana-pedrosa-do-meio-da-sombra\\\/\",\"url\":\"https:\\\/\\\/www.notibras.com\\\/site\\\/fusao-pps-psb-tende-a-tirar-eliana-pedrosa-do-meio-da-sombra\\\/\",\"name\":\"Fus\u00e3o PPS-PSB tende a tirar Eliana Pedrosa do meio da sombra - Notibras\",\"isPartOf\":{\"@id\":\"https:\\\/\\\/www.notibras.com\\\/site\\\/#website\"},\"primaryImageOfPage\":{\"@id\":\"https:\\\/\\\/www.notibras.com\\\/site\\\/fusao-pps-psb-tende-a-tirar-eliana-pedrosa-do-meio-da-sombra\\\/#primaryimage\"},\"image\":{\"@id\":\"https:\\\/\\\/www.notibras.com\\\/site\\\/fusao-pps-psb-tende-a-tirar-eliana-pedrosa-do-meio-da-sombra\\\/#primaryimage\"},\"thumbnailUrl\":\"https:\\\/\\\/www.notibras.com\\\/site\\\/wp-content\\\/uploads\\\/2015\\\/04\\\/rr30.jpg\",\"datePublished\":\"2015-04-30T04:50:28+00:00\",\"breadcrumb\":{\"@id\":\"https:\\\/\\\/www.notibras.com\\\/site\\\/fusao-pps-psb-tende-a-tirar-eliana-pedrosa-do-meio-da-sombra\\\/#breadcrumb\"},\"inLanguage\":\"pt-BR\",\"potentialAction\":[{\"@type\":\"ReadAction\",\"target\":[\"https:\\\/\\\/www.notibras.com\\\/site\\\/fusao-pps-psb-tende-a-tirar-eliana-pedrosa-do-meio-da-sombra\\\/\"]}]},{\"@type\":\"ImageObject\",\"inLanguage\":\"pt-BR\",\"@id\":\"https:\\\/\\\/www.notibras.com\\\/site\\\/fusao-pps-psb-tende-a-tirar-eliana-pedrosa-do-meio-da-sombra\\\/#primaryimage\",\"url\":\"https:\\\/\\\/www.notibras.com\\\/site\\\/wp-content\\\/uploads\\\/2015\\\/04\\\/rr30.jpg\",\"contentUrl\":\"https:\\\/\\\/www.notibras.com\\\/site\\\/wp-content\\\/uploads\\\/2015\\\/04\\\/rr30.jpg\",\"width\":997,\"height\":664},{\"@type\":\"BreadcrumbList\",\"@id\":\"https:\\\/\\\/www.notibras.com\\\/site\\\/fusao-pps-psb-tende-a-tirar-eliana-pedrosa-do-meio-da-sombra\\\/#breadcrumb\",\"itemListElement\":[{\"@type\":\"ListItem\",\"position\":1,\"name\":\"In\u00edcio\",\"item\":\"https:\\\/\\\/www.notibras.com\\\/site\\\/\"},{\"@type\":\"ListItem\",\"position\":2,\"name\":\"Fus\u00e3o PPS-PSB tende a tirar Eliana Pedrosa do meio da sombra\"}]},{\"@type\":\"WebSite\",\"@id\":\"https:\\\/\\\/www.notibras.com\\\/site\\\/#website\",\"url\":\"https:\\\/\\\/www.notibras.com\\\/site\\\/\",\"name\":\"Notibras\",\"description\":\"Not\u00edcias de Bras\u00edlia, do Brasil e do Mundo\",\"publisher\":{\"@id\":\"https:\\\/\\\/www.notibras.com\\\/site\\\/#organization\"},\"potentialAction\":[{\"@type\":\"SearchAction\",\"target\":{\"@type\":\"EntryPoint\",\"urlTemplate\":\"https:\\\/\\\/www.notibras.com\\\/site\\\/?s={search_term_string}\"},\"query-input\":{\"@type\":\"PropertyValueSpecification\",\"valueRequired\":true,\"valueName\":\"search_term_string\"}}],\"inLanguage\":\"pt-BR\"},{\"@type\":\"Organization\",\"@id\":\"https:\\\/\\\/www.notibras.com\\\/site\\\/#organization\",\"name\":\"Grupo Notibras de Comunica\u00e7\u00e3o\",\"url\":\"https:\\\/\\\/www.notibras.com\\\/site\\\/\",\"logo\":{\"@type\":\"ImageObject\",\"inLanguage\":\"pt-BR\",\"@id\":\"https:\\\/\\\/www.notibras.com\\\/site\\\/#\\\/schema\\\/logo\\\/image\\\/\",\"url\":\"https:\\\/\\\/www.notibras.com\\\/site\\\/wp-content\\\/uploads\\\/2023\\\/01\\\/notibras23.png\",\"contentUrl\":\"https:\\\/\\\/www.notibras.com\\\/site\\\/wp-content\\\/uploads\\\/2023\\\/01\\\/notibras23.png\",\"width\":350,\"height\":87,\"caption\":\"Grupo Notibras de Comunica\u00e7\u00e3o\"},\"image\":{\"@id\":\"https:\\\/\\\/www.notibras.com\\\/site\\\/#\\\/schema\\\/logo\\\/image\\\/\"},\"sameAs\":[\"https:\\\/\\\/www.facebook.com\\\/notibras\\\/\",\"https:\\\/\\\/x.com\\\/Notibras\",\"https:\\\/\\\/www.instagram.com\\\/notibras\\\/\"]},{\"@type\":\"Person\",\"@id\":\"https:\\\/\\\/www.notibras.com\\\/site\\\/#\\\/schema\\\/person\\\/36ab0979449956132d3e5b517ea76ac8\",\"name\":\"Reda\u00e7\u00e3o\",\"image\":{\"@type\":\"ImageObject\",\"inLanguage\":\"pt-BR\",\"@id\":\"https:\\\/\\\/secure.gravatar.com\\\/avatar\\\/e0a867bdedb85fd243eadf09663511f96fc81e0720a4a42581f334ad4303aa6b?s=96&d=mm&r=g\",\"url\":\"https:\\\/\\\/secure.gravatar.com\\\/avatar\\\/e0a867bdedb85fd243eadf09663511f96fc81e0720a4a42581f334ad4303aa6b?s=96&d=mm&r=g\",\"contentUrl\":\"https:\\\/\\\/secure.gravatar.com\\\/avatar\\\/e0a867bdedb85fd243eadf09663511f96fc81e0720a4a42581f334ad4303aa6b?s=96&d=mm&r=g\",\"caption\":\"Reda\u00e7\u00e3o\"}}]}<\/script>\n<!-- \/ Yoast SEO plugin. -->","yoast_head_json":{"title":"Fus\u00e3o PPS-PSB tende a tirar Eliana Pedrosa do meio da sombra - Notibras","robots":{"index":"index","follow":"follow","max-snippet":"max-snippet:-1","max-image-preview":"max-image-preview:large","max-video-preview":"max-video-preview:-1"},"canonical":"https:\/\/www.notibras.com\/site\/fusao-pps-psb-tende-a-tirar-eliana-pedrosa-do-meio-da-sombra\/","og_locale":"pt_BR","og_type":"article","og_title":"Fus\u00e3o PPS-PSB tende a tirar Eliana Pedrosa do meio da sombra - Notibras","og_description":"A incorpora\u00e7\u00e3o do PPS pelo PSB, que as duas legendas est\u00e3o chamando e fus\u00e3o, motivar\u00e1 Rodrigo Rollemberg a fazer ajustes em sua equipe. Surge da\u00ed uma oportunidade \u00edmpar para curar feridas deixadas na \u00faltima disputa eleitoral em Bras\u00edlia, quando Eliana Pedrosa insistiu em concorrer ao Pal\u00e1cio do Buriti em detrimento de uma alian\u00e7a maior com [&hellip;]","og_url":"https:\/\/www.notibras.com\/site\/fusao-pps-psb-tende-a-tirar-eliana-pedrosa-do-meio-da-sombra\/","og_site_name":"Notibras","article_publisher":"https:\/\/www.facebook.com\/notibras\/","article_published_time":"2015-04-30T04:50:28+00:00","og_image":[{"width":997,"height":664,"url":"https:\/\/www.notibras.com\/site\/wp-content\/uploads\/2015\/04\/rr30.jpg","type":"image\/jpeg"}],"author":"Reda\u00e7\u00e3o","twitter_card":"summary_large_image","twitter_creator":"@Notibras","twitter_site":"@Notibras","twitter_misc":{"Escrito por":"Reda\u00e7\u00e3o","Est. tempo de leitura":"1 minuto"},"schema":{"@context":"https:\/\/schema.org","@graph":[{"@type":"Article","@id":"https:\/\/www.notibras.com\/site\/fusao-pps-psb-tende-a-tirar-eliana-pedrosa-do-meio-da-sombra\/#article","isPartOf":{"@id":"https:\/\/www.notibras.com\/site\/fusao-pps-psb-tende-a-tirar-eliana-pedrosa-do-meio-da-sombra\/"},"author":{"name":"Reda\u00e7\u00e3o","@id":"https:\/\/www.notibras.com\/site\/#\/schema\/person\/36ab0979449956132d3e5b517ea76ac8"},"headline":"Fus\u00e3o PPS-PSB tende a tirar Eliana Pedrosa do meio da sombra","datePublished":"2015-04-30T04:50:28+00:00","mainEntityOfPage":{"@id":"https:\/\/www.notibras.com\/site\/fusao-pps-psb-tende-a-tirar-eliana-pedrosa-do-meio-da-sombra\/"},"wordCount":138,"commentCount":0,"publisher":{"@id":"https:\/\/www.notibras.com\/site\/#organization"},"image":{"@id":"https:\/\/www.notibras.com\/site\/fusao-pps-psb-tende-a-tirar-eliana-pedrosa-do-meio-da-sombra\/#primaryimage"},"thumbnailUrl":"https:\/\/www.notibras.com\/site\/wp-content\/uploads\/2015\/04\/rr30.jpg","articleSection":["Elei\u00e7\u00f5es 2022"],"inLanguage":"pt-BR","potentialAction":[{"@type":"CommentAction","name":"Comment","target":["https:\/\/www.notibras.com\/site\/fusao-pps-psb-tende-a-tirar-eliana-pedrosa-do-meio-da-sombra\/#respond"]}]},{"@type":"WebPage","@id":"https:\/\/www.notibras.com\/site\/fusao-pps-psb-tende-a-tirar-eliana-pedrosa-do-meio-da-sombra\/","url":"https:\/\/www.notibras.com\/site\/fusao-pps-psb-tende-a-tirar-eliana-pedrosa-do-meio-da-sombra\/","name":"Fus\u00e3o PPS-PSB tende a tirar Eliana Pedrosa do meio da sombra - Notibras","isPartOf":{"@id":"https:\/\/www.notibras.com\/site\/#website"},"primaryImageOfPage":{"@id":"https:\/\/www.notibras.com\/site\/fusao-pps-psb-tende-a-tirar-eliana-pedrosa-do-meio-da-sombra\/#primaryimage"},"image":{"@id":"https:\/\/www.notibras.com\/site\/fusao-pps-psb-tende-a-tirar-eliana-pedrosa-do-meio-da-sombra\/#primaryimage"},"thumbnailUrl":"https:\/\/www.notibras.com\/site\/wp-content\/uploads\/2015\/04\/rr30.jpg","datePublished":"2015-04-30T04:50:28+00:00","breadcrumb":{"@id":"https:\/\/www.notibras.com\/site\/fusao-pps-psb-tende-a-tirar-eliana-pedrosa-do-meio-da-sombra\/#breadcrumb"},"inLanguage":"pt-BR","potentialAction":[{"@type":"ReadAction","target":["https:\/\/www.notibras.com\/site\/fusao-pps-psb-tende-a-tirar-eliana-pedrosa-do-meio-da-sombra\/"]}]},{"@type":"ImageObject","inLanguage":"pt-BR","@id":"https:\/\/www.notibras.com\/site\/fusao-pps-psb-tende-a-tirar-eliana-pedrosa-do-meio-da-sombra\/#primaryimage","url":"https:\/\/www.notibras.com\/site\/wp-content\/uploads\/2015\/04\/rr30.jpg","contentUrl":"https:\/\/www.notibras.com\/site\/wp-content\/uploads\/2015\/04\/rr30.jpg","width":997,"height":664},{"@type":"BreadcrumbList","@id":"https:\/\/www.notibras.com\/site\/fusao-pps-psb-tende-a-tirar-eliana-pedrosa-do-meio-da-sombra\/#breadcrumb","itemListElement":[{"@type":"ListItem","position":1,"name":"In\u00edcio","item":"https:\/\/www.notibras.com\/site\/"},{"@type":"ListItem","position":2,"name":"Fus\u00e3o PPS-PSB tende a tirar Eliana Pedrosa do meio da sombra"}]},{"@type":"WebSite","@id":"https:\/\/www.notibras.com\/site\/#website","url":"https:\/\/www.notibras.com\/site\/","name":"Notibras","description":"Not\u00edcias de Bras\u00edlia, do Brasil e do Mundo","publisher":{"@id":"https:\/\/www.notibras.com\/site\/#organization"},"potentialAction":[{"@type":"SearchAction","target":{"@type":"EntryPoint","urlTemplate":"https:\/\/www.notibras.com\/site\/?s={search_term_string}"},"query-input":{"@type":"PropertyValueSpecification","valueRequired":true,"valueName":"search_term_string"}}],"inLanguage":"pt-BR"},{"@type":"Organization","@id":"https:\/\/www.notibras.com\/site\/#organization","name":"Grupo Notibras de Comunica\u00e7\u00e3o","url":"https:\/\/www.notibras.com\/site\/","logo":{"@type":"ImageObject","inLanguage":"pt-BR","@id":"https:\/\/www.notibras.com\/site\/#\/schema\/logo\/image\/","url":"https:\/\/www.notibras.com\/site\/wp-content\/uploads\/2023\/01\/notibras23.png","contentUrl":"https:\/\/www.notibras.com\/site\/wp-content\/uploads\/2023\/01\/notibras23.png","width":350,"height":87,"caption":"Grupo Notibras de Comunica\u00e7\u00e3o"},"image":{"@id":"https:\/\/www.notibras.com\/site\/#\/schema\/logo\/image\/"},"sameAs":["https:\/\/www.facebook.com\/notibras\/","https:\/\/x.com\/Notibras","https:\/\/www.instagram.com\/notibras\/"]},{"@type":"Person","@id":"https:\/\/www.notibras.com\/site\/#\/schema\/person\/36ab0979449956132d3e5b517ea76ac8","name":"Reda\u00e7\u00e3o","image":{"@type":"ImageObject","inLanguage":"pt-BR","@id":"https:\/\/secure.gravatar.com\/avatar\/e0a867bdedb85fd243eadf09663511f96fc81e0720a4a42581f334ad4303aa6b?s=96&d=mm&r=g","url":"https:\/\/secure.gravatar.com\/avatar\/e0a867bdedb85fd243eadf09663511f96fc81e0720a4a42581f334ad4303aa6b?s=96&d=mm&r=g","contentUrl":"https:\/\/secure.gravatar.com\/avatar\/e0a867bdedb85fd243eadf09663511f96fc81e0720a4a42581f334ad4303aa6b?s=96&d=mm&r=g","caption":"Reda\u00e7\u00e3o"}}]}},"amp_enabled":true,"_links":{"self":[{"href":"https:\/\/www.notibras.com\/site\/wp-json\/wp\/v2\/posts\/46054","targetHints":{"allow":["GET"]}}],"collection":[{"href":"https:\/\/www.notibras.com\/site\/wp-json\/wp\/v2\/posts"}],"about":[{"href":"https:\/\/www.notibras.com\/site\/wp-json\/wp\/v2\/types\/post"}],"author":[{"embeddable":true,"href":"https:\/\/www.notibras.com\/site\/wp-json\/wp\/v2\/users\/2"}],"replies":[{"embeddable":true,"href":"https:\/\/www.notibras.com\/site\/wp-json\/wp\/v2\/comments?post=46054"}],"version-history":[{"count":0,"href":"https:\/\/www.notibras.com\/site\/wp-json\/wp\/v2\/posts\/46054\/revisions"}],"wp:featuredmedia":[{"embeddable":true,"href":"https:\/\/www.notibras.com\/site\/wp-json\/wp\/v2\/media\/46055"}],"wp:attachment":[{"href":"https:\/\/www.notibras.com\/site\/wp-json\/wp\/v2\/media?parent=46054"}],"wp:term":[{"taxonomy":"category","embeddable":true,"href":"https:\/\/www.notibras.com\/site\/wp-json\/wp\/v2\/categories?post=46054"},{"taxonomy":"post_tag","embeddable":true,"href":"https:\/\/www.notibras.com\/site\/wp-json\/wp\/v2\/tags?post=46054"}],"curies":[{"name":"wp","href":"https:\/\/api.w.org\/{rel}","templated":true}]}}