{"id":46057,"date":"2015-04-30T01:55:39","date_gmt":"2015-04-30T04:55:39","guid":{"rendered":"http:\/\/www.notibras.com\/site\/?p=46057"},"modified":"2015-04-30T01:55:39","modified_gmt":"2015-04-30T04:55:39","slug":"a-hora-e-a-vez-da-regularizacao-de-templos-e-igrejas-de-brasilia","status":"publish","type":"post","link":"https:\/\/www.notibras.com\/site\/a-hora-e-a-vez-da-regularizacao-de-templos-e-igrejas-de-brasilia\/","title":{"rendered":"A hora e a vez da regulariza\u00e7\u00e3o de templos e igrejas de Bras\u00edlia"},"content":{"rendered":"<div id=\"aui_3_2_0_1238\" class=\"artigo_texto\">\n<p id=\"aui_3_2_0_1236\">A luta \u00e9 antiga. H\u00e1 mais de 20 anos, igrejas, templos e entidades sociais no Distrito Federal lutam pela regulariza\u00e7\u00e3o das \u00e1reas que ocupam. Hoje, parece que essa luta finalmente est\u00e1 chegando ao fim. Regularizar estes terrenos \u00e9 mais do que uma quest\u00e3o de seguran\u00e7a. \u00c9 proporcionar garantia para quem est\u00e1 ocupando as unidades imobili\u00e1rias e dignidade para continuar exercendo as atividades, t\u00e3o importantes para a sociedade do DF.<\/p>\n<p>Atendimento de crian\u00e7as e adolescentes, creches, lares para idosos, ressocializa\u00e7\u00e3o de ex-usu\u00e1rios de drogas, centros de reabilita\u00e7\u00e3o, inclus\u00e3o social, qualifica\u00e7\u00e3o profissional, orienta\u00e7\u00e3o psicol\u00f3gica, distribui\u00e7\u00e3o de alimentos e cestas b\u00e1sicas, campanhas de agasalhos e cobertores. Essas e muitas outras a\u00e7\u00f5es s\u00e3o promovidas por igrejas das mais diversas religi\u00f5es e por entidades de assist\u00eancia social. Muitas, inclusive, sem receber nada em troca. Ali\u00e1s, recebem sim: amor e gratid\u00e3o, que n\u00e3o t\u00eam pre\u00e7o.<\/p>\n<blockquote><p>Desde 2014, um decreto do governo j\u00e1 autoriza o in\u00edcio do processo de regulariza\u00e7\u00e3o. A proposta beneficia templos cat\u00f3licos, evang\u00e9licos, centros esp\u00edritas, religi\u00f5es da matriz africana, terreiros e entidades sociais. Mas mesmo com a publica\u00e7\u00e3o deste decreto, com a Lei Complementar 806\/2009 e tantas outras legisla\u00e7\u00f5es, ainda h\u00e1 um caminho a ser trilhado, principalmente no quesito informa\u00e7\u00e3o.<\/p><\/blockquote>\n<p>\u00c9 por isso que estou aproximando o Poder Executivo dos advogados, pastores, bispos, padres, l\u00edderes religiosos e diretores envolvidos. Um semin\u00e1rio com palestras da Terracap, Secretaria de Estado de Gest\u00e3o do Territ\u00f3rio e Habita\u00e7\u00e3o e do F\u00f3rum Religioso vai acontecer neste fim de semana, com o objetivo de orient\u00e1-los acerca do processo de regulariza\u00e7\u00e3o.<\/p>\n<p>\u00c9 necess\u00e1rio mais agilidade, por parte do Executivo, na resolu\u00e7\u00e3o do problema. Mas acredito que estamos no caminho certo e mais perto do que nunca da realiza\u00e7\u00e3o deste sonho. Com a b\u00ean\u00e7\u00e3o de Deus e com a ajuda dos amigos, o processo de regulariza\u00e7\u00e3o trar\u00e1 muitos benef\u00edcios para a popula\u00e7\u00e3o do Distrito Federal. Agrade\u00e7o a todos envolvidos, que batalham e acreditam no projeto. E vamos em frente, pois a luta continua at\u00e9 que todos tenham acesso \u00e0 regulariza\u00e7\u00e3o. Deus aben\u00e7oe.<\/p>\n<p><strong>Deputado Bispo Renato<\/strong><\/p>\n<\/div>\n","protected":false},"excerpt":{"rendered":"<p>A luta \u00e9 antiga. H\u00e1 mais de 20 anos, igrejas, templos e entidades sociais no Distrito Federal lutam pela regulariza\u00e7\u00e3o das \u00e1reas que ocupam. Hoje, parece que essa luta finalmente est\u00e1 chegando ao fim. Regularizar estes terrenos \u00e9 mais do que uma quest\u00e3o de seguran\u00e7a. \u00c9 proporcionar garantia para quem est\u00e1 ocupando as unidades imobili\u00e1rias [&hellip;]<\/p>\n","protected":false},"author":2,"featured_media":46058,"comment_status":"open","ping_status":"closed","sticky":false,"template":"","format":"standard","meta":{"_acf_changed":false,"footnotes":""},"categories":[25],"tags":[],"class_list":["post-46057","post","type-post","status-publish","format-standard","has-post-thumbnail","hentry","category-opina-ai"],"acf":[],"yoast_head":"<!-- This site is optimized with the Yoast SEO plugin v27.5 - https:\/\/yoast.com\/product\/yoast-seo-wordpress\/ -->\n<title>A hora e a vez da regulariza\u00e7\u00e3o de templos e igrejas de Bras\u00edlia - Notibras<\/title>\n<meta name=\"robots\" content=\"index, follow, max-snippet:-1, max-image-preview:large, max-video-preview:-1\" \/>\n<link rel=\"canonical\" href=\"https:\/\/www.notibras.com\/site\/a-hora-e-a-vez-da-regularizacao-de-templos-e-igrejas-de-brasilia\/\" \/>\n<meta property=\"og:locale\" content=\"pt_BR\" \/>\n<meta property=\"og:type\" content=\"article\" \/>\n<meta property=\"og:title\" content=\"A hora e a vez da regulariza\u00e7\u00e3o de templos e igrejas de Bras\u00edlia - Notibras\" \/>\n<meta property=\"og:description\" content=\"A luta \u00e9 antiga. H\u00e1 mais de 20 anos, igrejas, templos e entidades sociais no Distrito Federal lutam pela regulariza\u00e7\u00e3o das \u00e1reas que ocupam. Hoje, parece que essa luta finalmente est\u00e1 chegando ao fim. Regularizar estes terrenos \u00e9 mais do que uma quest\u00e3o de seguran\u00e7a. \u00c9 proporcionar garantia para quem est\u00e1 ocupando as unidades imobili\u00e1rias [&hellip;]\" \/>\n<meta property=\"og:url\" content=\"https:\/\/www.notibras.com\/site\/a-hora-e-a-vez-da-regularizacao-de-templos-e-igrejas-de-brasilia\/\" \/>\n<meta property=\"og:site_name\" content=\"Notibras\" \/>\n<meta property=\"article:publisher\" content=\"https:\/\/www.facebook.com\/notibras\/\" \/>\n<meta property=\"article:published_time\" content=\"2015-04-30T04:55:39+00:00\" \/>\n<meta property=\"og:image\" content=\"https:\/\/www.notibras.com\/site\/wp-content\/uploads\/2015\/04\/regu..jpg\" \/>\n\t<meta property=\"og:image:width\" content=\"400\" \/>\n\t<meta property=\"og:image:height\" content=\"369\" \/>\n\t<meta property=\"og:image:type\" content=\"image\/jpeg\" \/>\n<meta name=\"author\" content=\"Reda\u00e7\u00e3o\" \/>\n<meta name=\"twitter:card\" content=\"summary_large_image\" \/>\n<meta name=\"twitter:creator\" content=\"@Notibras\" \/>\n<meta name=\"twitter:site\" content=\"@Notibras\" \/>\n<meta name=\"twitter:label1\" content=\"Escrito por\" \/>\n\t<meta name=\"twitter:data1\" content=\"Reda\u00e7\u00e3o\" \/>\n\t<meta name=\"twitter:label2\" content=\"Est. tempo de leitura\" \/>\n\t<meta name=\"twitter:data2\" content=\"2 minutos\" \/>\n<script type=\"application\/ld+json\" class=\"yoast-schema-graph\">{\"@context\":\"https:\\\/\\\/schema.org\",\"@graph\":[{\"@type\":\"Article\",\"@id\":\"https:\\\/\\\/www.notibras.com\\\/site\\\/a-hora-e-a-vez-da-regularizacao-de-templos-e-igrejas-de-brasilia\\\/#article\",\"isPartOf\":{\"@id\":\"https:\\\/\\\/www.notibras.com\\\/site\\\/a-hora-e-a-vez-da-regularizacao-de-templos-e-igrejas-de-brasilia\\\/\"},\"author\":{\"name\":\"Reda\u00e7\u00e3o\",\"@id\":\"https:\\\/\\\/www.notibras.com\\\/site\\\/#\\\/schema\\\/person\\\/36ab0979449956132d3e5b517ea76ac8\"},\"headline\":\"A hora e a vez da regulariza\u00e7\u00e3o de templos e igrejas de Bras\u00edlia\",\"datePublished\":\"2015-04-30T04:55:39+00:00\",\"mainEntityOfPage\":{\"@id\":\"https:\\\/\\\/www.notibras.com\\\/site\\\/a-hora-e-a-vez-da-regularizacao-de-templos-e-igrejas-de-brasilia\\\/\"},\"wordCount\":391,\"commentCount\":0,\"publisher\":{\"@id\":\"https:\\\/\\\/www.notibras.com\\\/site\\\/#organization\"},\"image\":{\"@id\":\"https:\\\/\\\/www.notibras.com\\\/site\\\/a-hora-e-a-vez-da-regularizacao-de-templos-e-igrejas-de-brasilia\\\/#primaryimage\"},\"thumbnailUrl\":\"https:\\\/\\\/www.notibras.com\\\/site\\\/wp-content\\\/uploads\\\/2015\\\/04\\\/regu..jpg\",\"articleSection\":[\"Opina a\u00ed\"],\"inLanguage\":\"pt-BR\",\"potentialAction\":[{\"@type\":\"CommentAction\",\"name\":\"Comment\",\"target\":[\"https:\\\/\\\/www.notibras.com\\\/site\\\/a-hora-e-a-vez-da-regularizacao-de-templos-e-igrejas-de-brasilia\\\/#respond\"]}]},{\"@type\":\"WebPage\",\"@id\":\"https:\\\/\\\/www.notibras.com\\\/site\\\/a-hora-e-a-vez-da-regularizacao-de-templos-e-igrejas-de-brasilia\\\/\",\"url\":\"https:\\\/\\\/www.notibras.com\\\/site\\\/a-hora-e-a-vez-da-regularizacao-de-templos-e-igrejas-de-brasilia\\\/\",\"name\":\"A hora e a vez da regulariza\u00e7\u00e3o de templos e igrejas de Bras\u00edlia - Notibras\",\"isPartOf\":{\"@id\":\"https:\\\/\\\/www.notibras.com\\\/site\\\/#website\"},\"primaryImageOfPage\":{\"@id\":\"https:\\\/\\\/www.notibras.com\\\/site\\\/a-hora-e-a-vez-da-regularizacao-de-templos-e-igrejas-de-brasilia\\\/#primaryimage\"},\"image\":{\"@id\":\"https:\\\/\\\/www.notibras.com\\\/site\\\/a-hora-e-a-vez-da-regularizacao-de-templos-e-igrejas-de-brasilia\\\/#primaryimage\"},\"thumbnailUrl\":\"https:\\\/\\\/www.notibras.com\\\/site\\\/wp-content\\\/uploads\\\/2015\\\/04\\\/regu..jpg\",\"datePublished\":\"2015-04-30T04:55:39+00:00\",\"breadcrumb\":{\"@id\":\"https:\\\/\\\/www.notibras.com\\\/site\\\/a-hora-e-a-vez-da-regularizacao-de-templos-e-igrejas-de-brasilia\\\/#breadcrumb\"},\"inLanguage\":\"pt-BR\",\"potentialAction\":[{\"@type\":\"ReadAction\",\"target\":[\"https:\\\/\\\/www.notibras.com\\\/site\\\/a-hora-e-a-vez-da-regularizacao-de-templos-e-igrejas-de-brasilia\\\/\"]}]},{\"@type\":\"ImageObject\",\"inLanguage\":\"pt-BR\",\"@id\":\"https:\\\/\\\/www.notibras.com\\\/site\\\/a-hora-e-a-vez-da-regularizacao-de-templos-e-igrejas-de-brasilia\\\/#primaryimage\",\"url\":\"https:\\\/\\\/www.notibras.com\\\/site\\\/wp-content\\\/uploads\\\/2015\\\/04\\\/regu..jpg\",\"contentUrl\":\"https:\\\/\\\/www.notibras.com\\\/site\\\/wp-content\\\/uploads\\\/2015\\\/04\\\/regu..jpg\",\"width\":400,\"height\":369},{\"@type\":\"BreadcrumbList\",\"@id\":\"https:\\\/\\\/www.notibras.com\\\/site\\\/a-hora-e-a-vez-da-regularizacao-de-templos-e-igrejas-de-brasilia\\\/#breadcrumb\",\"itemListElement\":[{\"@type\":\"ListItem\",\"position\":1,\"name\":\"In\u00edcio\",\"item\":\"https:\\\/\\\/www.notibras.com\\\/site\\\/\"},{\"@type\":\"ListItem\",\"position\":2,\"name\":\"A hora e a vez da regulariza\u00e7\u00e3o de templos e igrejas de Bras\u00edlia\"}]},{\"@type\":\"WebSite\",\"@id\":\"https:\\\/\\\/www.notibras.com\\\/site\\\/#website\",\"url\":\"https:\\\/\\\/www.notibras.com\\\/site\\\/\",\"name\":\"Notibras\",\"description\":\"Not\u00edcias de Bras\u00edlia, do Brasil e do Mundo\",\"publisher\":{\"@id\":\"https:\\\/\\\/www.notibras.com\\\/site\\\/#organization\"},\"potentialAction\":[{\"@type\":\"SearchAction\",\"target\":{\"@type\":\"EntryPoint\",\"urlTemplate\":\"https:\\\/\\\/www.notibras.com\\\/site\\\/?s={search_term_string}\"},\"query-input\":{\"@type\":\"PropertyValueSpecification\",\"valueRequired\":true,\"valueName\":\"search_term_string\"}}],\"inLanguage\":\"pt-BR\"},{\"@type\":\"Organization\",\"@id\":\"https:\\\/\\\/www.notibras.com\\\/site\\\/#organization\",\"name\":\"Grupo Notibras de Comunica\u00e7\u00e3o\",\"url\":\"https:\\\/\\\/www.notibras.com\\\/site\\\/\",\"logo\":{\"@type\":\"ImageObject\",\"inLanguage\":\"pt-BR\",\"@id\":\"https:\\\/\\\/www.notibras.com\\\/site\\\/#\\\/schema\\\/logo\\\/image\\\/\",\"url\":\"https:\\\/\\\/www.notibras.com\\\/site\\\/wp-content\\\/uploads\\\/2023\\\/01\\\/notibras23.png\",\"contentUrl\":\"https:\\\/\\\/www.notibras.com\\\/site\\\/wp-content\\\/uploads\\\/2023\\\/01\\\/notibras23.png\",\"width\":350,\"height\":87,\"caption\":\"Grupo Notibras de Comunica\u00e7\u00e3o\"},\"image\":{\"@id\":\"https:\\\/\\\/www.notibras.com\\\/site\\\/#\\\/schema\\\/logo\\\/image\\\/\"},\"sameAs\":[\"https:\\\/\\\/www.facebook.com\\\/notibras\\\/\",\"https:\\\/\\\/x.com\\\/Notibras\",\"https:\\\/\\\/www.instagram.com\\\/notibras\\\/\"]},{\"@type\":\"Person\",\"@id\":\"https:\\\/\\\/www.notibras.com\\\/site\\\/#\\\/schema\\\/person\\\/36ab0979449956132d3e5b517ea76ac8\",\"name\":\"Reda\u00e7\u00e3o\",\"image\":{\"@type\":\"ImageObject\",\"inLanguage\":\"pt-BR\",\"@id\":\"https:\\\/\\\/secure.gravatar.com\\\/avatar\\\/e0a867bdedb85fd243eadf09663511f96fc81e0720a4a42581f334ad4303aa6b?s=96&d=mm&r=g\",\"url\":\"https:\\\/\\\/secure.gravatar.com\\\/avatar\\\/e0a867bdedb85fd243eadf09663511f96fc81e0720a4a42581f334ad4303aa6b?s=96&d=mm&r=g\",\"contentUrl\":\"https:\\\/\\\/secure.gravatar.com\\\/avatar\\\/e0a867bdedb85fd243eadf09663511f96fc81e0720a4a42581f334ad4303aa6b?s=96&d=mm&r=g\",\"caption\":\"Reda\u00e7\u00e3o\"}}]}<\/script>\n<!-- \/ Yoast SEO plugin. -->","yoast_head_json":{"title":"A hora e a vez da regulariza\u00e7\u00e3o de templos e igrejas de Bras\u00edlia - Notibras","robots":{"index":"index","follow":"follow","max-snippet":"max-snippet:-1","max-image-preview":"max-image-preview:large","max-video-preview":"max-video-preview:-1"},"canonical":"https:\/\/www.notibras.com\/site\/a-hora-e-a-vez-da-regularizacao-de-templos-e-igrejas-de-brasilia\/","og_locale":"pt_BR","og_type":"article","og_title":"A hora e a vez da regulariza\u00e7\u00e3o de templos e igrejas de Bras\u00edlia - Notibras","og_description":"A luta \u00e9 antiga. H\u00e1 mais de 20 anos, igrejas, templos e entidades sociais no Distrito Federal lutam pela regulariza\u00e7\u00e3o das \u00e1reas que ocupam. Hoje, parece que essa luta finalmente est\u00e1 chegando ao fim. Regularizar estes terrenos \u00e9 mais do que uma quest\u00e3o de seguran\u00e7a. \u00c9 proporcionar garantia para quem est\u00e1 ocupando as unidades imobili\u00e1rias [&hellip;]","og_url":"https:\/\/www.notibras.com\/site\/a-hora-e-a-vez-da-regularizacao-de-templos-e-igrejas-de-brasilia\/","og_site_name":"Notibras","article_publisher":"https:\/\/www.facebook.com\/notibras\/","article_published_time":"2015-04-30T04:55:39+00:00","og_image":[{"width":400,"height":369,"url":"https:\/\/www.notibras.com\/site\/wp-content\/uploads\/2015\/04\/regu..jpg","type":"image\/jpeg"}],"author":"Reda\u00e7\u00e3o","twitter_card":"summary_large_image","twitter_creator":"@Notibras","twitter_site":"@Notibras","twitter_misc":{"Escrito por":"Reda\u00e7\u00e3o","Est. tempo de leitura":"2 minutos"},"schema":{"@context":"https:\/\/schema.org","@graph":[{"@type":"Article","@id":"https:\/\/www.notibras.com\/site\/a-hora-e-a-vez-da-regularizacao-de-templos-e-igrejas-de-brasilia\/#article","isPartOf":{"@id":"https:\/\/www.notibras.com\/site\/a-hora-e-a-vez-da-regularizacao-de-templos-e-igrejas-de-brasilia\/"},"author":{"name":"Reda\u00e7\u00e3o","@id":"https:\/\/www.notibras.com\/site\/#\/schema\/person\/36ab0979449956132d3e5b517ea76ac8"},"headline":"A hora e a vez da regulariza\u00e7\u00e3o de templos e igrejas de Bras\u00edlia","datePublished":"2015-04-30T04:55:39+00:00","mainEntityOfPage":{"@id":"https:\/\/www.notibras.com\/site\/a-hora-e-a-vez-da-regularizacao-de-templos-e-igrejas-de-brasilia\/"},"wordCount":391,"commentCount":0,"publisher":{"@id":"https:\/\/www.notibras.com\/site\/#organization"},"image":{"@id":"https:\/\/www.notibras.com\/site\/a-hora-e-a-vez-da-regularizacao-de-templos-e-igrejas-de-brasilia\/#primaryimage"},"thumbnailUrl":"https:\/\/www.notibras.com\/site\/wp-content\/uploads\/2015\/04\/regu..jpg","articleSection":["Opina a\u00ed"],"inLanguage":"pt-BR","potentialAction":[{"@type":"CommentAction","name":"Comment","target":["https:\/\/www.notibras.com\/site\/a-hora-e-a-vez-da-regularizacao-de-templos-e-igrejas-de-brasilia\/#respond"]}]},{"@type":"WebPage","@id":"https:\/\/www.notibras.com\/site\/a-hora-e-a-vez-da-regularizacao-de-templos-e-igrejas-de-brasilia\/","url":"https:\/\/www.notibras.com\/site\/a-hora-e-a-vez-da-regularizacao-de-templos-e-igrejas-de-brasilia\/","name":"A hora e a vez da regulariza\u00e7\u00e3o de templos e igrejas de Bras\u00edlia - Notibras","isPartOf":{"@id":"https:\/\/www.notibras.com\/site\/#website"},"primaryImageOfPage":{"@id":"https:\/\/www.notibras.com\/site\/a-hora-e-a-vez-da-regularizacao-de-templos-e-igrejas-de-brasilia\/#primaryimage"},"image":{"@id":"https:\/\/www.notibras.com\/site\/a-hora-e-a-vez-da-regularizacao-de-templos-e-igrejas-de-brasilia\/#primaryimage"},"thumbnailUrl":"https:\/\/www.notibras.com\/site\/wp-content\/uploads\/2015\/04\/regu..jpg","datePublished":"2015-04-30T04:55:39+00:00","breadcrumb":{"@id":"https:\/\/www.notibras.com\/site\/a-hora-e-a-vez-da-regularizacao-de-templos-e-igrejas-de-brasilia\/#breadcrumb"},"inLanguage":"pt-BR","potentialAction":[{"@type":"ReadAction","target":["https:\/\/www.notibras.com\/site\/a-hora-e-a-vez-da-regularizacao-de-templos-e-igrejas-de-brasilia\/"]}]},{"@type":"ImageObject","inLanguage":"pt-BR","@id":"https:\/\/www.notibras.com\/site\/a-hora-e-a-vez-da-regularizacao-de-templos-e-igrejas-de-brasilia\/#primaryimage","url":"https:\/\/www.notibras.com\/site\/wp-content\/uploads\/2015\/04\/regu..jpg","contentUrl":"https:\/\/www.notibras.com\/site\/wp-content\/uploads\/2015\/04\/regu..jpg","width":400,"height":369},{"@type":"BreadcrumbList","@id":"https:\/\/www.notibras.com\/site\/a-hora-e-a-vez-da-regularizacao-de-templos-e-igrejas-de-brasilia\/#breadcrumb","itemListElement":[{"@type":"ListItem","position":1,"name":"In\u00edcio","item":"https:\/\/www.notibras.com\/site\/"},{"@type":"ListItem","position":2,"name":"A hora e a vez da regulariza\u00e7\u00e3o de templos e igrejas de Bras\u00edlia"}]},{"@type":"WebSite","@id":"https:\/\/www.notibras.com\/site\/#website","url":"https:\/\/www.notibras.com\/site\/","name":"Notibras","description":"Not\u00edcias de Bras\u00edlia, do Brasil e do Mundo","publisher":{"@id":"https:\/\/www.notibras.com\/site\/#organization"},"potentialAction":[{"@type":"SearchAction","target":{"@type":"EntryPoint","urlTemplate":"https:\/\/www.notibras.com\/site\/?s={search_term_string}"},"query-input":{"@type":"PropertyValueSpecification","valueRequired":true,"valueName":"search_term_string"}}],"inLanguage":"pt-BR"},{"@type":"Organization","@id":"https:\/\/www.notibras.com\/site\/#organization","name":"Grupo Notibras de Comunica\u00e7\u00e3o","url":"https:\/\/www.notibras.com\/site\/","logo":{"@type":"ImageObject","inLanguage":"pt-BR","@id":"https:\/\/www.notibras.com\/site\/#\/schema\/logo\/image\/","url":"https:\/\/www.notibras.com\/site\/wp-content\/uploads\/2023\/01\/notibras23.png","contentUrl":"https:\/\/www.notibras.com\/site\/wp-content\/uploads\/2023\/01\/notibras23.png","width":350,"height":87,"caption":"Grupo Notibras de Comunica\u00e7\u00e3o"},"image":{"@id":"https:\/\/www.notibras.com\/site\/#\/schema\/logo\/image\/"},"sameAs":["https:\/\/www.facebook.com\/notibras\/","https:\/\/x.com\/Notibras","https:\/\/www.instagram.com\/notibras\/"]},{"@type":"Person","@id":"https:\/\/www.notibras.com\/site\/#\/schema\/person\/36ab0979449956132d3e5b517ea76ac8","name":"Reda\u00e7\u00e3o","image":{"@type":"ImageObject","inLanguage":"pt-BR","@id":"https:\/\/secure.gravatar.com\/avatar\/e0a867bdedb85fd243eadf09663511f96fc81e0720a4a42581f334ad4303aa6b?s=96&d=mm&r=g","url":"https:\/\/secure.gravatar.com\/avatar\/e0a867bdedb85fd243eadf09663511f96fc81e0720a4a42581f334ad4303aa6b?s=96&d=mm&r=g","contentUrl":"https:\/\/secure.gravatar.com\/avatar\/e0a867bdedb85fd243eadf09663511f96fc81e0720a4a42581f334ad4303aa6b?s=96&d=mm&r=g","caption":"Reda\u00e7\u00e3o"}}]}},"amp_enabled":true,"_links":{"self":[{"href":"https:\/\/www.notibras.com\/site\/wp-json\/wp\/v2\/posts\/46057","targetHints":{"allow":["GET"]}}],"collection":[{"href":"https:\/\/www.notibras.com\/site\/wp-json\/wp\/v2\/posts"}],"about":[{"href":"https:\/\/www.notibras.com\/site\/wp-json\/wp\/v2\/types\/post"}],"author":[{"embeddable":true,"href":"https:\/\/www.notibras.com\/site\/wp-json\/wp\/v2\/users\/2"}],"replies":[{"embeddable":true,"href":"https:\/\/www.notibras.com\/site\/wp-json\/wp\/v2\/comments?post=46057"}],"version-history":[{"count":0,"href":"https:\/\/www.notibras.com\/site\/wp-json\/wp\/v2\/posts\/46057\/revisions"}],"wp:featuredmedia":[{"embeddable":true,"href":"https:\/\/www.notibras.com\/site\/wp-json\/wp\/v2\/media\/46058"}],"wp:attachment":[{"href":"https:\/\/www.notibras.com\/site\/wp-json\/wp\/v2\/media?parent=46057"}],"wp:term":[{"taxonomy":"category","embeddable":true,"href":"https:\/\/www.notibras.com\/site\/wp-json\/wp\/v2\/categories?post=46057"},{"taxonomy":"post_tag","embeddable":true,"href":"https:\/\/www.notibras.com\/site\/wp-json\/wp\/v2\/tags?post=46057"}],"curies":[{"name":"wp","href":"https:\/\/api.w.org\/{rel}","templated":true}]}}