{"id":46069,"date":"2015-04-30T02:13:00","date_gmt":"2015-04-30T05:13:00","guid":{"rendered":"http:\/\/www.notibras.com\/site\/?p=46069"},"modified":"2015-04-30T07:39:25","modified_gmt":"2015-04-30T10:39:25","slug":"ceara-vence-bahia-duas-vezes-e-fica-com-o-campeonato-do-nordeste","status":"publish","type":"post","link":"https:\/\/www.notibras.com\/site\/ceara-vence-bahia-duas-vezes-e-fica-com-o-campeonato-do-nordeste\/","title":{"rendered":"Cear\u00e1 vence Bahia duas vezes e fica com o campeonato do Nordeste"},"content":{"rendered":"<p>Dessa vez foi s\u00f3 alegria. E com direito a recorde de p\u00fablico. O Cear\u00e1, enfim, conquistou a Copa do Nordeste. Nessa quarta-feira, num Castel\u00e3o com 63.399 pagantes, maior p\u00fablico do futebol nacional desde a Copa do Mundo, o Vov\u00f4 venceu o Bahia por 2 a 1 e sagrou-se campe\u00e3o do torneio regional pela primeira vez em sua hist\u00f3ria.<\/p>\n<p>Nos dois \u00faltimos anos, o Cear\u00e1 havia batido na trave. Foi eliminado na semifinal pelo Asa em 2013 e perdeu a final para o Sport no ano passado. Nas duas ocasi\u00f5es, no Castel\u00e3o lotado.<\/p>\n<p>Mas ap\u00f3s vencer o primeiro jogo na Fonte Nova por 1 a 0, o Vov\u00f4 n\u00e3o deixou o t\u00edtulo escapar diante de sua torcida apaixonada. Definiu o placar com dois gols de cabe\u00e7a, de seus dois zagueiros, com duas assist\u00eancias de Ricardinho.<\/p>\n<p>Primeiro, ele cruzou para Charles abrir o placar no primeiro tempo. Depois, bateu escanteio na cabe\u00e7a de Gilvan, no in\u00edcio da etapa final, para garantir o t\u00edtulo do Cear\u00e1. Maxi Biancucchi ainda descontou no final para o Bahia em falha do goleiro do Cear\u00e1. Mas era tarde demais: Cear\u00e1 \u00e9 campe\u00e3o da Copa do Nordeste.<\/p>\n<blockquote><p>Foi l\u00e1 e c\u00e1. A partida entre Cear\u00e1 e Bahia come\u00e7ou com muita intensidade e movimenta\u00e7\u00e3o dos dois lados. Pressionando desde o apito inicial, o Bahia chegou com perigo logo aos tr\u00eas minutos em cobran\u00e7a de falta de R\u00f4mulo. Depois do susto, o Cear\u00e1 adiantou suas linhas e pressionou a sa\u00edda de bola do Tricolor.<\/p><\/blockquote>\n<p>Mas o Bahia apareceu mais uma vez aos 9 minutos em mais uma jogada de R\u00f4mulo. Ele cruzou na cabe\u00e7a de Souza que cabeceou tirando do goleiro, mas Ricardinho salvou em cima da linha.<\/p>\n<p>O castigo para o Bahia n\u00e3o demorou. Com 15 minutos, Ricardinho cruzou na cabe\u00e7a de Charles para o zagueiro abrir o placar para o Cear\u00e1. Ap\u00f3s o gol, o jogo continuou em ritmo alucinante, mas com o Cear\u00e1 chamando o Bahia para seu campo e apostando nos contragolpes.<\/p>\n<p>E foi assim que quase ampliou com Wescley aos 22 minutos ap\u00f3s contra-ataque puxado por Magno Alves. Mas a bola ficou na rede do lado de fora. Cinco minutos depois, foi a vez do Bahia chegar com perigo. Kieza balan\u00e7ou as redes ap\u00f3s passe de Maxi Biancucchi. Mas o bandeirinha marcou impedimento do atacante do Tricolor.<\/p>\n<p>No fim do primeiro tempo, o Bahia tentou simular uma press\u00e3o pra cima do Cear\u00e1, mas esbarrou no pr\u00f3prio nervosismo.<\/p>\n<p>A etapa final voltou t\u00e3o eletrizante como terminou o primeiro tempo. Logo aos 6 minutos, o Cear\u00e1 ampliou a vantagem em mais uma jogada a\u00e9rea. Ricardinho cruzou na cabe\u00e7a do zagueiro Gilvan, que s\u00f3 testou para fazer 2 a 0 para o Cear\u00e1 e praticamente garantir o t\u00edtulo in\u00e9dito ao Cear\u00e1.<\/p>\n<p>No restante da etapa final, o Cear\u00e1 teve boas chances para ampliar o placar. Foi o Bahia, por\u00e9m, que descontou no finzinho com Maxi Biancucchi em falha na sa\u00edda de bola do time da casa. Mas n\u00e3o dava tempo para mais nada. E o Cear\u00e1 chegou ao t\u00edtulo in\u00e9dito.<\/p>\n","protected":false},"excerpt":{"rendered":"<p>Dessa vez foi s\u00f3 alegria. E com direito a recorde de p\u00fablico. O Cear\u00e1, enfim, conquistou a Copa do Nordeste. Nessa quarta-feira, num Castel\u00e3o com 63.399 pagantes, maior p\u00fablico do futebol nacional desde a Copa do Mundo, o Vov\u00f4 venceu o Bahia por 2 a 1 e sagrou-se campe\u00e3o do torneio regional pela primeira vez [&hellip;]<\/p>\n","protected":false},"author":2,"featured_media":46070,"comment_status":"open","ping_status":"closed","sticky":false,"template":"","format":"standard","meta":{"_acf_changed":false,"footnotes":""},"categories":[19,29],"tags":[],"class_list":["post-46069","post","type-post","status-publish","format-standard","has-post-thumbnail","hentry","category-esportes","category-futebol"],"acf":[],"yoast_head":"<!-- This site is optimized with the Yoast SEO plugin v27.2 - https:\/\/yoast.com\/product\/yoast-seo-wordpress\/ -->\n<title>Cear\u00e1 vence Bahia duas vezes e fica com o campeonato do Nordeste - Notibras<\/title>\n<meta name=\"robots\" content=\"index, follow, max-snippet:-1, max-image-preview:large, max-video-preview:-1\" \/>\n<link rel=\"canonical\" href=\"https:\/\/www.notibras.com\/site\/ceara-vence-bahia-duas-vezes-e-fica-com-o-campeonato-do-nordeste\/\" \/>\n<meta property=\"og:locale\" content=\"pt_BR\" \/>\n<meta property=\"og:type\" content=\"article\" \/>\n<meta property=\"og:title\" content=\"Cear\u00e1 vence Bahia duas vezes e fica com o campeonato do Nordeste - Notibras\" \/>\n<meta property=\"og:description\" content=\"Dessa vez foi s\u00f3 alegria. E com direito a recorde de p\u00fablico. O Cear\u00e1, enfim, conquistou a Copa do Nordeste. Nessa quarta-feira, num Castel\u00e3o com 63.399 pagantes, maior p\u00fablico do futebol nacional desde a Copa do Mundo, o Vov\u00f4 venceu o Bahia por 2 a 1 e sagrou-se campe\u00e3o do torneio regional pela primeira vez [&hellip;]\" \/>\n<meta property=\"og:url\" content=\"https:\/\/www.notibras.com\/site\/ceara-vence-bahia-duas-vezes-e-fica-com-o-campeonato-do-nordeste\/\" \/>\n<meta property=\"og:site_name\" content=\"Notibras\" \/>\n<meta property=\"article:publisher\" content=\"https:\/\/www.facebook.com\/notibras\/\" \/>\n<meta property=\"article:published_time\" content=\"2015-04-30T05:13:00+00:00\" \/>\n<meta property=\"article:modified_time\" content=\"2015-04-30T10:39:25+00:00\" \/>\n<meta property=\"og:image\" content=\"https:\/\/www.notibras.com\/site\/wp-content\/uploads\/2015\/04\/cecam.jpg\" \/>\n\t<meta property=\"og:image:width\" content=\"300\" \/>\n\t<meta property=\"og:image:height\" content=\"300\" \/>\n\t<meta property=\"og:image:type\" content=\"image\/jpeg\" \/>\n<meta name=\"author\" content=\"Reda\u00e7\u00e3o\" \/>\n<meta name=\"twitter:card\" content=\"summary_large_image\" \/>\n<meta name=\"twitter:creator\" content=\"@Notibras\" \/>\n<meta name=\"twitter:site\" content=\"@Notibras\" \/>\n<meta name=\"twitter:label1\" content=\"Escrito por\" \/>\n\t<meta name=\"twitter:data1\" content=\"Reda\u00e7\u00e3o\" \/>\n\t<meta name=\"twitter:label2\" content=\"Est. tempo de leitura\" \/>\n\t<meta name=\"twitter:data2\" content=\"3 minutos\" \/>\n<script type=\"application\/ld+json\" class=\"yoast-schema-graph\">{\"@context\":\"https:\/\/schema.org\",\"@graph\":[{\"@type\":\"Article\",\"@id\":\"https:\/\/www.notibras.com\/site\/ceara-vence-bahia-duas-vezes-e-fica-com-o-campeonato-do-nordeste\/#article\",\"isPartOf\":{\"@id\":\"https:\/\/www.notibras.com\/site\/ceara-vence-bahia-duas-vezes-e-fica-com-o-campeonato-do-nordeste\/\"},\"author\":{\"name\":\"Reda\u00e7\u00e3o\",\"@id\":\"https:\/\/www.notibras.com\/site\/#\/schema\/person\/36ab0979449956132d3e5b517ea76ac8\"},\"headline\":\"Cear\u00e1 vence Bahia duas vezes e fica com o campeonato do Nordeste\",\"datePublished\":\"2015-04-30T05:13:00+00:00\",\"dateModified\":\"2015-04-30T10:39:25+00:00\",\"mainEntityOfPage\":{\"@id\":\"https:\/\/www.notibras.com\/site\/ceara-vence-bahia-duas-vezes-e-fica-com-o-campeonato-do-nordeste\/\"},\"wordCount\":543,\"commentCount\":0,\"publisher\":{\"@id\":\"https:\/\/www.notibras.com\/site\/#organization\"},\"image\":{\"@id\":\"https:\/\/www.notibras.com\/site\/ceara-vence-bahia-duas-vezes-e-fica-com-o-campeonato-do-nordeste\/#primaryimage\"},\"thumbnailUrl\":\"https:\/\/www.notibras.com\/site\/wp-content\/uploads\/2015\/04\/cecam.jpg\",\"articleSection\":[\"Esportes\",\"Futebol\"],\"inLanguage\":\"pt-BR\",\"potentialAction\":[{\"@type\":\"CommentAction\",\"name\":\"Comment\",\"target\":[\"https:\/\/www.notibras.com\/site\/ceara-vence-bahia-duas-vezes-e-fica-com-o-campeonato-do-nordeste\/#respond\"]}]},{\"@type\":\"WebPage\",\"@id\":\"https:\/\/www.notibras.com\/site\/ceara-vence-bahia-duas-vezes-e-fica-com-o-campeonato-do-nordeste\/\",\"url\":\"https:\/\/www.notibras.com\/site\/ceara-vence-bahia-duas-vezes-e-fica-com-o-campeonato-do-nordeste\/\",\"name\":\"Cear\u00e1 vence Bahia duas vezes e fica com o campeonato do Nordeste - Notibras\",\"isPartOf\":{\"@id\":\"https:\/\/www.notibras.com\/site\/#website\"},\"primaryImageOfPage\":{\"@id\":\"https:\/\/www.notibras.com\/site\/ceara-vence-bahia-duas-vezes-e-fica-com-o-campeonato-do-nordeste\/#primaryimage\"},\"image\":{\"@id\":\"https:\/\/www.notibras.com\/site\/ceara-vence-bahia-duas-vezes-e-fica-com-o-campeonato-do-nordeste\/#primaryimage\"},\"thumbnailUrl\":\"https:\/\/www.notibras.com\/site\/wp-content\/uploads\/2015\/04\/cecam.jpg\",\"datePublished\":\"2015-04-30T05:13:00+00:00\",\"dateModified\":\"2015-04-30T10:39:25+00:00\",\"breadcrumb\":{\"@id\":\"https:\/\/www.notibras.com\/site\/ceara-vence-bahia-duas-vezes-e-fica-com-o-campeonato-do-nordeste\/#breadcrumb\"},\"inLanguage\":\"pt-BR\",\"potentialAction\":[{\"@type\":\"ReadAction\",\"target\":[\"https:\/\/www.notibras.com\/site\/ceara-vence-bahia-duas-vezes-e-fica-com-o-campeonato-do-nordeste\/\"]}]},{\"@type\":\"ImageObject\",\"inLanguage\":\"pt-BR\",\"@id\":\"https:\/\/www.notibras.com\/site\/ceara-vence-bahia-duas-vezes-e-fica-com-o-campeonato-do-nordeste\/#primaryimage\",\"url\":\"https:\/\/www.notibras.com\/site\/wp-content\/uploads\/2015\/04\/cecam.jpg\",\"contentUrl\":\"https:\/\/www.notibras.com\/site\/wp-content\/uploads\/2015\/04\/cecam.jpg\",\"width\":300,\"height\":300},{\"@type\":\"BreadcrumbList\",\"@id\":\"https:\/\/www.notibras.com\/site\/ceara-vence-bahia-duas-vezes-e-fica-com-o-campeonato-do-nordeste\/#breadcrumb\",\"itemListElement\":[{\"@type\":\"ListItem\",\"position\":1,\"name\":\"In\u00edcio\",\"item\":\"https:\/\/www.notibras.com\/site\/\"},{\"@type\":\"ListItem\",\"position\":2,\"name\":\"Cear\u00e1 vence Bahia duas vezes e fica com o campeonato do Nordeste\"}]},{\"@type\":\"WebSite\",\"@id\":\"https:\/\/www.notibras.com\/site\/#website\",\"url\":\"https:\/\/www.notibras.com\/site\/\",\"name\":\"Notibras\",\"description\":\"Not\u00edcias de Bras\u00edlia, do Brasil e do Mundo\",\"publisher\":{\"@id\":\"https:\/\/www.notibras.com\/site\/#organization\"},\"potentialAction\":[{\"@type\":\"SearchAction\",\"target\":{\"@type\":\"EntryPoint\",\"urlTemplate\":\"https:\/\/www.notibras.com\/site\/?s={search_term_string}\"},\"query-input\":{\"@type\":\"PropertyValueSpecification\",\"valueRequired\":true,\"valueName\":\"search_term_string\"}}],\"inLanguage\":\"pt-BR\"},{\"@type\":\"Organization\",\"@id\":\"https:\/\/www.notibras.com\/site\/#organization\",\"name\":\"Grupo Notibras de Comunica\u00e7\u00e3o\",\"url\":\"https:\/\/www.notibras.com\/site\/\",\"logo\":{\"@type\":\"ImageObject\",\"inLanguage\":\"pt-BR\",\"@id\":\"https:\/\/www.notibras.com\/site\/#\/schema\/logo\/image\/\",\"url\":\"https:\/\/www.notibras.com\/site\/wp-content\/uploads\/2023\/01\/notibras23.png\",\"contentUrl\":\"https:\/\/www.notibras.com\/site\/wp-content\/uploads\/2023\/01\/notibras23.png\",\"width\":350,\"height\":87,\"caption\":\"Grupo Notibras de Comunica\u00e7\u00e3o\"},\"image\":{\"@id\":\"https:\/\/www.notibras.com\/site\/#\/schema\/logo\/image\/\"},\"sameAs\":[\"https:\/\/www.facebook.com\/notibras\/\",\"https:\/\/x.com\/Notibras\",\"https:\/\/www.instagram.com\/notibras\/\"]},{\"@type\":\"Person\",\"@id\":\"https:\/\/www.notibras.com\/site\/#\/schema\/person\/36ab0979449956132d3e5b517ea76ac8\",\"name\":\"Reda\u00e7\u00e3o\",\"image\":{\"@type\":\"ImageObject\",\"inLanguage\":\"pt-BR\",\"@id\":\"https:\/\/secure.gravatar.com\/avatar\/e0a867bdedb85fd243eadf09663511f96fc81e0720a4a42581f334ad4303aa6b?s=96&d=mm&r=g\",\"url\":\"https:\/\/secure.gravatar.com\/avatar\/e0a867bdedb85fd243eadf09663511f96fc81e0720a4a42581f334ad4303aa6b?s=96&d=mm&r=g\",\"contentUrl\":\"https:\/\/secure.gravatar.com\/avatar\/e0a867bdedb85fd243eadf09663511f96fc81e0720a4a42581f334ad4303aa6b?s=96&d=mm&r=g\",\"caption\":\"Reda\u00e7\u00e3o\"}}]}<\/script>\n<!-- \/ Yoast SEO plugin. -->","yoast_head_json":{"title":"Cear\u00e1 vence Bahia duas vezes e fica com o campeonato do Nordeste - Notibras","robots":{"index":"index","follow":"follow","max-snippet":"max-snippet:-1","max-image-preview":"max-image-preview:large","max-video-preview":"max-video-preview:-1"},"canonical":"https:\/\/www.notibras.com\/site\/ceara-vence-bahia-duas-vezes-e-fica-com-o-campeonato-do-nordeste\/","og_locale":"pt_BR","og_type":"article","og_title":"Cear\u00e1 vence Bahia duas vezes e fica com o campeonato do Nordeste - Notibras","og_description":"Dessa vez foi s\u00f3 alegria. E com direito a recorde de p\u00fablico. O Cear\u00e1, enfim, conquistou a Copa do Nordeste. Nessa quarta-feira, num Castel\u00e3o com 63.399 pagantes, maior p\u00fablico do futebol nacional desde a Copa do Mundo, o Vov\u00f4 venceu o Bahia por 2 a 1 e sagrou-se campe\u00e3o do torneio regional pela primeira vez [&hellip;]","og_url":"https:\/\/www.notibras.com\/site\/ceara-vence-bahia-duas-vezes-e-fica-com-o-campeonato-do-nordeste\/","og_site_name":"Notibras","article_publisher":"https:\/\/www.facebook.com\/notibras\/","article_published_time":"2015-04-30T05:13:00+00:00","article_modified_time":"2015-04-30T10:39:25+00:00","og_image":[{"width":300,"height":300,"url":"https:\/\/www.notibras.com\/site\/wp-content\/uploads\/2015\/04\/cecam.jpg","type":"image\/jpeg"}],"author":"Reda\u00e7\u00e3o","twitter_card":"summary_large_image","twitter_creator":"@Notibras","twitter_site":"@Notibras","twitter_misc":{"Escrito por":"Reda\u00e7\u00e3o","Est. tempo de leitura":"3 minutos"},"schema":{"@context":"https:\/\/schema.org","@graph":[{"@type":"Article","@id":"https:\/\/www.notibras.com\/site\/ceara-vence-bahia-duas-vezes-e-fica-com-o-campeonato-do-nordeste\/#article","isPartOf":{"@id":"https:\/\/www.notibras.com\/site\/ceara-vence-bahia-duas-vezes-e-fica-com-o-campeonato-do-nordeste\/"},"author":{"name":"Reda\u00e7\u00e3o","@id":"https:\/\/www.notibras.com\/site\/#\/schema\/person\/36ab0979449956132d3e5b517ea76ac8"},"headline":"Cear\u00e1 vence Bahia duas vezes e fica com o campeonato do Nordeste","datePublished":"2015-04-30T05:13:00+00:00","dateModified":"2015-04-30T10:39:25+00:00","mainEntityOfPage":{"@id":"https:\/\/www.notibras.com\/site\/ceara-vence-bahia-duas-vezes-e-fica-com-o-campeonato-do-nordeste\/"},"wordCount":543,"commentCount":0,"publisher":{"@id":"https:\/\/www.notibras.com\/site\/#organization"},"image":{"@id":"https:\/\/www.notibras.com\/site\/ceara-vence-bahia-duas-vezes-e-fica-com-o-campeonato-do-nordeste\/#primaryimage"},"thumbnailUrl":"https:\/\/www.notibras.com\/site\/wp-content\/uploads\/2015\/04\/cecam.jpg","articleSection":["Esportes","Futebol"],"inLanguage":"pt-BR","potentialAction":[{"@type":"CommentAction","name":"Comment","target":["https:\/\/www.notibras.com\/site\/ceara-vence-bahia-duas-vezes-e-fica-com-o-campeonato-do-nordeste\/#respond"]}]},{"@type":"WebPage","@id":"https:\/\/www.notibras.com\/site\/ceara-vence-bahia-duas-vezes-e-fica-com-o-campeonato-do-nordeste\/","url":"https:\/\/www.notibras.com\/site\/ceara-vence-bahia-duas-vezes-e-fica-com-o-campeonato-do-nordeste\/","name":"Cear\u00e1 vence Bahia duas vezes e fica com o campeonato do Nordeste - Notibras","isPartOf":{"@id":"https:\/\/www.notibras.com\/site\/#website"},"primaryImageOfPage":{"@id":"https:\/\/www.notibras.com\/site\/ceara-vence-bahia-duas-vezes-e-fica-com-o-campeonato-do-nordeste\/#primaryimage"},"image":{"@id":"https:\/\/www.notibras.com\/site\/ceara-vence-bahia-duas-vezes-e-fica-com-o-campeonato-do-nordeste\/#primaryimage"},"thumbnailUrl":"https:\/\/www.notibras.com\/site\/wp-content\/uploads\/2015\/04\/cecam.jpg","datePublished":"2015-04-30T05:13:00+00:00","dateModified":"2015-04-30T10:39:25+00:00","breadcrumb":{"@id":"https:\/\/www.notibras.com\/site\/ceara-vence-bahia-duas-vezes-e-fica-com-o-campeonato-do-nordeste\/#breadcrumb"},"inLanguage":"pt-BR","potentialAction":[{"@type":"ReadAction","target":["https:\/\/www.notibras.com\/site\/ceara-vence-bahia-duas-vezes-e-fica-com-o-campeonato-do-nordeste\/"]}]},{"@type":"ImageObject","inLanguage":"pt-BR","@id":"https:\/\/www.notibras.com\/site\/ceara-vence-bahia-duas-vezes-e-fica-com-o-campeonato-do-nordeste\/#primaryimage","url":"https:\/\/www.notibras.com\/site\/wp-content\/uploads\/2015\/04\/cecam.jpg","contentUrl":"https:\/\/www.notibras.com\/site\/wp-content\/uploads\/2015\/04\/cecam.jpg","width":300,"height":300},{"@type":"BreadcrumbList","@id":"https:\/\/www.notibras.com\/site\/ceara-vence-bahia-duas-vezes-e-fica-com-o-campeonato-do-nordeste\/#breadcrumb","itemListElement":[{"@type":"ListItem","position":1,"name":"In\u00edcio","item":"https:\/\/www.notibras.com\/site\/"},{"@type":"ListItem","position":2,"name":"Cear\u00e1 vence Bahia duas vezes e fica com o campeonato do Nordeste"}]},{"@type":"WebSite","@id":"https:\/\/www.notibras.com\/site\/#website","url":"https:\/\/www.notibras.com\/site\/","name":"Notibras","description":"Not\u00edcias de Bras\u00edlia, do Brasil e do Mundo","publisher":{"@id":"https:\/\/www.notibras.com\/site\/#organization"},"potentialAction":[{"@type":"SearchAction","target":{"@type":"EntryPoint","urlTemplate":"https:\/\/www.notibras.com\/site\/?s={search_term_string}"},"query-input":{"@type":"PropertyValueSpecification","valueRequired":true,"valueName":"search_term_string"}}],"inLanguage":"pt-BR"},{"@type":"Organization","@id":"https:\/\/www.notibras.com\/site\/#organization","name":"Grupo Notibras de Comunica\u00e7\u00e3o","url":"https:\/\/www.notibras.com\/site\/","logo":{"@type":"ImageObject","inLanguage":"pt-BR","@id":"https:\/\/www.notibras.com\/site\/#\/schema\/logo\/image\/","url":"https:\/\/www.notibras.com\/site\/wp-content\/uploads\/2023\/01\/notibras23.png","contentUrl":"https:\/\/www.notibras.com\/site\/wp-content\/uploads\/2023\/01\/notibras23.png","width":350,"height":87,"caption":"Grupo Notibras de Comunica\u00e7\u00e3o"},"image":{"@id":"https:\/\/www.notibras.com\/site\/#\/schema\/logo\/image\/"},"sameAs":["https:\/\/www.facebook.com\/notibras\/","https:\/\/x.com\/Notibras","https:\/\/www.instagram.com\/notibras\/"]},{"@type":"Person","@id":"https:\/\/www.notibras.com\/site\/#\/schema\/person\/36ab0979449956132d3e5b517ea76ac8","name":"Reda\u00e7\u00e3o","image":{"@type":"ImageObject","inLanguage":"pt-BR","@id":"https:\/\/secure.gravatar.com\/avatar\/e0a867bdedb85fd243eadf09663511f96fc81e0720a4a42581f334ad4303aa6b?s=96&d=mm&r=g","url":"https:\/\/secure.gravatar.com\/avatar\/e0a867bdedb85fd243eadf09663511f96fc81e0720a4a42581f334ad4303aa6b?s=96&d=mm&r=g","contentUrl":"https:\/\/secure.gravatar.com\/avatar\/e0a867bdedb85fd243eadf09663511f96fc81e0720a4a42581f334ad4303aa6b?s=96&d=mm&r=g","caption":"Reda\u00e7\u00e3o"}}]}},"amp_enabled":true,"_links":{"self":[{"href":"https:\/\/www.notibras.com\/site\/wp-json\/wp\/v2\/posts\/46069","targetHints":{"allow":["GET"]}}],"collection":[{"href":"https:\/\/www.notibras.com\/site\/wp-json\/wp\/v2\/posts"}],"about":[{"href":"https:\/\/www.notibras.com\/site\/wp-json\/wp\/v2\/types\/post"}],"author":[{"embeddable":true,"href":"https:\/\/www.notibras.com\/site\/wp-json\/wp\/v2\/users\/2"}],"replies":[{"embeddable":true,"href":"https:\/\/www.notibras.com\/site\/wp-json\/wp\/v2\/comments?post=46069"}],"version-history":[{"count":0,"href":"https:\/\/www.notibras.com\/site\/wp-json\/wp\/v2\/posts\/46069\/revisions"}],"wp:featuredmedia":[{"embeddable":true,"href":"https:\/\/www.notibras.com\/site\/wp-json\/wp\/v2\/media\/46070"}],"wp:attachment":[{"href":"https:\/\/www.notibras.com\/site\/wp-json\/wp\/v2\/media?parent=46069"}],"wp:term":[{"taxonomy":"category","embeddable":true,"href":"https:\/\/www.notibras.com\/site\/wp-json\/wp\/v2\/categories?post=46069"},{"taxonomy":"post_tag","embeddable":true,"href":"https:\/\/www.notibras.com\/site\/wp-json\/wp\/v2\/tags?post=46069"}],"curies":[{"name":"wp","href":"https:\/\/api.w.org\/{rel}","templated":true}]}}