{"id":46100,"date":"2015-04-30T12:00:58","date_gmt":"2015-04-30T15:00:58","guid":{"rendered":"http:\/\/www.notibras.com\/site\/?p=46100"},"modified":"2015-04-30T16:14:22","modified_gmt":"2015-04-30T19:14:22","slug":"estado-de-sao-paulo-pretende-imunizar-118-milhoes-de-pessoas-contra-a-gripe","status":"publish","type":"post","link":"https:\/\/www.notibras.com\/site\/estado-de-sao-paulo-pretende-imunizar-118-milhoes-de-pessoas-contra-a-gripe\/","title":{"rendered":"S\u00e3o Paulo quer imunizar 11,8 milh\u00f5es contra a gripe"},"content":{"rendered":"<p>Cerca de 11,8 milh\u00f5es de pessoas devem ser vacinadas contra a gripe no estado de S\u00e3o Paulo. A campanha nacional come\u00e7a na pr\u00f3xima segunda-feira (4) e vai at\u00e9 22 de maio, em mais de 6 mil postos nas cidades paulistas.<\/p>\n<p>Devem receber a vacina idosos, ind\u00edgenas, presos, funcion\u00e1rios do sistema prisional, pessoas com doen\u00e7as cr\u00f4nicas, profissionais de sa\u00fade, gestantes, mulheres que tiveram filhos nos \u00faltimos 45 dias e crian\u00e7as com mais de 6 meses e menos de 5 anos de idade.<\/p>\n<blockquote><p>A imuniza\u00e7\u00e3o serve contra o v\u00edrus influeza, a gripe A H1N1 e os v\u00edrus influenza &#8211; A (H3N2) e B. Idosos hospitalizados e pessoas com doen\u00e7as cr\u00f4nicas podem ser vacinados tamb\u00e9m, no per\u00edodo da campanha, com pneumoc\u00f3cica 23-valente, que protege contra a pneumonia, meningite e bacteremia, septicemia (infec\u00e7\u00e3o generalizada do sangue). Haver\u00e1 tamb\u00e9m vacinas contra difteria e t\u00e9tano.<\/p><\/blockquote>\n<p>No s\u00e1bado, dia 9, Dia D, ser\u00e3o instalados postos de vacina\u00e7\u00e3o fixos e volantes, que ficar\u00e3o abertos das 8h \u00e0s 17h. Nos outros dias da campanha, os postos atendem de segunda a sexta-feira nesse mesmo hor\u00e1rio.<\/p>\n","protected":false},"excerpt":{"rendered":"<p>Cerca de 11,8 milh\u00f5es de pessoas devem ser vacinadas contra a gripe no estado de S\u00e3o Paulo. A campanha nacional come\u00e7a na pr\u00f3xima segunda-feira (4) e vai at\u00e9 22 de maio, em mais de 6 mil postos nas cidades paulistas. Devem receber a vacina idosos, ind\u00edgenas, presos, funcion\u00e1rios do sistema prisional, pessoas com doen\u00e7as cr\u00f4nicas, [&hellip;]<\/p>\n","protected":false},"author":1,"featured_media":46101,"comment_status":"open","ping_status":"closed","sticky":false,"template":"","format":"standard","meta":{"_acf_changed":false,"footnotes":""},"categories":[16],"tags":[],"class_list":["post-46100","post","type-post","status-publish","format-standard","has-post-thumbnail","hentry","category-brasil"],"acf":[],"yoast_head":"<!-- This site is optimized with the Yoast SEO plugin v27.5 - https:\/\/yoast.com\/product\/yoast-seo-wordpress\/ -->\n<title>S\u00e3o Paulo quer imunizar 11,8 milh\u00f5es contra a gripe - Notibras<\/title>\n<meta name=\"robots\" content=\"index, follow, max-snippet:-1, max-image-preview:large, max-video-preview:-1\" \/>\n<link rel=\"canonical\" href=\"https:\/\/www.notibras.com\/site\/estado-de-sao-paulo-pretende-imunizar-118-milhoes-de-pessoas-contra-a-gripe\/\" \/>\n<meta property=\"og:locale\" content=\"pt_BR\" \/>\n<meta property=\"og:type\" content=\"article\" \/>\n<meta property=\"og:title\" content=\"S\u00e3o Paulo quer imunizar 11,8 milh\u00f5es contra a gripe - Notibras\" \/>\n<meta property=\"og:description\" content=\"Cerca de 11,8 milh\u00f5es de pessoas devem ser vacinadas contra a gripe no estado de S\u00e3o Paulo. A campanha nacional come\u00e7a na pr\u00f3xima segunda-feira (4) e vai at\u00e9 22 de maio, em mais de 6 mil postos nas cidades paulistas. Devem receber a vacina idosos, ind\u00edgenas, presos, funcion\u00e1rios do sistema prisional, pessoas com doen\u00e7as cr\u00f4nicas, [&hellip;]\" \/>\n<meta property=\"og:url\" content=\"https:\/\/www.notibras.com\/site\/estado-de-sao-paulo-pretende-imunizar-118-milhoes-de-pessoas-contra-a-gripe\/\" \/>\n<meta property=\"og:site_name\" content=\"Notibras\" \/>\n<meta property=\"article:publisher\" content=\"https:\/\/www.facebook.com\/notibras\/\" \/>\n<meta property=\"article:published_time\" content=\"2015-04-30T15:00:58+00:00\" \/>\n<meta property=\"article:modified_time\" content=\"2015-04-30T19:14:22+00:00\" \/>\n<meta property=\"og:image\" content=\"https:\/\/www.notibras.com\/site\/wp-content\/uploads\/2015\/04\/Sem-t\u00edtulo-119.jpg\" \/>\n\t<meta property=\"og:image:width\" content=\"580\" \/>\n\t<meta property=\"og:image:height\" content=\"388\" \/>\n\t<meta property=\"og:image:type\" content=\"image\/jpeg\" \/>\n<meta name=\"author\" content=\"Reda\u00e7\u00e3o\" \/>\n<meta name=\"twitter:card\" content=\"summary_large_image\" \/>\n<meta name=\"twitter:creator\" content=\"@Notibras\" \/>\n<meta name=\"twitter:site\" content=\"@Notibras\" \/>\n<meta name=\"twitter:label1\" content=\"Escrito por\" \/>\n\t<meta name=\"twitter:data1\" content=\"Reda\u00e7\u00e3o\" \/>\n\t<meta name=\"twitter:label2\" content=\"Est. tempo de leitura\" \/>\n\t<meta name=\"twitter:data2\" content=\"1 minuto\" \/>\n<script type=\"application\/ld+json\" class=\"yoast-schema-graph\">{\"@context\":\"https:\\\/\\\/schema.org\",\"@graph\":[{\"@type\":\"Article\",\"@id\":\"https:\\\/\\\/www.notibras.com\\\/site\\\/estado-de-sao-paulo-pretende-imunizar-118-milhoes-de-pessoas-contra-a-gripe\\\/#article\",\"isPartOf\":{\"@id\":\"https:\\\/\\\/www.notibras.com\\\/site\\\/estado-de-sao-paulo-pretende-imunizar-118-milhoes-de-pessoas-contra-a-gripe\\\/\"},\"author\":{\"name\":\"Reda\u00e7\u00e3o\",\"@id\":\"https:\\\/\\\/www.notibras.com\\\/site\\\/#\\\/schema\\\/person\\\/00b8e1aa08f9ef6563e878c5159d01cf\"},\"headline\":\"S\u00e3o Paulo quer imunizar 11,8 milh\u00f5es contra a gripe\",\"datePublished\":\"2015-04-30T15:00:58+00:00\",\"dateModified\":\"2015-04-30T19:14:22+00:00\",\"mainEntityOfPage\":{\"@id\":\"https:\\\/\\\/www.notibras.com\\\/site\\\/estado-de-sao-paulo-pretende-imunizar-118-milhoes-de-pessoas-contra-a-gripe\\\/\"},\"wordCount\":205,\"commentCount\":0,\"publisher\":{\"@id\":\"https:\\\/\\\/www.notibras.com\\\/site\\\/#organization\"},\"image\":{\"@id\":\"https:\\\/\\\/www.notibras.com\\\/site\\\/estado-de-sao-paulo-pretende-imunizar-118-milhoes-de-pessoas-contra-a-gripe\\\/#primaryimage\"},\"thumbnailUrl\":\"https:\\\/\\\/www.notibras.com\\\/site\\\/wp-content\\\/uploads\\\/2015\\\/04\\\/Sem-t\u00edtulo-119.jpg\",\"articleSection\":[\"Brasil\"],\"inLanguage\":\"pt-BR\",\"potentialAction\":[{\"@type\":\"CommentAction\",\"name\":\"Comment\",\"target\":[\"https:\\\/\\\/www.notibras.com\\\/site\\\/estado-de-sao-paulo-pretende-imunizar-118-milhoes-de-pessoas-contra-a-gripe\\\/#respond\"]}]},{\"@type\":\"WebPage\",\"@id\":\"https:\\\/\\\/www.notibras.com\\\/site\\\/estado-de-sao-paulo-pretende-imunizar-118-milhoes-de-pessoas-contra-a-gripe\\\/\",\"url\":\"https:\\\/\\\/www.notibras.com\\\/site\\\/estado-de-sao-paulo-pretende-imunizar-118-milhoes-de-pessoas-contra-a-gripe\\\/\",\"name\":\"S\u00e3o Paulo quer imunizar 11,8 milh\u00f5es contra a gripe - Notibras\",\"isPartOf\":{\"@id\":\"https:\\\/\\\/www.notibras.com\\\/site\\\/#website\"},\"primaryImageOfPage\":{\"@id\":\"https:\\\/\\\/www.notibras.com\\\/site\\\/estado-de-sao-paulo-pretende-imunizar-118-milhoes-de-pessoas-contra-a-gripe\\\/#primaryimage\"},\"image\":{\"@id\":\"https:\\\/\\\/www.notibras.com\\\/site\\\/estado-de-sao-paulo-pretende-imunizar-118-milhoes-de-pessoas-contra-a-gripe\\\/#primaryimage\"},\"thumbnailUrl\":\"https:\\\/\\\/www.notibras.com\\\/site\\\/wp-content\\\/uploads\\\/2015\\\/04\\\/Sem-t\u00edtulo-119.jpg\",\"datePublished\":\"2015-04-30T15:00:58+00:00\",\"dateModified\":\"2015-04-30T19:14:22+00:00\",\"breadcrumb\":{\"@id\":\"https:\\\/\\\/www.notibras.com\\\/site\\\/estado-de-sao-paulo-pretende-imunizar-118-milhoes-de-pessoas-contra-a-gripe\\\/#breadcrumb\"},\"inLanguage\":\"pt-BR\",\"potentialAction\":[{\"@type\":\"ReadAction\",\"target\":[\"https:\\\/\\\/www.notibras.com\\\/site\\\/estado-de-sao-paulo-pretende-imunizar-118-milhoes-de-pessoas-contra-a-gripe\\\/\"]}]},{\"@type\":\"ImageObject\",\"inLanguage\":\"pt-BR\",\"@id\":\"https:\\\/\\\/www.notibras.com\\\/site\\\/estado-de-sao-paulo-pretende-imunizar-118-milhoes-de-pessoas-contra-a-gripe\\\/#primaryimage\",\"url\":\"https:\\\/\\\/www.notibras.com\\\/site\\\/wp-content\\\/uploads\\\/2015\\\/04\\\/Sem-t\u00edtulo-119.jpg\",\"contentUrl\":\"https:\\\/\\\/www.notibras.com\\\/site\\\/wp-content\\\/uploads\\\/2015\\\/04\\\/Sem-t\u00edtulo-119.jpg\",\"width\":580,\"height\":388},{\"@type\":\"BreadcrumbList\",\"@id\":\"https:\\\/\\\/www.notibras.com\\\/site\\\/estado-de-sao-paulo-pretende-imunizar-118-milhoes-de-pessoas-contra-a-gripe\\\/#breadcrumb\",\"itemListElement\":[{\"@type\":\"ListItem\",\"position\":1,\"name\":\"In\u00edcio\",\"item\":\"https:\\\/\\\/www.notibras.com\\\/site\\\/\"},{\"@type\":\"ListItem\",\"position\":2,\"name\":\"S\u00e3o Paulo quer imunizar 11,8 milh\u00f5es contra a gripe\"}]},{\"@type\":\"WebSite\",\"@id\":\"https:\\\/\\\/www.notibras.com\\\/site\\\/#website\",\"url\":\"https:\\\/\\\/www.notibras.com\\\/site\\\/\",\"name\":\"Notibras\",\"description\":\"Not\u00edcias de Bras\u00edlia, do Brasil e do Mundo\",\"publisher\":{\"@id\":\"https:\\\/\\\/www.notibras.com\\\/site\\\/#organization\"},\"potentialAction\":[{\"@type\":\"SearchAction\",\"target\":{\"@type\":\"EntryPoint\",\"urlTemplate\":\"https:\\\/\\\/www.notibras.com\\\/site\\\/?s={search_term_string}\"},\"query-input\":{\"@type\":\"PropertyValueSpecification\",\"valueRequired\":true,\"valueName\":\"search_term_string\"}}],\"inLanguage\":\"pt-BR\"},{\"@type\":\"Organization\",\"@id\":\"https:\\\/\\\/www.notibras.com\\\/site\\\/#organization\",\"name\":\"Grupo Notibras de Comunica\u00e7\u00e3o\",\"url\":\"https:\\\/\\\/www.notibras.com\\\/site\\\/\",\"logo\":{\"@type\":\"ImageObject\",\"inLanguage\":\"pt-BR\",\"@id\":\"https:\\\/\\\/www.notibras.com\\\/site\\\/#\\\/schema\\\/logo\\\/image\\\/\",\"url\":\"https:\\\/\\\/www.notibras.com\\\/site\\\/wp-content\\\/uploads\\\/2023\\\/01\\\/notibras23.png\",\"contentUrl\":\"https:\\\/\\\/www.notibras.com\\\/site\\\/wp-content\\\/uploads\\\/2023\\\/01\\\/notibras23.png\",\"width\":350,\"height\":87,\"caption\":\"Grupo Notibras de Comunica\u00e7\u00e3o\"},\"image\":{\"@id\":\"https:\\\/\\\/www.notibras.com\\\/site\\\/#\\\/schema\\\/logo\\\/image\\\/\"},\"sameAs\":[\"https:\\\/\\\/www.facebook.com\\\/notibras\\\/\",\"https:\\\/\\\/x.com\\\/Notibras\",\"https:\\\/\\\/www.instagram.com\\\/notibras\\\/\"]},{\"@type\":\"Person\",\"@id\":\"https:\\\/\\\/www.notibras.com\\\/site\\\/#\\\/schema\\\/person\\\/00b8e1aa08f9ef6563e878c5159d01cf\",\"name\":\"Reda\u00e7\u00e3o\",\"image\":{\"@type\":\"ImageObject\",\"inLanguage\":\"pt-BR\",\"@id\":\"https:\\\/\\\/secure.gravatar.com\\\/avatar\\\/ac5a707d5b47784a5ed426c6e213e201423c750890f64e4c379114dade67dfb9?s=96&d=mm&r=g\",\"url\":\"https:\\\/\\\/secure.gravatar.com\\\/avatar\\\/ac5a707d5b47784a5ed426c6e213e201423c750890f64e4c379114dade67dfb9?s=96&d=mm&r=g\",\"contentUrl\":\"https:\\\/\\\/secure.gravatar.com\\\/avatar\\\/ac5a707d5b47784a5ed426c6e213e201423c750890f64e4c379114dade67dfb9?s=96&d=mm&r=g\",\"caption\":\"Reda\u00e7\u00e3o\"}}]}<\/script>\n<!-- \/ Yoast SEO plugin. -->","yoast_head_json":{"title":"S\u00e3o Paulo quer imunizar 11,8 milh\u00f5es contra a gripe - Notibras","robots":{"index":"index","follow":"follow","max-snippet":"max-snippet:-1","max-image-preview":"max-image-preview:large","max-video-preview":"max-video-preview:-1"},"canonical":"https:\/\/www.notibras.com\/site\/estado-de-sao-paulo-pretende-imunizar-118-milhoes-de-pessoas-contra-a-gripe\/","og_locale":"pt_BR","og_type":"article","og_title":"S\u00e3o Paulo quer imunizar 11,8 milh\u00f5es contra a gripe - Notibras","og_description":"Cerca de 11,8 milh\u00f5es de pessoas devem ser vacinadas contra a gripe no estado de S\u00e3o Paulo. A campanha nacional come\u00e7a na pr\u00f3xima segunda-feira (4) e vai at\u00e9 22 de maio, em mais de 6 mil postos nas cidades paulistas. Devem receber a vacina idosos, ind\u00edgenas, presos, funcion\u00e1rios do sistema prisional, pessoas com doen\u00e7as cr\u00f4nicas, [&hellip;]","og_url":"https:\/\/www.notibras.com\/site\/estado-de-sao-paulo-pretende-imunizar-118-milhoes-de-pessoas-contra-a-gripe\/","og_site_name":"Notibras","article_publisher":"https:\/\/www.facebook.com\/notibras\/","article_published_time":"2015-04-30T15:00:58+00:00","article_modified_time":"2015-04-30T19:14:22+00:00","og_image":[{"width":580,"height":388,"url":"https:\/\/www.notibras.com\/site\/wp-content\/uploads\/2015\/04\/Sem-t\u00edtulo-119.jpg","type":"image\/jpeg"}],"author":"Reda\u00e7\u00e3o","twitter_card":"summary_large_image","twitter_creator":"@Notibras","twitter_site":"@Notibras","twitter_misc":{"Escrito por":"Reda\u00e7\u00e3o","Est. tempo de leitura":"1 minuto"},"schema":{"@context":"https:\/\/schema.org","@graph":[{"@type":"Article","@id":"https:\/\/www.notibras.com\/site\/estado-de-sao-paulo-pretende-imunizar-118-milhoes-de-pessoas-contra-a-gripe\/#article","isPartOf":{"@id":"https:\/\/www.notibras.com\/site\/estado-de-sao-paulo-pretende-imunizar-118-milhoes-de-pessoas-contra-a-gripe\/"},"author":{"name":"Reda\u00e7\u00e3o","@id":"https:\/\/www.notibras.com\/site\/#\/schema\/person\/00b8e1aa08f9ef6563e878c5159d01cf"},"headline":"S\u00e3o Paulo quer imunizar 11,8 milh\u00f5es contra a gripe","datePublished":"2015-04-30T15:00:58+00:00","dateModified":"2015-04-30T19:14:22+00:00","mainEntityOfPage":{"@id":"https:\/\/www.notibras.com\/site\/estado-de-sao-paulo-pretende-imunizar-118-milhoes-de-pessoas-contra-a-gripe\/"},"wordCount":205,"commentCount":0,"publisher":{"@id":"https:\/\/www.notibras.com\/site\/#organization"},"image":{"@id":"https:\/\/www.notibras.com\/site\/estado-de-sao-paulo-pretende-imunizar-118-milhoes-de-pessoas-contra-a-gripe\/#primaryimage"},"thumbnailUrl":"https:\/\/www.notibras.com\/site\/wp-content\/uploads\/2015\/04\/Sem-t\u00edtulo-119.jpg","articleSection":["Brasil"],"inLanguage":"pt-BR","potentialAction":[{"@type":"CommentAction","name":"Comment","target":["https:\/\/www.notibras.com\/site\/estado-de-sao-paulo-pretende-imunizar-118-milhoes-de-pessoas-contra-a-gripe\/#respond"]}]},{"@type":"WebPage","@id":"https:\/\/www.notibras.com\/site\/estado-de-sao-paulo-pretende-imunizar-118-milhoes-de-pessoas-contra-a-gripe\/","url":"https:\/\/www.notibras.com\/site\/estado-de-sao-paulo-pretende-imunizar-118-milhoes-de-pessoas-contra-a-gripe\/","name":"S\u00e3o Paulo quer imunizar 11,8 milh\u00f5es contra a gripe - Notibras","isPartOf":{"@id":"https:\/\/www.notibras.com\/site\/#website"},"primaryImageOfPage":{"@id":"https:\/\/www.notibras.com\/site\/estado-de-sao-paulo-pretende-imunizar-118-milhoes-de-pessoas-contra-a-gripe\/#primaryimage"},"image":{"@id":"https:\/\/www.notibras.com\/site\/estado-de-sao-paulo-pretende-imunizar-118-milhoes-de-pessoas-contra-a-gripe\/#primaryimage"},"thumbnailUrl":"https:\/\/www.notibras.com\/site\/wp-content\/uploads\/2015\/04\/Sem-t\u00edtulo-119.jpg","datePublished":"2015-04-30T15:00:58+00:00","dateModified":"2015-04-30T19:14:22+00:00","breadcrumb":{"@id":"https:\/\/www.notibras.com\/site\/estado-de-sao-paulo-pretende-imunizar-118-milhoes-de-pessoas-contra-a-gripe\/#breadcrumb"},"inLanguage":"pt-BR","potentialAction":[{"@type":"ReadAction","target":["https:\/\/www.notibras.com\/site\/estado-de-sao-paulo-pretende-imunizar-118-milhoes-de-pessoas-contra-a-gripe\/"]}]},{"@type":"ImageObject","inLanguage":"pt-BR","@id":"https:\/\/www.notibras.com\/site\/estado-de-sao-paulo-pretende-imunizar-118-milhoes-de-pessoas-contra-a-gripe\/#primaryimage","url":"https:\/\/www.notibras.com\/site\/wp-content\/uploads\/2015\/04\/Sem-t\u00edtulo-119.jpg","contentUrl":"https:\/\/www.notibras.com\/site\/wp-content\/uploads\/2015\/04\/Sem-t\u00edtulo-119.jpg","width":580,"height":388},{"@type":"BreadcrumbList","@id":"https:\/\/www.notibras.com\/site\/estado-de-sao-paulo-pretende-imunizar-118-milhoes-de-pessoas-contra-a-gripe\/#breadcrumb","itemListElement":[{"@type":"ListItem","position":1,"name":"In\u00edcio","item":"https:\/\/www.notibras.com\/site\/"},{"@type":"ListItem","position":2,"name":"S\u00e3o Paulo quer imunizar 11,8 milh\u00f5es contra a gripe"}]},{"@type":"WebSite","@id":"https:\/\/www.notibras.com\/site\/#website","url":"https:\/\/www.notibras.com\/site\/","name":"Notibras","description":"Not\u00edcias de Bras\u00edlia, do Brasil e do Mundo","publisher":{"@id":"https:\/\/www.notibras.com\/site\/#organization"},"potentialAction":[{"@type":"SearchAction","target":{"@type":"EntryPoint","urlTemplate":"https:\/\/www.notibras.com\/site\/?s={search_term_string}"},"query-input":{"@type":"PropertyValueSpecification","valueRequired":true,"valueName":"search_term_string"}}],"inLanguage":"pt-BR"},{"@type":"Organization","@id":"https:\/\/www.notibras.com\/site\/#organization","name":"Grupo Notibras de Comunica\u00e7\u00e3o","url":"https:\/\/www.notibras.com\/site\/","logo":{"@type":"ImageObject","inLanguage":"pt-BR","@id":"https:\/\/www.notibras.com\/site\/#\/schema\/logo\/image\/","url":"https:\/\/www.notibras.com\/site\/wp-content\/uploads\/2023\/01\/notibras23.png","contentUrl":"https:\/\/www.notibras.com\/site\/wp-content\/uploads\/2023\/01\/notibras23.png","width":350,"height":87,"caption":"Grupo Notibras de Comunica\u00e7\u00e3o"},"image":{"@id":"https:\/\/www.notibras.com\/site\/#\/schema\/logo\/image\/"},"sameAs":["https:\/\/www.facebook.com\/notibras\/","https:\/\/x.com\/Notibras","https:\/\/www.instagram.com\/notibras\/"]},{"@type":"Person","@id":"https:\/\/www.notibras.com\/site\/#\/schema\/person\/00b8e1aa08f9ef6563e878c5159d01cf","name":"Reda\u00e7\u00e3o","image":{"@type":"ImageObject","inLanguage":"pt-BR","@id":"https:\/\/secure.gravatar.com\/avatar\/ac5a707d5b47784a5ed426c6e213e201423c750890f64e4c379114dade67dfb9?s=96&d=mm&r=g","url":"https:\/\/secure.gravatar.com\/avatar\/ac5a707d5b47784a5ed426c6e213e201423c750890f64e4c379114dade67dfb9?s=96&d=mm&r=g","contentUrl":"https:\/\/secure.gravatar.com\/avatar\/ac5a707d5b47784a5ed426c6e213e201423c750890f64e4c379114dade67dfb9?s=96&d=mm&r=g","caption":"Reda\u00e7\u00e3o"}}]}},"amp_enabled":true,"_links":{"self":[{"href":"https:\/\/www.notibras.com\/site\/wp-json\/wp\/v2\/posts\/46100","targetHints":{"allow":["GET"]}}],"collection":[{"href":"https:\/\/www.notibras.com\/site\/wp-json\/wp\/v2\/posts"}],"about":[{"href":"https:\/\/www.notibras.com\/site\/wp-json\/wp\/v2\/types\/post"}],"author":[{"embeddable":true,"href":"https:\/\/www.notibras.com\/site\/wp-json\/wp\/v2\/users\/1"}],"replies":[{"embeddable":true,"href":"https:\/\/www.notibras.com\/site\/wp-json\/wp\/v2\/comments?post=46100"}],"version-history":[{"count":0,"href":"https:\/\/www.notibras.com\/site\/wp-json\/wp\/v2\/posts\/46100\/revisions"}],"wp:featuredmedia":[{"embeddable":true,"href":"https:\/\/www.notibras.com\/site\/wp-json\/wp\/v2\/media\/46101"}],"wp:attachment":[{"href":"https:\/\/www.notibras.com\/site\/wp-json\/wp\/v2\/media?parent=46100"}],"wp:term":[{"taxonomy":"category","embeddable":true,"href":"https:\/\/www.notibras.com\/site\/wp-json\/wp\/v2\/categories?post=46100"},{"taxonomy":"post_tag","embeddable":true,"href":"https:\/\/www.notibras.com\/site\/wp-json\/wp\/v2\/tags?post=46100"}],"curies":[{"name":"wp","href":"https:\/\/api.w.org\/{rel}","templated":true}]}}