{"id":46163,"date":"2015-04-30T17:42:57","date_gmt":"2015-04-30T20:42:57","guid":{"rendered":"http:\/\/www.notibras.com\/site\/?p=46163"},"modified":"2015-05-01T07:46:43","modified_gmt":"2015-05-01T10:46:43","slug":"justica-multa-pt-em-49-milhoes-por-contas-irregulares","status":"publish","type":"post","link":"https:\/\/www.notibras.com\/site\/justica-multa-pt-em-49-milhoes-por-contas-irregulares\/","title":{"rendered":"Justi\u00e7a Eleitoral multa PT em 4,9 mi por ter conta irregular"},"content":{"rendered":"<div class=\"content\">\n<p>O Tribunal Superior Eleitoral (TSE) condenou nesta quinta 30 o PT a multa de R$ 4,9 milh\u00f5es e suspens\u00e3o por tr\u00eas meses do recebimento das cotas do Fundo Partid\u00e1rio por irregularidades em sua presta\u00e7\u00e3o de contas de 2009. As contas foram consideradas desaprovadas parcialmente pela unanimidade do plen\u00e1rio do tribunal.<\/p>\n<p>A condena\u00e7\u00e3o do PT ocorre no bojo dos julgamentos que o tribunal est\u00e1 fazendo sobre as contas de 2009 antes que qualquer irregularidade sobre elas seja considerada prescrita. J\u00e1 havia parecer do ministro-relator Admar Gonzaga Neto pela condena\u00e7\u00e3o do partido a multa de R$ 2,3 milh\u00f5es e que a suspens\u00e3o do acesso \u00e0s cotas do fundo s\u00f3 ocorresse se a multa n\u00e3o fosse paga.<\/p>\n<p>Mas o processo tinha sido suspenso por pedido de vista do ministro Gilmar Mendes. No julgamento de hoje, Mendes proferiu voto pela amplia\u00e7\u00e3o da multa em mais R$ 2,6 milh\u00f5es em raz\u00e3o de um empr\u00e9stimo que o partido contraiu com o Banco Rural e que foi considerado negocia\u00e7\u00e3o simulada pelo Supremo Tribunal Federal no julgamento da A\u00e7\u00e3o Penal 470 \u2013 o processo do mensal\u00e3o. Embora o empr\u00e9stimo, considerado fict\u00edcio pelo Supremo, tenha sido contra\u00eddo em 2003, o partido usou recursos do Fundo Partid\u00e1rio em 2009 para amortizar a d\u00edvida.<\/p>\n<p>A transa\u00e7\u00e3o foi considerada ilegal pelo TSE e, por causa dela, Gilmar Mendes pediu a amplia\u00e7\u00e3o da multa, sendo seguido pela maioria dos colegas. Houve debate sobre o assunto durante o julgamento. O ministro-relator considerou que n\u00e3o caberia ao tribunal eleitoral considerar a regularidade do contrato de empr\u00e9stimo, uma vez que o partido n\u00e3o teria oportunidade de apresentar contraprova sobre isso naquela inst\u00e2ncia.<\/p>\n<p>A maioria dos ministros, no entanto, considerou que o entendimento do Supremo de que a negocia\u00e7\u00e3o foi simulada era suficiente para que os efeitos disso fossem aplicados ao julgamento das contas. \u201c\u00c9 um fato not\u00f3rio. N\u00f3s temos a condena\u00e7\u00e3o do banqueiro, do presidente do partido. N\u00f3s temos a decis\u00e3o do Supremo dizendo claramente que \u00e9 uma simula\u00e7\u00e3o\u201d, afirmou o ministro Luiz Fux.<\/p>\n<blockquote><p>Al\u00e9m do uso de recursos do Fundo Partid\u00e1rio para pagar o empr\u00e9stimo fict\u00edcio, o PT tamb\u00e9m teve as contas rejeitadas por causa de outras irregularidades na presta\u00e7\u00e3o, como a falta de comprova\u00e7\u00e3o sobre repasse de recursos a diret\u00f3rios estaduais, aus\u00eancia de documentos fiscais e pagamentos de gastos com o Fundo Partid\u00e1rio, uso de recursos de origem n\u00e3o identificada, entre outros. Procurada, a assessoria de imprensa do PT disse que o partido n\u00e3o vai se manifestar sobre o assunto por enquanto.<\/p><\/blockquote>\n<p>O TSE tamb\u00e9m j\u00e1 julgou as presta\u00e7\u00f5es de contas de cinco partidos pol\u00edticos referentes ao exerc\u00edcio de 2009. Foram levadas a julgamento as contas do PRTB, PSOL, PTN, PR e PPS. Os ministros desaprovaram parcialmente as contas apresentadas pelos diret\u00f3rios nacionais do PRTB, PSOL e PPS e aprovaram com ressalvas as contas do PTN e do PR.<\/p>\n<header>\n<div class=\"node-info\"><strong>Mariana Jungmann, ABr<\/strong><strong><br \/>\n<\/strong><\/div>\n<\/header>\n<\/div>\n","protected":false},"excerpt":{"rendered":"<p>O Tribunal Superior Eleitoral (TSE) condenou nesta quinta 30 o PT a multa de R$ 4,9 milh\u00f5es e suspens\u00e3o por tr\u00eas meses do recebimento das cotas do Fundo Partid\u00e1rio por irregularidades em sua presta\u00e7\u00e3o de contas de 2009. As contas foram consideradas desaprovadas parcialmente pela unanimidade do plen\u00e1rio do tribunal. A condena\u00e7\u00e3o do PT ocorre [&hellip;]<\/p>\n","protected":false},"author":2,"featured_media":46164,"comment_status":"open","ping_status":"closed","sticky":false,"template":"","format":"standard","meta":{"_acf_changed":false,"footnotes":""},"categories":[16],"tags":[],"class_list":["post-46163","post","type-post","status-publish","format-standard","has-post-thumbnail","hentry","category-brasil"],"acf":[],"yoast_head":"<!-- This site is optimized with the Yoast SEO plugin v27.5 - https:\/\/yoast.com\/product\/yoast-seo-wordpress\/ -->\n<title>Justi\u00e7a Eleitoral multa PT em 4,9 mi por ter conta irregular - Notibras<\/title>\n<meta name=\"robots\" content=\"index, follow, max-snippet:-1, max-image-preview:large, max-video-preview:-1\" \/>\n<link rel=\"canonical\" href=\"https:\/\/www.notibras.com\/site\/justica-multa-pt-em-49-milhoes-por-contas-irregulares\/\" \/>\n<meta property=\"og:locale\" content=\"pt_BR\" \/>\n<meta property=\"og:type\" content=\"article\" \/>\n<meta property=\"og:title\" content=\"Justi\u00e7a Eleitoral multa PT em 4,9 mi por ter conta irregular - Notibras\" \/>\n<meta property=\"og:description\" content=\"O Tribunal Superior Eleitoral (TSE) condenou nesta quinta 30 o PT a multa de R$ 4,9 milh\u00f5es e suspens\u00e3o por tr\u00eas meses do recebimento das cotas do Fundo Partid\u00e1rio por irregularidades em sua presta\u00e7\u00e3o de contas de 2009. As contas foram consideradas desaprovadas parcialmente pela unanimidade do plen\u00e1rio do tribunal. A condena\u00e7\u00e3o do PT ocorre [&hellip;]\" \/>\n<meta property=\"og:url\" content=\"https:\/\/www.notibras.com\/site\/justica-multa-pt-em-49-milhoes-por-contas-irregulares\/\" \/>\n<meta property=\"og:site_name\" content=\"Notibras\" \/>\n<meta property=\"article:publisher\" content=\"https:\/\/www.facebook.com\/notibras\/\" \/>\n<meta property=\"article:published_time\" content=\"2015-04-30T20:42:57+00:00\" \/>\n<meta property=\"article:modified_time\" content=\"2015-05-01T10:46:43+00:00\" \/>\n<meta property=\"og:image\" content=\"https:\/\/www.notibras.com\/site\/wp-content\/uploads\/2015\/04\/ludilma.jpeg\" \/>\n\t<meta property=\"og:image:width\" content=\"275\" \/>\n\t<meta property=\"og:image:height\" content=\"183\" \/>\n\t<meta property=\"og:image:type\" content=\"image\/jpeg\" \/>\n<meta name=\"author\" content=\"Reda\u00e7\u00e3o\" \/>\n<meta name=\"twitter:card\" content=\"summary_large_image\" \/>\n<meta name=\"twitter:creator\" content=\"@Notibras\" \/>\n<meta name=\"twitter:site\" content=\"@Notibras\" \/>\n<meta name=\"twitter:label1\" content=\"Escrito por\" \/>\n\t<meta name=\"twitter:data1\" content=\"Reda\u00e7\u00e3o\" \/>\n\t<meta name=\"twitter:label2\" content=\"Est. tempo de leitura\" \/>\n\t<meta name=\"twitter:data2\" content=\"3 minutos\" \/>\n<script type=\"application\/ld+json\" class=\"yoast-schema-graph\">{\"@context\":\"https:\\\/\\\/schema.org\",\"@graph\":[{\"@type\":\"Article\",\"@id\":\"https:\\\/\\\/www.notibras.com\\\/site\\\/justica-multa-pt-em-49-milhoes-por-contas-irregulares\\\/#article\",\"isPartOf\":{\"@id\":\"https:\\\/\\\/www.notibras.com\\\/site\\\/justica-multa-pt-em-49-milhoes-por-contas-irregulares\\\/\"},\"author\":{\"name\":\"Reda\u00e7\u00e3o\",\"@id\":\"https:\\\/\\\/www.notibras.com\\\/site\\\/#\\\/schema\\\/person\\\/36ab0979449956132d3e5b517ea76ac8\"},\"headline\":\"Justi\u00e7a Eleitoral multa PT em 4,9 mi por ter conta irregular\",\"datePublished\":\"2015-04-30T20:42:57+00:00\",\"dateModified\":\"2015-05-01T10:46:43+00:00\",\"mainEntityOfPage\":{\"@id\":\"https:\\\/\\\/www.notibras.com\\\/site\\\/justica-multa-pt-em-49-milhoes-por-contas-irregulares\\\/\"},\"wordCount\":519,\"commentCount\":0,\"publisher\":{\"@id\":\"https:\\\/\\\/www.notibras.com\\\/site\\\/#organization\"},\"image\":{\"@id\":\"https:\\\/\\\/www.notibras.com\\\/site\\\/justica-multa-pt-em-49-milhoes-por-contas-irregulares\\\/#primaryimage\"},\"thumbnailUrl\":\"https:\\\/\\\/www.notibras.com\\\/site\\\/wp-content\\\/uploads\\\/2015\\\/04\\\/ludilma.jpeg\",\"articleSection\":[\"Brasil\"],\"inLanguage\":\"pt-BR\",\"potentialAction\":[{\"@type\":\"CommentAction\",\"name\":\"Comment\",\"target\":[\"https:\\\/\\\/www.notibras.com\\\/site\\\/justica-multa-pt-em-49-milhoes-por-contas-irregulares\\\/#respond\"]}]},{\"@type\":\"WebPage\",\"@id\":\"https:\\\/\\\/www.notibras.com\\\/site\\\/justica-multa-pt-em-49-milhoes-por-contas-irregulares\\\/\",\"url\":\"https:\\\/\\\/www.notibras.com\\\/site\\\/justica-multa-pt-em-49-milhoes-por-contas-irregulares\\\/\",\"name\":\"Justi\u00e7a Eleitoral multa PT em 4,9 mi por ter conta irregular - Notibras\",\"isPartOf\":{\"@id\":\"https:\\\/\\\/www.notibras.com\\\/site\\\/#website\"},\"primaryImageOfPage\":{\"@id\":\"https:\\\/\\\/www.notibras.com\\\/site\\\/justica-multa-pt-em-49-milhoes-por-contas-irregulares\\\/#primaryimage\"},\"image\":{\"@id\":\"https:\\\/\\\/www.notibras.com\\\/site\\\/justica-multa-pt-em-49-milhoes-por-contas-irregulares\\\/#primaryimage\"},\"thumbnailUrl\":\"https:\\\/\\\/www.notibras.com\\\/site\\\/wp-content\\\/uploads\\\/2015\\\/04\\\/ludilma.jpeg\",\"datePublished\":\"2015-04-30T20:42:57+00:00\",\"dateModified\":\"2015-05-01T10:46:43+00:00\",\"breadcrumb\":{\"@id\":\"https:\\\/\\\/www.notibras.com\\\/site\\\/justica-multa-pt-em-49-milhoes-por-contas-irregulares\\\/#breadcrumb\"},\"inLanguage\":\"pt-BR\",\"potentialAction\":[{\"@type\":\"ReadAction\",\"target\":[\"https:\\\/\\\/www.notibras.com\\\/site\\\/justica-multa-pt-em-49-milhoes-por-contas-irregulares\\\/\"]}]},{\"@type\":\"ImageObject\",\"inLanguage\":\"pt-BR\",\"@id\":\"https:\\\/\\\/www.notibras.com\\\/site\\\/justica-multa-pt-em-49-milhoes-por-contas-irregulares\\\/#primaryimage\",\"url\":\"https:\\\/\\\/www.notibras.com\\\/site\\\/wp-content\\\/uploads\\\/2015\\\/04\\\/ludilma.jpeg\",\"contentUrl\":\"https:\\\/\\\/www.notibras.com\\\/site\\\/wp-content\\\/uploads\\\/2015\\\/04\\\/ludilma.jpeg\",\"width\":275,\"height\":183},{\"@type\":\"BreadcrumbList\",\"@id\":\"https:\\\/\\\/www.notibras.com\\\/site\\\/justica-multa-pt-em-49-milhoes-por-contas-irregulares\\\/#breadcrumb\",\"itemListElement\":[{\"@type\":\"ListItem\",\"position\":1,\"name\":\"In\u00edcio\",\"item\":\"https:\\\/\\\/www.notibras.com\\\/site\\\/\"},{\"@type\":\"ListItem\",\"position\":2,\"name\":\"Justi\u00e7a Eleitoral multa PT em 4,9 mi por ter conta irregular\"}]},{\"@type\":\"WebSite\",\"@id\":\"https:\\\/\\\/www.notibras.com\\\/site\\\/#website\",\"url\":\"https:\\\/\\\/www.notibras.com\\\/site\\\/\",\"name\":\"Notibras\",\"description\":\"Not\u00edcias de Bras\u00edlia, do Brasil e do Mundo\",\"publisher\":{\"@id\":\"https:\\\/\\\/www.notibras.com\\\/site\\\/#organization\"},\"potentialAction\":[{\"@type\":\"SearchAction\",\"target\":{\"@type\":\"EntryPoint\",\"urlTemplate\":\"https:\\\/\\\/www.notibras.com\\\/site\\\/?s={search_term_string}\"},\"query-input\":{\"@type\":\"PropertyValueSpecification\",\"valueRequired\":true,\"valueName\":\"search_term_string\"}}],\"inLanguage\":\"pt-BR\"},{\"@type\":\"Organization\",\"@id\":\"https:\\\/\\\/www.notibras.com\\\/site\\\/#organization\",\"name\":\"Grupo Notibras de Comunica\u00e7\u00e3o\",\"url\":\"https:\\\/\\\/www.notibras.com\\\/site\\\/\",\"logo\":{\"@type\":\"ImageObject\",\"inLanguage\":\"pt-BR\",\"@id\":\"https:\\\/\\\/www.notibras.com\\\/site\\\/#\\\/schema\\\/logo\\\/image\\\/\",\"url\":\"https:\\\/\\\/www.notibras.com\\\/site\\\/wp-content\\\/uploads\\\/2023\\\/01\\\/notibras23.png\",\"contentUrl\":\"https:\\\/\\\/www.notibras.com\\\/site\\\/wp-content\\\/uploads\\\/2023\\\/01\\\/notibras23.png\",\"width\":350,\"height\":87,\"caption\":\"Grupo Notibras de Comunica\u00e7\u00e3o\"},\"image\":{\"@id\":\"https:\\\/\\\/www.notibras.com\\\/site\\\/#\\\/schema\\\/logo\\\/image\\\/\"},\"sameAs\":[\"https:\\\/\\\/www.facebook.com\\\/notibras\\\/\",\"https:\\\/\\\/x.com\\\/Notibras\",\"https:\\\/\\\/www.instagram.com\\\/notibras\\\/\"]},{\"@type\":\"Person\",\"@id\":\"https:\\\/\\\/www.notibras.com\\\/site\\\/#\\\/schema\\\/person\\\/36ab0979449956132d3e5b517ea76ac8\",\"name\":\"Reda\u00e7\u00e3o\",\"image\":{\"@type\":\"ImageObject\",\"inLanguage\":\"pt-BR\",\"@id\":\"https:\\\/\\\/secure.gravatar.com\\\/avatar\\\/e0a867bdedb85fd243eadf09663511f96fc81e0720a4a42581f334ad4303aa6b?s=96&d=mm&r=g\",\"url\":\"https:\\\/\\\/secure.gravatar.com\\\/avatar\\\/e0a867bdedb85fd243eadf09663511f96fc81e0720a4a42581f334ad4303aa6b?s=96&d=mm&r=g\",\"contentUrl\":\"https:\\\/\\\/secure.gravatar.com\\\/avatar\\\/e0a867bdedb85fd243eadf09663511f96fc81e0720a4a42581f334ad4303aa6b?s=96&d=mm&r=g\",\"caption\":\"Reda\u00e7\u00e3o\"}}]}<\/script>\n<!-- \/ Yoast SEO plugin. -->","yoast_head_json":{"title":"Justi\u00e7a Eleitoral multa PT em 4,9 mi por ter conta irregular - Notibras","robots":{"index":"index","follow":"follow","max-snippet":"max-snippet:-1","max-image-preview":"max-image-preview:large","max-video-preview":"max-video-preview:-1"},"canonical":"https:\/\/www.notibras.com\/site\/justica-multa-pt-em-49-milhoes-por-contas-irregulares\/","og_locale":"pt_BR","og_type":"article","og_title":"Justi\u00e7a Eleitoral multa PT em 4,9 mi por ter conta irregular - Notibras","og_description":"O Tribunal Superior Eleitoral (TSE) condenou nesta quinta 30 o PT a multa de R$ 4,9 milh\u00f5es e suspens\u00e3o por tr\u00eas meses do recebimento das cotas do Fundo Partid\u00e1rio por irregularidades em sua presta\u00e7\u00e3o de contas de 2009. As contas foram consideradas desaprovadas parcialmente pela unanimidade do plen\u00e1rio do tribunal. A condena\u00e7\u00e3o do PT ocorre [&hellip;]","og_url":"https:\/\/www.notibras.com\/site\/justica-multa-pt-em-49-milhoes-por-contas-irregulares\/","og_site_name":"Notibras","article_publisher":"https:\/\/www.facebook.com\/notibras\/","article_published_time":"2015-04-30T20:42:57+00:00","article_modified_time":"2015-05-01T10:46:43+00:00","og_image":[{"width":275,"height":183,"url":"https:\/\/www.notibras.com\/site\/wp-content\/uploads\/2015\/04\/ludilma.jpeg","type":"image\/jpeg"}],"author":"Reda\u00e7\u00e3o","twitter_card":"summary_large_image","twitter_creator":"@Notibras","twitter_site":"@Notibras","twitter_misc":{"Escrito por":"Reda\u00e7\u00e3o","Est. tempo de leitura":"3 minutos"},"schema":{"@context":"https:\/\/schema.org","@graph":[{"@type":"Article","@id":"https:\/\/www.notibras.com\/site\/justica-multa-pt-em-49-milhoes-por-contas-irregulares\/#article","isPartOf":{"@id":"https:\/\/www.notibras.com\/site\/justica-multa-pt-em-49-milhoes-por-contas-irregulares\/"},"author":{"name":"Reda\u00e7\u00e3o","@id":"https:\/\/www.notibras.com\/site\/#\/schema\/person\/36ab0979449956132d3e5b517ea76ac8"},"headline":"Justi\u00e7a Eleitoral multa PT em 4,9 mi por ter conta irregular","datePublished":"2015-04-30T20:42:57+00:00","dateModified":"2015-05-01T10:46:43+00:00","mainEntityOfPage":{"@id":"https:\/\/www.notibras.com\/site\/justica-multa-pt-em-49-milhoes-por-contas-irregulares\/"},"wordCount":519,"commentCount":0,"publisher":{"@id":"https:\/\/www.notibras.com\/site\/#organization"},"image":{"@id":"https:\/\/www.notibras.com\/site\/justica-multa-pt-em-49-milhoes-por-contas-irregulares\/#primaryimage"},"thumbnailUrl":"https:\/\/www.notibras.com\/site\/wp-content\/uploads\/2015\/04\/ludilma.jpeg","articleSection":["Brasil"],"inLanguage":"pt-BR","potentialAction":[{"@type":"CommentAction","name":"Comment","target":["https:\/\/www.notibras.com\/site\/justica-multa-pt-em-49-milhoes-por-contas-irregulares\/#respond"]}]},{"@type":"WebPage","@id":"https:\/\/www.notibras.com\/site\/justica-multa-pt-em-49-milhoes-por-contas-irregulares\/","url":"https:\/\/www.notibras.com\/site\/justica-multa-pt-em-49-milhoes-por-contas-irregulares\/","name":"Justi\u00e7a Eleitoral multa PT em 4,9 mi por ter conta irregular - Notibras","isPartOf":{"@id":"https:\/\/www.notibras.com\/site\/#website"},"primaryImageOfPage":{"@id":"https:\/\/www.notibras.com\/site\/justica-multa-pt-em-49-milhoes-por-contas-irregulares\/#primaryimage"},"image":{"@id":"https:\/\/www.notibras.com\/site\/justica-multa-pt-em-49-milhoes-por-contas-irregulares\/#primaryimage"},"thumbnailUrl":"https:\/\/www.notibras.com\/site\/wp-content\/uploads\/2015\/04\/ludilma.jpeg","datePublished":"2015-04-30T20:42:57+00:00","dateModified":"2015-05-01T10:46:43+00:00","breadcrumb":{"@id":"https:\/\/www.notibras.com\/site\/justica-multa-pt-em-49-milhoes-por-contas-irregulares\/#breadcrumb"},"inLanguage":"pt-BR","potentialAction":[{"@type":"ReadAction","target":["https:\/\/www.notibras.com\/site\/justica-multa-pt-em-49-milhoes-por-contas-irregulares\/"]}]},{"@type":"ImageObject","inLanguage":"pt-BR","@id":"https:\/\/www.notibras.com\/site\/justica-multa-pt-em-49-milhoes-por-contas-irregulares\/#primaryimage","url":"https:\/\/www.notibras.com\/site\/wp-content\/uploads\/2015\/04\/ludilma.jpeg","contentUrl":"https:\/\/www.notibras.com\/site\/wp-content\/uploads\/2015\/04\/ludilma.jpeg","width":275,"height":183},{"@type":"BreadcrumbList","@id":"https:\/\/www.notibras.com\/site\/justica-multa-pt-em-49-milhoes-por-contas-irregulares\/#breadcrumb","itemListElement":[{"@type":"ListItem","position":1,"name":"In\u00edcio","item":"https:\/\/www.notibras.com\/site\/"},{"@type":"ListItem","position":2,"name":"Justi\u00e7a Eleitoral multa PT em 4,9 mi por ter conta irregular"}]},{"@type":"WebSite","@id":"https:\/\/www.notibras.com\/site\/#website","url":"https:\/\/www.notibras.com\/site\/","name":"Notibras","description":"Not\u00edcias de Bras\u00edlia, do Brasil e do Mundo","publisher":{"@id":"https:\/\/www.notibras.com\/site\/#organization"},"potentialAction":[{"@type":"SearchAction","target":{"@type":"EntryPoint","urlTemplate":"https:\/\/www.notibras.com\/site\/?s={search_term_string}"},"query-input":{"@type":"PropertyValueSpecification","valueRequired":true,"valueName":"search_term_string"}}],"inLanguage":"pt-BR"},{"@type":"Organization","@id":"https:\/\/www.notibras.com\/site\/#organization","name":"Grupo Notibras de Comunica\u00e7\u00e3o","url":"https:\/\/www.notibras.com\/site\/","logo":{"@type":"ImageObject","inLanguage":"pt-BR","@id":"https:\/\/www.notibras.com\/site\/#\/schema\/logo\/image\/","url":"https:\/\/www.notibras.com\/site\/wp-content\/uploads\/2023\/01\/notibras23.png","contentUrl":"https:\/\/www.notibras.com\/site\/wp-content\/uploads\/2023\/01\/notibras23.png","width":350,"height":87,"caption":"Grupo Notibras de Comunica\u00e7\u00e3o"},"image":{"@id":"https:\/\/www.notibras.com\/site\/#\/schema\/logo\/image\/"},"sameAs":["https:\/\/www.facebook.com\/notibras\/","https:\/\/x.com\/Notibras","https:\/\/www.instagram.com\/notibras\/"]},{"@type":"Person","@id":"https:\/\/www.notibras.com\/site\/#\/schema\/person\/36ab0979449956132d3e5b517ea76ac8","name":"Reda\u00e7\u00e3o","image":{"@type":"ImageObject","inLanguage":"pt-BR","@id":"https:\/\/secure.gravatar.com\/avatar\/e0a867bdedb85fd243eadf09663511f96fc81e0720a4a42581f334ad4303aa6b?s=96&d=mm&r=g","url":"https:\/\/secure.gravatar.com\/avatar\/e0a867bdedb85fd243eadf09663511f96fc81e0720a4a42581f334ad4303aa6b?s=96&d=mm&r=g","contentUrl":"https:\/\/secure.gravatar.com\/avatar\/e0a867bdedb85fd243eadf09663511f96fc81e0720a4a42581f334ad4303aa6b?s=96&d=mm&r=g","caption":"Reda\u00e7\u00e3o"}}]}},"amp_enabled":true,"_links":{"self":[{"href":"https:\/\/www.notibras.com\/site\/wp-json\/wp\/v2\/posts\/46163","targetHints":{"allow":["GET"]}}],"collection":[{"href":"https:\/\/www.notibras.com\/site\/wp-json\/wp\/v2\/posts"}],"about":[{"href":"https:\/\/www.notibras.com\/site\/wp-json\/wp\/v2\/types\/post"}],"author":[{"embeddable":true,"href":"https:\/\/www.notibras.com\/site\/wp-json\/wp\/v2\/users\/2"}],"replies":[{"embeddable":true,"href":"https:\/\/www.notibras.com\/site\/wp-json\/wp\/v2\/comments?post=46163"}],"version-history":[{"count":0,"href":"https:\/\/www.notibras.com\/site\/wp-json\/wp\/v2\/posts\/46163\/revisions"}],"wp:featuredmedia":[{"embeddable":true,"href":"https:\/\/www.notibras.com\/site\/wp-json\/wp\/v2\/media\/46164"}],"wp:attachment":[{"href":"https:\/\/www.notibras.com\/site\/wp-json\/wp\/v2\/media?parent=46163"}],"wp:term":[{"taxonomy":"category","embeddable":true,"href":"https:\/\/www.notibras.com\/site\/wp-json\/wp\/v2\/categories?post=46163"},{"taxonomy":"post_tag","embeddable":true,"href":"https:\/\/www.notibras.com\/site\/wp-json\/wp\/v2\/tags?post=46163"}],"curies":[{"name":"wp","href":"https:\/\/api.w.org\/{rel}","templated":true}]}}