{"id":46195,"date":"2015-05-01T07:29:48","date_gmt":"2015-05-01T10:29:48","guid":{"rendered":"http:\/\/www.notibras.com\/site\/?p=46195"},"modified":"2015-05-01T12:44:23","modified_gmt":"2015-05-01T15:44:23","slug":"chegou-a-epoca-de-lula-ser-investigado-trafico-de-influencia-e-crime","status":"publish","type":"post","link":"https:\/\/www.notibras.com\/site\/chegou-a-epoca-de-lula-ser-investigado-trafico-de-influencia-e-crime\/","title":{"rendered":"Chegou a hora de Lula prestar conta por tr\u00e1fico de influ\u00eancia"},"content":{"rendered":"<p>O ex-presidente Lula come\u00e7a a ser investigado. A miss\u00e3o de apurar suposto tr\u00e1fico de influ\u00eancia est\u00e1 nas m\u00e3os do N\u00facleo de Combate \u00e0 Corrup\u00e7\u00e3o da Procuradoria da Rep\u00fablica em Bras\u00edlia.\u00a0 Lula teria usado seu poder para beneficiar grandes grupos empresariais no Brasil e no exterior, segundo reportagem da revista \u00c9poca.<\/p>\n<p>O Minist\u00e9rio P\u00fablico investiga &#8220;supostas vantagens econ\u00f4micas obtidas, direta ou indiretamente, da empreiteira Odebrecht pelo ex-presidente da Rep\u00fablica Luis In\u00e1cio Lula da Silva, entre os anos de 2011 a 2014, com pretexto de influir em atos praticados por agentes p\u00fablicos estrangeiros, notadamente os governos da Rep\u00fablica Dominicana e Cuba, este \u00faltimo contendo obras custeadas, direta ou indiretamente, pelo BNDES&#8221;, conforme trecho do processo reproduzido pela revista.<\/p>\n<p>A reportagem afirma que, para o MP, Lula exerceu nesse per\u00edodo influ\u00eancia junto ao governo federal para obter contratos para empreiteiras de grande porte do pa\u00eds para obras nesses dois pa\u00edses. &#8220;Usou o prest\u00edgio pol\u00edtico para, em cada neg\u00f3cio, mobilizar l\u00edderes de dois pa\u00edses em favor do cliente, beneficiado em seguida com contratos governamentais lucrativos. Lula deu in\u00edcio a seu terceiro mandato. Tornou-se o lobista em chefe do Brasil&#8221;, diz a reportagem.<\/p>\n<p>Segundo a reportagem, o &#8220;MP identificou um padr\u00e3o: o ex-presidente Lula viajava bancado pela Odebrecht; dava palestras e se encontrava com o presidente do pa\u00eds em quest\u00e3o; o BNDES liberava recursos para obras no pa\u00eds; o governo do pa\u00eds contratava a Odebrecht para tocar as obras&#8221;, diz a revista.<\/p>\n<blockquote><p>Nesses quatro anos, diz a reportagem, Lula viajou para cuidar de seus neg\u00f3cios para pa\u00edses como Cuba, Venezuela, Gana, Angola e Rep\u00fablica Dominicana, a maioria dessas viagens bancada pela Odebrecht, segundo a revista a campe\u00e3 de neg\u00f3cios bilion\u00e1rios com governos latino-americanos e africanos com financiamentos do BNDES. O banco, diz a reportagem, financiou ao menos US$ 4,1 bilh\u00f5es em projetos da empreiteira nesses pa\u00edses durante os governos Lula e Dilma Rousseff.<\/p><\/blockquote>\n<p>Para o MP, a rela\u00e7\u00e3o do ex-presidente com a Odebrecht configura tr\u00e1fico de influ\u00eancia em transa\u00e7\u00e3o comercial internacional, crime previsto no artigo 337-C do C\u00f3digo Penal. Outro crime identificado pelo MP refere-se a suspeita de tr\u00e1fico de influ\u00eancia junto ao BNDES, enquadrado no artigo 332 do mesmo c\u00f3digo.<\/p>\n<p>A Odebrecht \u00e9 uma das principais empreiteiras investigadas pela Opera\u00e7\u00e3o Lava-Jato, que apura esquema de pagamento de propinas na Petrobras.<\/p>\n","protected":false},"excerpt":{"rendered":"<p>O ex-presidente Lula come\u00e7a a ser investigado. A miss\u00e3o de apurar suposto tr\u00e1fico de influ\u00eancia est\u00e1 nas m\u00e3os do N\u00facleo de Combate \u00e0 Corrup\u00e7\u00e3o da Procuradoria da Rep\u00fablica em Bras\u00edlia.\u00a0 Lula teria usado seu poder para beneficiar grandes grupos empresariais no Brasil e no exterior, segundo reportagem da revista \u00c9poca. O Minist\u00e9rio P\u00fablico investiga &#8220;supostas [&hellip;]<\/p>\n","protected":false},"author":2,"featured_media":46196,"comment_status":"open","ping_status":"closed","sticky":false,"template":"","format":"standard","meta":{"_acf_changed":false,"footnotes":""},"categories":[16],"tags":[],"class_list":["post-46195","post","type-post","status-publish","format-standard","has-post-thumbnail","hentry","category-brasil"],"acf":[],"yoast_head":"<!-- This site is optimized with the Yoast SEO plugin v27.5 - https:\/\/yoast.com\/product\/yoast-seo-wordpress\/ -->\n<title>Chegou a hora de Lula prestar conta por tr\u00e1fico de influ\u00eancia - Notibras<\/title>\n<meta name=\"robots\" content=\"index, follow, max-snippet:-1, max-image-preview:large, max-video-preview:-1\" \/>\n<link rel=\"canonical\" href=\"https:\/\/www.notibras.com\/site\/chegou-a-epoca-de-lula-ser-investigado-trafico-de-influencia-e-crime\/\" \/>\n<meta property=\"og:locale\" content=\"pt_BR\" \/>\n<meta property=\"og:type\" content=\"article\" \/>\n<meta property=\"og:title\" content=\"Chegou a hora de Lula prestar conta por tr\u00e1fico de influ\u00eancia - Notibras\" \/>\n<meta property=\"og:description\" content=\"O ex-presidente Lula come\u00e7a a ser investigado. A miss\u00e3o de apurar suposto tr\u00e1fico de influ\u00eancia est\u00e1 nas m\u00e3os do N\u00facleo de Combate \u00e0 Corrup\u00e7\u00e3o da Procuradoria da Rep\u00fablica em Bras\u00edlia.\u00a0 Lula teria usado seu poder para beneficiar grandes grupos empresariais no Brasil e no exterior, segundo reportagem da revista \u00c9poca. O Minist\u00e9rio P\u00fablico investiga &#8220;supostas [&hellip;]\" \/>\n<meta property=\"og:url\" content=\"https:\/\/www.notibras.com\/site\/chegou-a-epoca-de-lula-ser-investigado-trafico-de-influencia-e-crime\/\" \/>\n<meta property=\"og:site_name\" content=\"Notibras\" \/>\n<meta property=\"article:publisher\" content=\"https:\/\/www.facebook.com\/notibras\/\" \/>\n<meta property=\"article:published_time\" content=\"2015-05-01T10:29:48+00:00\" \/>\n<meta property=\"article:modified_time\" content=\"2015-05-01T15:44:23+00:00\" \/>\n<meta property=\"og:image\" content=\"https:\/\/www.notibras.com\/site\/wp-content\/uploads\/2015\/05\/lula-investigacao.jpg\" \/>\n\t<meta property=\"og:image:width\" content=\"900\" \/>\n\t<meta property=\"og:image:height\" content=\"592\" \/>\n\t<meta property=\"og:image:type\" content=\"image\/jpeg\" \/>\n<meta name=\"author\" content=\"Reda\u00e7\u00e3o\" \/>\n<meta name=\"twitter:card\" content=\"summary_large_image\" \/>\n<meta name=\"twitter:creator\" content=\"@Notibras\" \/>\n<meta name=\"twitter:site\" content=\"@Notibras\" \/>\n<meta name=\"twitter:label1\" content=\"Escrito por\" \/>\n\t<meta name=\"twitter:data1\" content=\"Reda\u00e7\u00e3o\" \/>\n\t<meta name=\"twitter:label2\" content=\"Est. tempo de leitura\" \/>\n\t<meta name=\"twitter:data2\" content=\"2 minutos\" \/>\n<script type=\"application\/ld+json\" class=\"yoast-schema-graph\">{\"@context\":\"https:\\\/\\\/schema.org\",\"@graph\":[{\"@type\":\"Article\",\"@id\":\"https:\\\/\\\/www.notibras.com\\\/site\\\/chegou-a-epoca-de-lula-ser-investigado-trafico-de-influencia-e-crime\\\/#article\",\"isPartOf\":{\"@id\":\"https:\\\/\\\/www.notibras.com\\\/site\\\/chegou-a-epoca-de-lula-ser-investigado-trafico-de-influencia-e-crime\\\/\"},\"author\":{\"name\":\"Reda\u00e7\u00e3o\",\"@id\":\"https:\\\/\\\/www.notibras.com\\\/site\\\/#\\\/schema\\\/person\\\/36ab0979449956132d3e5b517ea76ac8\"},\"headline\":\"Chegou a hora de Lula prestar conta por tr\u00e1fico de influ\u00eancia\",\"datePublished\":\"2015-05-01T10:29:48+00:00\",\"dateModified\":\"2015-05-01T15:44:23+00:00\",\"mainEntityOfPage\":{\"@id\":\"https:\\\/\\\/www.notibras.com\\\/site\\\/chegou-a-epoca-de-lula-ser-investigado-trafico-de-influencia-e-crime\\\/\"},\"wordCount\":430,\"commentCount\":0,\"publisher\":{\"@id\":\"https:\\\/\\\/www.notibras.com\\\/site\\\/#organization\"},\"image\":{\"@id\":\"https:\\\/\\\/www.notibras.com\\\/site\\\/chegou-a-epoca-de-lula-ser-investigado-trafico-de-influencia-e-crime\\\/#primaryimage\"},\"thumbnailUrl\":\"https:\\\/\\\/www.notibras.com\\\/site\\\/wp-content\\\/uploads\\\/2015\\\/05\\\/lula-investigacao.jpg\",\"articleSection\":[\"Brasil\"],\"inLanguage\":\"pt-BR\",\"potentialAction\":[{\"@type\":\"CommentAction\",\"name\":\"Comment\",\"target\":[\"https:\\\/\\\/www.notibras.com\\\/site\\\/chegou-a-epoca-de-lula-ser-investigado-trafico-de-influencia-e-crime\\\/#respond\"]}]},{\"@type\":\"WebPage\",\"@id\":\"https:\\\/\\\/www.notibras.com\\\/site\\\/chegou-a-epoca-de-lula-ser-investigado-trafico-de-influencia-e-crime\\\/\",\"url\":\"https:\\\/\\\/www.notibras.com\\\/site\\\/chegou-a-epoca-de-lula-ser-investigado-trafico-de-influencia-e-crime\\\/\",\"name\":\"Chegou a hora de Lula prestar conta por tr\u00e1fico de influ\u00eancia - Notibras\",\"isPartOf\":{\"@id\":\"https:\\\/\\\/www.notibras.com\\\/site\\\/#website\"},\"primaryImageOfPage\":{\"@id\":\"https:\\\/\\\/www.notibras.com\\\/site\\\/chegou-a-epoca-de-lula-ser-investigado-trafico-de-influencia-e-crime\\\/#primaryimage\"},\"image\":{\"@id\":\"https:\\\/\\\/www.notibras.com\\\/site\\\/chegou-a-epoca-de-lula-ser-investigado-trafico-de-influencia-e-crime\\\/#primaryimage\"},\"thumbnailUrl\":\"https:\\\/\\\/www.notibras.com\\\/site\\\/wp-content\\\/uploads\\\/2015\\\/05\\\/lula-investigacao.jpg\",\"datePublished\":\"2015-05-01T10:29:48+00:00\",\"dateModified\":\"2015-05-01T15:44:23+00:00\",\"breadcrumb\":{\"@id\":\"https:\\\/\\\/www.notibras.com\\\/site\\\/chegou-a-epoca-de-lula-ser-investigado-trafico-de-influencia-e-crime\\\/#breadcrumb\"},\"inLanguage\":\"pt-BR\",\"potentialAction\":[{\"@type\":\"ReadAction\",\"target\":[\"https:\\\/\\\/www.notibras.com\\\/site\\\/chegou-a-epoca-de-lula-ser-investigado-trafico-de-influencia-e-crime\\\/\"]}]},{\"@type\":\"ImageObject\",\"inLanguage\":\"pt-BR\",\"@id\":\"https:\\\/\\\/www.notibras.com\\\/site\\\/chegou-a-epoca-de-lula-ser-investigado-trafico-de-influencia-e-crime\\\/#primaryimage\",\"url\":\"https:\\\/\\\/www.notibras.com\\\/site\\\/wp-content\\\/uploads\\\/2015\\\/05\\\/lula-investigacao.jpg\",\"contentUrl\":\"https:\\\/\\\/www.notibras.com\\\/site\\\/wp-content\\\/uploads\\\/2015\\\/05\\\/lula-investigacao.jpg\",\"width\":900,\"height\":592},{\"@type\":\"BreadcrumbList\",\"@id\":\"https:\\\/\\\/www.notibras.com\\\/site\\\/chegou-a-epoca-de-lula-ser-investigado-trafico-de-influencia-e-crime\\\/#breadcrumb\",\"itemListElement\":[{\"@type\":\"ListItem\",\"position\":1,\"name\":\"In\u00edcio\",\"item\":\"https:\\\/\\\/www.notibras.com\\\/site\\\/\"},{\"@type\":\"ListItem\",\"position\":2,\"name\":\"Chegou a hora de Lula prestar conta por tr\u00e1fico de influ\u00eancia\"}]},{\"@type\":\"WebSite\",\"@id\":\"https:\\\/\\\/www.notibras.com\\\/site\\\/#website\",\"url\":\"https:\\\/\\\/www.notibras.com\\\/site\\\/\",\"name\":\"Notibras\",\"description\":\"Not\u00edcias de Bras\u00edlia, do Brasil e do Mundo\",\"publisher\":{\"@id\":\"https:\\\/\\\/www.notibras.com\\\/site\\\/#organization\"},\"potentialAction\":[{\"@type\":\"SearchAction\",\"target\":{\"@type\":\"EntryPoint\",\"urlTemplate\":\"https:\\\/\\\/www.notibras.com\\\/site\\\/?s={search_term_string}\"},\"query-input\":{\"@type\":\"PropertyValueSpecification\",\"valueRequired\":true,\"valueName\":\"search_term_string\"}}],\"inLanguage\":\"pt-BR\"},{\"@type\":\"Organization\",\"@id\":\"https:\\\/\\\/www.notibras.com\\\/site\\\/#organization\",\"name\":\"Grupo Notibras de Comunica\u00e7\u00e3o\",\"url\":\"https:\\\/\\\/www.notibras.com\\\/site\\\/\",\"logo\":{\"@type\":\"ImageObject\",\"inLanguage\":\"pt-BR\",\"@id\":\"https:\\\/\\\/www.notibras.com\\\/site\\\/#\\\/schema\\\/logo\\\/image\\\/\",\"url\":\"https:\\\/\\\/www.notibras.com\\\/site\\\/wp-content\\\/uploads\\\/2023\\\/01\\\/notibras23.png\",\"contentUrl\":\"https:\\\/\\\/www.notibras.com\\\/site\\\/wp-content\\\/uploads\\\/2023\\\/01\\\/notibras23.png\",\"width\":350,\"height\":87,\"caption\":\"Grupo Notibras de Comunica\u00e7\u00e3o\"},\"image\":{\"@id\":\"https:\\\/\\\/www.notibras.com\\\/site\\\/#\\\/schema\\\/logo\\\/image\\\/\"},\"sameAs\":[\"https:\\\/\\\/www.facebook.com\\\/notibras\\\/\",\"https:\\\/\\\/x.com\\\/Notibras\",\"https:\\\/\\\/www.instagram.com\\\/notibras\\\/\"]},{\"@type\":\"Person\",\"@id\":\"https:\\\/\\\/www.notibras.com\\\/site\\\/#\\\/schema\\\/person\\\/36ab0979449956132d3e5b517ea76ac8\",\"name\":\"Reda\u00e7\u00e3o\",\"image\":{\"@type\":\"ImageObject\",\"inLanguage\":\"pt-BR\",\"@id\":\"https:\\\/\\\/secure.gravatar.com\\\/avatar\\\/e0a867bdedb85fd243eadf09663511f96fc81e0720a4a42581f334ad4303aa6b?s=96&d=mm&r=g\",\"url\":\"https:\\\/\\\/secure.gravatar.com\\\/avatar\\\/e0a867bdedb85fd243eadf09663511f96fc81e0720a4a42581f334ad4303aa6b?s=96&d=mm&r=g\",\"contentUrl\":\"https:\\\/\\\/secure.gravatar.com\\\/avatar\\\/e0a867bdedb85fd243eadf09663511f96fc81e0720a4a42581f334ad4303aa6b?s=96&d=mm&r=g\",\"caption\":\"Reda\u00e7\u00e3o\"}}]}<\/script>\n<!-- \/ Yoast SEO plugin. -->","yoast_head_json":{"title":"Chegou a hora de Lula prestar conta por tr\u00e1fico de influ\u00eancia - Notibras","robots":{"index":"index","follow":"follow","max-snippet":"max-snippet:-1","max-image-preview":"max-image-preview:large","max-video-preview":"max-video-preview:-1"},"canonical":"https:\/\/www.notibras.com\/site\/chegou-a-epoca-de-lula-ser-investigado-trafico-de-influencia-e-crime\/","og_locale":"pt_BR","og_type":"article","og_title":"Chegou a hora de Lula prestar conta por tr\u00e1fico de influ\u00eancia - Notibras","og_description":"O ex-presidente Lula come\u00e7a a ser investigado. A miss\u00e3o de apurar suposto tr\u00e1fico de influ\u00eancia est\u00e1 nas m\u00e3os do N\u00facleo de Combate \u00e0 Corrup\u00e7\u00e3o da Procuradoria da Rep\u00fablica em Bras\u00edlia.\u00a0 Lula teria usado seu poder para beneficiar grandes grupos empresariais no Brasil e no exterior, segundo reportagem da revista \u00c9poca. O Minist\u00e9rio P\u00fablico investiga &#8220;supostas [&hellip;]","og_url":"https:\/\/www.notibras.com\/site\/chegou-a-epoca-de-lula-ser-investigado-trafico-de-influencia-e-crime\/","og_site_name":"Notibras","article_publisher":"https:\/\/www.facebook.com\/notibras\/","article_published_time":"2015-05-01T10:29:48+00:00","article_modified_time":"2015-05-01T15:44:23+00:00","og_image":[{"width":900,"height":592,"url":"https:\/\/www.notibras.com\/site\/wp-content\/uploads\/2015\/05\/lula-investigacao.jpg","type":"image\/jpeg"}],"author":"Reda\u00e7\u00e3o","twitter_card":"summary_large_image","twitter_creator":"@Notibras","twitter_site":"@Notibras","twitter_misc":{"Escrito por":"Reda\u00e7\u00e3o","Est. tempo de leitura":"2 minutos"},"schema":{"@context":"https:\/\/schema.org","@graph":[{"@type":"Article","@id":"https:\/\/www.notibras.com\/site\/chegou-a-epoca-de-lula-ser-investigado-trafico-de-influencia-e-crime\/#article","isPartOf":{"@id":"https:\/\/www.notibras.com\/site\/chegou-a-epoca-de-lula-ser-investigado-trafico-de-influencia-e-crime\/"},"author":{"name":"Reda\u00e7\u00e3o","@id":"https:\/\/www.notibras.com\/site\/#\/schema\/person\/36ab0979449956132d3e5b517ea76ac8"},"headline":"Chegou a hora de Lula prestar conta por tr\u00e1fico de influ\u00eancia","datePublished":"2015-05-01T10:29:48+00:00","dateModified":"2015-05-01T15:44:23+00:00","mainEntityOfPage":{"@id":"https:\/\/www.notibras.com\/site\/chegou-a-epoca-de-lula-ser-investigado-trafico-de-influencia-e-crime\/"},"wordCount":430,"commentCount":0,"publisher":{"@id":"https:\/\/www.notibras.com\/site\/#organization"},"image":{"@id":"https:\/\/www.notibras.com\/site\/chegou-a-epoca-de-lula-ser-investigado-trafico-de-influencia-e-crime\/#primaryimage"},"thumbnailUrl":"https:\/\/www.notibras.com\/site\/wp-content\/uploads\/2015\/05\/lula-investigacao.jpg","articleSection":["Brasil"],"inLanguage":"pt-BR","potentialAction":[{"@type":"CommentAction","name":"Comment","target":["https:\/\/www.notibras.com\/site\/chegou-a-epoca-de-lula-ser-investigado-trafico-de-influencia-e-crime\/#respond"]}]},{"@type":"WebPage","@id":"https:\/\/www.notibras.com\/site\/chegou-a-epoca-de-lula-ser-investigado-trafico-de-influencia-e-crime\/","url":"https:\/\/www.notibras.com\/site\/chegou-a-epoca-de-lula-ser-investigado-trafico-de-influencia-e-crime\/","name":"Chegou a hora de Lula prestar conta por tr\u00e1fico de influ\u00eancia - Notibras","isPartOf":{"@id":"https:\/\/www.notibras.com\/site\/#website"},"primaryImageOfPage":{"@id":"https:\/\/www.notibras.com\/site\/chegou-a-epoca-de-lula-ser-investigado-trafico-de-influencia-e-crime\/#primaryimage"},"image":{"@id":"https:\/\/www.notibras.com\/site\/chegou-a-epoca-de-lula-ser-investigado-trafico-de-influencia-e-crime\/#primaryimage"},"thumbnailUrl":"https:\/\/www.notibras.com\/site\/wp-content\/uploads\/2015\/05\/lula-investigacao.jpg","datePublished":"2015-05-01T10:29:48+00:00","dateModified":"2015-05-01T15:44:23+00:00","breadcrumb":{"@id":"https:\/\/www.notibras.com\/site\/chegou-a-epoca-de-lula-ser-investigado-trafico-de-influencia-e-crime\/#breadcrumb"},"inLanguage":"pt-BR","potentialAction":[{"@type":"ReadAction","target":["https:\/\/www.notibras.com\/site\/chegou-a-epoca-de-lula-ser-investigado-trafico-de-influencia-e-crime\/"]}]},{"@type":"ImageObject","inLanguage":"pt-BR","@id":"https:\/\/www.notibras.com\/site\/chegou-a-epoca-de-lula-ser-investigado-trafico-de-influencia-e-crime\/#primaryimage","url":"https:\/\/www.notibras.com\/site\/wp-content\/uploads\/2015\/05\/lula-investigacao.jpg","contentUrl":"https:\/\/www.notibras.com\/site\/wp-content\/uploads\/2015\/05\/lula-investigacao.jpg","width":900,"height":592},{"@type":"BreadcrumbList","@id":"https:\/\/www.notibras.com\/site\/chegou-a-epoca-de-lula-ser-investigado-trafico-de-influencia-e-crime\/#breadcrumb","itemListElement":[{"@type":"ListItem","position":1,"name":"In\u00edcio","item":"https:\/\/www.notibras.com\/site\/"},{"@type":"ListItem","position":2,"name":"Chegou a hora de Lula prestar conta por tr\u00e1fico de influ\u00eancia"}]},{"@type":"WebSite","@id":"https:\/\/www.notibras.com\/site\/#website","url":"https:\/\/www.notibras.com\/site\/","name":"Notibras","description":"Not\u00edcias de Bras\u00edlia, do Brasil e do Mundo","publisher":{"@id":"https:\/\/www.notibras.com\/site\/#organization"},"potentialAction":[{"@type":"SearchAction","target":{"@type":"EntryPoint","urlTemplate":"https:\/\/www.notibras.com\/site\/?s={search_term_string}"},"query-input":{"@type":"PropertyValueSpecification","valueRequired":true,"valueName":"search_term_string"}}],"inLanguage":"pt-BR"},{"@type":"Organization","@id":"https:\/\/www.notibras.com\/site\/#organization","name":"Grupo Notibras de Comunica\u00e7\u00e3o","url":"https:\/\/www.notibras.com\/site\/","logo":{"@type":"ImageObject","inLanguage":"pt-BR","@id":"https:\/\/www.notibras.com\/site\/#\/schema\/logo\/image\/","url":"https:\/\/www.notibras.com\/site\/wp-content\/uploads\/2023\/01\/notibras23.png","contentUrl":"https:\/\/www.notibras.com\/site\/wp-content\/uploads\/2023\/01\/notibras23.png","width":350,"height":87,"caption":"Grupo Notibras de Comunica\u00e7\u00e3o"},"image":{"@id":"https:\/\/www.notibras.com\/site\/#\/schema\/logo\/image\/"},"sameAs":["https:\/\/www.facebook.com\/notibras\/","https:\/\/x.com\/Notibras","https:\/\/www.instagram.com\/notibras\/"]},{"@type":"Person","@id":"https:\/\/www.notibras.com\/site\/#\/schema\/person\/36ab0979449956132d3e5b517ea76ac8","name":"Reda\u00e7\u00e3o","image":{"@type":"ImageObject","inLanguage":"pt-BR","@id":"https:\/\/secure.gravatar.com\/avatar\/e0a867bdedb85fd243eadf09663511f96fc81e0720a4a42581f334ad4303aa6b?s=96&d=mm&r=g","url":"https:\/\/secure.gravatar.com\/avatar\/e0a867bdedb85fd243eadf09663511f96fc81e0720a4a42581f334ad4303aa6b?s=96&d=mm&r=g","contentUrl":"https:\/\/secure.gravatar.com\/avatar\/e0a867bdedb85fd243eadf09663511f96fc81e0720a4a42581f334ad4303aa6b?s=96&d=mm&r=g","caption":"Reda\u00e7\u00e3o"}}]}},"amp_enabled":true,"_links":{"self":[{"href":"https:\/\/www.notibras.com\/site\/wp-json\/wp\/v2\/posts\/46195","targetHints":{"allow":["GET"]}}],"collection":[{"href":"https:\/\/www.notibras.com\/site\/wp-json\/wp\/v2\/posts"}],"about":[{"href":"https:\/\/www.notibras.com\/site\/wp-json\/wp\/v2\/types\/post"}],"author":[{"embeddable":true,"href":"https:\/\/www.notibras.com\/site\/wp-json\/wp\/v2\/users\/2"}],"replies":[{"embeddable":true,"href":"https:\/\/www.notibras.com\/site\/wp-json\/wp\/v2\/comments?post=46195"}],"version-history":[{"count":0,"href":"https:\/\/www.notibras.com\/site\/wp-json\/wp\/v2\/posts\/46195\/revisions"}],"wp:featuredmedia":[{"embeddable":true,"href":"https:\/\/www.notibras.com\/site\/wp-json\/wp\/v2\/media\/46196"}],"wp:attachment":[{"href":"https:\/\/www.notibras.com\/site\/wp-json\/wp\/v2\/media?parent=46195"}],"wp:term":[{"taxonomy":"category","embeddable":true,"href":"https:\/\/www.notibras.com\/site\/wp-json\/wp\/v2\/categories?post=46195"},{"taxonomy":"post_tag","embeddable":true,"href":"https:\/\/www.notibras.com\/site\/wp-json\/wp\/v2\/tags?post=46195"}],"curies":[{"name":"wp","href":"https:\/\/api.w.org\/{rel}","templated":true}]}}