{"id":46202,"date":"2015-05-01T07:43:29","date_gmt":"2015-05-01T10:43:29","guid":{"rendered":"http:\/\/www.notibras.com\/site\/?p=46202"},"modified":"2015-05-01T16:03:45","modified_gmt":"2015-05-01T19:03:45","slug":"copa-trouxe-dor-de-cabeca-coceira-e-irritacao-para-o-nordeste","status":"publish","type":"post","link":"https:\/\/www.notibras.com\/site\/copa-trouxe-dor-de-cabeca-coceira-e-irritacao-para-o-nordeste\/","title":{"rendered":"Copa trouxe dores de cabe\u00e7a, coceira e irrita\u00e7\u00e3o a baianos"},"content":{"rendered":"<p>Dois pesquisadores do Instituto de Biologia da Universidade Federal da Bahia (UFBA) descobriram o v\u00edrus causador da doen\u00e7a cujos sintomas s\u00e3o semelhantes aos da dengue e que vem assustando a popula\u00e7\u00e3o do Nordeste, em especial da Bahia: o Zika V\u00edrus, que \u00e9 transmitido pelos mosquitos aedes aegypti, aedes albopictus e outros tipos de aedes.<\/p>\n<p>De acordo com G\u00fabio Soares, pesquisador que fez a descoberta junto com Silvia Sardi, \u00e9 a primeira vez que o v\u00edrus \u00e9 identificado na Am\u00e9rica Latina, sendo mais comum na \u00c1frica e \u00c1sia. A dupla suspeita que o v\u00edrus chegou \u00e0 Bahia por causa da Copa do Mundo de Futebol, realizada em 2014 no Brasil.<\/p>\n<blockquote><p>&#8220;A Copa atraiu pessoas do mundo inteiro. Ent\u00e3o acreditamos que algumas pessoas que estavam infectadas foram picadas pelos mosquitos transmissores, e o v\u00edrus foi passado para outras pessoas&#8221;, diz.<\/p><\/blockquote>\n<p>A identifica\u00e7\u00e3o do v\u00edrus foi realizada nesta semana, ap\u00f3s a dupla de pesquisadores trabalhar por cerca de 20 dias em amostras de sangue de pacientes de Cama\u00e7ari, cidade da regi\u00e3o metropolitana de Salvador, por meio de uma t\u00e9cnica chamada RT-PCR, que amplifica o material genetico do virus, atrav\u00e9s de reagentes, aumentando o sinal deste material gen\u00e9tico.<\/p>\n<p>Segundo G\u00fabio, o Zika V\u00edrus causa um quadro muito parecido com o da dengue, em que o paciente pode apresentar sintomas como febre, diarreia, dores e manchas no corpo. Por\u00e9m, este novo v\u00edrus \u00e9 mais fraco e os sintomas mais brandos.<\/p>\n<blockquote><p>&#8220;Zika V\u00edrus n\u00e3o \u00e9 t\u00e3o grave quanto dengue ou chikungunya, n\u00e3o leva o paciente \u00e0 morte. O quadro parece al\u00e9rgico, \u00e9 mais tranquilo e o tratamento \u00e9 o mesmo&#8221;, explica o pesquisador. Al\u00e9m destes sintomas, o paciente pode apresentar sinais de conjuntivite.<\/p><\/blockquote>\n<p>&#8220;O tratamento \u00e9 o mesmo para dengue: Paracetamol. Voc\u00ea n\u00e3o combate o v\u00edrus. Isto quem faz \u00e9 o seu organismo. Voc\u00ea combate os sintomas&#8221;, afirma G\u00fabio.<\/p>\n<p>A descoberta de G\u00fabio e Silvia derruba as duas hip\u00f3teses levantadas pela Vigil\u00e2ncia Epidemiol\u00f3gica e a Secretaria de Sa\u00fade de Cama\u00e7ari, para explicar a doen\u00e7a. No \u00faltimo m\u00eas de mar\u00e7o, os dois \u00f3rg\u00e3os suspeitavam que o sintomas seriam causados por ros\u00e9ola ou parvov\u00edrus-B19.<\/p>\n<p>G\u00fabio acrescenta que, em geral, os sintomas duram cerca de 12 dias at\u00e9 desaparecerem. &#8220;O importante \u00e9 procurar um m\u00e9dico, assim que os sintomas come\u00e7arem&#8221;, diz.<\/p>\n","protected":false},"excerpt":{"rendered":"<p>Dois pesquisadores do Instituto de Biologia da Universidade Federal da Bahia (UFBA) descobriram o v\u00edrus causador da doen\u00e7a cujos sintomas s\u00e3o semelhantes aos da dengue e que vem assustando a popula\u00e7\u00e3o do Nordeste, em especial da Bahia: o Zika V\u00edrus, que \u00e9 transmitido pelos mosquitos aedes aegypti, aedes albopictus e outros tipos de aedes. De [&hellip;]<\/p>\n","protected":false},"author":2,"featured_media":46203,"comment_status":"open","ping_status":"closed","sticky":false,"template":"","format":"standard","meta":{"_acf_changed":false,"footnotes":""},"categories":[16],"tags":[],"class_list":["post-46202","post","type-post","status-publish","format-standard","has-post-thumbnail","hentry","category-brasil"],"acf":[],"yoast_head":"<!-- This site is optimized with the Yoast SEO plugin v27.5 - https:\/\/yoast.com\/product\/yoast-seo-wordpress\/ -->\n<title>Copa trouxe dores de cabe\u00e7a, coceira e irrita\u00e7\u00e3o a baianos - Notibras<\/title>\n<meta name=\"robots\" content=\"index, follow, max-snippet:-1, max-image-preview:large, max-video-preview:-1\" \/>\n<link rel=\"canonical\" href=\"https:\/\/www.notibras.com\/site\/copa-trouxe-dor-de-cabeca-coceira-e-irritacao-para-o-nordeste\/\" \/>\n<meta property=\"og:locale\" content=\"pt_BR\" \/>\n<meta property=\"og:type\" content=\"article\" \/>\n<meta property=\"og:title\" content=\"Copa trouxe dores de cabe\u00e7a, coceira e irrita\u00e7\u00e3o a baianos - Notibras\" \/>\n<meta property=\"og:description\" content=\"Dois pesquisadores do Instituto de Biologia da Universidade Federal da Bahia (UFBA) descobriram o v\u00edrus causador da doen\u00e7a cujos sintomas s\u00e3o semelhantes aos da dengue e que vem assustando a popula\u00e7\u00e3o do Nordeste, em especial da Bahia: o Zika V\u00edrus, que \u00e9 transmitido pelos mosquitos aedes aegypti, aedes albopictus e outros tipos de aedes. De [&hellip;]\" \/>\n<meta property=\"og:url\" content=\"https:\/\/www.notibras.com\/site\/copa-trouxe-dor-de-cabeca-coceira-e-irritacao-para-o-nordeste\/\" \/>\n<meta property=\"og:site_name\" content=\"Notibras\" \/>\n<meta property=\"article:publisher\" content=\"https:\/\/www.facebook.com\/notibras\/\" \/>\n<meta property=\"article:published_time\" content=\"2015-05-01T10:43:29+00:00\" \/>\n<meta property=\"article:modified_time\" content=\"2015-05-01T19:03:45+00:00\" \/>\n<meta property=\"og:image\" content=\"https:\/\/www.notibras.com\/site\/wp-content\/uploads\/2015\/05\/copa1.jpg\" \/>\n\t<meta property=\"og:image:width\" content=\"960\" \/>\n\t<meta property=\"og:image:height\" content=\"720\" \/>\n\t<meta property=\"og:image:type\" content=\"image\/jpeg\" \/>\n<meta name=\"author\" content=\"Reda\u00e7\u00e3o\" \/>\n<meta name=\"twitter:card\" content=\"summary_large_image\" \/>\n<meta name=\"twitter:creator\" content=\"@Notibras\" \/>\n<meta name=\"twitter:site\" content=\"@Notibras\" \/>\n<meta name=\"twitter:label1\" content=\"Escrito por\" \/>\n\t<meta name=\"twitter:data1\" content=\"Reda\u00e7\u00e3o\" \/>\n\t<meta name=\"twitter:label2\" content=\"Est. tempo de leitura\" \/>\n\t<meta name=\"twitter:data2\" content=\"2 minutos\" \/>\n<script type=\"application\/ld+json\" class=\"yoast-schema-graph\">{\"@context\":\"https:\\\/\\\/schema.org\",\"@graph\":[{\"@type\":\"Article\",\"@id\":\"https:\\\/\\\/www.notibras.com\\\/site\\\/copa-trouxe-dor-de-cabeca-coceira-e-irritacao-para-o-nordeste\\\/#article\",\"isPartOf\":{\"@id\":\"https:\\\/\\\/www.notibras.com\\\/site\\\/copa-trouxe-dor-de-cabeca-coceira-e-irritacao-para-o-nordeste\\\/\"},\"author\":{\"name\":\"Reda\u00e7\u00e3o\",\"@id\":\"https:\\\/\\\/www.notibras.com\\\/site\\\/#\\\/schema\\\/person\\\/36ab0979449956132d3e5b517ea76ac8\"},\"headline\":\"Copa trouxe dores de cabe\u00e7a, coceira e irrita\u00e7\u00e3o a baianos\",\"datePublished\":\"2015-05-01T10:43:29+00:00\",\"dateModified\":\"2015-05-01T19:03:45+00:00\",\"mainEntityOfPage\":{\"@id\":\"https:\\\/\\\/www.notibras.com\\\/site\\\/copa-trouxe-dor-de-cabeca-coceira-e-irritacao-para-o-nordeste\\\/\"},\"wordCount\":416,\"commentCount\":0,\"publisher\":{\"@id\":\"https:\\\/\\\/www.notibras.com\\\/site\\\/#organization\"},\"image\":{\"@id\":\"https:\\\/\\\/www.notibras.com\\\/site\\\/copa-trouxe-dor-de-cabeca-coceira-e-irritacao-para-o-nordeste\\\/#primaryimage\"},\"thumbnailUrl\":\"https:\\\/\\\/www.notibras.com\\\/site\\\/wp-content\\\/uploads\\\/2015\\\/05\\\/copa1.jpg\",\"articleSection\":[\"Brasil\"],\"inLanguage\":\"pt-BR\",\"potentialAction\":[{\"@type\":\"CommentAction\",\"name\":\"Comment\",\"target\":[\"https:\\\/\\\/www.notibras.com\\\/site\\\/copa-trouxe-dor-de-cabeca-coceira-e-irritacao-para-o-nordeste\\\/#respond\"]}]},{\"@type\":\"WebPage\",\"@id\":\"https:\\\/\\\/www.notibras.com\\\/site\\\/copa-trouxe-dor-de-cabeca-coceira-e-irritacao-para-o-nordeste\\\/\",\"url\":\"https:\\\/\\\/www.notibras.com\\\/site\\\/copa-trouxe-dor-de-cabeca-coceira-e-irritacao-para-o-nordeste\\\/\",\"name\":\"Copa trouxe dores de cabe\u00e7a, coceira e irrita\u00e7\u00e3o a baianos - Notibras\",\"isPartOf\":{\"@id\":\"https:\\\/\\\/www.notibras.com\\\/site\\\/#website\"},\"primaryImageOfPage\":{\"@id\":\"https:\\\/\\\/www.notibras.com\\\/site\\\/copa-trouxe-dor-de-cabeca-coceira-e-irritacao-para-o-nordeste\\\/#primaryimage\"},\"image\":{\"@id\":\"https:\\\/\\\/www.notibras.com\\\/site\\\/copa-trouxe-dor-de-cabeca-coceira-e-irritacao-para-o-nordeste\\\/#primaryimage\"},\"thumbnailUrl\":\"https:\\\/\\\/www.notibras.com\\\/site\\\/wp-content\\\/uploads\\\/2015\\\/05\\\/copa1.jpg\",\"datePublished\":\"2015-05-01T10:43:29+00:00\",\"dateModified\":\"2015-05-01T19:03:45+00:00\",\"breadcrumb\":{\"@id\":\"https:\\\/\\\/www.notibras.com\\\/site\\\/copa-trouxe-dor-de-cabeca-coceira-e-irritacao-para-o-nordeste\\\/#breadcrumb\"},\"inLanguage\":\"pt-BR\",\"potentialAction\":[{\"@type\":\"ReadAction\",\"target\":[\"https:\\\/\\\/www.notibras.com\\\/site\\\/copa-trouxe-dor-de-cabeca-coceira-e-irritacao-para-o-nordeste\\\/\"]}]},{\"@type\":\"ImageObject\",\"inLanguage\":\"pt-BR\",\"@id\":\"https:\\\/\\\/www.notibras.com\\\/site\\\/copa-trouxe-dor-de-cabeca-coceira-e-irritacao-para-o-nordeste\\\/#primaryimage\",\"url\":\"https:\\\/\\\/www.notibras.com\\\/site\\\/wp-content\\\/uploads\\\/2015\\\/05\\\/copa1.jpg\",\"contentUrl\":\"https:\\\/\\\/www.notibras.com\\\/site\\\/wp-content\\\/uploads\\\/2015\\\/05\\\/copa1.jpg\",\"width\":960,\"height\":720},{\"@type\":\"BreadcrumbList\",\"@id\":\"https:\\\/\\\/www.notibras.com\\\/site\\\/copa-trouxe-dor-de-cabeca-coceira-e-irritacao-para-o-nordeste\\\/#breadcrumb\",\"itemListElement\":[{\"@type\":\"ListItem\",\"position\":1,\"name\":\"In\u00edcio\",\"item\":\"https:\\\/\\\/www.notibras.com\\\/site\\\/\"},{\"@type\":\"ListItem\",\"position\":2,\"name\":\"Copa trouxe dores de cabe\u00e7a, coceira e irrita\u00e7\u00e3o a baianos\"}]},{\"@type\":\"WebSite\",\"@id\":\"https:\\\/\\\/www.notibras.com\\\/site\\\/#website\",\"url\":\"https:\\\/\\\/www.notibras.com\\\/site\\\/\",\"name\":\"Notibras\",\"description\":\"Not\u00edcias de Bras\u00edlia, do Brasil e do Mundo\",\"publisher\":{\"@id\":\"https:\\\/\\\/www.notibras.com\\\/site\\\/#organization\"},\"potentialAction\":[{\"@type\":\"SearchAction\",\"target\":{\"@type\":\"EntryPoint\",\"urlTemplate\":\"https:\\\/\\\/www.notibras.com\\\/site\\\/?s={search_term_string}\"},\"query-input\":{\"@type\":\"PropertyValueSpecification\",\"valueRequired\":true,\"valueName\":\"search_term_string\"}}],\"inLanguage\":\"pt-BR\"},{\"@type\":\"Organization\",\"@id\":\"https:\\\/\\\/www.notibras.com\\\/site\\\/#organization\",\"name\":\"Grupo Notibras de Comunica\u00e7\u00e3o\",\"url\":\"https:\\\/\\\/www.notibras.com\\\/site\\\/\",\"logo\":{\"@type\":\"ImageObject\",\"inLanguage\":\"pt-BR\",\"@id\":\"https:\\\/\\\/www.notibras.com\\\/site\\\/#\\\/schema\\\/logo\\\/image\\\/\",\"url\":\"https:\\\/\\\/www.notibras.com\\\/site\\\/wp-content\\\/uploads\\\/2023\\\/01\\\/notibras23.png\",\"contentUrl\":\"https:\\\/\\\/www.notibras.com\\\/site\\\/wp-content\\\/uploads\\\/2023\\\/01\\\/notibras23.png\",\"width\":350,\"height\":87,\"caption\":\"Grupo Notibras de Comunica\u00e7\u00e3o\"},\"image\":{\"@id\":\"https:\\\/\\\/www.notibras.com\\\/site\\\/#\\\/schema\\\/logo\\\/image\\\/\"},\"sameAs\":[\"https:\\\/\\\/www.facebook.com\\\/notibras\\\/\",\"https:\\\/\\\/x.com\\\/Notibras\",\"https:\\\/\\\/www.instagram.com\\\/notibras\\\/\"]},{\"@type\":\"Person\",\"@id\":\"https:\\\/\\\/www.notibras.com\\\/site\\\/#\\\/schema\\\/person\\\/36ab0979449956132d3e5b517ea76ac8\",\"name\":\"Reda\u00e7\u00e3o\",\"image\":{\"@type\":\"ImageObject\",\"inLanguage\":\"pt-BR\",\"@id\":\"https:\\\/\\\/secure.gravatar.com\\\/avatar\\\/e0a867bdedb85fd243eadf09663511f96fc81e0720a4a42581f334ad4303aa6b?s=96&d=mm&r=g\",\"url\":\"https:\\\/\\\/secure.gravatar.com\\\/avatar\\\/e0a867bdedb85fd243eadf09663511f96fc81e0720a4a42581f334ad4303aa6b?s=96&d=mm&r=g\",\"contentUrl\":\"https:\\\/\\\/secure.gravatar.com\\\/avatar\\\/e0a867bdedb85fd243eadf09663511f96fc81e0720a4a42581f334ad4303aa6b?s=96&d=mm&r=g\",\"caption\":\"Reda\u00e7\u00e3o\"}}]}<\/script>\n<!-- \/ Yoast SEO plugin. -->","yoast_head_json":{"title":"Copa trouxe dores de cabe\u00e7a, coceira e irrita\u00e7\u00e3o a baianos - Notibras","robots":{"index":"index","follow":"follow","max-snippet":"max-snippet:-1","max-image-preview":"max-image-preview:large","max-video-preview":"max-video-preview:-1"},"canonical":"https:\/\/www.notibras.com\/site\/copa-trouxe-dor-de-cabeca-coceira-e-irritacao-para-o-nordeste\/","og_locale":"pt_BR","og_type":"article","og_title":"Copa trouxe dores de cabe\u00e7a, coceira e irrita\u00e7\u00e3o a baianos - Notibras","og_description":"Dois pesquisadores do Instituto de Biologia da Universidade Federal da Bahia (UFBA) descobriram o v\u00edrus causador da doen\u00e7a cujos sintomas s\u00e3o semelhantes aos da dengue e que vem assustando a popula\u00e7\u00e3o do Nordeste, em especial da Bahia: o Zika V\u00edrus, que \u00e9 transmitido pelos mosquitos aedes aegypti, aedes albopictus e outros tipos de aedes. De [&hellip;]","og_url":"https:\/\/www.notibras.com\/site\/copa-trouxe-dor-de-cabeca-coceira-e-irritacao-para-o-nordeste\/","og_site_name":"Notibras","article_publisher":"https:\/\/www.facebook.com\/notibras\/","article_published_time":"2015-05-01T10:43:29+00:00","article_modified_time":"2015-05-01T19:03:45+00:00","og_image":[{"width":960,"height":720,"url":"https:\/\/www.notibras.com\/site\/wp-content\/uploads\/2015\/05\/copa1.jpg","type":"image\/jpeg"}],"author":"Reda\u00e7\u00e3o","twitter_card":"summary_large_image","twitter_creator":"@Notibras","twitter_site":"@Notibras","twitter_misc":{"Escrito por":"Reda\u00e7\u00e3o","Est. tempo de leitura":"2 minutos"},"schema":{"@context":"https:\/\/schema.org","@graph":[{"@type":"Article","@id":"https:\/\/www.notibras.com\/site\/copa-trouxe-dor-de-cabeca-coceira-e-irritacao-para-o-nordeste\/#article","isPartOf":{"@id":"https:\/\/www.notibras.com\/site\/copa-trouxe-dor-de-cabeca-coceira-e-irritacao-para-o-nordeste\/"},"author":{"name":"Reda\u00e7\u00e3o","@id":"https:\/\/www.notibras.com\/site\/#\/schema\/person\/36ab0979449956132d3e5b517ea76ac8"},"headline":"Copa trouxe dores de cabe\u00e7a, coceira e irrita\u00e7\u00e3o a baianos","datePublished":"2015-05-01T10:43:29+00:00","dateModified":"2015-05-01T19:03:45+00:00","mainEntityOfPage":{"@id":"https:\/\/www.notibras.com\/site\/copa-trouxe-dor-de-cabeca-coceira-e-irritacao-para-o-nordeste\/"},"wordCount":416,"commentCount":0,"publisher":{"@id":"https:\/\/www.notibras.com\/site\/#organization"},"image":{"@id":"https:\/\/www.notibras.com\/site\/copa-trouxe-dor-de-cabeca-coceira-e-irritacao-para-o-nordeste\/#primaryimage"},"thumbnailUrl":"https:\/\/www.notibras.com\/site\/wp-content\/uploads\/2015\/05\/copa1.jpg","articleSection":["Brasil"],"inLanguage":"pt-BR","potentialAction":[{"@type":"CommentAction","name":"Comment","target":["https:\/\/www.notibras.com\/site\/copa-trouxe-dor-de-cabeca-coceira-e-irritacao-para-o-nordeste\/#respond"]}]},{"@type":"WebPage","@id":"https:\/\/www.notibras.com\/site\/copa-trouxe-dor-de-cabeca-coceira-e-irritacao-para-o-nordeste\/","url":"https:\/\/www.notibras.com\/site\/copa-trouxe-dor-de-cabeca-coceira-e-irritacao-para-o-nordeste\/","name":"Copa trouxe dores de cabe\u00e7a, coceira e irrita\u00e7\u00e3o a baianos - Notibras","isPartOf":{"@id":"https:\/\/www.notibras.com\/site\/#website"},"primaryImageOfPage":{"@id":"https:\/\/www.notibras.com\/site\/copa-trouxe-dor-de-cabeca-coceira-e-irritacao-para-o-nordeste\/#primaryimage"},"image":{"@id":"https:\/\/www.notibras.com\/site\/copa-trouxe-dor-de-cabeca-coceira-e-irritacao-para-o-nordeste\/#primaryimage"},"thumbnailUrl":"https:\/\/www.notibras.com\/site\/wp-content\/uploads\/2015\/05\/copa1.jpg","datePublished":"2015-05-01T10:43:29+00:00","dateModified":"2015-05-01T19:03:45+00:00","breadcrumb":{"@id":"https:\/\/www.notibras.com\/site\/copa-trouxe-dor-de-cabeca-coceira-e-irritacao-para-o-nordeste\/#breadcrumb"},"inLanguage":"pt-BR","potentialAction":[{"@type":"ReadAction","target":["https:\/\/www.notibras.com\/site\/copa-trouxe-dor-de-cabeca-coceira-e-irritacao-para-o-nordeste\/"]}]},{"@type":"ImageObject","inLanguage":"pt-BR","@id":"https:\/\/www.notibras.com\/site\/copa-trouxe-dor-de-cabeca-coceira-e-irritacao-para-o-nordeste\/#primaryimage","url":"https:\/\/www.notibras.com\/site\/wp-content\/uploads\/2015\/05\/copa1.jpg","contentUrl":"https:\/\/www.notibras.com\/site\/wp-content\/uploads\/2015\/05\/copa1.jpg","width":960,"height":720},{"@type":"BreadcrumbList","@id":"https:\/\/www.notibras.com\/site\/copa-trouxe-dor-de-cabeca-coceira-e-irritacao-para-o-nordeste\/#breadcrumb","itemListElement":[{"@type":"ListItem","position":1,"name":"In\u00edcio","item":"https:\/\/www.notibras.com\/site\/"},{"@type":"ListItem","position":2,"name":"Copa trouxe dores de cabe\u00e7a, coceira e irrita\u00e7\u00e3o a baianos"}]},{"@type":"WebSite","@id":"https:\/\/www.notibras.com\/site\/#website","url":"https:\/\/www.notibras.com\/site\/","name":"Notibras","description":"Not\u00edcias de Bras\u00edlia, do Brasil e do Mundo","publisher":{"@id":"https:\/\/www.notibras.com\/site\/#organization"},"potentialAction":[{"@type":"SearchAction","target":{"@type":"EntryPoint","urlTemplate":"https:\/\/www.notibras.com\/site\/?s={search_term_string}"},"query-input":{"@type":"PropertyValueSpecification","valueRequired":true,"valueName":"search_term_string"}}],"inLanguage":"pt-BR"},{"@type":"Organization","@id":"https:\/\/www.notibras.com\/site\/#organization","name":"Grupo Notibras de Comunica\u00e7\u00e3o","url":"https:\/\/www.notibras.com\/site\/","logo":{"@type":"ImageObject","inLanguage":"pt-BR","@id":"https:\/\/www.notibras.com\/site\/#\/schema\/logo\/image\/","url":"https:\/\/www.notibras.com\/site\/wp-content\/uploads\/2023\/01\/notibras23.png","contentUrl":"https:\/\/www.notibras.com\/site\/wp-content\/uploads\/2023\/01\/notibras23.png","width":350,"height":87,"caption":"Grupo Notibras de Comunica\u00e7\u00e3o"},"image":{"@id":"https:\/\/www.notibras.com\/site\/#\/schema\/logo\/image\/"},"sameAs":["https:\/\/www.facebook.com\/notibras\/","https:\/\/x.com\/Notibras","https:\/\/www.instagram.com\/notibras\/"]},{"@type":"Person","@id":"https:\/\/www.notibras.com\/site\/#\/schema\/person\/36ab0979449956132d3e5b517ea76ac8","name":"Reda\u00e7\u00e3o","image":{"@type":"ImageObject","inLanguage":"pt-BR","@id":"https:\/\/secure.gravatar.com\/avatar\/e0a867bdedb85fd243eadf09663511f96fc81e0720a4a42581f334ad4303aa6b?s=96&d=mm&r=g","url":"https:\/\/secure.gravatar.com\/avatar\/e0a867bdedb85fd243eadf09663511f96fc81e0720a4a42581f334ad4303aa6b?s=96&d=mm&r=g","contentUrl":"https:\/\/secure.gravatar.com\/avatar\/e0a867bdedb85fd243eadf09663511f96fc81e0720a4a42581f334ad4303aa6b?s=96&d=mm&r=g","caption":"Reda\u00e7\u00e3o"}}]}},"amp_enabled":true,"_links":{"self":[{"href":"https:\/\/www.notibras.com\/site\/wp-json\/wp\/v2\/posts\/46202","targetHints":{"allow":["GET"]}}],"collection":[{"href":"https:\/\/www.notibras.com\/site\/wp-json\/wp\/v2\/posts"}],"about":[{"href":"https:\/\/www.notibras.com\/site\/wp-json\/wp\/v2\/types\/post"}],"author":[{"embeddable":true,"href":"https:\/\/www.notibras.com\/site\/wp-json\/wp\/v2\/users\/2"}],"replies":[{"embeddable":true,"href":"https:\/\/www.notibras.com\/site\/wp-json\/wp\/v2\/comments?post=46202"}],"version-history":[{"count":0,"href":"https:\/\/www.notibras.com\/site\/wp-json\/wp\/v2\/posts\/46202\/revisions"}],"wp:featuredmedia":[{"embeddable":true,"href":"https:\/\/www.notibras.com\/site\/wp-json\/wp\/v2\/media\/46203"}],"wp:attachment":[{"href":"https:\/\/www.notibras.com\/site\/wp-json\/wp\/v2\/media?parent=46202"}],"wp:term":[{"taxonomy":"category","embeddable":true,"href":"https:\/\/www.notibras.com\/site\/wp-json\/wp\/v2\/categories?post=46202"},{"taxonomy":"post_tag","embeddable":true,"href":"https:\/\/www.notibras.com\/site\/wp-json\/wp\/v2\/tags?post=46202"}],"curies":[{"name":"wp","href":"https:\/\/api.w.org\/{rel}","templated":true}]}}