{"id":46283,"date":"2015-05-01T12:02:27","date_gmt":"2015-05-01T15:02:27","guid":{"rendered":"http:\/\/www.notibras.com\/site\/?p=46283"},"modified":"2015-05-01T12:02:27","modified_gmt":"2015-05-01T15:02:27","slug":"trabalhador-vive-mais-um-feriadao-sem-ter-sossego-de-dilma","status":"publish","type":"post","link":"https:\/\/www.notibras.com\/site\/trabalhador-vive-mais-um-feriadao-sem-ter-sossego-de-dilma\/","title":{"rendered":"Trabalhador vive mais um feriad\u00e3o sem ter sossego de Dilma"},"content":{"rendered":"<p>No Brasil, os trabalhadores permanecem em estado de alerta neste 1\u00ba de maio. A data, que deveria ser uma refer\u00eancia para as conquistas da classe, acabar\u00e1 funcionando como uma esp\u00e9cie de caixa de resson\u00e2ncia dos desafios colocados pelo atual momento pol\u00edtico.<\/p>\n<p>Vivemos um per\u00edodo de crise. Dilma ganhou as elei\u00e7\u00f5es com um falso discurso de polariza\u00e7\u00e3o com A\u00e9cio para, em seguida, implementar o programa de governo do PSDB e se unir a Joaquim Levy, K\u00e1tia Abreu e Gilberto Kassab.<\/p>\n<p>Parte da classe trabalhadora percebeu o estelionato eleitoral e j\u00e1 come\u00e7a a resistir \u00e0 retirada de direitos. O pr\u00f3prio governo acusou o golpe ao desistir de se pronunciar em rede nacional no dia 1\u00ba de maio. Eles n\u00e3o t\u00eam nada a dizer aos trabalhadores.<\/p>\n<p>O programa tucano implementado pelo PT no pa\u00eds se baseia na receita neoliberal cl\u00e1ssica: cortes de recursos nos investimentos e \u00e1reas sociais, enxugamento das pol\u00edticas p\u00fablicas, manuten\u00e7\u00e3o de uma estrutura tribut\u00e1ria que beneficia o sistema financeiro e retirada de direitos dos trabalhadores. O \u00faltimo exemplo \u00e9 claramente verificado atrav\u00e9s das medidas provis\u00f3rias (MPs) 664 e 665, que o ministro Joaquim Levy se empenha em aprovar no Congresso Nacional.<\/p>\n<p>Essas MPs foram protocoladas no dia 30 de dezembro de 2014. Durante a campanha, Dilma disse que n\u00e3o retiraria direitos dos trabalhadores &#8220;nem que a vaca tussa&#8221;. Dois meses depois, descumpriu a falsa promessa e mostrou que seu segundo mandato n\u00e3o daria sossego aos trabalhadores.<\/p>\n<blockquote><p>As MPs 664 e 665 ter\u00e3o um impacto brutal na vida do povo, pois dificultar\u00e3o o acesso a direitos trabalhistas b\u00e1sicos, como pens\u00e3o por morte, aux\u00edlio-doen\u00e7a e seguro-desemprego. As entidades sindicais calculam que a MP 665 poder\u00e1 deixar at\u00e9 4,8 milh\u00f5es de brasileiros sem seguro-desemprego todos os anos. \u00c9 um esc\u00e2ndalo o que o governo de um partido que se diz dos trabalhadores est\u00e1 tentando fazer com os direitos de toda uma classe.<\/p><\/blockquote>\n<p>A cereja no bolo dos ataques aos trabalhadores se materializa no PL 4330, que busca escancarar as terceiriza\u00e7\u00f5es no pa\u00eds. Isso significa precarizar de forma brutal as rela\u00e7\u00f5es de trabalho e implodir o poder dos sindicatos e da organiza\u00e7\u00e3o coletiva da classe trabalhadora.<\/p>\n<p>Estamos diante de um ataque sem precedentes aos direitos trabalhistas mas, at\u00e9\u00a0agora, o governo n\u00e3o deu nenhum sinal de que estaria disposto a vetar a proposta, caso ela seja aprovada pelo Congresso.<\/p>\n<p>Durante muito tempo, a elite aceitou que o PT governasse o pa\u00eds, especialmente ap\u00f3s perceber que o partido n\u00e3o representava nenhuma amea\u00e7a aos seus interesses. Ao contr\u00e1rio, para a elite era bom ter o PT no poder, pois assim contavam com um aliado confi\u00e1vel para domesticar os movimentos sociais.<\/p>\n<p>Contudo, ap\u00f3s o levante popular e juvenil das Jornadas de Junho de 2013, a elite percebeu que o PT perdeu completamente sua capacidade de controlar as ruas. A classe dominante n\u00e3o quer mais terceirizar a administra\u00e7\u00e3o do sistema capitalista ao PT, que est\u00e1 fragilizado politicamente: preferem governar com um representante mais leg\u00edtimo de seus interesses, como o PSDB de A\u00e9cio Neves.<\/p>\n<p>Mas se engana quem acha que a burguesia quer derrubar Dilma.\u00a0 Rupturas pol\u00edticas s\u00e3o sempre turbulentas e imprevis\u00edveis e isso n\u00e3o interessa \u00e0 elite e aos mercados. O que eles desejam \u00e9 enfraquecer e sangrar o governo Dilma para garantir que o ajuste fiscal seja aplicado a duras penas sobre a classe trabalhadora.<\/p>\n<p>Para fazer isso, contam com seus aliados tradicionais, como os partidos do sistema, a direita \u2013 que est\u00e1 dentro e fora do governo \u2013 e a grande m\u00eddia. Essa articula\u00e7\u00e3o de atores acaba se valendo da justa e compreens\u00edvel indigna\u00e7\u00e3o da popula\u00e7\u00e3o contra o governo Dilma e contra a corrup\u00e7\u00e3o.<\/p>\n<blockquote><p>O PSOL luta por uma\u00a0sa\u00edda da crise pela esquerda. Precisamos avan\u00e7ar na luta pelas bandeiras\u00a0 que o PT abandonou: a reforma agr\u00e1ria, a reforma urbana, a democratiza\u00e7\u00e3o da m\u00eddia, o imposto sobre as grandes fortunas, a auditoria da d\u00edvida p\u00fablica, a tributa\u00e7\u00e3o do sistema financeiro e a garantia de mais direitos para as mulheres, para os negros, para a juventude e para a popula\u00e7\u00e3o LGBT.<\/p><\/blockquote>\n<p>O dia 15 de abril foi um passo na necess\u00e1ria unidade para enfrentar o ajuste, a terceiriza\u00e7\u00e3o e as pautas conservadoras do Congresso, como a redu\u00e7\u00e3o da maioridade penal. As manifesta\u00e7\u00f5es que ocorreram em todo o pa\u00eds mostraram o caminho que devemos trilhar para impor uma derrota aos que desejam fazer o povo pagar a conta da crise.<\/p>\n<p>Por isso, n\u00e3o estamos nem com o\u00a0governo, nem com oposi\u00e7\u00e3o de direita. Precisamos construir um terceiro campo, daqueles que est\u00e3o dispostos a lutar por mais direitos.<\/p>\n<p><strong>Luciana Genro<\/strong><\/p>\n","protected":false},"excerpt":{"rendered":"<p>No Brasil, os trabalhadores permanecem em estado de alerta neste 1\u00ba de maio. A data, que deveria ser uma refer\u00eancia para as conquistas da classe, acabar\u00e1 funcionando como uma esp\u00e9cie de caixa de resson\u00e2ncia dos desafios colocados pelo atual momento pol\u00edtico. Vivemos um per\u00edodo de crise. Dilma ganhou as elei\u00e7\u00f5es com um falso discurso de [&hellip;]<\/p>\n","protected":false},"author":2,"featured_media":46284,"comment_status":"open","ping_status":"closed","sticky":false,"template":"","format":"standard","meta":{"_acf_changed":false,"footnotes":""},"categories":[25],"tags":[],"class_list":["post-46283","post","type-post","status-publish","format-standard","has-post-thumbnail","hentry","category-opina-ai"],"acf":[],"yoast_head":"<!-- This site is optimized with the Yoast SEO plugin v27.5 - https:\/\/yoast.com\/product\/yoast-seo-wordpress\/ -->\n<title>Trabalhador vive mais um feriad\u00e3o sem ter sossego de Dilma - Notibras<\/title>\n<meta name=\"robots\" content=\"index, follow, max-snippet:-1, max-image-preview:large, max-video-preview:-1\" \/>\n<link rel=\"canonical\" href=\"https:\/\/www.notibras.com\/site\/trabalhador-vive-mais-um-feriadao-sem-ter-sossego-de-dilma\/\" \/>\n<meta property=\"og:locale\" content=\"pt_BR\" \/>\n<meta property=\"og:type\" content=\"article\" \/>\n<meta property=\"og:title\" content=\"Trabalhador vive mais um feriad\u00e3o sem ter sossego de Dilma - Notibras\" \/>\n<meta property=\"og:description\" content=\"No Brasil, os trabalhadores permanecem em estado de alerta neste 1\u00ba de maio. A data, que deveria ser uma refer\u00eancia para as conquistas da classe, acabar\u00e1 funcionando como uma esp\u00e9cie de caixa de resson\u00e2ncia dos desafios colocados pelo atual momento pol\u00edtico. Vivemos um per\u00edodo de crise. Dilma ganhou as elei\u00e7\u00f5es com um falso discurso de [&hellip;]\" \/>\n<meta property=\"og:url\" content=\"https:\/\/www.notibras.com\/site\/trabalhador-vive-mais-um-feriadao-sem-ter-sossego-de-dilma\/\" \/>\n<meta property=\"og:site_name\" content=\"Notibras\" \/>\n<meta property=\"article:publisher\" content=\"https:\/\/www.facebook.com\/notibras\/\" \/>\n<meta property=\"article:published_time\" content=\"2015-05-01T15:02:27+00:00\" \/>\n<meta property=\"og:image\" content=\"https:\/\/www.notibras.com\/site\/wp-content\/uploads\/2015\/05\/trabalho1.jpg\" \/>\n\t<meta property=\"og:image:width\" content=\"400\" \/>\n\t<meta property=\"og:image:height\" content=\"300\" \/>\n\t<meta property=\"og:image:type\" content=\"image\/jpeg\" \/>\n<meta name=\"author\" content=\"Reda\u00e7\u00e3o\" \/>\n<meta name=\"twitter:card\" content=\"summary_large_image\" \/>\n<meta name=\"twitter:creator\" content=\"@Notibras\" \/>\n<meta name=\"twitter:site\" content=\"@Notibras\" \/>\n<meta name=\"twitter:label1\" content=\"Escrito por\" \/>\n\t<meta name=\"twitter:data1\" content=\"Reda\u00e7\u00e3o\" \/>\n\t<meta name=\"twitter:label2\" content=\"Est. tempo de leitura\" \/>\n\t<meta name=\"twitter:data2\" content=\"4 minutos\" \/>\n<script type=\"application\/ld+json\" class=\"yoast-schema-graph\">{\"@context\":\"https:\\\/\\\/schema.org\",\"@graph\":[{\"@type\":\"Article\",\"@id\":\"https:\\\/\\\/www.notibras.com\\\/site\\\/trabalhador-vive-mais-um-feriadao-sem-ter-sossego-de-dilma\\\/#article\",\"isPartOf\":{\"@id\":\"https:\\\/\\\/www.notibras.com\\\/site\\\/trabalhador-vive-mais-um-feriadao-sem-ter-sossego-de-dilma\\\/\"},\"author\":{\"name\":\"Reda\u00e7\u00e3o\",\"@id\":\"https:\\\/\\\/www.notibras.com\\\/site\\\/#\\\/schema\\\/person\\\/36ab0979449956132d3e5b517ea76ac8\"},\"headline\":\"Trabalhador vive mais um feriad\u00e3o sem ter sossego de Dilma\",\"datePublished\":\"2015-05-01T15:02:27+00:00\",\"mainEntityOfPage\":{\"@id\":\"https:\\\/\\\/www.notibras.com\\\/site\\\/trabalhador-vive-mais-um-feriadao-sem-ter-sossego-de-dilma\\\/\"},\"wordCount\":816,\"commentCount\":0,\"publisher\":{\"@id\":\"https:\\\/\\\/www.notibras.com\\\/site\\\/#organization\"},\"image\":{\"@id\":\"https:\\\/\\\/www.notibras.com\\\/site\\\/trabalhador-vive-mais-um-feriadao-sem-ter-sossego-de-dilma\\\/#primaryimage\"},\"thumbnailUrl\":\"https:\\\/\\\/www.notibras.com\\\/site\\\/wp-content\\\/uploads\\\/2015\\\/05\\\/trabalho1.jpg\",\"articleSection\":[\"Opina a\u00ed\"],\"inLanguage\":\"pt-BR\",\"potentialAction\":[{\"@type\":\"CommentAction\",\"name\":\"Comment\",\"target\":[\"https:\\\/\\\/www.notibras.com\\\/site\\\/trabalhador-vive-mais-um-feriadao-sem-ter-sossego-de-dilma\\\/#respond\"]}]},{\"@type\":\"WebPage\",\"@id\":\"https:\\\/\\\/www.notibras.com\\\/site\\\/trabalhador-vive-mais-um-feriadao-sem-ter-sossego-de-dilma\\\/\",\"url\":\"https:\\\/\\\/www.notibras.com\\\/site\\\/trabalhador-vive-mais-um-feriadao-sem-ter-sossego-de-dilma\\\/\",\"name\":\"Trabalhador vive mais um feriad\u00e3o sem ter sossego de Dilma - Notibras\",\"isPartOf\":{\"@id\":\"https:\\\/\\\/www.notibras.com\\\/site\\\/#website\"},\"primaryImageOfPage\":{\"@id\":\"https:\\\/\\\/www.notibras.com\\\/site\\\/trabalhador-vive-mais-um-feriadao-sem-ter-sossego-de-dilma\\\/#primaryimage\"},\"image\":{\"@id\":\"https:\\\/\\\/www.notibras.com\\\/site\\\/trabalhador-vive-mais-um-feriadao-sem-ter-sossego-de-dilma\\\/#primaryimage\"},\"thumbnailUrl\":\"https:\\\/\\\/www.notibras.com\\\/site\\\/wp-content\\\/uploads\\\/2015\\\/05\\\/trabalho1.jpg\",\"datePublished\":\"2015-05-01T15:02:27+00:00\",\"breadcrumb\":{\"@id\":\"https:\\\/\\\/www.notibras.com\\\/site\\\/trabalhador-vive-mais-um-feriadao-sem-ter-sossego-de-dilma\\\/#breadcrumb\"},\"inLanguage\":\"pt-BR\",\"potentialAction\":[{\"@type\":\"ReadAction\",\"target\":[\"https:\\\/\\\/www.notibras.com\\\/site\\\/trabalhador-vive-mais-um-feriadao-sem-ter-sossego-de-dilma\\\/\"]}]},{\"@type\":\"ImageObject\",\"inLanguage\":\"pt-BR\",\"@id\":\"https:\\\/\\\/www.notibras.com\\\/site\\\/trabalhador-vive-mais-um-feriadao-sem-ter-sossego-de-dilma\\\/#primaryimage\",\"url\":\"https:\\\/\\\/www.notibras.com\\\/site\\\/wp-content\\\/uploads\\\/2015\\\/05\\\/trabalho1.jpg\",\"contentUrl\":\"https:\\\/\\\/www.notibras.com\\\/site\\\/wp-content\\\/uploads\\\/2015\\\/05\\\/trabalho1.jpg\",\"width\":400,\"height\":300},{\"@type\":\"BreadcrumbList\",\"@id\":\"https:\\\/\\\/www.notibras.com\\\/site\\\/trabalhador-vive-mais-um-feriadao-sem-ter-sossego-de-dilma\\\/#breadcrumb\",\"itemListElement\":[{\"@type\":\"ListItem\",\"position\":1,\"name\":\"In\u00edcio\",\"item\":\"https:\\\/\\\/www.notibras.com\\\/site\\\/\"},{\"@type\":\"ListItem\",\"position\":2,\"name\":\"Trabalhador vive mais um feriad\u00e3o sem ter sossego de Dilma\"}]},{\"@type\":\"WebSite\",\"@id\":\"https:\\\/\\\/www.notibras.com\\\/site\\\/#website\",\"url\":\"https:\\\/\\\/www.notibras.com\\\/site\\\/\",\"name\":\"Notibras\",\"description\":\"Not\u00edcias de Bras\u00edlia, do Brasil e do Mundo\",\"publisher\":{\"@id\":\"https:\\\/\\\/www.notibras.com\\\/site\\\/#organization\"},\"potentialAction\":[{\"@type\":\"SearchAction\",\"target\":{\"@type\":\"EntryPoint\",\"urlTemplate\":\"https:\\\/\\\/www.notibras.com\\\/site\\\/?s={search_term_string}\"},\"query-input\":{\"@type\":\"PropertyValueSpecification\",\"valueRequired\":true,\"valueName\":\"search_term_string\"}}],\"inLanguage\":\"pt-BR\"},{\"@type\":\"Organization\",\"@id\":\"https:\\\/\\\/www.notibras.com\\\/site\\\/#organization\",\"name\":\"Grupo Notibras de Comunica\u00e7\u00e3o\",\"url\":\"https:\\\/\\\/www.notibras.com\\\/site\\\/\",\"logo\":{\"@type\":\"ImageObject\",\"inLanguage\":\"pt-BR\",\"@id\":\"https:\\\/\\\/www.notibras.com\\\/site\\\/#\\\/schema\\\/logo\\\/image\\\/\",\"url\":\"https:\\\/\\\/www.notibras.com\\\/site\\\/wp-content\\\/uploads\\\/2023\\\/01\\\/notibras23.png\",\"contentUrl\":\"https:\\\/\\\/www.notibras.com\\\/site\\\/wp-content\\\/uploads\\\/2023\\\/01\\\/notibras23.png\",\"width\":350,\"height\":87,\"caption\":\"Grupo Notibras de Comunica\u00e7\u00e3o\"},\"image\":{\"@id\":\"https:\\\/\\\/www.notibras.com\\\/site\\\/#\\\/schema\\\/logo\\\/image\\\/\"},\"sameAs\":[\"https:\\\/\\\/www.facebook.com\\\/notibras\\\/\",\"https:\\\/\\\/x.com\\\/Notibras\",\"https:\\\/\\\/www.instagram.com\\\/notibras\\\/\"]},{\"@type\":\"Person\",\"@id\":\"https:\\\/\\\/www.notibras.com\\\/site\\\/#\\\/schema\\\/person\\\/36ab0979449956132d3e5b517ea76ac8\",\"name\":\"Reda\u00e7\u00e3o\",\"image\":{\"@type\":\"ImageObject\",\"inLanguage\":\"pt-BR\",\"@id\":\"https:\\\/\\\/secure.gravatar.com\\\/avatar\\\/e0a867bdedb85fd243eadf09663511f96fc81e0720a4a42581f334ad4303aa6b?s=96&d=mm&r=g\",\"url\":\"https:\\\/\\\/secure.gravatar.com\\\/avatar\\\/e0a867bdedb85fd243eadf09663511f96fc81e0720a4a42581f334ad4303aa6b?s=96&d=mm&r=g\",\"contentUrl\":\"https:\\\/\\\/secure.gravatar.com\\\/avatar\\\/e0a867bdedb85fd243eadf09663511f96fc81e0720a4a42581f334ad4303aa6b?s=96&d=mm&r=g\",\"caption\":\"Reda\u00e7\u00e3o\"}}]}<\/script>\n<!-- \/ Yoast SEO plugin. -->","yoast_head_json":{"title":"Trabalhador vive mais um feriad\u00e3o sem ter sossego de Dilma - Notibras","robots":{"index":"index","follow":"follow","max-snippet":"max-snippet:-1","max-image-preview":"max-image-preview:large","max-video-preview":"max-video-preview:-1"},"canonical":"https:\/\/www.notibras.com\/site\/trabalhador-vive-mais-um-feriadao-sem-ter-sossego-de-dilma\/","og_locale":"pt_BR","og_type":"article","og_title":"Trabalhador vive mais um feriad\u00e3o sem ter sossego de Dilma - Notibras","og_description":"No Brasil, os trabalhadores permanecem em estado de alerta neste 1\u00ba de maio. A data, que deveria ser uma refer\u00eancia para as conquistas da classe, acabar\u00e1 funcionando como uma esp\u00e9cie de caixa de resson\u00e2ncia dos desafios colocados pelo atual momento pol\u00edtico. Vivemos um per\u00edodo de crise. Dilma ganhou as elei\u00e7\u00f5es com um falso discurso de [&hellip;]","og_url":"https:\/\/www.notibras.com\/site\/trabalhador-vive-mais-um-feriadao-sem-ter-sossego-de-dilma\/","og_site_name":"Notibras","article_publisher":"https:\/\/www.facebook.com\/notibras\/","article_published_time":"2015-05-01T15:02:27+00:00","og_image":[{"width":400,"height":300,"url":"https:\/\/www.notibras.com\/site\/wp-content\/uploads\/2015\/05\/trabalho1.jpg","type":"image\/jpeg"}],"author":"Reda\u00e7\u00e3o","twitter_card":"summary_large_image","twitter_creator":"@Notibras","twitter_site":"@Notibras","twitter_misc":{"Escrito por":"Reda\u00e7\u00e3o","Est. tempo de leitura":"4 minutos"},"schema":{"@context":"https:\/\/schema.org","@graph":[{"@type":"Article","@id":"https:\/\/www.notibras.com\/site\/trabalhador-vive-mais-um-feriadao-sem-ter-sossego-de-dilma\/#article","isPartOf":{"@id":"https:\/\/www.notibras.com\/site\/trabalhador-vive-mais-um-feriadao-sem-ter-sossego-de-dilma\/"},"author":{"name":"Reda\u00e7\u00e3o","@id":"https:\/\/www.notibras.com\/site\/#\/schema\/person\/36ab0979449956132d3e5b517ea76ac8"},"headline":"Trabalhador vive mais um feriad\u00e3o sem ter sossego de Dilma","datePublished":"2015-05-01T15:02:27+00:00","mainEntityOfPage":{"@id":"https:\/\/www.notibras.com\/site\/trabalhador-vive-mais-um-feriadao-sem-ter-sossego-de-dilma\/"},"wordCount":816,"commentCount":0,"publisher":{"@id":"https:\/\/www.notibras.com\/site\/#organization"},"image":{"@id":"https:\/\/www.notibras.com\/site\/trabalhador-vive-mais-um-feriadao-sem-ter-sossego-de-dilma\/#primaryimage"},"thumbnailUrl":"https:\/\/www.notibras.com\/site\/wp-content\/uploads\/2015\/05\/trabalho1.jpg","articleSection":["Opina a\u00ed"],"inLanguage":"pt-BR","potentialAction":[{"@type":"CommentAction","name":"Comment","target":["https:\/\/www.notibras.com\/site\/trabalhador-vive-mais-um-feriadao-sem-ter-sossego-de-dilma\/#respond"]}]},{"@type":"WebPage","@id":"https:\/\/www.notibras.com\/site\/trabalhador-vive-mais-um-feriadao-sem-ter-sossego-de-dilma\/","url":"https:\/\/www.notibras.com\/site\/trabalhador-vive-mais-um-feriadao-sem-ter-sossego-de-dilma\/","name":"Trabalhador vive mais um feriad\u00e3o sem ter sossego de Dilma - Notibras","isPartOf":{"@id":"https:\/\/www.notibras.com\/site\/#website"},"primaryImageOfPage":{"@id":"https:\/\/www.notibras.com\/site\/trabalhador-vive-mais-um-feriadao-sem-ter-sossego-de-dilma\/#primaryimage"},"image":{"@id":"https:\/\/www.notibras.com\/site\/trabalhador-vive-mais-um-feriadao-sem-ter-sossego-de-dilma\/#primaryimage"},"thumbnailUrl":"https:\/\/www.notibras.com\/site\/wp-content\/uploads\/2015\/05\/trabalho1.jpg","datePublished":"2015-05-01T15:02:27+00:00","breadcrumb":{"@id":"https:\/\/www.notibras.com\/site\/trabalhador-vive-mais-um-feriadao-sem-ter-sossego-de-dilma\/#breadcrumb"},"inLanguage":"pt-BR","potentialAction":[{"@type":"ReadAction","target":["https:\/\/www.notibras.com\/site\/trabalhador-vive-mais-um-feriadao-sem-ter-sossego-de-dilma\/"]}]},{"@type":"ImageObject","inLanguage":"pt-BR","@id":"https:\/\/www.notibras.com\/site\/trabalhador-vive-mais-um-feriadao-sem-ter-sossego-de-dilma\/#primaryimage","url":"https:\/\/www.notibras.com\/site\/wp-content\/uploads\/2015\/05\/trabalho1.jpg","contentUrl":"https:\/\/www.notibras.com\/site\/wp-content\/uploads\/2015\/05\/trabalho1.jpg","width":400,"height":300},{"@type":"BreadcrumbList","@id":"https:\/\/www.notibras.com\/site\/trabalhador-vive-mais-um-feriadao-sem-ter-sossego-de-dilma\/#breadcrumb","itemListElement":[{"@type":"ListItem","position":1,"name":"In\u00edcio","item":"https:\/\/www.notibras.com\/site\/"},{"@type":"ListItem","position":2,"name":"Trabalhador vive mais um feriad\u00e3o sem ter sossego de Dilma"}]},{"@type":"WebSite","@id":"https:\/\/www.notibras.com\/site\/#website","url":"https:\/\/www.notibras.com\/site\/","name":"Notibras","description":"Not\u00edcias de Bras\u00edlia, do Brasil e do Mundo","publisher":{"@id":"https:\/\/www.notibras.com\/site\/#organization"},"potentialAction":[{"@type":"SearchAction","target":{"@type":"EntryPoint","urlTemplate":"https:\/\/www.notibras.com\/site\/?s={search_term_string}"},"query-input":{"@type":"PropertyValueSpecification","valueRequired":true,"valueName":"search_term_string"}}],"inLanguage":"pt-BR"},{"@type":"Organization","@id":"https:\/\/www.notibras.com\/site\/#organization","name":"Grupo Notibras de Comunica\u00e7\u00e3o","url":"https:\/\/www.notibras.com\/site\/","logo":{"@type":"ImageObject","inLanguage":"pt-BR","@id":"https:\/\/www.notibras.com\/site\/#\/schema\/logo\/image\/","url":"https:\/\/www.notibras.com\/site\/wp-content\/uploads\/2023\/01\/notibras23.png","contentUrl":"https:\/\/www.notibras.com\/site\/wp-content\/uploads\/2023\/01\/notibras23.png","width":350,"height":87,"caption":"Grupo Notibras de Comunica\u00e7\u00e3o"},"image":{"@id":"https:\/\/www.notibras.com\/site\/#\/schema\/logo\/image\/"},"sameAs":["https:\/\/www.facebook.com\/notibras\/","https:\/\/x.com\/Notibras","https:\/\/www.instagram.com\/notibras\/"]},{"@type":"Person","@id":"https:\/\/www.notibras.com\/site\/#\/schema\/person\/36ab0979449956132d3e5b517ea76ac8","name":"Reda\u00e7\u00e3o","image":{"@type":"ImageObject","inLanguage":"pt-BR","@id":"https:\/\/secure.gravatar.com\/avatar\/e0a867bdedb85fd243eadf09663511f96fc81e0720a4a42581f334ad4303aa6b?s=96&d=mm&r=g","url":"https:\/\/secure.gravatar.com\/avatar\/e0a867bdedb85fd243eadf09663511f96fc81e0720a4a42581f334ad4303aa6b?s=96&d=mm&r=g","contentUrl":"https:\/\/secure.gravatar.com\/avatar\/e0a867bdedb85fd243eadf09663511f96fc81e0720a4a42581f334ad4303aa6b?s=96&d=mm&r=g","caption":"Reda\u00e7\u00e3o"}}]}},"amp_enabled":true,"_links":{"self":[{"href":"https:\/\/www.notibras.com\/site\/wp-json\/wp\/v2\/posts\/46283","targetHints":{"allow":["GET"]}}],"collection":[{"href":"https:\/\/www.notibras.com\/site\/wp-json\/wp\/v2\/posts"}],"about":[{"href":"https:\/\/www.notibras.com\/site\/wp-json\/wp\/v2\/types\/post"}],"author":[{"embeddable":true,"href":"https:\/\/www.notibras.com\/site\/wp-json\/wp\/v2\/users\/2"}],"replies":[{"embeddable":true,"href":"https:\/\/www.notibras.com\/site\/wp-json\/wp\/v2\/comments?post=46283"}],"version-history":[{"count":0,"href":"https:\/\/www.notibras.com\/site\/wp-json\/wp\/v2\/posts\/46283\/revisions"}],"wp:featuredmedia":[{"embeddable":true,"href":"https:\/\/www.notibras.com\/site\/wp-json\/wp\/v2\/media\/46284"}],"wp:attachment":[{"href":"https:\/\/www.notibras.com\/site\/wp-json\/wp\/v2\/media?parent=46283"}],"wp:term":[{"taxonomy":"category","embeddable":true,"href":"https:\/\/www.notibras.com\/site\/wp-json\/wp\/v2\/categories?post=46283"},{"taxonomy":"post_tag","embeddable":true,"href":"https:\/\/www.notibras.com\/site\/wp-json\/wp\/v2\/tags?post=46283"}],"curies":[{"name":"wp","href":"https:\/\/api.w.org\/{rel}","templated":true}]}}