{"id":46299,"date":"2015-05-01T15:58:22","date_gmt":"2015-05-01T18:58:22","guid":{"rendered":"http:\/\/www.notibras.com\/site\/?p=46299"},"modified":"2015-05-02T08:32:53","modified_gmt":"2015-05-02T11:32:53","slug":"acordo-de-lula-com-bolivia-da-prejuizo-de-872-milhoes-a-petrobras","status":"publish","type":"post","link":"https:\/\/www.notibras.com\/site\/acordo-de-lula-com-bolivia-da-prejuizo-de-872-milhoes-a-petrobras\/","title":{"rendered":"Acordo de Lula com Bol\u00edvia d\u00e1 preju\u00edzo de 872 mi \u00e0 Petrobras"},"content":{"rendered":"<p>O ex-presidente Luis In\u00e1cio Lula da Silva, que come\u00e7a a ser investigado pelo Minist\u00e9rio P\u00fablico Federal por tr\u00e1fico de influ\u00eancia, tem mais uma coisa a explicar: o que levou seu governo a firmar um acordo com a Bol\u00edvia, que deu um preju\u00edzo superior a 870 milh\u00f5es de reais \u00e0 Petrobras?<\/p>\n<p>O rombo nas contas da petrol\u00edfera foi identificado no balan\u00e7o do ano passado e representa 14% da perda atribu\u00edda \u00e0 corrup\u00e7\u00e3o na estatal. As informa\u00e7\u00f5es s\u00e3o do Uol.<\/p>\n<blockquote><p>Em agosto, ap\u00f3s sete anos de negocia\u00e7\u00e3o, a Petrobras pagou \u00e0 estatal boliviana YPFB US$ 434 milh\u00f5es pelo excedente energ\u00e9tico do g\u00e1s natural vendido ao Brasil.<\/p><\/blockquote>\n<p>O g\u00e1s rico, como \u00e9 chamado, nunca foi pedido nem aproveitado pela empresa brasileira, mas passou a ser cobrado a partir do governo do presidente Evo Morales, que assumiu o poder no pa\u00eds vizinho em 2006\u2033.<\/p>\n","protected":false},"excerpt":{"rendered":"<p>O ex-presidente Luis In\u00e1cio Lula da Silva, que come\u00e7a a ser investigado pelo Minist\u00e9rio P\u00fablico Federal por tr\u00e1fico de influ\u00eancia, tem mais uma coisa a explicar: o que levou seu governo a firmar um acordo com a Bol\u00edvia, que deu um preju\u00edzo superior a 870 milh\u00f5es de reais \u00e0 Petrobras? O rombo nas contas da [&hellip;]<\/p>\n","protected":false},"author":2,"featured_media":46300,"comment_status":"open","ping_status":"closed","sticky":false,"template":"","format":"standard","meta":{"_acf_changed":false,"footnotes":""},"categories":[16],"tags":[],"class_list":["post-46299","post","type-post","status-publish","format-standard","has-post-thumbnail","hentry","category-brasil"],"acf":[],"yoast_head":"<!-- This site is optimized with the Yoast SEO plugin v27.5 - https:\/\/yoast.com\/product\/yoast-seo-wordpress\/ -->\n<title>Acordo de Lula com Bol\u00edvia d\u00e1 preju\u00edzo de 872 mi \u00e0 Petrobras - Notibras<\/title>\n<meta name=\"robots\" content=\"index, follow, max-snippet:-1, max-image-preview:large, max-video-preview:-1\" \/>\n<link rel=\"canonical\" href=\"https:\/\/www.notibras.com\/site\/acordo-de-lula-com-bolivia-da-prejuizo-de-872-milhoes-a-petrobras\/\" \/>\n<meta property=\"og:locale\" content=\"pt_BR\" \/>\n<meta property=\"og:type\" content=\"article\" \/>\n<meta property=\"og:title\" content=\"Acordo de Lula com Bol\u00edvia d\u00e1 preju\u00edzo de 872 mi \u00e0 Petrobras - Notibras\" \/>\n<meta property=\"og:description\" content=\"O ex-presidente Luis In\u00e1cio Lula da Silva, que come\u00e7a a ser investigado pelo Minist\u00e9rio P\u00fablico Federal por tr\u00e1fico de influ\u00eancia, tem mais uma coisa a explicar: o que levou seu governo a firmar um acordo com a Bol\u00edvia, que deu um preju\u00edzo superior a 870 milh\u00f5es de reais \u00e0 Petrobras? O rombo nas contas da [&hellip;]\" \/>\n<meta property=\"og:url\" content=\"https:\/\/www.notibras.com\/site\/acordo-de-lula-com-bolivia-da-prejuizo-de-872-milhoes-a-petrobras\/\" \/>\n<meta property=\"og:site_name\" content=\"Notibras\" \/>\n<meta property=\"article:publisher\" content=\"https:\/\/www.facebook.com\/notibras\/\" \/>\n<meta property=\"article:published_time\" content=\"2015-05-01T18:58:22+00:00\" \/>\n<meta property=\"article:modified_time\" content=\"2015-05-02T11:32:53+00:00\" \/>\n<meta property=\"og:image\" content=\"https:\/\/www.notibras.com\/site\/wp-content\/uploads\/2015\/05\/evolula.jpeg\" \/>\n\t<meta property=\"og:image:width\" content=\"635\" \/>\n\t<meta property=\"og:image:height\" content=\"524\" \/>\n\t<meta property=\"og:image:type\" content=\"image\/jpeg\" \/>\n<meta name=\"author\" content=\"Reda\u00e7\u00e3o\" \/>\n<meta name=\"twitter:card\" content=\"summary_large_image\" \/>\n<meta name=\"twitter:creator\" content=\"@Notibras\" \/>\n<meta name=\"twitter:site\" content=\"@Notibras\" \/>\n<meta name=\"twitter:label1\" content=\"Escrito por\" \/>\n\t<meta name=\"twitter:data1\" content=\"Reda\u00e7\u00e3o\" \/>\n\t<meta name=\"twitter:label2\" content=\"Est. tempo de leitura\" \/>\n\t<meta name=\"twitter:data2\" content=\"1 minuto\" \/>\n<script type=\"application\/ld+json\" class=\"yoast-schema-graph\">{\"@context\":\"https:\\\/\\\/schema.org\",\"@graph\":[{\"@type\":\"Article\",\"@id\":\"https:\\\/\\\/www.notibras.com\\\/site\\\/acordo-de-lula-com-bolivia-da-prejuizo-de-872-milhoes-a-petrobras\\\/#article\",\"isPartOf\":{\"@id\":\"https:\\\/\\\/www.notibras.com\\\/site\\\/acordo-de-lula-com-bolivia-da-prejuizo-de-872-milhoes-a-petrobras\\\/\"},\"author\":{\"name\":\"Reda\u00e7\u00e3o\",\"@id\":\"https:\\\/\\\/www.notibras.com\\\/site\\\/#\\\/schema\\\/person\\\/36ab0979449956132d3e5b517ea76ac8\"},\"headline\":\"Acordo de Lula com Bol\u00edvia d\u00e1 preju\u00edzo de 872 mi \u00e0 Petrobras\",\"datePublished\":\"2015-05-01T18:58:22+00:00\",\"dateModified\":\"2015-05-02T11:32:53+00:00\",\"mainEntityOfPage\":{\"@id\":\"https:\\\/\\\/www.notibras.com\\\/site\\\/acordo-de-lula-com-bolivia-da-prejuizo-de-872-milhoes-a-petrobras\\\/\"},\"wordCount\":166,\"commentCount\":0,\"publisher\":{\"@id\":\"https:\\\/\\\/www.notibras.com\\\/site\\\/#organization\"},\"image\":{\"@id\":\"https:\\\/\\\/www.notibras.com\\\/site\\\/acordo-de-lula-com-bolivia-da-prejuizo-de-872-milhoes-a-petrobras\\\/#primaryimage\"},\"thumbnailUrl\":\"https:\\\/\\\/www.notibras.com\\\/site\\\/wp-content\\\/uploads\\\/2015\\\/05\\\/evolula.jpeg\",\"articleSection\":[\"Brasil\"],\"inLanguage\":\"pt-BR\",\"potentialAction\":[{\"@type\":\"CommentAction\",\"name\":\"Comment\",\"target\":[\"https:\\\/\\\/www.notibras.com\\\/site\\\/acordo-de-lula-com-bolivia-da-prejuizo-de-872-milhoes-a-petrobras\\\/#respond\"]}]},{\"@type\":\"WebPage\",\"@id\":\"https:\\\/\\\/www.notibras.com\\\/site\\\/acordo-de-lula-com-bolivia-da-prejuizo-de-872-milhoes-a-petrobras\\\/\",\"url\":\"https:\\\/\\\/www.notibras.com\\\/site\\\/acordo-de-lula-com-bolivia-da-prejuizo-de-872-milhoes-a-petrobras\\\/\",\"name\":\"Acordo de Lula com Bol\u00edvia d\u00e1 preju\u00edzo de 872 mi \u00e0 Petrobras - Notibras\",\"isPartOf\":{\"@id\":\"https:\\\/\\\/www.notibras.com\\\/site\\\/#website\"},\"primaryImageOfPage\":{\"@id\":\"https:\\\/\\\/www.notibras.com\\\/site\\\/acordo-de-lula-com-bolivia-da-prejuizo-de-872-milhoes-a-petrobras\\\/#primaryimage\"},\"image\":{\"@id\":\"https:\\\/\\\/www.notibras.com\\\/site\\\/acordo-de-lula-com-bolivia-da-prejuizo-de-872-milhoes-a-petrobras\\\/#primaryimage\"},\"thumbnailUrl\":\"https:\\\/\\\/www.notibras.com\\\/site\\\/wp-content\\\/uploads\\\/2015\\\/05\\\/evolula.jpeg\",\"datePublished\":\"2015-05-01T18:58:22+00:00\",\"dateModified\":\"2015-05-02T11:32:53+00:00\",\"breadcrumb\":{\"@id\":\"https:\\\/\\\/www.notibras.com\\\/site\\\/acordo-de-lula-com-bolivia-da-prejuizo-de-872-milhoes-a-petrobras\\\/#breadcrumb\"},\"inLanguage\":\"pt-BR\",\"potentialAction\":[{\"@type\":\"ReadAction\",\"target\":[\"https:\\\/\\\/www.notibras.com\\\/site\\\/acordo-de-lula-com-bolivia-da-prejuizo-de-872-milhoes-a-petrobras\\\/\"]}]},{\"@type\":\"ImageObject\",\"inLanguage\":\"pt-BR\",\"@id\":\"https:\\\/\\\/www.notibras.com\\\/site\\\/acordo-de-lula-com-bolivia-da-prejuizo-de-872-milhoes-a-petrobras\\\/#primaryimage\",\"url\":\"https:\\\/\\\/www.notibras.com\\\/site\\\/wp-content\\\/uploads\\\/2015\\\/05\\\/evolula.jpeg\",\"contentUrl\":\"https:\\\/\\\/www.notibras.com\\\/site\\\/wp-content\\\/uploads\\\/2015\\\/05\\\/evolula.jpeg\",\"width\":635,\"height\":524},{\"@type\":\"BreadcrumbList\",\"@id\":\"https:\\\/\\\/www.notibras.com\\\/site\\\/acordo-de-lula-com-bolivia-da-prejuizo-de-872-milhoes-a-petrobras\\\/#breadcrumb\",\"itemListElement\":[{\"@type\":\"ListItem\",\"position\":1,\"name\":\"In\u00edcio\",\"item\":\"https:\\\/\\\/www.notibras.com\\\/site\\\/\"},{\"@type\":\"ListItem\",\"position\":2,\"name\":\"Acordo de Lula com Bol\u00edvia d\u00e1 preju\u00edzo de 872 mi \u00e0 Petrobras\"}]},{\"@type\":\"WebSite\",\"@id\":\"https:\\\/\\\/www.notibras.com\\\/site\\\/#website\",\"url\":\"https:\\\/\\\/www.notibras.com\\\/site\\\/\",\"name\":\"Notibras\",\"description\":\"Not\u00edcias de Bras\u00edlia, do Brasil e do Mundo\",\"publisher\":{\"@id\":\"https:\\\/\\\/www.notibras.com\\\/site\\\/#organization\"},\"potentialAction\":[{\"@type\":\"SearchAction\",\"target\":{\"@type\":\"EntryPoint\",\"urlTemplate\":\"https:\\\/\\\/www.notibras.com\\\/site\\\/?s={search_term_string}\"},\"query-input\":{\"@type\":\"PropertyValueSpecification\",\"valueRequired\":true,\"valueName\":\"search_term_string\"}}],\"inLanguage\":\"pt-BR\"},{\"@type\":\"Organization\",\"@id\":\"https:\\\/\\\/www.notibras.com\\\/site\\\/#organization\",\"name\":\"Grupo Notibras de Comunica\u00e7\u00e3o\",\"url\":\"https:\\\/\\\/www.notibras.com\\\/site\\\/\",\"logo\":{\"@type\":\"ImageObject\",\"inLanguage\":\"pt-BR\",\"@id\":\"https:\\\/\\\/www.notibras.com\\\/site\\\/#\\\/schema\\\/logo\\\/image\\\/\",\"url\":\"https:\\\/\\\/www.notibras.com\\\/site\\\/wp-content\\\/uploads\\\/2023\\\/01\\\/notibras23.png\",\"contentUrl\":\"https:\\\/\\\/www.notibras.com\\\/site\\\/wp-content\\\/uploads\\\/2023\\\/01\\\/notibras23.png\",\"width\":350,\"height\":87,\"caption\":\"Grupo Notibras de Comunica\u00e7\u00e3o\"},\"image\":{\"@id\":\"https:\\\/\\\/www.notibras.com\\\/site\\\/#\\\/schema\\\/logo\\\/image\\\/\"},\"sameAs\":[\"https:\\\/\\\/www.facebook.com\\\/notibras\\\/\",\"https:\\\/\\\/x.com\\\/Notibras\",\"https:\\\/\\\/www.instagram.com\\\/notibras\\\/\"]},{\"@type\":\"Person\",\"@id\":\"https:\\\/\\\/www.notibras.com\\\/site\\\/#\\\/schema\\\/person\\\/36ab0979449956132d3e5b517ea76ac8\",\"name\":\"Reda\u00e7\u00e3o\",\"image\":{\"@type\":\"ImageObject\",\"inLanguage\":\"pt-BR\",\"@id\":\"https:\\\/\\\/secure.gravatar.com\\\/avatar\\\/e0a867bdedb85fd243eadf09663511f96fc81e0720a4a42581f334ad4303aa6b?s=96&d=mm&r=g\",\"url\":\"https:\\\/\\\/secure.gravatar.com\\\/avatar\\\/e0a867bdedb85fd243eadf09663511f96fc81e0720a4a42581f334ad4303aa6b?s=96&d=mm&r=g\",\"contentUrl\":\"https:\\\/\\\/secure.gravatar.com\\\/avatar\\\/e0a867bdedb85fd243eadf09663511f96fc81e0720a4a42581f334ad4303aa6b?s=96&d=mm&r=g\",\"caption\":\"Reda\u00e7\u00e3o\"}}]}<\/script>\n<!-- \/ Yoast SEO plugin. -->","yoast_head_json":{"title":"Acordo de Lula com Bol\u00edvia d\u00e1 preju\u00edzo de 872 mi \u00e0 Petrobras - Notibras","robots":{"index":"index","follow":"follow","max-snippet":"max-snippet:-1","max-image-preview":"max-image-preview:large","max-video-preview":"max-video-preview:-1"},"canonical":"https:\/\/www.notibras.com\/site\/acordo-de-lula-com-bolivia-da-prejuizo-de-872-milhoes-a-petrobras\/","og_locale":"pt_BR","og_type":"article","og_title":"Acordo de Lula com Bol\u00edvia d\u00e1 preju\u00edzo de 872 mi \u00e0 Petrobras - Notibras","og_description":"O ex-presidente Luis In\u00e1cio Lula da Silva, que come\u00e7a a ser investigado pelo Minist\u00e9rio P\u00fablico Federal por tr\u00e1fico de influ\u00eancia, tem mais uma coisa a explicar: o que levou seu governo a firmar um acordo com a Bol\u00edvia, que deu um preju\u00edzo superior a 870 milh\u00f5es de reais \u00e0 Petrobras? O rombo nas contas da [&hellip;]","og_url":"https:\/\/www.notibras.com\/site\/acordo-de-lula-com-bolivia-da-prejuizo-de-872-milhoes-a-petrobras\/","og_site_name":"Notibras","article_publisher":"https:\/\/www.facebook.com\/notibras\/","article_published_time":"2015-05-01T18:58:22+00:00","article_modified_time":"2015-05-02T11:32:53+00:00","og_image":[{"width":635,"height":524,"url":"https:\/\/www.notibras.com\/site\/wp-content\/uploads\/2015\/05\/evolula.jpeg","type":"image\/jpeg"}],"author":"Reda\u00e7\u00e3o","twitter_card":"summary_large_image","twitter_creator":"@Notibras","twitter_site":"@Notibras","twitter_misc":{"Escrito por":"Reda\u00e7\u00e3o","Est. tempo de leitura":"1 minuto"},"schema":{"@context":"https:\/\/schema.org","@graph":[{"@type":"Article","@id":"https:\/\/www.notibras.com\/site\/acordo-de-lula-com-bolivia-da-prejuizo-de-872-milhoes-a-petrobras\/#article","isPartOf":{"@id":"https:\/\/www.notibras.com\/site\/acordo-de-lula-com-bolivia-da-prejuizo-de-872-milhoes-a-petrobras\/"},"author":{"name":"Reda\u00e7\u00e3o","@id":"https:\/\/www.notibras.com\/site\/#\/schema\/person\/36ab0979449956132d3e5b517ea76ac8"},"headline":"Acordo de Lula com Bol\u00edvia d\u00e1 preju\u00edzo de 872 mi \u00e0 Petrobras","datePublished":"2015-05-01T18:58:22+00:00","dateModified":"2015-05-02T11:32:53+00:00","mainEntityOfPage":{"@id":"https:\/\/www.notibras.com\/site\/acordo-de-lula-com-bolivia-da-prejuizo-de-872-milhoes-a-petrobras\/"},"wordCount":166,"commentCount":0,"publisher":{"@id":"https:\/\/www.notibras.com\/site\/#organization"},"image":{"@id":"https:\/\/www.notibras.com\/site\/acordo-de-lula-com-bolivia-da-prejuizo-de-872-milhoes-a-petrobras\/#primaryimage"},"thumbnailUrl":"https:\/\/www.notibras.com\/site\/wp-content\/uploads\/2015\/05\/evolula.jpeg","articleSection":["Brasil"],"inLanguage":"pt-BR","potentialAction":[{"@type":"CommentAction","name":"Comment","target":["https:\/\/www.notibras.com\/site\/acordo-de-lula-com-bolivia-da-prejuizo-de-872-milhoes-a-petrobras\/#respond"]}]},{"@type":"WebPage","@id":"https:\/\/www.notibras.com\/site\/acordo-de-lula-com-bolivia-da-prejuizo-de-872-milhoes-a-petrobras\/","url":"https:\/\/www.notibras.com\/site\/acordo-de-lula-com-bolivia-da-prejuizo-de-872-milhoes-a-petrobras\/","name":"Acordo de Lula com Bol\u00edvia d\u00e1 preju\u00edzo de 872 mi \u00e0 Petrobras - Notibras","isPartOf":{"@id":"https:\/\/www.notibras.com\/site\/#website"},"primaryImageOfPage":{"@id":"https:\/\/www.notibras.com\/site\/acordo-de-lula-com-bolivia-da-prejuizo-de-872-milhoes-a-petrobras\/#primaryimage"},"image":{"@id":"https:\/\/www.notibras.com\/site\/acordo-de-lula-com-bolivia-da-prejuizo-de-872-milhoes-a-petrobras\/#primaryimage"},"thumbnailUrl":"https:\/\/www.notibras.com\/site\/wp-content\/uploads\/2015\/05\/evolula.jpeg","datePublished":"2015-05-01T18:58:22+00:00","dateModified":"2015-05-02T11:32:53+00:00","breadcrumb":{"@id":"https:\/\/www.notibras.com\/site\/acordo-de-lula-com-bolivia-da-prejuizo-de-872-milhoes-a-petrobras\/#breadcrumb"},"inLanguage":"pt-BR","potentialAction":[{"@type":"ReadAction","target":["https:\/\/www.notibras.com\/site\/acordo-de-lula-com-bolivia-da-prejuizo-de-872-milhoes-a-petrobras\/"]}]},{"@type":"ImageObject","inLanguage":"pt-BR","@id":"https:\/\/www.notibras.com\/site\/acordo-de-lula-com-bolivia-da-prejuizo-de-872-milhoes-a-petrobras\/#primaryimage","url":"https:\/\/www.notibras.com\/site\/wp-content\/uploads\/2015\/05\/evolula.jpeg","contentUrl":"https:\/\/www.notibras.com\/site\/wp-content\/uploads\/2015\/05\/evolula.jpeg","width":635,"height":524},{"@type":"BreadcrumbList","@id":"https:\/\/www.notibras.com\/site\/acordo-de-lula-com-bolivia-da-prejuizo-de-872-milhoes-a-petrobras\/#breadcrumb","itemListElement":[{"@type":"ListItem","position":1,"name":"In\u00edcio","item":"https:\/\/www.notibras.com\/site\/"},{"@type":"ListItem","position":2,"name":"Acordo de Lula com Bol\u00edvia d\u00e1 preju\u00edzo de 872 mi \u00e0 Petrobras"}]},{"@type":"WebSite","@id":"https:\/\/www.notibras.com\/site\/#website","url":"https:\/\/www.notibras.com\/site\/","name":"Notibras","description":"Not\u00edcias de Bras\u00edlia, do Brasil e do Mundo","publisher":{"@id":"https:\/\/www.notibras.com\/site\/#organization"},"potentialAction":[{"@type":"SearchAction","target":{"@type":"EntryPoint","urlTemplate":"https:\/\/www.notibras.com\/site\/?s={search_term_string}"},"query-input":{"@type":"PropertyValueSpecification","valueRequired":true,"valueName":"search_term_string"}}],"inLanguage":"pt-BR"},{"@type":"Organization","@id":"https:\/\/www.notibras.com\/site\/#organization","name":"Grupo Notibras de Comunica\u00e7\u00e3o","url":"https:\/\/www.notibras.com\/site\/","logo":{"@type":"ImageObject","inLanguage":"pt-BR","@id":"https:\/\/www.notibras.com\/site\/#\/schema\/logo\/image\/","url":"https:\/\/www.notibras.com\/site\/wp-content\/uploads\/2023\/01\/notibras23.png","contentUrl":"https:\/\/www.notibras.com\/site\/wp-content\/uploads\/2023\/01\/notibras23.png","width":350,"height":87,"caption":"Grupo Notibras de Comunica\u00e7\u00e3o"},"image":{"@id":"https:\/\/www.notibras.com\/site\/#\/schema\/logo\/image\/"},"sameAs":["https:\/\/www.facebook.com\/notibras\/","https:\/\/x.com\/Notibras","https:\/\/www.instagram.com\/notibras\/"]},{"@type":"Person","@id":"https:\/\/www.notibras.com\/site\/#\/schema\/person\/36ab0979449956132d3e5b517ea76ac8","name":"Reda\u00e7\u00e3o","image":{"@type":"ImageObject","inLanguage":"pt-BR","@id":"https:\/\/secure.gravatar.com\/avatar\/e0a867bdedb85fd243eadf09663511f96fc81e0720a4a42581f334ad4303aa6b?s=96&d=mm&r=g","url":"https:\/\/secure.gravatar.com\/avatar\/e0a867bdedb85fd243eadf09663511f96fc81e0720a4a42581f334ad4303aa6b?s=96&d=mm&r=g","contentUrl":"https:\/\/secure.gravatar.com\/avatar\/e0a867bdedb85fd243eadf09663511f96fc81e0720a4a42581f334ad4303aa6b?s=96&d=mm&r=g","caption":"Reda\u00e7\u00e3o"}}]}},"amp_enabled":true,"_links":{"self":[{"href":"https:\/\/www.notibras.com\/site\/wp-json\/wp\/v2\/posts\/46299","targetHints":{"allow":["GET"]}}],"collection":[{"href":"https:\/\/www.notibras.com\/site\/wp-json\/wp\/v2\/posts"}],"about":[{"href":"https:\/\/www.notibras.com\/site\/wp-json\/wp\/v2\/types\/post"}],"author":[{"embeddable":true,"href":"https:\/\/www.notibras.com\/site\/wp-json\/wp\/v2\/users\/2"}],"replies":[{"embeddable":true,"href":"https:\/\/www.notibras.com\/site\/wp-json\/wp\/v2\/comments?post=46299"}],"version-history":[{"count":0,"href":"https:\/\/www.notibras.com\/site\/wp-json\/wp\/v2\/posts\/46299\/revisions"}],"wp:featuredmedia":[{"embeddable":true,"href":"https:\/\/www.notibras.com\/site\/wp-json\/wp\/v2\/media\/46300"}],"wp:attachment":[{"href":"https:\/\/www.notibras.com\/site\/wp-json\/wp\/v2\/media?parent=46299"}],"wp:term":[{"taxonomy":"category","embeddable":true,"href":"https:\/\/www.notibras.com\/site\/wp-json\/wp\/v2\/categories?post=46299"},{"taxonomy":"post_tag","embeddable":true,"href":"https:\/\/www.notibras.com\/site\/wp-json\/wp\/v2\/tags?post=46299"}],"curies":[{"name":"wp","href":"https:\/\/api.w.org\/{rel}","templated":true}]}}