{"id":46307,"date":"2015-05-01T16:08:19","date_gmt":"2015-05-01T19:08:19","guid":{"rendered":"http:\/\/www.notibras.com\/site\/?p=46307"},"modified":"2015-05-02T08:07:16","modified_gmt":"2015-05-02T11:07:16","slug":"cunha-adverte-dilma-sobre-riscos-de-vetar-terceirizacao","status":"publish","type":"post","link":"https:\/\/www.notibras.com\/site\/cunha-adverte-dilma-sobre-riscos-de-vetar-terceirizacao\/","title":{"rendered":"Cunha adverte Dilma sobre riscos de vetar a terceiriza\u00e7\u00e3o"},"content":{"rendered":"<div class=\"content\">\n<p>O presidente da C\u00e2mara dos Deputados, Eduardo Cunha (PMDB-RJ) disse nesta sexta (1\u00ba) que a presidenta da Rep\u00fablica, Dilma Rousseff, tem de\u00a0ter\u00a0\u201ccautela\u201d caso decida vetar o Projeto de Lei (PL) 4.330\/2004, que regulamenta a terceiriza\u00e7\u00e3o. De acordo com Cunha, Dilma n\u00e3o deve assumir a posi\u00e7\u00e3o do PT, mas da base que a sustenta politicamente.<\/p>\n<p>\u201cA presidente n\u00e3o \u00e9 sustentada politicamente somente pelo PT, \u00e9 sustentada por v\u00e1rios partidos. E todos esses outros partidos votaram pelo projeto. Ent\u00e3o [ela] tem de\u00a0ter\u00a0a cautela de que o governo tenha uma posi\u00e7\u00e3o que seja a posi\u00e7\u00e3o da maioria da sua base\u201d, disse em entrevista \u00e0 imprensa o presidente da C\u00e2mara antes de participar de evento da For\u00e7a Sindical, que ocorre na zona norte da capital paulista, comemorativo pelo Dia do Trabalho.<\/p>\n<p>\u201cA presidente da Rep\u00fablica tem de\u00a0ter\u00a0a cautela, \u00e9 um direito dela\u00a0ter\u00a0opini\u00e3o, ele sempre\u00a0ter\u00e1 o direito de vetar qualquer proposta, embora [se saiba que] a \u00faltima palavra ser\u00e1 do Congresso, que vai apreciar o seu veto\u201d, acrescentou Cunha.<\/p>\n<blockquote><p>Na \u00faltima semana, a presidenta Dilma Rousseff disse que o governo reconhece a import\u00e2ncia do projeto que regulamenta a terceiriza\u00e7\u00e3o, mas avaliou que a proposta deve ser discutida com equil\u00edbrio e n\u00e3o pode significar a perda de direitos trabalhistas e de arrecada\u00e7\u00e3o.<\/p><\/blockquote>\n<p>Eduardo Cunha questionou se a Presid\u00eancia da Rep\u00fablica ir\u00e1 tamb\u00e9m adotar a pauta do PT e a da Central \u00danica dos Trabalhadores (CUT) na vota\u00e7\u00e3o do ajuste fiscal, que dever\u00e1 entrar brevemente em vota\u00e7\u00e3o no Congresso.<\/p>\n<p>\u201cN\u00f3s vamos\u00a0ter\u00a0agora, por exemplo, a medida de ajuste fiscal. Voc\u00ea tem uma medida provis\u00f3ria pol\u00eamica, que os mesmos que contestaram a terceiriza\u00e7\u00e3o est\u00e3o contestando que se est\u00e1 retirando direito. Se ela for seguir a pauta da central sindical e do PT, ela vai\u00a0ter\u00a0de pedir a sua base para votar contra a medida provis\u00f3ria que ela editou?\u201d, indagou. \u201cPassa a ser perigoso quando voc\u00ea assume a pauta do PT e, consequentemente, a pauta do PT nem sempre coincide com essa da base\u201d, completou o presidente da C\u00e2mara.<\/p>\n<header>\n<div class=\"node-info\"><strong>Bruno Bocchini, ABr<\/strong><strong><br \/>\n<\/strong><\/div>\n<\/header>\n<\/div>\n","protected":false},"excerpt":{"rendered":"<p>O presidente da C\u00e2mara dos Deputados, Eduardo Cunha (PMDB-RJ) disse nesta sexta (1\u00ba) que a presidenta da Rep\u00fablica, Dilma Rousseff, tem de\u00a0ter\u00a0\u201ccautela\u201d caso decida vetar o Projeto de Lei (PL) 4.330\/2004, que regulamenta a terceiriza\u00e7\u00e3o. De acordo com Cunha, Dilma n\u00e3o deve assumir a posi\u00e7\u00e3o do PT, mas da base que a sustenta politicamente. \u201cA [&hellip;]<\/p>\n","protected":false},"author":2,"featured_media":46308,"comment_status":"open","ping_status":"closed","sticky":false,"template":"","format":"standard","meta":{"_acf_changed":false,"footnotes":""},"categories":[16],"tags":[],"class_list":["post-46307","post","type-post","status-publish","format-standard","has-post-thumbnail","hentry","category-brasil"],"acf":[],"yoast_head":"<!-- This site is optimized with the Yoast SEO plugin v27.5 - https:\/\/yoast.com\/product\/yoast-seo-wordpress\/ -->\n<title>Cunha adverte Dilma sobre riscos de vetar a terceiriza\u00e7\u00e3o - Notibras<\/title>\n<meta name=\"robots\" content=\"index, follow, max-snippet:-1, max-image-preview:large, max-video-preview:-1\" \/>\n<link rel=\"canonical\" href=\"https:\/\/www.notibras.com\/site\/cunha-adverte-dilma-sobre-riscos-de-vetar-terceirizacao\/\" \/>\n<meta property=\"og:locale\" content=\"pt_BR\" \/>\n<meta property=\"og:type\" content=\"article\" \/>\n<meta property=\"og:title\" content=\"Cunha adverte Dilma sobre riscos de vetar a terceiriza\u00e7\u00e3o - Notibras\" \/>\n<meta property=\"og:description\" content=\"O presidente da C\u00e2mara dos Deputados, Eduardo Cunha (PMDB-RJ) disse nesta sexta (1\u00ba) que a presidenta da Rep\u00fablica, Dilma Rousseff, tem de\u00a0ter\u00a0\u201ccautela\u201d caso decida vetar o Projeto de Lei (PL) 4.330\/2004, que regulamenta a terceiriza\u00e7\u00e3o. De acordo com Cunha, Dilma n\u00e3o deve assumir a posi\u00e7\u00e3o do PT, mas da base que a sustenta politicamente. \u201cA [&hellip;]\" \/>\n<meta property=\"og:url\" content=\"https:\/\/www.notibras.com\/site\/cunha-adverte-dilma-sobre-riscos-de-vetar-terceirizacao\/\" \/>\n<meta property=\"og:site_name\" content=\"Notibras\" \/>\n<meta property=\"article:publisher\" content=\"https:\/\/www.facebook.com\/notibras\/\" \/>\n<meta property=\"article:published_time\" content=\"2015-05-01T19:08:19+00:00\" \/>\n<meta property=\"article:modified_time\" content=\"2015-05-02T11:07:16+00:00\" \/>\n<meta property=\"og:image\" content=\"https:\/\/www.notibras.com\/site\/wp-content\/uploads\/2015\/05\/eduardocunhaspdeboramelo01.jpg\" \/>\n\t<meta property=\"og:image:width\" content=\"460\" \/>\n\t<meta property=\"og:image:height\" content=\"259\" \/>\n\t<meta property=\"og:image:type\" content=\"image\/jpeg\" \/>\n<meta name=\"author\" content=\"Reda\u00e7\u00e3o\" \/>\n<meta name=\"twitter:card\" content=\"summary_large_image\" \/>\n<meta name=\"twitter:creator\" content=\"@Notibras\" \/>\n<meta name=\"twitter:site\" content=\"@Notibras\" \/>\n<meta name=\"twitter:label1\" content=\"Escrito por\" \/>\n\t<meta name=\"twitter:data1\" content=\"Reda\u00e7\u00e3o\" \/>\n\t<meta name=\"twitter:label2\" content=\"Est. tempo de leitura\" \/>\n\t<meta name=\"twitter:data2\" content=\"2 minutos\" \/>\n<script type=\"application\/ld+json\" class=\"yoast-schema-graph\">{\"@context\":\"https:\\\/\\\/schema.org\",\"@graph\":[{\"@type\":\"Article\",\"@id\":\"https:\\\/\\\/www.notibras.com\\\/site\\\/cunha-adverte-dilma-sobre-riscos-de-vetar-terceirizacao\\\/#article\",\"isPartOf\":{\"@id\":\"https:\\\/\\\/www.notibras.com\\\/site\\\/cunha-adverte-dilma-sobre-riscos-de-vetar-terceirizacao\\\/\"},\"author\":{\"name\":\"Reda\u00e7\u00e3o\",\"@id\":\"https:\\\/\\\/www.notibras.com\\\/site\\\/#\\\/schema\\\/person\\\/36ab0979449956132d3e5b517ea76ac8\"},\"headline\":\"Cunha adverte Dilma sobre riscos de vetar a terceiriza\u00e7\u00e3o\",\"datePublished\":\"2015-05-01T19:08:19+00:00\",\"dateModified\":\"2015-05-02T11:07:16+00:00\",\"mainEntityOfPage\":{\"@id\":\"https:\\\/\\\/www.notibras.com\\\/site\\\/cunha-adverte-dilma-sobre-riscos-de-vetar-terceirizacao\\\/\"},\"wordCount\":379,\"commentCount\":0,\"publisher\":{\"@id\":\"https:\\\/\\\/www.notibras.com\\\/site\\\/#organization\"},\"image\":{\"@id\":\"https:\\\/\\\/www.notibras.com\\\/site\\\/cunha-adverte-dilma-sobre-riscos-de-vetar-terceirizacao\\\/#primaryimage\"},\"thumbnailUrl\":\"https:\\\/\\\/www.notibras.com\\\/site\\\/wp-content\\\/uploads\\\/2015\\\/05\\\/eduardocunhaspdeboramelo01.jpg\",\"articleSection\":[\"Brasil\"],\"inLanguage\":\"pt-BR\",\"potentialAction\":[{\"@type\":\"CommentAction\",\"name\":\"Comment\",\"target\":[\"https:\\\/\\\/www.notibras.com\\\/site\\\/cunha-adverte-dilma-sobre-riscos-de-vetar-terceirizacao\\\/#respond\"]}]},{\"@type\":\"WebPage\",\"@id\":\"https:\\\/\\\/www.notibras.com\\\/site\\\/cunha-adverte-dilma-sobre-riscos-de-vetar-terceirizacao\\\/\",\"url\":\"https:\\\/\\\/www.notibras.com\\\/site\\\/cunha-adverte-dilma-sobre-riscos-de-vetar-terceirizacao\\\/\",\"name\":\"Cunha adverte Dilma sobre riscos de vetar a terceiriza\u00e7\u00e3o - Notibras\",\"isPartOf\":{\"@id\":\"https:\\\/\\\/www.notibras.com\\\/site\\\/#website\"},\"primaryImageOfPage\":{\"@id\":\"https:\\\/\\\/www.notibras.com\\\/site\\\/cunha-adverte-dilma-sobre-riscos-de-vetar-terceirizacao\\\/#primaryimage\"},\"image\":{\"@id\":\"https:\\\/\\\/www.notibras.com\\\/site\\\/cunha-adverte-dilma-sobre-riscos-de-vetar-terceirizacao\\\/#primaryimage\"},\"thumbnailUrl\":\"https:\\\/\\\/www.notibras.com\\\/site\\\/wp-content\\\/uploads\\\/2015\\\/05\\\/eduardocunhaspdeboramelo01.jpg\",\"datePublished\":\"2015-05-01T19:08:19+00:00\",\"dateModified\":\"2015-05-02T11:07:16+00:00\",\"breadcrumb\":{\"@id\":\"https:\\\/\\\/www.notibras.com\\\/site\\\/cunha-adverte-dilma-sobre-riscos-de-vetar-terceirizacao\\\/#breadcrumb\"},\"inLanguage\":\"pt-BR\",\"potentialAction\":[{\"@type\":\"ReadAction\",\"target\":[\"https:\\\/\\\/www.notibras.com\\\/site\\\/cunha-adverte-dilma-sobre-riscos-de-vetar-terceirizacao\\\/\"]}]},{\"@type\":\"ImageObject\",\"inLanguage\":\"pt-BR\",\"@id\":\"https:\\\/\\\/www.notibras.com\\\/site\\\/cunha-adverte-dilma-sobre-riscos-de-vetar-terceirizacao\\\/#primaryimage\",\"url\":\"https:\\\/\\\/www.notibras.com\\\/site\\\/wp-content\\\/uploads\\\/2015\\\/05\\\/eduardocunhaspdeboramelo01.jpg\",\"contentUrl\":\"https:\\\/\\\/www.notibras.com\\\/site\\\/wp-content\\\/uploads\\\/2015\\\/05\\\/eduardocunhaspdeboramelo01.jpg\",\"width\":460,\"height\":259},{\"@type\":\"BreadcrumbList\",\"@id\":\"https:\\\/\\\/www.notibras.com\\\/site\\\/cunha-adverte-dilma-sobre-riscos-de-vetar-terceirizacao\\\/#breadcrumb\",\"itemListElement\":[{\"@type\":\"ListItem\",\"position\":1,\"name\":\"In\u00edcio\",\"item\":\"https:\\\/\\\/www.notibras.com\\\/site\\\/\"},{\"@type\":\"ListItem\",\"position\":2,\"name\":\"Cunha adverte Dilma sobre riscos de vetar a terceiriza\u00e7\u00e3o\"}]},{\"@type\":\"WebSite\",\"@id\":\"https:\\\/\\\/www.notibras.com\\\/site\\\/#website\",\"url\":\"https:\\\/\\\/www.notibras.com\\\/site\\\/\",\"name\":\"Notibras\",\"description\":\"Not\u00edcias de Bras\u00edlia, do Brasil e do Mundo\",\"publisher\":{\"@id\":\"https:\\\/\\\/www.notibras.com\\\/site\\\/#organization\"},\"potentialAction\":[{\"@type\":\"SearchAction\",\"target\":{\"@type\":\"EntryPoint\",\"urlTemplate\":\"https:\\\/\\\/www.notibras.com\\\/site\\\/?s={search_term_string}\"},\"query-input\":{\"@type\":\"PropertyValueSpecification\",\"valueRequired\":true,\"valueName\":\"search_term_string\"}}],\"inLanguage\":\"pt-BR\"},{\"@type\":\"Organization\",\"@id\":\"https:\\\/\\\/www.notibras.com\\\/site\\\/#organization\",\"name\":\"Grupo Notibras de Comunica\u00e7\u00e3o\",\"url\":\"https:\\\/\\\/www.notibras.com\\\/site\\\/\",\"logo\":{\"@type\":\"ImageObject\",\"inLanguage\":\"pt-BR\",\"@id\":\"https:\\\/\\\/www.notibras.com\\\/site\\\/#\\\/schema\\\/logo\\\/image\\\/\",\"url\":\"https:\\\/\\\/www.notibras.com\\\/site\\\/wp-content\\\/uploads\\\/2023\\\/01\\\/notibras23.png\",\"contentUrl\":\"https:\\\/\\\/www.notibras.com\\\/site\\\/wp-content\\\/uploads\\\/2023\\\/01\\\/notibras23.png\",\"width\":350,\"height\":87,\"caption\":\"Grupo Notibras de Comunica\u00e7\u00e3o\"},\"image\":{\"@id\":\"https:\\\/\\\/www.notibras.com\\\/site\\\/#\\\/schema\\\/logo\\\/image\\\/\"},\"sameAs\":[\"https:\\\/\\\/www.facebook.com\\\/notibras\\\/\",\"https:\\\/\\\/x.com\\\/Notibras\",\"https:\\\/\\\/www.instagram.com\\\/notibras\\\/\"]},{\"@type\":\"Person\",\"@id\":\"https:\\\/\\\/www.notibras.com\\\/site\\\/#\\\/schema\\\/person\\\/36ab0979449956132d3e5b517ea76ac8\",\"name\":\"Reda\u00e7\u00e3o\",\"image\":{\"@type\":\"ImageObject\",\"inLanguage\":\"pt-BR\",\"@id\":\"https:\\\/\\\/secure.gravatar.com\\\/avatar\\\/e0a867bdedb85fd243eadf09663511f96fc81e0720a4a42581f334ad4303aa6b?s=96&d=mm&r=g\",\"url\":\"https:\\\/\\\/secure.gravatar.com\\\/avatar\\\/e0a867bdedb85fd243eadf09663511f96fc81e0720a4a42581f334ad4303aa6b?s=96&d=mm&r=g\",\"contentUrl\":\"https:\\\/\\\/secure.gravatar.com\\\/avatar\\\/e0a867bdedb85fd243eadf09663511f96fc81e0720a4a42581f334ad4303aa6b?s=96&d=mm&r=g\",\"caption\":\"Reda\u00e7\u00e3o\"}}]}<\/script>\n<!-- \/ Yoast SEO plugin. -->","yoast_head_json":{"title":"Cunha adverte Dilma sobre riscos de vetar a terceiriza\u00e7\u00e3o - Notibras","robots":{"index":"index","follow":"follow","max-snippet":"max-snippet:-1","max-image-preview":"max-image-preview:large","max-video-preview":"max-video-preview:-1"},"canonical":"https:\/\/www.notibras.com\/site\/cunha-adverte-dilma-sobre-riscos-de-vetar-terceirizacao\/","og_locale":"pt_BR","og_type":"article","og_title":"Cunha adverte Dilma sobre riscos de vetar a terceiriza\u00e7\u00e3o - Notibras","og_description":"O presidente da C\u00e2mara dos Deputados, Eduardo Cunha (PMDB-RJ) disse nesta sexta (1\u00ba) que a presidenta da Rep\u00fablica, Dilma Rousseff, tem de\u00a0ter\u00a0\u201ccautela\u201d caso decida vetar o Projeto de Lei (PL) 4.330\/2004, que regulamenta a terceiriza\u00e7\u00e3o. De acordo com Cunha, Dilma n\u00e3o deve assumir a posi\u00e7\u00e3o do PT, mas da base que a sustenta politicamente. \u201cA [&hellip;]","og_url":"https:\/\/www.notibras.com\/site\/cunha-adverte-dilma-sobre-riscos-de-vetar-terceirizacao\/","og_site_name":"Notibras","article_publisher":"https:\/\/www.facebook.com\/notibras\/","article_published_time":"2015-05-01T19:08:19+00:00","article_modified_time":"2015-05-02T11:07:16+00:00","og_image":[{"width":460,"height":259,"url":"https:\/\/www.notibras.com\/site\/wp-content\/uploads\/2015\/05\/eduardocunhaspdeboramelo01.jpg","type":"image\/jpeg"}],"author":"Reda\u00e7\u00e3o","twitter_card":"summary_large_image","twitter_creator":"@Notibras","twitter_site":"@Notibras","twitter_misc":{"Escrito por":"Reda\u00e7\u00e3o","Est. tempo de leitura":"2 minutos"},"schema":{"@context":"https:\/\/schema.org","@graph":[{"@type":"Article","@id":"https:\/\/www.notibras.com\/site\/cunha-adverte-dilma-sobre-riscos-de-vetar-terceirizacao\/#article","isPartOf":{"@id":"https:\/\/www.notibras.com\/site\/cunha-adverte-dilma-sobre-riscos-de-vetar-terceirizacao\/"},"author":{"name":"Reda\u00e7\u00e3o","@id":"https:\/\/www.notibras.com\/site\/#\/schema\/person\/36ab0979449956132d3e5b517ea76ac8"},"headline":"Cunha adverte Dilma sobre riscos de vetar a terceiriza\u00e7\u00e3o","datePublished":"2015-05-01T19:08:19+00:00","dateModified":"2015-05-02T11:07:16+00:00","mainEntityOfPage":{"@id":"https:\/\/www.notibras.com\/site\/cunha-adverte-dilma-sobre-riscos-de-vetar-terceirizacao\/"},"wordCount":379,"commentCount":0,"publisher":{"@id":"https:\/\/www.notibras.com\/site\/#organization"},"image":{"@id":"https:\/\/www.notibras.com\/site\/cunha-adverte-dilma-sobre-riscos-de-vetar-terceirizacao\/#primaryimage"},"thumbnailUrl":"https:\/\/www.notibras.com\/site\/wp-content\/uploads\/2015\/05\/eduardocunhaspdeboramelo01.jpg","articleSection":["Brasil"],"inLanguage":"pt-BR","potentialAction":[{"@type":"CommentAction","name":"Comment","target":["https:\/\/www.notibras.com\/site\/cunha-adverte-dilma-sobre-riscos-de-vetar-terceirizacao\/#respond"]}]},{"@type":"WebPage","@id":"https:\/\/www.notibras.com\/site\/cunha-adverte-dilma-sobre-riscos-de-vetar-terceirizacao\/","url":"https:\/\/www.notibras.com\/site\/cunha-adverte-dilma-sobre-riscos-de-vetar-terceirizacao\/","name":"Cunha adverte Dilma sobre riscos de vetar a terceiriza\u00e7\u00e3o - Notibras","isPartOf":{"@id":"https:\/\/www.notibras.com\/site\/#website"},"primaryImageOfPage":{"@id":"https:\/\/www.notibras.com\/site\/cunha-adverte-dilma-sobre-riscos-de-vetar-terceirizacao\/#primaryimage"},"image":{"@id":"https:\/\/www.notibras.com\/site\/cunha-adverte-dilma-sobre-riscos-de-vetar-terceirizacao\/#primaryimage"},"thumbnailUrl":"https:\/\/www.notibras.com\/site\/wp-content\/uploads\/2015\/05\/eduardocunhaspdeboramelo01.jpg","datePublished":"2015-05-01T19:08:19+00:00","dateModified":"2015-05-02T11:07:16+00:00","breadcrumb":{"@id":"https:\/\/www.notibras.com\/site\/cunha-adverte-dilma-sobre-riscos-de-vetar-terceirizacao\/#breadcrumb"},"inLanguage":"pt-BR","potentialAction":[{"@type":"ReadAction","target":["https:\/\/www.notibras.com\/site\/cunha-adverte-dilma-sobre-riscos-de-vetar-terceirizacao\/"]}]},{"@type":"ImageObject","inLanguage":"pt-BR","@id":"https:\/\/www.notibras.com\/site\/cunha-adverte-dilma-sobre-riscos-de-vetar-terceirizacao\/#primaryimage","url":"https:\/\/www.notibras.com\/site\/wp-content\/uploads\/2015\/05\/eduardocunhaspdeboramelo01.jpg","contentUrl":"https:\/\/www.notibras.com\/site\/wp-content\/uploads\/2015\/05\/eduardocunhaspdeboramelo01.jpg","width":460,"height":259},{"@type":"BreadcrumbList","@id":"https:\/\/www.notibras.com\/site\/cunha-adverte-dilma-sobre-riscos-de-vetar-terceirizacao\/#breadcrumb","itemListElement":[{"@type":"ListItem","position":1,"name":"In\u00edcio","item":"https:\/\/www.notibras.com\/site\/"},{"@type":"ListItem","position":2,"name":"Cunha adverte Dilma sobre riscos de vetar a terceiriza\u00e7\u00e3o"}]},{"@type":"WebSite","@id":"https:\/\/www.notibras.com\/site\/#website","url":"https:\/\/www.notibras.com\/site\/","name":"Notibras","description":"Not\u00edcias de Bras\u00edlia, do Brasil e do Mundo","publisher":{"@id":"https:\/\/www.notibras.com\/site\/#organization"},"potentialAction":[{"@type":"SearchAction","target":{"@type":"EntryPoint","urlTemplate":"https:\/\/www.notibras.com\/site\/?s={search_term_string}"},"query-input":{"@type":"PropertyValueSpecification","valueRequired":true,"valueName":"search_term_string"}}],"inLanguage":"pt-BR"},{"@type":"Organization","@id":"https:\/\/www.notibras.com\/site\/#organization","name":"Grupo Notibras de Comunica\u00e7\u00e3o","url":"https:\/\/www.notibras.com\/site\/","logo":{"@type":"ImageObject","inLanguage":"pt-BR","@id":"https:\/\/www.notibras.com\/site\/#\/schema\/logo\/image\/","url":"https:\/\/www.notibras.com\/site\/wp-content\/uploads\/2023\/01\/notibras23.png","contentUrl":"https:\/\/www.notibras.com\/site\/wp-content\/uploads\/2023\/01\/notibras23.png","width":350,"height":87,"caption":"Grupo Notibras de Comunica\u00e7\u00e3o"},"image":{"@id":"https:\/\/www.notibras.com\/site\/#\/schema\/logo\/image\/"},"sameAs":["https:\/\/www.facebook.com\/notibras\/","https:\/\/x.com\/Notibras","https:\/\/www.instagram.com\/notibras\/"]},{"@type":"Person","@id":"https:\/\/www.notibras.com\/site\/#\/schema\/person\/36ab0979449956132d3e5b517ea76ac8","name":"Reda\u00e7\u00e3o","image":{"@type":"ImageObject","inLanguage":"pt-BR","@id":"https:\/\/secure.gravatar.com\/avatar\/e0a867bdedb85fd243eadf09663511f96fc81e0720a4a42581f334ad4303aa6b?s=96&d=mm&r=g","url":"https:\/\/secure.gravatar.com\/avatar\/e0a867bdedb85fd243eadf09663511f96fc81e0720a4a42581f334ad4303aa6b?s=96&d=mm&r=g","contentUrl":"https:\/\/secure.gravatar.com\/avatar\/e0a867bdedb85fd243eadf09663511f96fc81e0720a4a42581f334ad4303aa6b?s=96&d=mm&r=g","caption":"Reda\u00e7\u00e3o"}}]}},"amp_enabled":true,"_links":{"self":[{"href":"https:\/\/www.notibras.com\/site\/wp-json\/wp\/v2\/posts\/46307","targetHints":{"allow":["GET"]}}],"collection":[{"href":"https:\/\/www.notibras.com\/site\/wp-json\/wp\/v2\/posts"}],"about":[{"href":"https:\/\/www.notibras.com\/site\/wp-json\/wp\/v2\/types\/post"}],"author":[{"embeddable":true,"href":"https:\/\/www.notibras.com\/site\/wp-json\/wp\/v2\/users\/2"}],"replies":[{"embeddable":true,"href":"https:\/\/www.notibras.com\/site\/wp-json\/wp\/v2\/comments?post=46307"}],"version-history":[{"count":0,"href":"https:\/\/www.notibras.com\/site\/wp-json\/wp\/v2\/posts\/46307\/revisions"}],"wp:featuredmedia":[{"embeddable":true,"href":"https:\/\/www.notibras.com\/site\/wp-json\/wp\/v2\/media\/46308"}],"wp:attachment":[{"href":"https:\/\/www.notibras.com\/site\/wp-json\/wp\/v2\/media?parent=46307"}],"wp:term":[{"taxonomy":"category","embeddable":true,"href":"https:\/\/www.notibras.com\/site\/wp-json\/wp\/v2\/categories?post=46307"},{"taxonomy":"post_tag","embeddable":true,"href":"https:\/\/www.notibras.com\/site\/wp-json\/wp\/v2\/tags?post=46307"}],"curies":[{"name":"wp","href":"https:\/\/api.w.org\/{rel}","templated":true}]}}