{"id":46339,"date":"2015-05-02T08:31:01","date_gmt":"2015-05-02T11:31:01","guid":{"rendered":"http:\/\/www.notibras.com\/site\/?p=46339"},"modified":"2015-05-03T10:42:20","modified_gmt":"2015-05-03T13:42:20","slug":"preso-tem-direito-a-vida-nova-mas-nem-sempre-a-chance-existe","status":"publish","type":"post","link":"https:\/\/www.notibras.com\/site\/preso-tem-direito-a-vida-nova-mas-nem-sempre-a-chance-existe\/","title":{"rendered":"Ex-preso tem direito a vida nova, mas nem sempre a chance existe"},"content":{"rendered":"<p>Raquel Souza tinha acabado de sair da adolesc\u00eancia quando, h\u00e1 sete anos, policiais entraram na casa de seu namorado, um traficante de drogas, e prenderam o homem, a jovem e uma amiga. Mesmo sem ter se envolvido diretamente com o com\u00e9rcio de drogas, ela foi condenada por tr\u00e1fico e passou mais de quatro anos presa em regime fechado.<\/p>\n<p>Depois de mais dois anos e meio em regime semiaberto e monitorada por tornozeleira eletr\u00f4nica, a jovem de 27 anos conseguiu liberdade condicional. Fora do sistema prisional, ela conseguiu ter a carteira de trabalho assinada como costureira da empresa Tem Quem Queira, que confecciona bolsas e carteiras a partir de material recicl\u00e1vel.<\/p>\n<p>\u201cAl\u00e9m de gostar do que eu fa\u00e7o aqui, \u00e9 daqui que eu tiro meu sustento\u201d, conta a Raquel, m\u00e3e de tr\u00eas crian\u00e7as, enquanto faz uma bolsinha amarela na m\u00e1quina de costuras, no ateli\u00ea da empresa, no centro da cidade do Rio de Janeiro.<\/p>\n<p>Raquel j\u00e1 trabalha na empresa h\u00e1 cerca de tr\u00eas anos, mas s\u00f3 conseguiu assinar sua carteira h\u00e1 um ano, quando deixou de vez o sistema penitenci\u00e1rio. \u201cFoi importante sair com um trabalho. Eu tinha que trabalhar. Tenho meus filhos, moro de aluguel\u201d, disse. \u201cSe eu n\u00e3o tivesse emprego, o que eu ia fazer? Eu n\u00e3o teria um destino certo ou um trabalho para dizer &#8216;vou recome\u00e7ar minha vida por aqui&#8217;. A necessidade n\u00e3o espera. \u00c0s vezes, num desespero, voc\u00ea acaba se envolvendo em coisas que voc\u00ea n\u00e3o quer. Mas o desespero \u00e9 grande.\u201d<\/p>\n<p>Elisi\u00e1rio Oliveira tamb\u00e9m \u00e9 ex-detento e cumpre pena em regime semiaberto por tr\u00e1fico de drogas. Ele trabalha na mesma empresa que Raquel e se considera um homem de sorte, por ter conseguido um emprego e poder sustentar seu filho de 3 anos. \u201cMeu filho nasceu no dia em que fui preso\u201d, lamenta o costureiro.<\/p>\n<blockquote><p>\u201cA gente \u00e9 humano, mas as pessoas acham que, porque a gente ficou preso, a gente vai voltar para a vida do crime, que vai voltar a fazer tudo o que fez antes. Poucas pessoas d\u00e3o oportunidade para a gente. Muita gente sai da cadeia e retorna. Eu vi v\u00e1rios amigos indo e voltando, porque procuram emprego e recebem um n\u00e3o. \u00c9 muito dif\u00edcil ver um filho chorando, sem ter leite, sem ter um danone para dar. O Brasil tinha que dar um pouco mais de oportunidade para os presos\u201d, disse Oliveira.<\/p><\/blockquote>\n<p>Dados do Departamento Penitenci\u00e1rio Nacional do Minist\u00e9rio da Justi\u00e7a (Depen\/MJ) contabilizam 600 mil detentos no sistema penitenci\u00e1rio brasileiro. De acordo com o Conselho Nacional de Justi\u00e7a (CNJ), o Brasil tem a quarta maior popula\u00e7\u00e3o carcer\u00e1ria do mundo, atr\u00e1s apenas dos Estados Unidos (2,2 milh\u00f5es), da China (1,7 milh\u00e3o) e da R\u00fassia (676 mil). .<\/p>\n<p>Segundo a pesquisadora da Universidade Federal de Minas Gerais (UFMG) Vanessa Barros, que tamb\u00e9m integra o Observat\u00f3rio Nacional do Sistema Prisional, do Minist\u00e9rio da Justi\u00e7a, a reinser\u00e7\u00e3o dos egressos do sistema penitenci\u00e1rio no mercado de trabalho \u00e9 prejudicada pelo preconceito.<\/p>\n<p>\u201cExiste ainda um desconhecimento enorme sobre o egresso e um preconceito. O estigma de ser egresso coloca essas pessoas num lugar de extrema vulnerabilidade. Sup\u00f5e-se que, pelo fato de terem cumprido pena, eles v\u00e3o continuar eternamente criminosos\u201d, disse a pesquisadora.<\/p>\n<p>Para ela, \u00e9 preciso haver mais programas governamentais que preparem os detentos para o mercado de trabalho antes que eles concluam suas penas.\u00a0Vanessa Barros tamb\u00e9m critica a vis\u00e3o de parte da sociedade de que o encarceramento \u00e9 a melhor solu\u00e7\u00e3o para lidar com criminosos. Segundo ela, as pris\u00f5es n\u00e3o recuperam os presos.<\/p>\n<blockquote><p>\u201cEle vai voltar, mas vai voltar de uma forma diferente, porque ali dentro, o que ele passou o degradou. Degradou seu corpo, seu esp\u00edrito, sua sensibilidade. Ele est\u00e1 degradado e ainda encontra um mundo que o rejeita. A sociedade tem que entender que essa pessoa que estava ali presa, durante um tempo n\u00e3o se ouvir\u00e1 falar nela porque ela est\u00e1 ali despejada [no pres\u00eddio], mas um dia ela vai sair.\u201d<\/p><\/blockquote>\n<p>A Usina de Reciclagem de Fortaleza (Unifort), que trabalha com a reciclagem de entulho da constru\u00e7\u00e3o civil no Cear\u00e1, \u00e9 uma das empresas que empregam ex-detentos. \u201cEu acho que a gente tem que dar uma oportunidade devido \u00e0 situa\u00e7\u00e3o do pa\u00eds hoje. Se a gente n\u00e3o abrir as portas para poder colocar essas pessoas para trabalhar, fica dif\u00edcil\u201d, observa o presidente da Unifort, Marcos Kaiser.<\/p>\n<p><strong>Vitor Abdala, ABr<\/strong><\/p>\n","protected":false},"excerpt":{"rendered":"<p>Raquel Souza tinha acabado de sair da adolesc\u00eancia quando, h\u00e1 sete anos, policiais entraram na casa de seu namorado, um traficante de drogas, e prenderam o homem, a jovem e uma amiga. Mesmo sem ter se envolvido diretamente com o com\u00e9rcio de drogas, ela foi condenada por tr\u00e1fico e passou mais de quatro anos presa [&hellip;]<\/p>\n","protected":false},"author":2,"featured_media":46340,"comment_status":"open","ping_status":"closed","sticky":false,"template":"","format":"standard","meta":{"_acf_changed":false,"footnotes":""},"categories":[16],"tags":[],"class_list":["post-46339","post","type-post","status-publish","format-standard","has-post-thumbnail","hentry","category-brasil"],"acf":[],"yoast_head":"<!-- This site is optimized with the Yoast SEO plugin v27.5 - https:\/\/yoast.com\/product\/yoast-seo-wordpress\/ -->\n<title>Ex-preso tem direito a vida nova, mas nem sempre a chance existe - Notibras<\/title>\n<meta name=\"robots\" content=\"index, follow, max-snippet:-1, max-image-preview:large, max-video-preview:-1\" \/>\n<link rel=\"canonical\" href=\"https:\/\/www.notibras.com\/site\/preso-tem-direito-a-vida-nova-mas-nem-sempre-a-chance-existe\/\" \/>\n<meta property=\"og:locale\" content=\"pt_BR\" \/>\n<meta property=\"og:type\" content=\"article\" \/>\n<meta property=\"og:title\" content=\"Ex-preso tem direito a vida nova, mas nem sempre a chance existe - Notibras\" \/>\n<meta property=\"og:description\" content=\"Raquel Souza tinha acabado de sair da adolesc\u00eancia quando, h\u00e1 sete anos, policiais entraram na casa de seu namorado, um traficante de drogas, e prenderam o homem, a jovem e uma amiga. Mesmo sem ter se envolvido diretamente com o com\u00e9rcio de drogas, ela foi condenada por tr\u00e1fico e passou mais de quatro anos presa [&hellip;]\" \/>\n<meta property=\"og:url\" content=\"https:\/\/www.notibras.com\/site\/preso-tem-direito-a-vida-nova-mas-nem-sempre-a-chance-existe\/\" \/>\n<meta property=\"og:site_name\" content=\"Notibras\" \/>\n<meta property=\"article:publisher\" content=\"https:\/\/www.facebook.com\/notibras\/\" \/>\n<meta property=\"article:published_time\" content=\"2015-05-02T11:31:01+00:00\" \/>\n<meta property=\"article:modified_time\" content=\"2015-05-03T13:42:20+00:00\" \/>\n<meta property=\"og:image\" content=\"https:\/\/www.notibras.com\/site\/wp-content\/uploads\/2015\/05\/raquel_souza_4429_0.jpg\" \/>\n\t<meta property=\"og:image:width\" content=\"277\" \/>\n\t<meta property=\"og:image:height\" content=\"160\" \/>\n\t<meta property=\"og:image:type\" content=\"image\/jpeg\" \/>\n<meta name=\"author\" content=\"Reda\u00e7\u00e3o\" \/>\n<meta name=\"twitter:card\" content=\"summary_large_image\" \/>\n<meta name=\"twitter:creator\" content=\"@Notibras\" \/>\n<meta name=\"twitter:site\" content=\"@Notibras\" \/>\n<meta name=\"twitter:label1\" content=\"Escrito por\" \/>\n\t<meta name=\"twitter:data1\" content=\"Reda\u00e7\u00e3o\" \/>\n\t<meta name=\"twitter:label2\" content=\"Est. tempo de leitura\" \/>\n\t<meta name=\"twitter:data2\" content=\"4 minutos\" \/>\n<script type=\"application\/ld+json\" class=\"yoast-schema-graph\">{\"@context\":\"https:\\\/\\\/schema.org\",\"@graph\":[{\"@type\":\"Article\",\"@id\":\"https:\\\/\\\/www.notibras.com\\\/site\\\/preso-tem-direito-a-vida-nova-mas-nem-sempre-a-chance-existe\\\/#article\",\"isPartOf\":{\"@id\":\"https:\\\/\\\/www.notibras.com\\\/site\\\/preso-tem-direito-a-vida-nova-mas-nem-sempre-a-chance-existe\\\/\"},\"author\":{\"name\":\"Reda\u00e7\u00e3o\",\"@id\":\"https:\\\/\\\/www.notibras.com\\\/site\\\/#\\\/schema\\\/person\\\/36ab0979449956132d3e5b517ea76ac8\"},\"headline\":\"Ex-preso tem direito a vida nova, mas nem sempre a chance existe\",\"datePublished\":\"2015-05-02T11:31:01+00:00\",\"dateModified\":\"2015-05-03T13:42:20+00:00\",\"mainEntityOfPage\":{\"@id\":\"https:\\\/\\\/www.notibras.com\\\/site\\\/preso-tem-direito-a-vida-nova-mas-nem-sempre-a-chance-existe\\\/\"},\"wordCount\":770,\"commentCount\":0,\"publisher\":{\"@id\":\"https:\\\/\\\/www.notibras.com\\\/site\\\/#organization\"},\"image\":{\"@id\":\"https:\\\/\\\/www.notibras.com\\\/site\\\/preso-tem-direito-a-vida-nova-mas-nem-sempre-a-chance-existe\\\/#primaryimage\"},\"thumbnailUrl\":\"https:\\\/\\\/www.notibras.com\\\/site\\\/wp-content\\\/uploads\\\/2015\\\/05\\\/raquel_souza_4429_0.jpg\",\"articleSection\":[\"Brasil\"],\"inLanguage\":\"pt-BR\",\"potentialAction\":[{\"@type\":\"CommentAction\",\"name\":\"Comment\",\"target\":[\"https:\\\/\\\/www.notibras.com\\\/site\\\/preso-tem-direito-a-vida-nova-mas-nem-sempre-a-chance-existe\\\/#respond\"]}]},{\"@type\":\"WebPage\",\"@id\":\"https:\\\/\\\/www.notibras.com\\\/site\\\/preso-tem-direito-a-vida-nova-mas-nem-sempre-a-chance-existe\\\/\",\"url\":\"https:\\\/\\\/www.notibras.com\\\/site\\\/preso-tem-direito-a-vida-nova-mas-nem-sempre-a-chance-existe\\\/\",\"name\":\"Ex-preso tem direito a vida nova, mas nem sempre a chance existe - Notibras\",\"isPartOf\":{\"@id\":\"https:\\\/\\\/www.notibras.com\\\/site\\\/#website\"},\"primaryImageOfPage\":{\"@id\":\"https:\\\/\\\/www.notibras.com\\\/site\\\/preso-tem-direito-a-vida-nova-mas-nem-sempre-a-chance-existe\\\/#primaryimage\"},\"image\":{\"@id\":\"https:\\\/\\\/www.notibras.com\\\/site\\\/preso-tem-direito-a-vida-nova-mas-nem-sempre-a-chance-existe\\\/#primaryimage\"},\"thumbnailUrl\":\"https:\\\/\\\/www.notibras.com\\\/site\\\/wp-content\\\/uploads\\\/2015\\\/05\\\/raquel_souza_4429_0.jpg\",\"datePublished\":\"2015-05-02T11:31:01+00:00\",\"dateModified\":\"2015-05-03T13:42:20+00:00\",\"breadcrumb\":{\"@id\":\"https:\\\/\\\/www.notibras.com\\\/site\\\/preso-tem-direito-a-vida-nova-mas-nem-sempre-a-chance-existe\\\/#breadcrumb\"},\"inLanguage\":\"pt-BR\",\"potentialAction\":[{\"@type\":\"ReadAction\",\"target\":[\"https:\\\/\\\/www.notibras.com\\\/site\\\/preso-tem-direito-a-vida-nova-mas-nem-sempre-a-chance-existe\\\/\"]}]},{\"@type\":\"ImageObject\",\"inLanguage\":\"pt-BR\",\"@id\":\"https:\\\/\\\/www.notibras.com\\\/site\\\/preso-tem-direito-a-vida-nova-mas-nem-sempre-a-chance-existe\\\/#primaryimage\",\"url\":\"https:\\\/\\\/www.notibras.com\\\/site\\\/wp-content\\\/uploads\\\/2015\\\/05\\\/raquel_souza_4429_0.jpg\",\"contentUrl\":\"https:\\\/\\\/www.notibras.com\\\/site\\\/wp-content\\\/uploads\\\/2015\\\/05\\\/raquel_souza_4429_0.jpg\",\"width\":277,\"height\":160},{\"@type\":\"BreadcrumbList\",\"@id\":\"https:\\\/\\\/www.notibras.com\\\/site\\\/preso-tem-direito-a-vida-nova-mas-nem-sempre-a-chance-existe\\\/#breadcrumb\",\"itemListElement\":[{\"@type\":\"ListItem\",\"position\":1,\"name\":\"In\u00edcio\",\"item\":\"https:\\\/\\\/www.notibras.com\\\/site\\\/\"},{\"@type\":\"ListItem\",\"position\":2,\"name\":\"Ex-preso tem direito a vida nova, mas nem sempre a chance existe\"}]},{\"@type\":\"WebSite\",\"@id\":\"https:\\\/\\\/www.notibras.com\\\/site\\\/#website\",\"url\":\"https:\\\/\\\/www.notibras.com\\\/site\\\/\",\"name\":\"Notibras\",\"description\":\"Not\u00edcias de Bras\u00edlia, do Brasil e do Mundo\",\"publisher\":{\"@id\":\"https:\\\/\\\/www.notibras.com\\\/site\\\/#organization\"},\"potentialAction\":[{\"@type\":\"SearchAction\",\"target\":{\"@type\":\"EntryPoint\",\"urlTemplate\":\"https:\\\/\\\/www.notibras.com\\\/site\\\/?s={search_term_string}\"},\"query-input\":{\"@type\":\"PropertyValueSpecification\",\"valueRequired\":true,\"valueName\":\"search_term_string\"}}],\"inLanguage\":\"pt-BR\"},{\"@type\":\"Organization\",\"@id\":\"https:\\\/\\\/www.notibras.com\\\/site\\\/#organization\",\"name\":\"Grupo Notibras de Comunica\u00e7\u00e3o\",\"url\":\"https:\\\/\\\/www.notibras.com\\\/site\\\/\",\"logo\":{\"@type\":\"ImageObject\",\"inLanguage\":\"pt-BR\",\"@id\":\"https:\\\/\\\/www.notibras.com\\\/site\\\/#\\\/schema\\\/logo\\\/image\\\/\",\"url\":\"https:\\\/\\\/www.notibras.com\\\/site\\\/wp-content\\\/uploads\\\/2023\\\/01\\\/notibras23.png\",\"contentUrl\":\"https:\\\/\\\/www.notibras.com\\\/site\\\/wp-content\\\/uploads\\\/2023\\\/01\\\/notibras23.png\",\"width\":350,\"height\":87,\"caption\":\"Grupo Notibras de Comunica\u00e7\u00e3o\"},\"image\":{\"@id\":\"https:\\\/\\\/www.notibras.com\\\/site\\\/#\\\/schema\\\/logo\\\/image\\\/\"},\"sameAs\":[\"https:\\\/\\\/www.facebook.com\\\/notibras\\\/\",\"https:\\\/\\\/x.com\\\/Notibras\",\"https:\\\/\\\/www.instagram.com\\\/notibras\\\/\"]},{\"@type\":\"Person\",\"@id\":\"https:\\\/\\\/www.notibras.com\\\/site\\\/#\\\/schema\\\/person\\\/36ab0979449956132d3e5b517ea76ac8\",\"name\":\"Reda\u00e7\u00e3o\",\"image\":{\"@type\":\"ImageObject\",\"inLanguage\":\"pt-BR\",\"@id\":\"https:\\\/\\\/secure.gravatar.com\\\/avatar\\\/e0a867bdedb85fd243eadf09663511f96fc81e0720a4a42581f334ad4303aa6b?s=96&d=mm&r=g\",\"url\":\"https:\\\/\\\/secure.gravatar.com\\\/avatar\\\/e0a867bdedb85fd243eadf09663511f96fc81e0720a4a42581f334ad4303aa6b?s=96&d=mm&r=g\",\"contentUrl\":\"https:\\\/\\\/secure.gravatar.com\\\/avatar\\\/e0a867bdedb85fd243eadf09663511f96fc81e0720a4a42581f334ad4303aa6b?s=96&d=mm&r=g\",\"caption\":\"Reda\u00e7\u00e3o\"}}]}<\/script>\n<!-- \/ Yoast SEO plugin. -->","yoast_head_json":{"title":"Ex-preso tem direito a vida nova, mas nem sempre a chance existe - Notibras","robots":{"index":"index","follow":"follow","max-snippet":"max-snippet:-1","max-image-preview":"max-image-preview:large","max-video-preview":"max-video-preview:-1"},"canonical":"https:\/\/www.notibras.com\/site\/preso-tem-direito-a-vida-nova-mas-nem-sempre-a-chance-existe\/","og_locale":"pt_BR","og_type":"article","og_title":"Ex-preso tem direito a vida nova, mas nem sempre a chance existe - Notibras","og_description":"Raquel Souza tinha acabado de sair da adolesc\u00eancia quando, h\u00e1 sete anos, policiais entraram na casa de seu namorado, um traficante de drogas, e prenderam o homem, a jovem e uma amiga. Mesmo sem ter se envolvido diretamente com o com\u00e9rcio de drogas, ela foi condenada por tr\u00e1fico e passou mais de quatro anos presa [&hellip;]","og_url":"https:\/\/www.notibras.com\/site\/preso-tem-direito-a-vida-nova-mas-nem-sempre-a-chance-existe\/","og_site_name":"Notibras","article_publisher":"https:\/\/www.facebook.com\/notibras\/","article_published_time":"2015-05-02T11:31:01+00:00","article_modified_time":"2015-05-03T13:42:20+00:00","og_image":[{"width":277,"height":160,"url":"https:\/\/www.notibras.com\/site\/wp-content\/uploads\/2015\/05\/raquel_souza_4429_0.jpg","type":"image\/jpeg"}],"author":"Reda\u00e7\u00e3o","twitter_card":"summary_large_image","twitter_creator":"@Notibras","twitter_site":"@Notibras","twitter_misc":{"Escrito por":"Reda\u00e7\u00e3o","Est. tempo de leitura":"4 minutos"},"schema":{"@context":"https:\/\/schema.org","@graph":[{"@type":"Article","@id":"https:\/\/www.notibras.com\/site\/preso-tem-direito-a-vida-nova-mas-nem-sempre-a-chance-existe\/#article","isPartOf":{"@id":"https:\/\/www.notibras.com\/site\/preso-tem-direito-a-vida-nova-mas-nem-sempre-a-chance-existe\/"},"author":{"name":"Reda\u00e7\u00e3o","@id":"https:\/\/www.notibras.com\/site\/#\/schema\/person\/36ab0979449956132d3e5b517ea76ac8"},"headline":"Ex-preso tem direito a vida nova, mas nem sempre a chance existe","datePublished":"2015-05-02T11:31:01+00:00","dateModified":"2015-05-03T13:42:20+00:00","mainEntityOfPage":{"@id":"https:\/\/www.notibras.com\/site\/preso-tem-direito-a-vida-nova-mas-nem-sempre-a-chance-existe\/"},"wordCount":770,"commentCount":0,"publisher":{"@id":"https:\/\/www.notibras.com\/site\/#organization"},"image":{"@id":"https:\/\/www.notibras.com\/site\/preso-tem-direito-a-vida-nova-mas-nem-sempre-a-chance-existe\/#primaryimage"},"thumbnailUrl":"https:\/\/www.notibras.com\/site\/wp-content\/uploads\/2015\/05\/raquel_souza_4429_0.jpg","articleSection":["Brasil"],"inLanguage":"pt-BR","potentialAction":[{"@type":"CommentAction","name":"Comment","target":["https:\/\/www.notibras.com\/site\/preso-tem-direito-a-vida-nova-mas-nem-sempre-a-chance-existe\/#respond"]}]},{"@type":"WebPage","@id":"https:\/\/www.notibras.com\/site\/preso-tem-direito-a-vida-nova-mas-nem-sempre-a-chance-existe\/","url":"https:\/\/www.notibras.com\/site\/preso-tem-direito-a-vida-nova-mas-nem-sempre-a-chance-existe\/","name":"Ex-preso tem direito a vida nova, mas nem sempre a chance existe - Notibras","isPartOf":{"@id":"https:\/\/www.notibras.com\/site\/#website"},"primaryImageOfPage":{"@id":"https:\/\/www.notibras.com\/site\/preso-tem-direito-a-vida-nova-mas-nem-sempre-a-chance-existe\/#primaryimage"},"image":{"@id":"https:\/\/www.notibras.com\/site\/preso-tem-direito-a-vida-nova-mas-nem-sempre-a-chance-existe\/#primaryimage"},"thumbnailUrl":"https:\/\/www.notibras.com\/site\/wp-content\/uploads\/2015\/05\/raquel_souza_4429_0.jpg","datePublished":"2015-05-02T11:31:01+00:00","dateModified":"2015-05-03T13:42:20+00:00","breadcrumb":{"@id":"https:\/\/www.notibras.com\/site\/preso-tem-direito-a-vida-nova-mas-nem-sempre-a-chance-existe\/#breadcrumb"},"inLanguage":"pt-BR","potentialAction":[{"@type":"ReadAction","target":["https:\/\/www.notibras.com\/site\/preso-tem-direito-a-vida-nova-mas-nem-sempre-a-chance-existe\/"]}]},{"@type":"ImageObject","inLanguage":"pt-BR","@id":"https:\/\/www.notibras.com\/site\/preso-tem-direito-a-vida-nova-mas-nem-sempre-a-chance-existe\/#primaryimage","url":"https:\/\/www.notibras.com\/site\/wp-content\/uploads\/2015\/05\/raquel_souza_4429_0.jpg","contentUrl":"https:\/\/www.notibras.com\/site\/wp-content\/uploads\/2015\/05\/raquel_souza_4429_0.jpg","width":277,"height":160},{"@type":"BreadcrumbList","@id":"https:\/\/www.notibras.com\/site\/preso-tem-direito-a-vida-nova-mas-nem-sempre-a-chance-existe\/#breadcrumb","itemListElement":[{"@type":"ListItem","position":1,"name":"In\u00edcio","item":"https:\/\/www.notibras.com\/site\/"},{"@type":"ListItem","position":2,"name":"Ex-preso tem direito a vida nova, mas nem sempre a chance existe"}]},{"@type":"WebSite","@id":"https:\/\/www.notibras.com\/site\/#website","url":"https:\/\/www.notibras.com\/site\/","name":"Notibras","description":"Not\u00edcias de Bras\u00edlia, do Brasil e do Mundo","publisher":{"@id":"https:\/\/www.notibras.com\/site\/#organization"},"potentialAction":[{"@type":"SearchAction","target":{"@type":"EntryPoint","urlTemplate":"https:\/\/www.notibras.com\/site\/?s={search_term_string}"},"query-input":{"@type":"PropertyValueSpecification","valueRequired":true,"valueName":"search_term_string"}}],"inLanguage":"pt-BR"},{"@type":"Organization","@id":"https:\/\/www.notibras.com\/site\/#organization","name":"Grupo Notibras de Comunica\u00e7\u00e3o","url":"https:\/\/www.notibras.com\/site\/","logo":{"@type":"ImageObject","inLanguage":"pt-BR","@id":"https:\/\/www.notibras.com\/site\/#\/schema\/logo\/image\/","url":"https:\/\/www.notibras.com\/site\/wp-content\/uploads\/2023\/01\/notibras23.png","contentUrl":"https:\/\/www.notibras.com\/site\/wp-content\/uploads\/2023\/01\/notibras23.png","width":350,"height":87,"caption":"Grupo Notibras de Comunica\u00e7\u00e3o"},"image":{"@id":"https:\/\/www.notibras.com\/site\/#\/schema\/logo\/image\/"},"sameAs":["https:\/\/www.facebook.com\/notibras\/","https:\/\/x.com\/Notibras","https:\/\/www.instagram.com\/notibras\/"]},{"@type":"Person","@id":"https:\/\/www.notibras.com\/site\/#\/schema\/person\/36ab0979449956132d3e5b517ea76ac8","name":"Reda\u00e7\u00e3o","image":{"@type":"ImageObject","inLanguage":"pt-BR","@id":"https:\/\/secure.gravatar.com\/avatar\/e0a867bdedb85fd243eadf09663511f96fc81e0720a4a42581f334ad4303aa6b?s=96&d=mm&r=g","url":"https:\/\/secure.gravatar.com\/avatar\/e0a867bdedb85fd243eadf09663511f96fc81e0720a4a42581f334ad4303aa6b?s=96&d=mm&r=g","contentUrl":"https:\/\/secure.gravatar.com\/avatar\/e0a867bdedb85fd243eadf09663511f96fc81e0720a4a42581f334ad4303aa6b?s=96&d=mm&r=g","caption":"Reda\u00e7\u00e3o"}}]}},"amp_enabled":true,"_links":{"self":[{"href":"https:\/\/www.notibras.com\/site\/wp-json\/wp\/v2\/posts\/46339","targetHints":{"allow":["GET"]}}],"collection":[{"href":"https:\/\/www.notibras.com\/site\/wp-json\/wp\/v2\/posts"}],"about":[{"href":"https:\/\/www.notibras.com\/site\/wp-json\/wp\/v2\/types\/post"}],"author":[{"embeddable":true,"href":"https:\/\/www.notibras.com\/site\/wp-json\/wp\/v2\/users\/2"}],"replies":[{"embeddable":true,"href":"https:\/\/www.notibras.com\/site\/wp-json\/wp\/v2\/comments?post=46339"}],"version-history":[{"count":0,"href":"https:\/\/www.notibras.com\/site\/wp-json\/wp\/v2\/posts\/46339\/revisions"}],"wp:featuredmedia":[{"embeddable":true,"href":"https:\/\/www.notibras.com\/site\/wp-json\/wp\/v2\/media\/46340"}],"wp:attachment":[{"href":"https:\/\/www.notibras.com\/site\/wp-json\/wp\/v2\/media?parent=46339"}],"wp:term":[{"taxonomy":"category","embeddable":true,"href":"https:\/\/www.notibras.com\/site\/wp-json\/wp\/v2\/categories?post=46339"},{"taxonomy":"post_tag","embeddable":true,"href":"https:\/\/www.notibras.com\/site\/wp-json\/wp\/v2\/tags?post=46339"}],"curies":[{"name":"wp","href":"https:\/\/api.w.org\/{rel}","templated":true}]}}