{"id":46433,"date":"2015-05-03T10:30:56","date_gmt":"2015-05-03T13:30:56","guid":{"rendered":"http:\/\/www.notibras.com\/site\/?p=46433"},"modified":"2015-05-03T10:30:56","modified_gmt":"2015-05-03T13:30:56","slug":"o-preco-politico-a-ser-pago-pela-indonesia-apos-novas-execucoes","status":"publish","type":"post","link":"https:\/\/www.notibras.com\/site\/o-preco-politico-a-ser-pago-pela-indonesia-apos-novas-execucoes\/","title":{"rendered":"O pre\u00e7o pol\u00edtico a ser pago pela Indon\u00e9sia ap\u00f3s novas execu\u00e7\u00f5es"},"content":{"rendered":"<p>Depois do fuzilamento do brasileiro Marco Archer e outros em janeiro, Rodrigo Muxfeldt Gularte e outros sete condenados tiveram o mesmo destino, apesar do brasileiro ter sido diagnosticado com esquizofrenia e de a lei indon\u00e9sia proibir execu\u00e7\u00e3o nessas condi\u00e7\u00f5es. Estima-se que mais de 130 presos estejam no corredor da morte no pa\u00eds asi\u00e1tico.<\/p>\n<p>N\u00e3o vou aqui falar da irracionalidade e da inutilidade do tratamento exclusivamente penal do grave problema das drogas, pois o que temos por certo \u00e9 que seu tr\u00e1fico \u00e9 crime grave punido com duras penas tanto no Brasil quanto na Indon\u00e9sia.<\/p>\n<p>O que causa, ou deveria causar, como\u00e7\u00e3o \u00e9 a insist\u00eancia da Indon\u00e9sia em aplicar a pena de morte a despeito da intensa press\u00e3o internacional n\u00e3o apenas do Brasil, mas tamb\u00e9m da Austr\u00e1lia, da Noruega, de outros pa\u00edses que t\u00eam seus cidad\u00e3os entre os condenados, da Anistia Internacional e das Na\u00e7\u00f5es Unidas, que mais uma vez apelou ao dirigente da Indon\u00e9sia que declare uma morat\u00f3ria e considere a aboli\u00e7\u00e3o da pena capital.<\/p>\n<p>O governo indon\u00e9sio responde invariavelmente com argumentos de &#8220;soberania nacional&#8221;, alheio ao consenso internacional de que a pena de morte constitui um tipo de pena cruel, desumana e degradante. No caso da Indon\u00e9sia, a pena de morte, adicionalmente, traduz um injustific\u00e1vel esc\u00e1rnio \u00e0 dignidade humana.<\/p>\n<p>A Folha, de 5 de abril passado, publicou extensas mat\u00e9rias sobre a pena de morte e a venda de drogas na paradis\u00edaca ilha indon\u00e9sia de Bali, das quais se conclui que o \u00fanico efeito da criminaliza\u00e7\u00e3o \u00e9 o aumento da tarifa\u00e7\u00e3o das propinas cobradas.<\/p>\n<p>Recomendo fortemente a leitura desses artigos \u00e0queles brasileiros que, em tantos coment\u00e1rios de blogs e sites aplaudiram as execu\u00e7\u00f5es, \u00e0s vezes impiedosamente, na suposi\u00e7\u00e3o de que &#8220;na Indon\u00e9sia a lei funciona&#8221;. N\u00e3o \u00e9 bem assim.<\/p>\n<blockquote><p>A Indon\u00e9sia \u00e9 um pa\u00eds selvagem em termos de lei penal e digo isso por experi\u00eancia pr\u00f3pria, como relatarei. Das v\u00e1rias reportagens destaco algumas assertivas mais impactantes: &#8220;traficantes n\u00e3o encontram dificuldade em abordar potenciais clientes na noite de Bali&#8221;; &#8220;a lei que manda matar n\u00e3o inibe o tr\u00e1fico, mas aumenta a propina&#8221;; &#8220;pres\u00eddio Kerobokan \u00e9 o lugar mais seguro para o tr\u00e1fico de drogas&#8221;; &#8220;um ingl\u00eas saiu do julgamento com uma senten\u00e7a de seis anos por porte de ecstasy. Quando os papeis dele chegaram a Kerobokan, a pena era de tr\u00eas anos. O que aconteceu no caminho: R$ 110 mil&#8221;.<\/p><\/blockquote>\n<p>Alguns traficantes lhe vendem a droga para, em seguida, avisarem a pol\u00edcia. O brasileiro Archer tentou vender um apartamento no Rio para levantar um milh\u00e3o de reais para comprar a comuta\u00e7\u00e3o de sua pena. O ass\u00e9dio de traficantes nas ruas, hot\u00e9is, aeroportos, taxis e pontos tur\u00edsticos \u00e9 tal faz supor que a oferta \u00e9 maior do que a procura.<\/p>\n<p>H\u00e1 advogados especializados na negocia\u00e7\u00e3o de propinas, que tamb\u00e9m incluem os jornalistas, porque se o caso chega \u00e0 imprensa a cota\u00e7\u00e3o aumenta. E por a\u00ed vai.<\/p>\n<p>Na pequena experi\u00eancia que tive na reconstru\u00e7\u00e3o de Timor Leste sob os ausp\u00edcios das Na\u00e7\u00f5es Unidas, tive a oportunidade de familiarizar-me um pouco com o direito indon\u00e9sio. Participei da reedifica\u00e7\u00e3o das institui\u00e7\u00f5es jur\u00eddicas e das primeiras investiga\u00e7\u00f5es das atrocidades indon\u00e9sias durante os 26 anos de ocupa\u00e7\u00e3o de Timor-Leste, em que um pa\u00eds de 200 milh\u00f5es de habitantes (hoje 240 milh\u00f5es) quase dizimou uma pequena na\u00e7\u00e3o de 1 milh\u00e3o de habitantes.<\/p>\n<p>A Indon\u00e9sia utilizou largamente a t\u00e9cnica de combate denominada escudo humano, crime de guerra segundo a IV Conven\u00e7\u00e3o de Genebra, que consiste em fazer marchar \u00e0 frente das colunas de seu ex\u00e9rcito familiares do inimigo, mulheres, crian\u00e7as e velhos, enquanto disparavam fogo pesado contra os timorenses que lutavam por sua independ\u00eancia.<\/p>\n<p>Como \u00e9 usual em transi\u00e7\u00f5es pol\u00edticas para evitar v\u00e1cuos normativos, o nascente Estado, por delibera\u00e7\u00e3o da Administra\u00e7\u00e3o Transit\u00f3ria das Na\u00e7\u00f5es Unidas, aplicava a legisla\u00e7\u00e3o indon\u00e9sia at\u00e9 que o pa\u00eds contasse com um legislativo eleito apto a elaborar novas leis.<\/p>\n<p>Ocorre que o C\u00f3digo de Processo Penal indon\u00e9sio era t\u00e3o selvagem, t\u00e3o inquisitivo, t\u00e3o incompat\u00edvel com o devido processo legal, com os princ\u00edpios das Na\u00e7\u00f5es Unidas, com um m\u00ednimo de dignidade para o indiv\u00edduo suspeito de uma infra\u00e7\u00e3o penal, que foi preciso que as Na\u00e7\u00f5es Unidas improvisassem \u00e0s pressas uma resolu\u00e7\u00e3o que fizesse as vezes de processo penal para funcionar para o cotidiano dos crimes comuns e para as grandes atrocidades.<\/p>\n<p>Noutros termos, o direito indon\u00e9sio n\u00e3o \u00e9 selvagem apenas na pr\u00e1tica, como frequentemente ocorre no Brasil, mas tamb\u00e9m o \u00e9 em teoria. No pa\u00eds que possui a pol\u00edcia secreta mais capilarizada do mundo, de fazer inveja \u00e0s imagina\u00e7\u00f5es mais f\u00e9rteis de fic\u00e7\u00f5es sobre o macartismo e o stalinismo, n\u00e3o sobra muito sequer para um arremedo de estado de direito.<\/p>\n<p>Desafio o encarregado de neg\u00f3cios da Indon\u00e9sia no Brasil, que tem entre suas miss\u00f5es a de desfazer incompreens\u00f5es e corrigir desinforma\u00e7\u00e3o sobre seu pa\u00eds, no sentido de estreitar as rela\u00e7\u00f5es amistosas entre os dois pa\u00edses, a corrigir equ\u00edvocos em minhas assertivas, certo de que n\u00e3o lhe faltar\u00e1 espa\u00e7o na grande imprensa brasileira para tanto.<\/p>\n<p>Pois bem, esse \u00e9 o pa\u00eds que se sente com superioridade moral (ou cinismo) para condenar indiv\u00edduos \u00e0 morte por tr\u00e1fico de drogas, inclusive um diagnosticado com esquizofrenia, depois de estarem no corredor da morte por tempo equivalente \u00e0 pena m\u00e1xima prevista para o tr\u00e1fico de drogas no Brasil.<\/p>\n<p>Talvez sua inconsci\u00eancia tenha amenizado seu sofrimento e sua dor, pois o outro, segundo relatos, soube de tudo at\u00e9 o \u00faltimo momento, teve crise de choro, de diarreia &#8211; logo assepsiado \u00e0 dist\u00e2ncia com jatos d&#8221;\u00e1gua, porque precisava ser conduzido \u00e0 morte limpo -, para depois seguir para o cremat\u00f3rio. At\u00e9 a \u00faltima visita de parente ocorreu mediante propina.<\/p>\n<p>Dir\u00e3o alguns, se n\u00e3o muitos, &#8220;mas \u00e9 um traficante, e os que morreram das drogas que ele traficou?&#8221;. A isso eu respondo: qual a utilidade dessa morte ritualizada em rela\u00e7\u00e3o \u00e0 outra? Tem a sociedade e o Estado o direito de matar por vingan\u00e7a apenas, sem utilidade?<\/p>\n<p>Por tudo isso, considero corret\u00edssimas as iniciativas diplom\u00e1ticas do governo brasileiro, e bem assim a iniciativa da Secretaria de Coopera\u00e7\u00e3o Internacional do Minist\u00e9rio P\u00fablico Federal de tentarem reverter a primeira execu\u00e7\u00e3o ainda em janeiro, embora frustradas todas.<\/p>\n<p>Se a Indon\u00e9sia pretende aferrar-se ao seu direito de ser selvagem em nome da soberania nacional, deve pagar um pre\u00e7o pol\u00edtico e diplom\u00e1tico alto por isso internacionalmente.<\/p>\n<p><strong>Carlos Eduardo de Oliveira Vasconcelos<\/strong><\/p>\n","protected":false},"excerpt":{"rendered":"<p>Depois do fuzilamento do brasileiro Marco Archer e outros em janeiro, Rodrigo Muxfeldt Gularte e outros sete condenados tiveram o mesmo destino, apesar do brasileiro ter sido diagnosticado com esquizofrenia e de a lei indon\u00e9sia proibir execu\u00e7\u00e3o nessas condi\u00e7\u00f5es. Estima-se que mais de 130 presos estejam no corredor da morte no pa\u00eds asi\u00e1tico. N\u00e3o vou [&hellip;]<\/p>\n","protected":false},"author":2,"featured_media":46434,"comment_status":"open","ping_status":"closed","sticky":false,"template":"","format":"standard","meta":{"_acf_changed":false,"footnotes":""},"categories":[25],"tags":[],"class_list":["post-46433","post","type-post","status-publish","format-standard","has-post-thumbnail","hentry","category-opina-ai"],"acf":[],"yoast_head":"<!-- This site is optimized with the Yoast SEO plugin v27.5 - https:\/\/yoast.com\/product\/yoast-seo-wordpress\/ -->\n<title>O pre\u00e7o pol\u00edtico a ser pago pela Indon\u00e9sia ap\u00f3s novas execu\u00e7\u00f5es - Notibras<\/title>\n<meta name=\"robots\" content=\"index, follow, max-snippet:-1, max-image-preview:large, max-video-preview:-1\" \/>\n<link rel=\"canonical\" href=\"https:\/\/www.notibras.com\/site\/o-preco-politico-a-ser-pago-pela-indonesia-apos-novas-execucoes\/\" \/>\n<meta property=\"og:locale\" content=\"pt_BR\" \/>\n<meta property=\"og:type\" content=\"article\" \/>\n<meta property=\"og:title\" content=\"O pre\u00e7o pol\u00edtico a ser pago pela Indon\u00e9sia ap\u00f3s novas execu\u00e7\u00f5es - Notibras\" \/>\n<meta property=\"og:description\" content=\"Depois do fuzilamento do brasileiro Marco Archer e outros em janeiro, Rodrigo Muxfeldt Gularte e outros sete condenados tiveram o mesmo destino, apesar do brasileiro ter sido diagnosticado com esquizofrenia e de a lei indon\u00e9sia proibir execu\u00e7\u00e3o nessas condi\u00e7\u00f5es. Estima-se que mais de 130 presos estejam no corredor da morte no pa\u00eds asi\u00e1tico. N\u00e3o vou [&hellip;]\" \/>\n<meta property=\"og:url\" content=\"https:\/\/www.notibras.com\/site\/o-preco-politico-a-ser-pago-pela-indonesia-apos-novas-execucoes\/\" \/>\n<meta property=\"og:site_name\" content=\"Notibras\" \/>\n<meta property=\"article:publisher\" content=\"https:\/\/www.facebook.com\/notibras\/\" \/>\n<meta property=\"article:published_time\" content=\"2015-05-03T13:30:56+00:00\" \/>\n<meta property=\"og:image\" content=\"https:\/\/www.notibras.com\/site\/wp-content\/uploads\/2015\/05\/op25.jpg\" \/>\n\t<meta property=\"og:image:width\" content=\"620\" \/>\n\t<meta property=\"og:image:height\" content=\"421\" \/>\n\t<meta property=\"og:image:type\" content=\"image\/jpeg\" \/>\n<meta name=\"author\" content=\"Reda\u00e7\u00e3o\" \/>\n<meta name=\"twitter:card\" content=\"summary_large_image\" \/>\n<meta name=\"twitter:creator\" content=\"@Notibras\" \/>\n<meta name=\"twitter:site\" content=\"@Notibras\" \/>\n<meta name=\"twitter:label1\" content=\"Escrito por\" \/>\n\t<meta name=\"twitter:data1\" content=\"Reda\u00e7\u00e3o\" \/>\n\t<meta name=\"twitter:label2\" content=\"Est. tempo de leitura\" \/>\n\t<meta name=\"twitter:data2\" content=\"6 minutos\" \/>\n<script type=\"application\/ld+json\" class=\"yoast-schema-graph\">{\"@context\":\"https:\\\/\\\/schema.org\",\"@graph\":[{\"@type\":\"Article\",\"@id\":\"https:\\\/\\\/www.notibras.com\\\/site\\\/o-preco-politico-a-ser-pago-pela-indonesia-apos-novas-execucoes\\\/#article\",\"isPartOf\":{\"@id\":\"https:\\\/\\\/www.notibras.com\\\/site\\\/o-preco-politico-a-ser-pago-pela-indonesia-apos-novas-execucoes\\\/\"},\"author\":{\"name\":\"Reda\u00e7\u00e3o\",\"@id\":\"https:\\\/\\\/www.notibras.com\\\/site\\\/#\\\/schema\\\/person\\\/36ab0979449956132d3e5b517ea76ac8\"},\"headline\":\"O pre\u00e7o pol\u00edtico a ser pago pela Indon\u00e9sia ap\u00f3s novas execu\u00e7\u00f5es\",\"datePublished\":\"2015-05-03T13:30:56+00:00\",\"mainEntityOfPage\":{\"@id\":\"https:\\\/\\\/www.notibras.com\\\/site\\\/o-preco-politico-a-ser-pago-pela-indonesia-apos-novas-execucoes\\\/\"},\"wordCount\":1176,\"commentCount\":0,\"publisher\":{\"@id\":\"https:\\\/\\\/www.notibras.com\\\/site\\\/#organization\"},\"image\":{\"@id\":\"https:\\\/\\\/www.notibras.com\\\/site\\\/o-preco-politico-a-ser-pago-pela-indonesia-apos-novas-execucoes\\\/#primaryimage\"},\"thumbnailUrl\":\"https:\\\/\\\/www.notibras.com\\\/site\\\/wp-content\\\/uploads\\\/2015\\\/05\\\/op25.jpg\",\"articleSection\":[\"Opina a\u00ed\"],\"inLanguage\":\"pt-BR\",\"potentialAction\":[{\"@type\":\"CommentAction\",\"name\":\"Comment\",\"target\":[\"https:\\\/\\\/www.notibras.com\\\/site\\\/o-preco-politico-a-ser-pago-pela-indonesia-apos-novas-execucoes\\\/#respond\"]}]},{\"@type\":\"WebPage\",\"@id\":\"https:\\\/\\\/www.notibras.com\\\/site\\\/o-preco-politico-a-ser-pago-pela-indonesia-apos-novas-execucoes\\\/\",\"url\":\"https:\\\/\\\/www.notibras.com\\\/site\\\/o-preco-politico-a-ser-pago-pela-indonesia-apos-novas-execucoes\\\/\",\"name\":\"O pre\u00e7o pol\u00edtico a ser pago pela Indon\u00e9sia ap\u00f3s novas execu\u00e7\u00f5es - Notibras\",\"isPartOf\":{\"@id\":\"https:\\\/\\\/www.notibras.com\\\/site\\\/#website\"},\"primaryImageOfPage\":{\"@id\":\"https:\\\/\\\/www.notibras.com\\\/site\\\/o-preco-politico-a-ser-pago-pela-indonesia-apos-novas-execucoes\\\/#primaryimage\"},\"image\":{\"@id\":\"https:\\\/\\\/www.notibras.com\\\/site\\\/o-preco-politico-a-ser-pago-pela-indonesia-apos-novas-execucoes\\\/#primaryimage\"},\"thumbnailUrl\":\"https:\\\/\\\/www.notibras.com\\\/site\\\/wp-content\\\/uploads\\\/2015\\\/05\\\/op25.jpg\",\"datePublished\":\"2015-05-03T13:30:56+00:00\",\"breadcrumb\":{\"@id\":\"https:\\\/\\\/www.notibras.com\\\/site\\\/o-preco-politico-a-ser-pago-pela-indonesia-apos-novas-execucoes\\\/#breadcrumb\"},\"inLanguage\":\"pt-BR\",\"potentialAction\":[{\"@type\":\"ReadAction\",\"target\":[\"https:\\\/\\\/www.notibras.com\\\/site\\\/o-preco-politico-a-ser-pago-pela-indonesia-apos-novas-execucoes\\\/\"]}]},{\"@type\":\"ImageObject\",\"inLanguage\":\"pt-BR\",\"@id\":\"https:\\\/\\\/www.notibras.com\\\/site\\\/o-preco-politico-a-ser-pago-pela-indonesia-apos-novas-execucoes\\\/#primaryimage\",\"url\":\"https:\\\/\\\/www.notibras.com\\\/site\\\/wp-content\\\/uploads\\\/2015\\\/05\\\/op25.jpg\",\"contentUrl\":\"https:\\\/\\\/www.notibras.com\\\/site\\\/wp-content\\\/uploads\\\/2015\\\/05\\\/op25.jpg\",\"width\":620,\"height\":421},{\"@type\":\"BreadcrumbList\",\"@id\":\"https:\\\/\\\/www.notibras.com\\\/site\\\/o-preco-politico-a-ser-pago-pela-indonesia-apos-novas-execucoes\\\/#breadcrumb\",\"itemListElement\":[{\"@type\":\"ListItem\",\"position\":1,\"name\":\"In\u00edcio\",\"item\":\"https:\\\/\\\/www.notibras.com\\\/site\\\/\"},{\"@type\":\"ListItem\",\"position\":2,\"name\":\"O pre\u00e7o pol\u00edtico a ser pago pela Indon\u00e9sia ap\u00f3s novas execu\u00e7\u00f5es\"}]},{\"@type\":\"WebSite\",\"@id\":\"https:\\\/\\\/www.notibras.com\\\/site\\\/#website\",\"url\":\"https:\\\/\\\/www.notibras.com\\\/site\\\/\",\"name\":\"Notibras\",\"description\":\"Not\u00edcias de Bras\u00edlia, do Brasil e do Mundo\",\"publisher\":{\"@id\":\"https:\\\/\\\/www.notibras.com\\\/site\\\/#organization\"},\"potentialAction\":[{\"@type\":\"SearchAction\",\"target\":{\"@type\":\"EntryPoint\",\"urlTemplate\":\"https:\\\/\\\/www.notibras.com\\\/site\\\/?s={search_term_string}\"},\"query-input\":{\"@type\":\"PropertyValueSpecification\",\"valueRequired\":true,\"valueName\":\"search_term_string\"}}],\"inLanguage\":\"pt-BR\"},{\"@type\":\"Organization\",\"@id\":\"https:\\\/\\\/www.notibras.com\\\/site\\\/#organization\",\"name\":\"Grupo Notibras de Comunica\u00e7\u00e3o\",\"url\":\"https:\\\/\\\/www.notibras.com\\\/site\\\/\",\"logo\":{\"@type\":\"ImageObject\",\"inLanguage\":\"pt-BR\",\"@id\":\"https:\\\/\\\/www.notibras.com\\\/site\\\/#\\\/schema\\\/logo\\\/image\\\/\",\"url\":\"https:\\\/\\\/www.notibras.com\\\/site\\\/wp-content\\\/uploads\\\/2023\\\/01\\\/notibras23.png\",\"contentUrl\":\"https:\\\/\\\/www.notibras.com\\\/site\\\/wp-content\\\/uploads\\\/2023\\\/01\\\/notibras23.png\",\"width\":350,\"height\":87,\"caption\":\"Grupo Notibras de Comunica\u00e7\u00e3o\"},\"image\":{\"@id\":\"https:\\\/\\\/www.notibras.com\\\/site\\\/#\\\/schema\\\/logo\\\/image\\\/\"},\"sameAs\":[\"https:\\\/\\\/www.facebook.com\\\/notibras\\\/\",\"https:\\\/\\\/x.com\\\/Notibras\",\"https:\\\/\\\/www.instagram.com\\\/notibras\\\/\"]},{\"@type\":\"Person\",\"@id\":\"https:\\\/\\\/www.notibras.com\\\/site\\\/#\\\/schema\\\/person\\\/36ab0979449956132d3e5b517ea76ac8\",\"name\":\"Reda\u00e7\u00e3o\",\"image\":{\"@type\":\"ImageObject\",\"inLanguage\":\"pt-BR\",\"@id\":\"https:\\\/\\\/secure.gravatar.com\\\/avatar\\\/e0a867bdedb85fd243eadf09663511f96fc81e0720a4a42581f334ad4303aa6b?s=96&d=mm&r=g\",\"url\":\"https:\\\/\\\/secure.gravatar.com\\\/avatar\\\/e0a867bdedb85fd243eadf09663511f96fc81e0720a4a42581f334ad4303aa6b?s=96&d=mm&r=g\",\"contentUrl\":\"https:\\\/\\\/secure.gravatar.com\\\/avatar\\\/e0a867bdedb85fd243eadf09663511f96fc81e0720a4a42581f334ad4303aa6b?s=96&d=mm&r=g\",\"caption\":\"Reda\u00e7\u00e3o\"}}]}<\/script>\n<!-- \/ Yoast SEO plugin. -->","yoast_head_json":{"title":"O pre\u00e7o pol\u00edtico a ser pago pela Indon\u00e9sia ap\u00f3s novas execu\u00e7\u00f5es - Notibras","robots":{"index":"index","follow":"follow","max-snippet":"max-snippet:-1","max-image-preview":"max-image-preview:large","max-video-preview":"max-video-preview:-1"},"canonical":"https:\/\/www.notibras.com\/site\/o-preco-politico-a-ser-pago-pela-indonesia-apos-novas-execucoes\/","og_locale":"pt_BR","og_type":"article","og_title":"O pre\u00e7o pol\u00edtico a ser pago pela Indon\u00e9sia ap\u00f3s novas execu\u00e7\u00f5es - Notibras","og_description":"Depois do fuzilamento do brasileiro Marco Archer e outros em janeiro, Rodrigo Muxfeldt Gularte e outros sete condenados tiveram o mesmo destino, apesar do brasileiro ter sido diagnosticado com esquizofrenia e de a lei indon\u00e9sia proibir execu\u00e7\u00e3o nessas condi\u00e7\u00f5es. Estima-se que mais de 130 presos estejam no corredor da morte no pa\u00eds asi\u00e1tico. N\u00e3o vou [&hellip;]","og_url":"https:\/\/www.notibras.com\/site\/o-preco-politico-a-ser-pago-pela-indonesia-apos-novas-execucoes\/","og_site_name":"Notibras","article_publisher":"https:\/\/www.facebook.com\/notibras\/","article_published_time":"2015-05-03T13:30:56+00:00","og_image":[{"width":620,"height":421,"url":"https:\/\/www.notibras.com\/site\/wp-content\/uploads\/2015\/05\/op25.jpg","type":"image\/jpeg"}],"author":"Reda\u00e7\u00e3o","twitter_card":"summary_large_image","twitter_creator":"@Notibras","twitter_site":"@Notibras","twitter_misc":{"Escrito por":"Reda\u00e7\u00e3o","Est. tempo de leitura":"6 minutos"},"schema":{"@context":"https:\/\/schema.org","@graph":[{"@type":"Article","@id":"https:\/\/www.notibras.com\/site\/o-preco-politico-a-ser-pago-pela-indonesia-apos-novas-execucoes\/#article","isPartOf":{"@id":"https:\/\/www.notibras.com\/site\/o-preco-politico-a-ser-pago-pela-indonesia-apos-novas-execucoes\/"},"author":{"name":"Reda\u00e7\u00e3o","@id":"https:\/\/www.notibras.com\/site\/#\/schema\/person\/36ab0979449956132d3e5b517ea76ac8"},"headline":"O pre\u00e7o pol\u00edtico a ser pago pela Indon\u00e9sia ap\u00f3s novas execu\u00e7\u00f5es","datePublished":"2015-05-03T13:30:56+00:00","mainEntityOfPage":{"@id":"https:\/\/www.notibras.com\/site\/o-preco-politico-a-ser-pago-pela-indonesia-apos-novas-execucoes\/"},"wordCount":1176,"commentCount":0,"publisher":{"@id":"https:\/\/www.notibras.com\/site\/#organization"},"image":{"@id":"https:\/\/www.notibras.com\/site\/o-preco-politico-a-ser-pago-pela-indonesia-apos-novas-execucoes\/#primaryimage"},"thumbnailUrl":"https:\/\/www.notibras.com\/site\/wp-content\/uploads\/2015\/05\/op25.jpg","articleSection":["Opina a\u00ed"],"inLanguage":"pt-BR","potentialAction":[{"@type":"CommentAction","name":"Comment","target":["https:\/\/www.notibras.com\/site\/o-preco-politico-a-ser-pago-pela-indonesia-apos-novas-execucoes\/#respond"]}]},{"@type":"WebPage","@id":"https:\/\/www.notibras.com\/site\/o-preco-politico-a-ser-pago-pela-indonesia-apos-novas-execucoes\/","url":"https:\/\/www.notibras.com\/site\/o-preco-politico-a-ser-pago-pela-indonesia-apos-novas-execucoes\/","name":"O pre\u00e7o pol\u00edtico a ser pago pela Indon\u00e9sia ap\u00f3s novas execu\u00e7\u00f5es - Notibras","isPartOf":{"@id":"https:\/\/www.notibras.com\/site\/#website"},"primaryImageOfPage":{"@id":"https:\/\/www.notibras.com\/site\/o-preco-politico-a-ser-pago-pela-indonesia-apos-novas-execucoes\/#primaryimage"},"image":{"@id":"https:\/\/www.notibras.com\/site\/o-preco-politico-a-ser-pago-pela-indonesia-apos-novas-execucoes\/#primaryimage"},"thumbnailUrl":"https:\/\/www.notibras.com\/site\/wp-content\/uploads\/2015\/05\/op25.jpg","datePublished":"2015-05-03T13:30:56+00:00","breadcrumb":{"@id":"https:\/\/www.notibras.com\/site\/o-preco-politico-a-ser-pago-pela-indonesia-apos-novas-execucoes\/#breadcrumb"},"inLanguage":"pt-BR","potentialAction":[{"@type":"ReadAction","target":["https:\/\/www.notibras.com\/site\/o-preco-politico-a-ser-pago-pela-indonesia-apos-novas-execucoes\/"]}]},{"@type":"ImageObject","inLanguage":"pt-BR","@id":"https:\/\/www.notibras.com\/site\/o-preco-politico-a-ser-pago-pela-indonesia-apos-novas-execucoes\/#primaryimage","url":"https:\/\/www.notibras.com\/site\/wp-content\/uploads\/2015\/05\/op25.jpg","contentUrl":"https:\/\/www.notibras.com\/site\/wp-content\/uploads\/2015\/05\/op25.jpg","width":620,"height":421},{"@type":"BreadcrumbList","@id":"https:\/\/www.notibras.com\/site\/o-preco-politico-a-ser-pago-pela-indonesia-apos-novas-execucoes\/#breadcrumb","itemListElement":[{"@type":"ListItem","position":1,"name":"In\u00edcio","item":"https:\/\/www.notibras.com\/site\/"},{"@type":"ListItem","position":2,"name":"O pre\u00e7o pol\u00edtico a ser pago pela Indon\u00e9sia ap\u00f3s novas execu\u00e7\u00f5es"}]},{"@type":"WebSite","@id":"https:\/\/www.notibras.com\/site\/#website","url":"https:\/\/www.notibras.com\/site\/","name":"Notibras","description":"Not\u00edcias de Bras\u00edlia, do Brasil e do Mundo","publisher":{"@id":"https:\/\/www.notibras.com\/site\/#organization"},"potentialAction":[{"@type":"SearchAction","target":{"@type":"EntryPoint","urlTemplate":"https:\/\/www.notibras.com\/site\/?s={search_term_string}"},"query-input":{"@type":"PropertyValueSpecification","valueRequired":true,"valueName":"search_term_string"}}],"inLanguage":"pt-BR"},{"@type":"Organization","@id":"https:\/\/www.notibras.com\/site\/#organization","name":"Grupo Notibras de Comunica\u00e7\u00e3o","url":"https:\/\/www.notibras.com\/site\/","logo":{"@type":"ImageObject","inLanguage":"pt-BR","@id":"https:\/\/www.notibras.com\/site\/#\/schema\/logo\/image\/","url":"https:\/\/www.notibras.com\/site\/wp-content\/uploads\/2023\/01\/notibras23.png","contentUrl":"https:\/\/www.notibras.com\/site\/wp-content\/uploads\/2023\/01\/notibras23.png","width":350,"height":87,"caption":"Grupo Notibras de Comunica\u00e7\u00e3o"},"image":{"@id":"https:\/\/www.notibras.com\/site\/#\/schema\/logo\/image\/"},"sameAs":["https:\/\/www.facebook.com\/notibras\/","https:\/\/x.com\/Notibras","https:\/\/www.instagram.com\/notibras\/"]},{"@type":"Person","@id":"https:\/\/www.notibras.com\/site\/#\/schema\/person\/36ab0979449956132d3e5b517ea76ac8","name":"Reda\u00e7\u00e3o","image":{"@type":"ImageObject","inLanguage":"pt-BR","@id":"https:\/\/secure.gravatar.com\/avatar\/e0a867bdedb85fd243eadf09663511f96fc81e0720a4a42581f334ad4303aa6b?s=96&d=mm&r=g","url":"https:\/\/secure.gravatar.com\/avatar\/e0a867bdedb85fd243eadf09663511f96fc81e0720a4a42581f334ad4303aa6b?s=96&d=mm&r=g","contentUrl":"https:\/\/secure.gravatar.com\/avatar\/e0a867bdedb85fd243eadf09663511f96fc81e0720a4a42581f334ad4303aa6b?s=96&d=mm&r=g","caption":"Reda\u00e7\u00e3o"}}]}},"amp_enabled":true,"_links":{"self":[{"href":"https:\/\/www.notibras.com\/site\/wp-json\/wp\/v2\/posts\/46433","targetHints":{"allow":["GET"]}}],"collection":[{"href":"https:\/\/www.notibras.com\/site\/wp-json\/wp\/v2\/posts"}],"about":[{"href":"https:\/\/www.notibras.com\/site\/wp-json\/wp\/v2\/types\/post"}],"author":[{"embeddable":true,"href":"https:\/\/www.notibras.com\/site\/wp-json\/wp\/v2\/users\/2"}],"replies":[{"embeddable":true,"href":"https:\/\/www.notibras.com\/site\/wp-json\/wp\/v2\/comments?post=46433"}],"version-history":[{"count":0,"href":"https:\/\/www.notibras.com\/site\/wp-json\/wp\/v2\/posts\/46433\/revisions"}],"wp:featuredmedia":[{"embeddable":true,"href":"https:\/\/www.notibras.com\/site\/wp-json\/wp\/v2\/media\/46434"}],"wp:attachment":[{"href":"https:\/\/www.notibras.com\/site\/wp-json\/wp\/v2\/media?parent=46433"}],"wp:term":[{"taxonomy":"category","embeddable":true,"href":"https:\/\/www.notibras.com\/site\/wp-json\/wp\/v2\/categories?post=46433"},{"taxonomy":"post_tag","embeddable":true,"href":"https:\/\/www.notibras.com\/site\/wp-json\/wp\/v2\/tags?post=46433"}],"curies":[{"name":"wp","href":"https:\/\/api.w.org\/{rel}","templated":true}]}}