{"id":46494,"date":"2015-05-03T18:31:28","date_gmt":"2015-05-03T21:31:28","guid":{"rendered":"http:\/\/www.notibras.com\/site\/?p=46494"},"modified":"2015-05-04T07:28:15","modified_gmt":"2015-05-04T10:28:15","slug":"santos-nao-da-chances-ao-palmeiras-e-levanta-a-taca-nos-penaltis","status":"publish","type":"post","link":"https:\/\/www.notibras.com\/site\/santos-nao-da-chances-ao-palmeiras-e-levanta-a-taca-nos-penaltis\/","title":{"rendered":"Santos n\u00e3o d\u00e1 chances ao Verd\u00e3o e levanta a ta\u00e7a nos p\u00eanaltis"},"content":{"rendered":"<p>O Santos \u00e9 o campe\u00e3o paulista de 2015. Em um jogo eletrizante na Vila Belmiro, o alvinegro derrotou o Palmeiras por 2 a 1 e levou a melhor na disputa por p\u00eanaltis, com vit\u00f3ria por 4 a 2.<\/p>\n<p>No duelo entre Valdivia e Robinho, ambos tiverem seus momentos e deram assist\u00eancias para gols. O santista ainda infernizou a defesa advers\u00e1ria com dribles. O Palmeiras come\u00e7ou mal a partida, dando muitos espa\u00e7os e chegando pouco ao ataque. Depois, cresceu no intervalo, mas jogou os minutos finais na defesa, com um jogador a menos. Na disputa por p\u00eanaltis, prevaleceu a for\u00e7a santista.<\/p>\n<p>De volta ao Santos pela terceira vez, Robinho foi o grande nome da campanha e tamb\u00e9m na final da Vila Belmiro. Ele deu assist\u00eancia para o gol marcado por David Braz. Ricardo Oliveira, artilheiro da competi\u00e7\u00e3o, anotou o segundo. Lucas diminuiu para o Palmeiras, que vacilou nos p\u00eanaltis.<\/p>\n<p>A conquista coroa uma campanha surpreendente, de uma equipe que n\u00e3o era apontada como favorita. Apesar dos muitos problemas financeiros que assolam o a Vila, o Santos deu a volta por cima e conseguiu levantar o trof\u00e9u pela quarta vez em seis anos. Agora, s\u00e3o 21 t\u00edtulos estaduais dos santistas.<\/p>\n<blockquote><p>O primeiro tempo come\u00e7ou quente, com Robinho assustando o Palmeiras logo aos tr\u00eas minutos: o atacante recebeu de Victor Ferraz na \u00e1rea a bateu cruzado; Fernando Prass espalmou. Quente tamb\u00e9m estavam os \u00e2nimos: em menos de dez minutos, Valdivia e Dudu j\u00e1 tinham recebido cart\u00e3o amarelo por entradas duras. Ricardo Oliveira, pouco depois, teve outra chance, mas o chute passou \u00e0 direita do gol alviverde. Press\u00e3o do Santos.<\/p><\/blockquote>\n<div>Com dificuldades para ir ao ataque, o alviverde continuou passando sufoco. Robinho apareceu outra vez, depois de um bom passe em profundidade de Ricardo Oliveira, mas, outra vez, parou em Prass. Geuv\u00e2nio tamb\u00e9m teve chance no bombardeio santista.Foi uma quest\u00e3o de tempo para que a defesa palmeirense cedesse: aos 30 minutos, Valencia al\u00e7ou na \u00e1rea, Robinho ajeitou e David Braz, sem goleiro, fez 1 a 0, incendiando a torcida na Vila Belmiro. Ainda antes do intervalo, Ricardo Oliveira dividiu com Vitor Hugo na intermedi\u00e1ria, invadiu a \u00e1rea e marcou o segundo.<\/p>\n<p>Um desentendimento entre Dudu e Geuv\u00e2nio causou a expuls\u00e3o dos dois \u2013 o \u00e1rbitro Guilherme Ceretta de Lima foi rigoroso. Depois de um primeiro tempo horr\u00edvel, o Palmeiras foi para o vesti\u00e1rio correndo s\u00e9rio risco de perder o t\u00edtulo.<\/p>\n<p>Para tentar evitar o desastre, Oswaldo de Oliveira lan\u00e7ou Cleiton Xavier na segunda etapa. As coisas melhoraram um pouco: Rafael Marques, de cabe\u00e7a, for\u00e7ou Vladimir a uma grande defesa. Z\u00e9 Roberto, em um bonito chute de longe, voltou a fazer o goleiro trabalhar.<\/p>\n<p>A pequena press\u00e3o deu resultado, e aos 19 minutos, Lucas aproveitou um bonito passe de Valdivia, cortou para o meio dentro da \u00e1rea e diminuiu.2 a 1, placar que levaria a partida para os p\u00eanaltis.\u00a0O alviverde ainda teve Victor Ramos expulso no finalzinho da partida e um gol de Amaral, impedido, bem anulado.<\/p>\n<\/div>\n","protected":false},"excerpt":{"rendered":"<p>O Santos \u00e9 o campe\u00e3o paulista de 2015. Em um jogo eletrizante na Vila Belmiro, o alvinegro derrotou o Palmeiras por 2 a 1 e levou a melhor na disputa por p\u00eanaltis, com vit\u00f3ria por 4 a 2. No duelo entre Valdivia e Robinho, ambos tiverem seus momentos e deram assist\u00eancias para gols. O santista [&hellip;]<\/p>\n","protected":false},"author":2,"featured_media":46497,"comment_status":"open","ping_status":"closed","sticky":false,"template":"","format":"standard","meta":{"_acf_changed":false,"footnotes":""},"categories":[19,29],"tags":[],"class_list":["post-46494","post","type-post","status-publish","format-standard","has-post-thumbnail","hentry","category-esportes","category-futebol"],"acf":[],"yoast_head":"<!-- This site is optimized with the Yoast SEO plugin v27.2 - https:\/\/yoast.com\/product\/yoast-seo-wordpress\/ -->\n<title>Santos n\u00e3o d\u00e1 chances ao Verd\u00e3o e levanta a ta\u00e7a nos p\u00eanaltis - Notibras<\/title>\n<meta name=\"robots\" content=\"index, follow, max-snippet:-1, max-image-preview:large, max-video-preview:-1\" \/>\n<link rel=\"canonical\" href=\"https:\/\/www.notibras.com\/site\/santos-nao-da-chances-ao-palmeiras-e-levanta-a-taca-nos-penaltis\/\" \/>\n<meta property=\"og:locale\" content=\"pt_BR\" \/>\n<meta property=\"og:type\" content=\"article\" \/>\n<meta property=\"og:title\" content=\"Santos n\u00e3o d\u00e1 chances ao Verd\u00e3o e levanta a ta\u00e7a nos p\u00eanaltis - Notibras\" \/>\n<meta property=\"og:description\" content=\"O Santos \u00e9 o campe\u00e3o paulista de 2015. Em um jogo eletrizante na Vila Belmiro, o alvinegro derrotou o Palmeiras por 2 a 1 e levou a melhor na disputa por p\u00eanaltis, com vit\u00f3ria por 4 a 2. No duelo entre Valdivia e Robinho, ambos tiverem seus momentos e deram assist\u00eancias para gols. O santista [&hellip;]\" \/>\n<meta property=\"og:url\" content=\"https:\/\/www.notibras.com\/site\/santos-nao-da-chances-ao-palmeiras-e-levanta-a-taca-nos-penaltis\/\" \/>\n<meta property=\"og:site_name\" content=\"Notibras\" \/>\n<meta property=\"article:publisher\" content=\"https:\/\/www.facebook.com\/notibras\/\" \/>\n<meta property=\"article:published_time\" content=\"2015-05-03T21:31:28+00:00\" \/>\n<meta property=\"article:modified_time\" content=\"2015-05-04T10:28:15+00:00\" \/>\n<meta property=\"og:image\" content=\"https:\/\/www.notibras.com\/site\/wp-content\/uploads\/2015\/05\/pal3.jpg\" \/>\n\t<meta property=\"og:image:width\" content=\"460\" \/>\n\t<meta property=\"og:image:height\" content=\"293\" \/>\n\t<meta property=\"og:image:type\" content=\"image\/jpeg\" \/>\n<meta name=\"author\" content=\"Reda\u00e7\u00e3o\" \/>\n<meta name=\"twitter:card\" content=\"summary_large_image\" \/>\n<meta name=\"twitter:creator\" content=\"@Notibras\" \/>\n<meta name=\"twitter:site\" content=\"@Notibras\" \/>\n<meta name=\"twitter:label1\" content=\"Escrito por\" \/>\n\t<meta name=\"twitter:data1\" content=\"Reda\u00e7\u00e3o\" \/>\n\t<meta name=\"twitter:label2\" content=\"Est. tempo de leitura\" \/>\n\t<meta name=\"twitter:data2\" content=\"3 minutos\" \/>\n<script type=\"application\/ld+json\" class=\"yoast-schema-graph\">{\"@context\":\"https:\/\/schema.org\",\"@graph\":[{\"@type\":\"Article\",\"@id\":\"https:\/\/www.notibras.com\/site\/santos-nao-da-chances-ao-palmeiras-e-levanta-a-taca-nos-penaltis\/#article\",\"isPartOf\":{\"@id\":\"https:\/\/www.notibras.com\/site\/santos-nao-da-chances-ao-palmeiras-e-levanta-a-taca-nos-penaltis\/\"},\"author\":{\"name\":\"Reda\u00e7\u00e3o\",\"@id\":\"https:\/\/www.notibras.com\/site\/#\/schema\/person\/36ab0979449956132d3e5b517ea76ac8\"},\"headline\":\"Santos n\u00e3o d\u00e1 chances ao Verd\u00e3o e levanta a ta\u00e7a nos p\u00eanaltis\",\"datePublished\":\"2015-05-03T21:31:28+00:00\",\"dateModified\":\"2015-05-04T10:28:15+00:00\",\"mainEntityOfPage\":{\"@id\":\"https:\/\/www.notibras.com\/site\/santos-nao-da-chances-ao-palmeiras-e-levanta-a-taca-nos-penaltis\/\"},\"wordCount\":534,\"commentCount\":0,\"publisher\":{\"@id\":\"https:\/\/www.notibras.com\/site\/#organization\"},\"image\":{\"@id\":\"https:\/\/www.notibras.com\/site\/santos-nao-da-chances-ao-palmeiras-e-levanta-a-taca-nos-penaltis\/#primaryimage\"},\"thumbnailUrl\":\"https:\/\/www.notibras.com\/site\/wp-content\/uploads\/2015\/05\/pal3.jpg\",\"articleSection\":[\"Esportes\",\"Futebol\"],\"inLanguage\":\"pt-BR\",\"potentialAction\":[{\"@type\":\"CommentAction\",\"name\":\"Comment\",\"target\":[\"https:\/\/www.notibras.com\/site\/santos-nao-da-chances-ao-palmeiras-e-levanta-a-taca-nos-penaltis\/#respond\"]}]},{\"@type\":\"WebPage\",\"@id\":\"https:\/\/www.notibras.com\/site\/santos-nao-da-chances-ao-palmeiras-e-levanta-a-taca-nos-penaltis\/\",\"url\":\"https:\/\/www.notibras.com\/site\/santos-nao-da-chances-ao-palmeiras-e-levanta-a-taca-nos-penaltis\/\",\"name\":\"Santos n\u00e3o d\u00e1 chances ao Verd\u00e3o e levanta a ta\u00e7a nos p\u00eanaltis - Notibras\",\"isPartOf\":{\"@id\":\"https:\/\/www.notibras.com\/site\/#website\"},\"primaryImageOfPage\":{\"@id\":\"https:\/\/www.notibras.com\/site\/santos-nao-da-chances-ao-palmeiras-e-levanta-a-taca-nos-penaltis\/#primaryimage\"},\"image\":{\"@id\":\"https:\/\/www.notibras.com\/site\/santos-nao-da-chances-ao-palmeiras-e-levanta-a-taca-nos-penaltis\/#primaryimage\"},\"thumbnailUrl\":\"https:\/\/www.notibras.com\/site\/wp-content\/uploads\/2015\/05\/pal3.jpg\",\"datePublished\":\"2015-05-03T21:31:28+00:00\",\"dateModified\":\"2015-05-04T10:28:15+00:00\",\"breadcrumb\":{\"@id\":\"https:\/\/www.notibras.com\/site\/santos-nao-da-chances-ao-palmeiras-e-levanta-a-taca-nos-penaltis\/#breadcrumb\"},\"inLanguage\":\"pt-BR\",\"potentialAction\":[{\"@type\":\"ReadAction\",\"target\":[\"https:\/\/www.notibras.com\/site\/santos-nao-da-chances-ao-palmeiras-e-levanta-a-taca-nos-penaltis\/\"]}]},{\"@type\":\"ImageObject\",\"inLanguage\":\"pt-BR\",\"@id\":\"https:\/\/www.notibras.com\/site\/santos-nao-da-chances-ao-palmeiras-e-levanta-a-taca-nos-penaltis\/#primaryimage\",\"url\":\"https:\/\/www.notibras.com\/site\/wp-content\/uploads\/2015\/05\/pal3.jpg\",\"contentUrl\":\"https:\/\/www.notibras.com\/site\/wp-content\/uploads\/2015\/05\/pal3.jpg\",\"width\":460,\"height\":293},{\"@type\":\"BreadcrumbList\",\"@id\":\"https:\/\/www.notibras.com\/site\/santos-nao-da-chances-ao-palmeiras-e-levanta-a-taca-nos-penaltis\/#breadcrumb\",\"itemListElement\":[{\"@type\":\"ListItem\",\"position\":1,\"name\":\"In\u00edcio\",\"item\":\"https:\/\/www.notibras.com\/site\/\"},{\"@type\":\"ListItem\",\"position\":2,\"name\":\"Santos n\u00e3o d\u00e1 chances ao Verd\u00e3o e levanta a ta\u00e7a nos p\u00eanaltis\"}]},{\"@type\":\"WebSite\",\"@id\":\"https:\/\/www.notibras.com\/site\/#website\",\"url\":\"https:\/\/www.notibras.com\/site\/\",\"name\":\"Notibras\",\"description\":\"Not\u00edcias de Bras\u00edlia, do Brasil e do Mundo\",\"publisher\":{\"@id\":\"https:\/\/www.notibras.com\/site\/#organization\"},\"potentialAction\":[{\"@type\":\"SearchAction\",\"target\":{\"@type\":\"EntryPoint\",\"urlTemplate\":\"https:\/\/www.notibras.com\/site\/?s={search_term_string}\"},\"query-input\":{\"@type\":\"PropertyValueSpecification\",\"valueRequired\":true,\"valueName\":\"search_term_string\"}}],\"inLanguage\":\"pt-BR\"},{\"@type\":\"Organization\",\"@id\":\"https:\/\/www.notibras.com\/site\/#organization\",\"name\":\"Grupo Notibras de Comunica\u00e7\u00e3o\",\"url\":\"https:\/\/www.notibras.com\/site\/\",\"logo\":{\"@type\":\"ImageObject\",\"inLanguage\":\"pt-BR\",\"@id\":\"https:\/\/www.notibras.com\/site\/#\/schema\/logo\/image\/\",\"url\":\"https:\/\/www.notibras.com\/site\/wp-content\/uploads\/2023\/01\/notibras23.png\",\"contentUrl\":\"https:\/\/www.notibras.com\/site\/wp-content\/uploads\/2023\/01\/notibras23.png\",\"width\":350,\"height\":87,\"caption\":\"Grupo Notibras de Comunica\u00e7\u00e3o\"},\"image\":{\"@id\":\"https:\/\/www.notibras.com\/site\/#\/schema\/logo\/image\/\"},\"sameAs\":[\"https:\/\/www.facebook.com\/notibras\/\",\"https:\/\/x.com\/Notibras\",\"https:\/\/www.instagram.com\/notibras\/\"]},{\"@type\":\"Person\",\"@id\":\"https:\/\/www.notibras.com\/site\/#\/schema\/person\/36ab0979449956132d3e5b517ea76ac8\",\"name\":\"Reda\u00e7\u00e3o\",\"image\":{\"@type\":\"ImageObject\",\"inLanguage\":\"pt-BR\",\"@id\":\"https:\/\/secure.gravatar.com\/avatar\/e0a867bdedb85fd243eadf09663511f96fc81e0720a4a42581f334ad4303aa6b?s=96&d=mm&r=g\",\"url\":\"https:\/\/secure.gravatar.com\/avatar\/e0a867bdedb85fd243eadf09663511f96fc81e0720a4a42581f334ad4303aa6b?s=96&d=mm&r=g\",\"contentUrl\":\"https:\/\/secure.gravatar.com\/avatar\/e0a867bdedb85fd243eadf09663511f96fc81e0720a4a42581f334ad4303aa6b?s=96&d=mm&r=g\",\"caption\":\"Reda\u00e7\u00e3o\"}}]}<\/script>\n<!-- \/ Yoast SEO plugin. -->","yoast_head_json":{"title":"Santos n\u00e3o d\u00e1 chances ao Verd\u00e3o e levanta a ta\u00e7a nos p\u00eanaltis - Notibras","robots":{"index":"index","follow":"follow","max-snippet":"max-snippet:-1","max-image-preview":"max-image-preview:large","max-video-preview":"max-video-preview:-1"},"canonical":"https:\/\/www.notibras.com\/site\/santos-nao-da-chances-ao-palmeiras-e-levanta-a-taca-nos-penaltis\/","og_locale":"pt_BR","og_type":"article","og_title":"Santos n\u00e3o d\u00e1 chances ao Verd\u00e3o e levanta a ta\u00e7a nos p\u00eanaltis - Notibras","og_description":"O Santos \u00e9 o campe\u00e3o paulista de 2015. Em um jogo eletrizante na Vila Belmiro, o alvinegro derrotou o Palmeiras por 2 a 1 e levou a melhor na disputa por p\u00eanaltis, com vit\u00f3ria por 4 a 2. No duelo entre Valdivia e Robinho, ambos tiverem seus momentos e deram assist\u00eancias para gols. O santista [&hellip;]","og_url":"https:\/\/www.notibras.com\/site\/santos-nao-da-chances-ao-palmeiras-e-levanta-a-taca-nos-penaltis\/","og_site_name":"Notibras","article_publisher":"https:\/\/www.facebook.com\/notibras\/","article_published_time":"2015-05-03T21:31:28+00:00","article_modified_time":"2015-05-04T10:28:15+00:00","og_image":[{"width":460,"height":293,"url":"https:\/\/www.notibras.com\/site\/wp-content\/uploads\/2015\/05\/pal3.jpg","type":"image\/jpeg"}],"author":"Reda\u00e7\u00e3o","twitter_card":"summary_large_image","twitter_creator":"@Notibras","twitter_site":"@Notibras","twitter_misc":{"Escrito por":"Reda\u00e7\u00e3o","Est. tempo de leitura":"3 minutos"},"schema":{"@context":"https:\/\/schema.org","@graph":[{"@type":"Article","@id":"https:\/\/www.notibras.com\/site\/santos-nao-da-chances-ao-palmeiras-e-levanta-a-taca-nos-penaltis\/#article","isPartOf":{"@id":"https:\/\/www.notibras.com\/site\/santos-nao-da-chances-ao-palmeiras-e-levanta-a-taca-nos-penaltis\/"},"author":{"name":"Reda\u00e7\u00e3o","@id":"https:\/\/www.notibras.com\/site\/#\/schema\/person\/36ab0979449956132d3e5b517ea76ac8"},"headline":"Santos n\u00e3o d\u00e1 chances ao Verd\u00e3o e levanta a ta\u00e7a nos p\u00eanaltis","datePublished":"2015-05-03T21:31:28+00:00","dateModified":"2015-05-04T10:28:15+00:00","mainEntityOfPage":{"@id":"https:\/\/www.notibras.com\/site\/santos-nao-da-chances-ao-palmeiras-e-levanta-a-taca-nos-penaltis\/"},"wordCount":534,"commentCount":0,"publisher":{"@id":"https:\/\/www.notibras.com\/site\/#organization"},"image":{"@id":"https:\/\/www.notibras.com\/site\/santos-nao-da-chances-ao-palmeiras-e-levanta-a-taca-nos-penaltis\/#primaryimage"},"thumbnailUrl":"https:\/\/www.notibras.com\/site\/wp-content\/uploads\/2015\/05\/pal3.jpg","articleSection":["Esportes","Futebol"],"inLanguage":"pt-BR","potentialAction":[{"@type":"CommentAction","name":"Comment","target":["https:\/\/www.notibras.com\/site\/santos-nao-da-chances-ao-palmeiras-e-levanta-a-taca-nos-penaltis\/#respond"]}]},{"@type":"WebPage","@id":"https:\/\/www.notibras.com\/site\/santos-nao-da-chances-ao-palmeiras-e-levanta-a-taca-nos-penaltis\/","url":"https:\/\/www.notibras.com\/site\/santos-nao-da-chances-ao-palmeiras-e-levanta-a-taca-nos-penaltis\/","name":"Santos n\u00e3o d\u00e1 chances ao Verd\u00e3o e levanta a ta\u00e7a nos p\u00eanaltis - Notibras","isPartOf":{"@id":"https:\/\/www.notibras.com\/site\/#website"},"primaryImageOfPage":{"@id":"https:\/\/www.notibras.com\/site\/santos-nao-da-chances-ao-palmeiras-e-levanta-a-taca-nos-penaltis\/#primaryimage"},"image":{"@id":"https:\/\/www.notibras.com\/site\/santos-nao-da-chances-ao-palmeiras-e-levanta-a-taca-nos-penaltis\/#primaryimage"},"thumbnailUrl":"https:\/\/www.notibras.com\/site\/wp-content\/uploads\/2015\/05\/pal3.jpg","datePublished":"2015-05-03T21:31:28+00:00","dateModified":"2015-05-04T10:28:15+00:00","breadcrumb":{"@id":"https:\/\/www.notibras.com\/site\/santos-nao-da-chances-ao-palmeiras-e-levanta-a-taca-nos-penaltis\/#breadcrumb"},"inLanguage":"pt-BR","potentialAction":[{"@type":"ReadAction","target":["https:\/\/www.notibras.com\/site\/santos-nao-da-chances-ao-palmeiras-e-levanta-a-taca-nos-penaltis\/"]}]},{"@type":"ImageObject","inLanguage":"pt-BR","@id":"https:\/\/www.notibras.com\/site\/santos-nao-da-chances-ao-palmeiras-e-levanta-a-taca-nos-penaltis\/#primaryimage","url":"https:\/\/www.notibras.com\/site\/wp-content\/uploads\/2015\/05\/pal3.jpg","contentUrl":"https:\/\/www.notibras.com\/site\/wp-content\/uploads\/2015\/05\/pal3.jpg","width":460,"height":293},{"@type":"BreadcrumbList","@id":"https:\/\/www.notibras.com\/site\/santos-nao-da-chances-ao-palmeiras-e-levanta-a-taca-nos-penaltis\/#breadcrumb","itemListElement":[{"@type":"ListItem","position":1,"name":"In\u00edcio","item":"https:\/\/www.notibras.com\/site\/"},{"@type":"ListItem","position":2,"name":"Santos n\u00e3o d\u00e1 chances ao Verd\u00e3o e levanta a ta\u00e7a nos p\u00eanaltis"}]},{"@type":"WebSite","@id":"https:\/\/www.notibras.com\/site\/#website","url":"https:\/\/www.notibras.com\/site\/","name":"Notibras","description":"Not\u00edcias de Bras\u00edlia, do Brasil e do Mundo","publisher":{"@id":"https:\/\/www.notibras.com\/site\/#organization"},"potentialAction":[{"@type":"SearchAction","target":{"@type":"EntryPoint","urlTemplate":"https:\/\/www.notibras.com\/site\/?s={search_term_string}"},"query-input":{"@type":"PropertyValueSpecification","valueRequired":true,"valueName":"search_term_string"}}],"inLanguage":"pt-BR"},{"@type":"Organization","@id":"https:\/\/www.notibras.com\/site\/#organization","name":"Grupo Notibras de Comunica\u00e7\u00e3o","url":"https:\/\/www.notibras.com\/site\/","logo":{"@type":"ImageObject","inLanguage":"pt-BR","@id":"https:\/\/www.notibras.com\/site\/#\/schema\/logo\/image\/","url":"https:\/\/www.notibras.com\/site\/wp-content\/uploads\/2023\/01\/notibras23.png","contentUrl":"https:\/\/www.notibras.com\/site\/wp-content\/uploads\/2023\/01\/notibras23.png","width":350,"height":87,"caption":"Grupo Notibras de Comunica\u00e7\u00e3o"},"image":{"@id":"https:\/\/www.notibras.com\/site\/#\/schema\/logo\/image\/"},"sameAs":["https:\/\/www.facebook.com\/notibras\/","https:\/\/x.com\/Notibras","https:\/\/www.instagram.com\/notibras\/"]},{"@type":"Person","@id":"https:\/\/www.notibras.com\/site\/#\/schema\/person\/36ab0979449956132d3e5b517ea76ac8","name":"Reda\u00e7\u00e3o","image":{"@type":"ImageObject","inLanguage":"pt-BR","@id":"https:\/\/secure.gravatar.com\/avatar\/e0a867bdedb85fd243eadf09663511f96fc81e0720a4a42581f334ad4303aa6b?s=96&d=mm&r=g","url":"https:\/\/secure.gravatar.com\/avatar\/e0a867bdedb85fd243eadf09663511f96fc81e0720a4a42581f334ad4303aa6b?s=96&d=mm&r=g","contentUrl":"https:\/\/secure.gravatar.com\/avatar\/e0a867bdedb85fd243eadf09663511f96fc81e0720a4a42581f334ad4303aa6b?s=96&d=mm&r=g","caption":"Reda\u00e7\u00e3o"}}]}},"amp_enabled":true,"_links":{"self":[{"href":"https:\/\/www.notibras.com\/site\/wp-json\/wp\/v2\/posts\/46494","targetHints":{"allow":["GET"]}}],"collection":[{"href":"https:\/\/www.notibras.com\/site\/wp-json\/wp\/v2\/posts"}],"about":[{"href":"https:\/\/www.notibras.com\/site\/wp-json\/wp\/v2\/types\/post"}],"author":[{"embeddable":true,"href":"https:\/\/www.notibras.com\/site\/wp-json\/wp\/v2\/users\/2"}],"replies":[{"embeddable":true,"href":"https:\/\/www.notibras.com\/site\/wp-json\/wp\/v2\/comments?post=46494"}],"version-history":[{"count":0,"href":"https:\/\/www.notibras.com\/site\/wp-json\/wp\/v2\/posts\/46494\/revisions"}],"wp:featuredmedia":[{"embeddable":true,"href":"https:\/\/www.notibras.com\/site\/wp-json\/wp\/v2\/media\/46497"}],"wp:attachment":[{"href":"https:\/\/www.notibras.com\/site\/wp-json\/wp\/v2\/media?parent=46494"}],"wp:term":[{"taxonomy":"category","embeddable":true,"href":"https:\/\/www.notibras.com\/site\/wp-json\/wp\/v2\/categories?post=46494"},{"taxonomy":"post_tag","embeddable":true,"href":"https:\/\/www.notibras.com\/site\/wp-json\/wp\/v2\/tags?post=46494"}],"curies":[{"name":"wp","href":"https:\/\/api.w.org\/{rel}","templated":true}]}}