{"id":46541,"date":"2015-05-04T08:49:45","date_gmt":"2015-05-04T11:49:45","guid":{"rendered":"http:\/\/www.notibras.com\/site\/?p=46541"},"modified":"2015-05-05T00:19:39","modified_gmt":"2015-05-05T03:19:39","slug":"foi-se-o-tempo-em-que-se-especulava-com-o-mercado-imobiliario","status":"publish","type":"post","link":"https:\/\/www.notibras.com\/site\/foi-se-o-tempo-em-que-se-especulava-com-o-mercado-imobiliario\/","title":{"rendered":"Foi-se o tempo em que se especulava com os im\u00f3veis"},"content":{"rendered":"<p>O mercado imobili\u00e1rio est\u00e1 passando por uma grande reformula\u00e7\u00e3o e os \u00e1ureos tempos dos ganhos f\u00e1ceis e certos com a especula\u00e7\u00e3o imobili\u00e1ria d\u00e3o sinais que chegaram ao fim. Durante o chamado &#8220;boom imobili\u00e1rio&#8221;, nos anos de 2009 a 2013, construtoras lucraram milh\u00f5es, qui\u00e7\u00e1 bilh\u00f5es, vendendo im\u00f3veis de forma alucinada a pre\u00e7os sem controle.<\/p>\n<p>Quem comprou naquela \u00e9poca lucrou. Hoje, com pre\u00e7os estabilizados, comprar im\u00f3vel na planta passou a ser um p\u00e9ssimo neg\u00f3cio, pois o reajuste do pre\u00e7o durante a constru\u00e7\u00e3o, n\u00e3o raras as vezes, faz com que o im\u00f3vel custe mais caro comprando na planta do que um im\u00f3vel pronto.<\/p>\n<p>Isso porque, diferente do que informam boa parte dos vendedores durante a negocia\u00e7\u00e3o, n\u00e3o s\u00e3o as parcelas mensais que s\u00e3o corrigidas mensalmente, mas sempre o saldo total devedor, de forma cumulativa, m\u00eas a m\u00eas, por um dos maiores \u00edndices inflacion\u00e1rios, o INCC (\u00cdndice Nacional de Custo da Constru\u00e7\u00e3o), que chega ser o dobro do IGPM.<\/p>\n<blockquote><p>Quando havia uma supervaloriza\u00e7\u00e3o dos im\u00f3veis, mesmo com um aumento consider\u00e1vel no pre\u00e7o final, ainda assim o valor total pago pelo cliente n\u00e3o superava aquele praticado pelo mercado no momento da entrega. Portanto, n\u00e3o representava um preju\u00edzo efetivo para o comprador. Hoje, isso mudou e tornou im\u00f3vel na planta um p\u00e9ssimo neg\u00f3cio.<\/p><\/blockquote>\n<p>Novos j\u00e1 prontos e usados passaram a ser a melhor op\u00e7\u00e3o para os compradores, que tinham como \u00fanico sen\u00e3o o valor da entrada que precisavam dispor, cerca de 20% do valor do neg\u00f3cio, para optar por um im\u00f3vel pronto para morar \u2013 isso porque os bancos financiam cerca de 80% do valor da compra.<\/p>\n<p>Financiavam! No passado! A CEF (Caixa Econ\u00f4mica Federal), um dos maiores financiadores de im\u00f3veis do pa\u00eds, decidiu sem avisos mudar completamente a regra para financiamento de usados. Reduziu para 50% o valor m\u00e1ximo de financiamento, o que implica exigir do comprador 50% do valor do im\u00f3vel \u00e0 vista para dar de entrada. Convenhamos, \u00e9 uma tarefa para poucos que, na pr\u00e1tica, vai paralisar quase por completo o mercado de usados.<\/p>\n<p>O grande mist\u00e9rio \u00e9 a verdadeira raz\u00e3o dessa medida, pois para im\u00f3veis na planta e novos, vendidos por construtoras, a regra permanece a antiga. Ou seja, quem compra dos grandes grupos econ\u00f4micos, que mant\u00eam milion\u00e1rios contratos com a CEF, financia 80%, e os demais, apenas 50%.<\/p>\n<p>Evidente que a nova regra vai privilegiar, e muito, as construtoras, que sempre ganharam milh\u00f5es e estavam incomodadas com um lucro reduzido e a competi\u00e7\u00e3o com o mercado de usados, mas que com uma simples &#8220;canetada&#8221; do seu parceiro de neg\u00f3cios parecem ter resolvido a quest\u00e3o.<\/p>\n<p>Mesmo custando mais caro para o comprador, a tend\u00eancia \u00e9 que aquelas pessoas que sonham com um im\u00f3vel pr\u00f3prio se sujeitem aos altos pre\u00e7os e voltem a comprar os im\u00f3veis na planta. Isso por uma quest\u00e3o de absoluta falta de op\u00e7\u00e3o, j\u00e1 que quase ningu\u00e9m disp\u00f5e de 50% do valor para dar em dinheiro \u00e0 vista.<\/p>\n<p>Mas, mesmo comprando na planta, \u00e9 poss\u00edvel que mudan\u00e7as na vida das pessoas as impe\u00e7am de continuar o neg\u00f3cio ou que n\u00e3o consigam financiar o im\u00f3vel quando estiver pronto. No atual momento de crise, por exemplo, as demiss\u00f5es est\u00e3o, infelizmente, a todo o vapor, e podem comprometer o pagamento das parcelas mensais dos im\u00f3veis na planta, fazendo com que a pessoa tenha que desfazer do seu sonho.<\/p>\n<blockquote><p>Nesses casos, o consumidor sempre ter\u00e1 direito ao distrato, independente do que diga o contrato, e a construtora \u00e9 obrigada a devolver entre 85% a 90% de todos os valores pagos. Quando n\u00e3o h\u00e1 acordo diretamente com a construtora e a empresa s\u00f3 aceita a rescis\u00e3o mediante um montante maior de valores, o comprador pode ir \u00e0 Justi\u00e7a, que determinar\u00e1 a correta devolu\u00e7\u00e3o.<\/p><\/blockquote>\n<p>Por enquanto, apenas a CEF, autodenominada banco do povo, mudou as regras. Mas nada impede que os demais bancos, &#8220;incentivados&#8221; pelo poder econ\u00f4mico das grandes construtoras, n\u00e3o repensem a quest\u00e3o e tamb\u00e9m decidam aniquilar os neg\u00f3cios de im\u00f3veis entre particulares. \u00c9 esperar para ver.<\/p>\n<p><strong>Marcelo Tapai<\/strong><\/p>\n","protected":false},"excerpt":{"rendered":"<p>O mercado imobili\u00e1rio est\u00e1 passando por uma grande reformula\u00e7\u00e3o e os \u00e1ureos tempos dos ganhos f\u00e1ceis e certos com a especula\u00e7\u00e3o imobili\u00e1ria d\u00e3o sinais que chegaram ao fim. Durante o chamado &#8220;boom imobili\u00e1rio&#8221;, nos anos de 2009 a 2013, construtoras lucraram milh\u00f5es, qui\u00e7\u00e1 bilh\u00f5es, vendendo im\u00f3veis de forma alucinada a pre\u00e7os sem controle. Quem comprou [&hellip;]<\/p>\n","protected":false},"author":2,"featured_media":46543,"comment_status":"open","ping_status":"closed","sticky":false,"template":"","format":"standard","meta":{"_acf_changed":false,"footnotes":""},"categories":[25],"tags":[],"class_list":["post-46541","post","type-post","status-publish","format-standard","has-post-thumbnail","hentry","category-opina-ai"],"acf":[],"yoast_head":"<!-- This site is optimized with the Yoast SEO plugin v27.5 - https:\/\/yoast.com\/product\/yoast-seo-wordpress\/ -->\n<title>Foi-se o tempo em que se especulava com os im\u00f3veis - Notibras<\/title>\n<meta name=\"robots\" content=\"index, follow, max-snippet:-1, max-image-preview:large, max-video-preview:-1\" \/>\n<link rel=\"canonical\" href=\"https:\/\/www.notibras.com\/site\/foi-se-o-tempo-em-que-se-especulava-com-o-mercado-imobiliario\/\" \/>\n<meta property=\"og:locale\" content=\"pt_BR\" \/>\n<meta property=\"og:type\" content=\"article\" \/>\n<meta property=\"og:title\" content=\"Foi-se o tempo em que se especulava com os im\u00f3veis - Notibras\" \/>\n<meta property=\"og:description\" content=\"O mercado imobili\u00e1rio est\u00e1 passando por uma grande reformula\u00e7\u00e3o e os \u00e1ureos tempos dos ganhos f\u00e1ceis e certos com a especula\u00e7\u00e3o imobili\u00e1ria d\u00e3o sinais que chegaram ao fim. Durante o chamado &#8220;boom imobili\u00e1rio&#8221;, nos anos de 2009 a 2013, construtoras lucraram milh\u00f5es, qui\u00e7\u00e1 bilh\u00f5es, vendendo im\u00f3veis de forma alucinada a pre\u00e7os sem controle. Quem comprou [&hellip;]\" \/>\n<meta property=\"og:url\" content=\"https:\/\/www.notibras.com\/site\/foi-se-o-tempo-em-que-se-especulava-com-o-mercado-imobiliario\/\" \/>\n<meta property=\"og:site_name\" content=\"Notibras\" \/>\n<meta property=\"article:publisher\" content=\"https:\/\/www.facebook.com\/notibras\/\" \/>\n<meta property=\"article:published_time\" content=\"2015-05-04T11:49:45+00:00\" \/>\n<meta property=\"article:modified_time\" content=\"2015-05-05T03:19:39+00:00\" \/>\n<meta property=\"og:image\" content=\"https:\/\/www.notibras.com\/site\/wp-content\/uploads\/2015\/05\/op4.jpg\" \/>\n\t<meta property=\"og:image:width\" content=\"800\" \/>\n\t<meta property=\"og:image:height\" content=\"600\" \/>\n\t<meta property=\"og:image:type\" content=\"image\/jpeg\" \/>\n<meta name=\"author\" content=\"Reda\u00e7\u00e3o\" \/>\n<meta name=\"twitter:card\" content=\"summary_large_image\" \/>\n<meta name=\"twitter:creator\" content=\"@Notibras\" \/>\n<meta name=\"twitter:site\" content=\"@Notibras\" \/>\n<meta name=\"twitter:label1\" content=\"Escrito por\" \/>\n\t<meta name=\"twitter:data1\" content=\"Reda\u00e7\u00e3o\" \/>\n\t<meta name=\"twitter:label2\" content=\"Est. tempo de leitura\" \/>\n\t<meta name=\"twitter:data2\" content=\"4 minutos\" \/>\n<script type=\"application\/ld+json\" class=\"yoast-schema-graph\">{\"@context\":\"https:\\\/\\\/schema.org\",\"@graph\":[{\"@type\":\"Article\",\"@id\":\"https:\\\/\\\/www.notibras.com\\\/site\\\/foi-se-o-tempo-em-que-se-especulava-com-o-mercado-imobiliario\\\/#article\",\"isPartOf\":{\"@id\":\"https:\\\/\\\/www.notibras.com\\\/site\\\/foi-se-o-tempo-em-que-se-especulava-com-o-mercado-imobiliario\\\/\"},\"author\":{\"name\":\"Reda\u00e7\u00e3o\",\"@id\":\"https:\\\/\\\/www.notibras.com\\\/site\\\/#\\\/schema\\\/person\\\/36ab0979449956132d3e5b517ea76ac8\"},\"headline\":\"Foi-se o tempo em que se especulava com os im\u00f3veis\",\"datePublished\":\"2015-05-04T11:49:45+00:00\",\"dateModified\":\"2015-05-05T03:19:39+00:00\",\"mainEntityOfPage\":{\"@id\":\"https:\\\/\\\/www.notibras.com\\\/site\\\/foi-se-o-tempo-em-que-se-especulava-com-o-mercado-imobiliario\\\/\"},\"wordCount\":731,\"commentCount\":0,\"publisher\":{\"@id\":\"https:\\\/\\\/www.notibras.com\\\/site\\\/#organization\"},\"image\":{\"@id\":\"https:\\\/\\\/www.notibras.com\\\/site\\\/foi-se-o-tempo-em-que-se-especulava-com-o-mercado-imobiliario\\\/#primaryimage\"},\"thumbnailUrl\":\"https:\\\/\\\/www.notibras.com\\\/site\\\/wp-content\\\/uploads\\\/2015\\\/05\\\/op4.jpg\",\"articleSection\":[\"Opina a\u00ed\"],\"inLanguage\":\"pt-BR\",\"potentialAction\":[{\"@type\":\"CommentAction\",\"name\":\"Comment\",\"target\":[\"https:\\\/\\\/www.notibras.com\\\/site\\\/foi-se-o-tempo-em-que-se-especulava-com-o-mercado-imobiliario\\\/#respond\"]}]},{\"@type\":\"WebPage\",\"@id\":\"https:\\\/\\\/www.notibras.com\\\/site\\\/foi-se-o-tempo-em-que-se-especulava-com-o-mercado-imobiliario\\\/\",\"url\":\"https:\\\/\\\/www.notibras.com\\\/site\\\/foi-se-o-tempo-em-que-se-especulava-com-o-mercado-imobiliario\\\/\",\"name\":\"Foi-se o tempo em que se especulava com os im\u00f3veis - Notibras\",\"isPartOf\":{\"@id\":\"https:\\\/\\\/www.notibras.com\\\/site\\\/#website\"},\"primaryImageOfPage\":{\"@id\":\"https:\\\/\\\/www.notibras.com\\\/site\\\/foi-se-o-tempo-em-que-se-especulava-com-o-mercado-imobiliario\\\/#primaryimage\"},\"image\":{\"@id\":\"https:\\\/\\\/www.notibras.com\\\/site\\\/foi-se-o-tempo-em-que-se-especulava-com-o-mercado-imobiliario\\\/#primaryimage\"},\"thumbnailUrl\":\"https:\\\/\\\/www.notibras.com\\\/site\\\/wp-content\\\/uploads\\\/2015\\\/05\\\/op4.jpg\",\"datePublished\":\"2015-05-04T11:49:45+00:00\",\"dateModified\":\"2015-05-05T03:19:39+00:00\",\"breadcrumb\":{\"@id\":\"https:\\\/\\\/www.notibras.com\\\/site\\\/foi-se-o-tempo-em-que-se-especulava-com-o-mercado-imobiliario\\\/#breadcrumb\"},\"inLanguage\":\"pt-BR\",\"potentialAction\":[{\"@type\":\"ReadAction\",\"target\":[\"https:\\\/\\\/www.notibras.com\\\/site\\\/foi-se-o-tempo-em-que-se-especulava-com-o-mercado-imobiliario\\\/\"]}]},{\"@type\":\"ImageObject\",\"inLanguage\":\"pt-BR\",\"@id\":\"https:\\\/\\\/www.notibras.com\\\/site\\\/foi-se-o-tempo-em-que-se-especulava-com-o-mercado-imobiliario\\\/#primaryimage\",\"url\":\"https:\\\/\\\/www.notibras.com\\\/site\\\/wp-content\\\/uploads\\\/2015\\\/05\\\/op4.jpg\",\"contentUrl\":\"https:\\\/\\\/www.notibras.com\\\/site\\\/wp-content\\\/uploads\\\/2015\\\/05\\\/op4.jpg\",\"width\":800,\"height\":600,\"caption\":\"abstract 3d of building development concept\"},{\"@type\":\"BreadcrumbList\",\"@id\":\"https:\\\/\\\/www.notibras.com\\\/site\\\/foi-se-o-tempo-em-que-se-especulava-com-o-mercado-imobiliario\\\/#breadcrumb\",\"itemListElement\":[{\"@type\":\"ListItem\",\"position\":1,\"name\":\"In\u00edcio\",\"item\":\"https:\\\/\\\/www.notibras.com\\\/site\\\/\"},{\"@type\":\"ListItem\",\"position\":2,\"name\":\"Foi-se o tempo em que se especulava com os im\u00f3veis\"}]},{\"@type\":\"WebSite\",\"@id\":\"https:\\\/\\\/www.notibras.com\\\/site\\\/#website\",\"url\":\"https:\\\/\\\/www.notibras.com\\\/site\\\/\",\"name\":\"Notibras\",\"description\":\"Not\u00edcias de Bras\u00edlia, do Brasil e do Mundo\",\"publisher\":{\"@id\":\"https:\\\/\\\/www.notibras.com\\\/site\\\/#organization\"},\"potentialAction\":[{\"@type\":\"SearchAction\",\"target\":{\"@type\":\"EntryPoint\",\"urlTemplate\":\"https:\\\/\\\/www.notibras.com\\\/site\\\/?s={search_term_string}\"},\"query-input\":{\"@type\":\"PropertyValueSpecification\",\"valueRequired\":true,\"valueName\":\"search_term_string\"}}],\"inLanguage\":\"pt-BR\"},{\"@type\":\"Organization\",\"@id\":\"https:\\\/\\\/www.notibras.com\\\/site\\\/#organization\",\"name\":\"Grupo Notibras de Comunica\u00e7\u00e3o\",\"url\":\"https:\\\/\\\/www.notibras.com\\\/site\\\/\",\"logo\":{\"@type\":\"ImageObject\",\"inLanguage\":\"pt-BR\",\"@id\":\"https:\\\/\\\/www.notibras.com\\\/site\\\/#\\\/schema\\\/logo\\\/image\\\/\",\"url\":\"https:\\\/\\\/www.notibras.com\\\/site\\\/wp-content\\\/uploads\\\/2023\\\/01\\\/notibras23.png\",\"contentUrl\":\"https:\\\/\\\/www.notibras.com\\\/site\\\/wp-content\\\/uploads\\\/2023\\\/01\\\/notibras23.png\",\"width\":350,\"height\":87,\"caption\":\"Grupo Notibras de Comunica\u00e7\u00e3o\"},\"image\":{\"@id\":\"https:\\\/\\\/www.notibras.com\\\/site\\\/#\\\/schema\\\/logo\\\/image\\\/\"},\"sameAs\":[\"https:\\\/\\\/www.facebook.com\\\/notibras\\\/\",\"https:\\\/\\\/x.com\\\/Notibras\",\"https:\\\/\\\/www.instagram.com\\\/notibras\\\/\"]},{\"@type\":\"Person\",\"@id\":\"https:\\\/\\\/www.notibras.com\\\/site\\\/#\\\/schema\\\/person\\\/36ab0979449956132d3e5b517ea76ac8\",\"name\":\"Reda\u00e7\u00e3o\",\"image\":{\"@type\":\"ImageObject\",\"inLanguage\":\"pt-BR\",\"@id\":\"https:\\\/\\\/secure.gravatar.com\\\/avatar\\\/e0a867bdedb85fd243eadf09663511f96fc81e0720a4a42581f334ad4303aa6b?s=96&d=mm&r=g\",\"url\":\"https:\\\/\\\/secure.gravatar.com\\\/avatar\\\/e0a867bdedb85fd243eadf09663511f96fc81e0720a4a42581f334ad4303aa6b?s=96&d=mm&r=g\",\"contentUrl\":\"https:\\\/\\\/secure.gravatar.com\\\/avatar\\\/e0a867bdedb85fd243eadf09663511f96fc81e0720a4a42581f334ad4303aa6b?s=96&d=mm&r=g\",\"caption\":\"Reda\u00e7\u00e3o\"}}]}<\/script>\n<!-- \/ Yoast SEO plugin. -->","yoast_head_json":{"title":"Foi-se o tempo em que se especulava com os im\u00f3veis - Notibras","robots":{"index":"index","follow":"follow","max-snippet":"max-snippet:-1","max-image-preview":"max-image-preview:large","max-video-preview":"max-video-preview:-1"},"canonical":"https:\/\/www.notibras.com\/site\/foi-se-o-tempo-em-que-se-especulava-com-o-mercado-imobiliario\/","og_locale":"pt_BR","og_type":"article","og_title":"Foi-se o tempo em que se especulava com os im\u00f3veis - Notibras","og_description":"O mercado imobili\u00e1rio est\u00e1 passando por uma grande reformula\u00e7\u00e3o e os \u00e1ureos tempos dos ganhos f\u00e1ceis e certos com a especula\u00e7\u00e3o imobili\u00e1ria d\u00e3o sinais que chegaram ao fim. Durante o chamado &#8220;boom imobili\u00e1rio&#8221;, nos anos de 2009 a 2013, construtoras lucraram milh\u00f5es, qui\u00e7\u00e1 bilh\u00f5es, vendendo im\u00f3veis de forma alucinada a pre\u00e7os sem controle. Quem comprou [&hellip;]","og_url":"https:\/\/www.notibras.com\/site\/foi-se-o-tempo-em-que-se-especulava-com-o-mercado-imobiliario\/","og_site_name":"Notibras","article_publisher":"https:\/\/www.facebook.com\/notibras\/","article_published_time":"2015-05-04T11:49:45+00:00","article_modified_time":"2015-05-05T03:19:39+00:00","og_image":[{"width":800,"height":600,"url":"https:\/\/www.notibras.com\/site\/wp-content\/uploads\/2015\/05\/op4.jpg","type":"image\/jpeg"}],"author":"Reda\u00e7\u00e3o","twitter_card":"summary_large_image","twitter_creator":"@Notibras","twitter_site":"@Notibras","twitter_misc":{"Escrito por":"Reda\u00e7\u00e3o","Est. tempo de leitura":"4 minutos"},"schema":{"@context":"https:\/\/schema.org","@graph":[{"@type":"Article","@id":"https:\/\/www.notibras.com\/site\/foi-se-o-tempo-em-que-se-especulava-com-o-mercado-imobiliario\/#article","isPartOf":{"@id":"https:\/\/www.notibras.com\/site\/foi-se-o-tempo-em-que-se-especulava-com-o-mercado-imobiliario\/"},"author":{"name":"Reda\u00e7\u00e3o","@id":"https:\/\/www.notibras.com\/site\/#\/schema\/person\/36ab0979449956132d3e5b517ea76ac8"},"headline":"Foi-se o tempo em que se especulava com os im\u00f3veis","datePublished":"2015-05-04T11:49:45+00:00","dateModified":"2015-05-05T03:19:39+00:00","mainEntityOfPage":{"@id":"https:\/\/www.notibras.com\/site\/foi-se-o-tempo-em-que-se-especulava-com-o-mercado-imobiliario\/"},"wordCount":731,"commentCount":0,"publisher":{"@id":"https:\/\/www.notibras.com\/site\/#organization"},"image":{"@id":"https:\/\/www.notibras.com\/site\/foi-se-o-tempo-em-que-se-especulava-com-o-mercado-imobiliario\/#primaryimage"},"thumbnailUrl":"https:\/\/www.notibras.com\/site\/wp-content\/uploads\/2015\/05\/op4.jpg","articleSection":["Opina a\u00ed"],"inLanguage":"pt-BR","potentialAction":[{"@type":"CommentAction","name":"Comment","target":["https:\/\/www.notibras.com\/site\/foi-se-o-tempo-em-que-se-especulava-com-o-mercado-imobiliario\/#respond"]}]},{"@type":"WebPage","@id":"https:\/\/www.notibras.com\/site\/foi-se-o-tempo-em-que-se-especulava-com-o-mercado-imobiliario\/","url":"https:\/\/www.notibras.com\/site\/foi-se-o-tempo-em-que-se-especulava-com-o-mercado-imobiliario\/","name":"Foi-se o tempo em que se especulava com os im\u00f3veis - Notibras","isPartOf":{"@id":"https:\/\/www.notibras.com\/site\/#website"},"primaryImageOfPage":{"@id":"https:\/\/www.notibras.com\/site\/foi-se-o-tempo-em-que-se-especulava-com-o-mercado-imobiliario\/#primaryimage"},"image":{"@id":"https:\/\/www.notibras.com\/site\/foi-se-o-tempo-em-que-se-especulava-com-o-mercado-imobiliario\/#primaryimage"},"thumbnailUrl":"https:\/\/www.notibras.com\/site\/wp-content\/uploads\/2015\/05\/op4.jpg","datePublished":"2015-05-04T11:49:45+00:00","dateModified":"2015-05-05T03:19:39+00:00","breadcrumb":{"@id":"https:\/\/www.notibras.com\/site\/foi-se-o-tempo-em-que-se-especulava-com-o-mercado-imobiliario\/#breadcrumb"},"inLanguage":"pt-BR","potentialAction":[{"@type":"ReadAction","target":["https:\/\/www.notibras.com\/site\/foi-se-o-tempo-em-que-se-especulava-com-o-mercado-imobiliario\/"]}]},{"@type":"ImageObject","inLanguage":"pt-BR","@id":"https:\/\/www.notibras.com\/site\/foi-se-o-tempo-em-que-se-especulava-com-o-mercado-imobiliario\/#primaryimage","url":"https:\/\/www.notibras.com\/site\/wp-content\/uploads\/2015\/05\/op4.jpg","contentUrl":"https:\/\/www.notibras.com\/site\/wp-content\/uploads\/2015\/05\/op4.jpg","width":800,"height":600,"caption":"abstract 3d of building development concept"},{"@type":"BreadcrumbList","@id":"https:\/\/www.notibras.com\/site\/foi-se-o-tempo-em-que-se-especulava-com-o-mercado-imobiliario\/#breadcrumb","itemListElement":[{"@type":"ListItem","position":1,"name":"In\u00edcio","item":"https:\/\/www.notibras.com\/site\/"},{"@type":"ListItem","position":2,"name":"Foi-se o tempo em que se especulava com os im\u00f3veis"}]},{"@type":"WebSite","@id":"https:\/\/www.notibras.com\/site\/#website","url":"https:\/\/www.notibras.com\/site\/","name":"Notibras","description":"Not\u00edcias de Bras\u00edlia, do Brasil e do Mundo","publisher":{"@id":"https:\/\/www.notibras.com\/site\/#organization"},"potentialAction":[{"@type":"SearchAction","target":{"@type":"EntryPoint","urlTemplate":"https:\/\/www.notibras.com\/site\/?s={search_term_string}"},"query-input":{"@type":"PropertyValueSpecification","valueRequired":true,"valueName":"search_term_string"}}],"inLanguage":"pt-BR"},{"@type":"Organization","@id":"https:\/\/www.notibras.com\/site\/#organization","name":"Grupo Notibras de Comunica\u00e7\u00e3o","url":"https:\/\/www.notibras.com\/site\/","logo":{"@type":"ImageObject","inLanguage":"pt-BR","@id":"https:\/\/www.notibras.com\/site\/#\/schema\/logo\/image\/","url":"https:\/\/www.notibras.com\/site\/wp-content\/uploads\/2023\/01\/notibras23.png","contentUrl":"https:\/\/www.notibras.com\/site\/wp-content\/uploads\/2023\/01\/notibras23.png","width":350,"height":87,"caption":"Grupo Notibras de Comunica\u00e7\u00e3o"},"image":{"@id":"https:\/\/www.notibras.com\/site\/#\/schema\/logo\/image\/"},"sameAs":["https:\/\/www.facebook.com\/notibras\/","https:\/\/x.com\/Notibras","https:\/\/www.instagram.com\/notibras\/"]},{"@type":"Person","@id":"https:\/\/www.notibras.com\/site\/#\/schema\/person\/36ab0979449956132d3e5b517ea76ac8","name":"Reda\u00e7\u00e3o","image":{"@type":"ImageObject","inLanguage":"pt-BR","@id":"https:\/\/secure.gravatar.com\/avatar\/e0a867bdedb85fd243eadf09663511f96fc81e0720a4a42581f334ad4303aa6b?s=96&d=mm&r=g","url":"https:\/\/secure.gravatar.com\/avatar\/e0a867bdedb85fd243eadf09663511f96fc81e0720a4a42581f334ad4303aa6b?s=96&d=mm&r=g","contentUrl":"https:\/\/secure.gravatar.com\/avatar\/e0a867bdedb85fd243eadf09663511f96fc81e0720a4a42581f334ad4303aa6b?s=96&d=mm&r=g","caption":"Reda\u00e7\u00e3o"}}]}},"amp_enabled":true,"_links":{"self":[{"href":"https:\/\/www.notibras.com\/site\/wp-json\/wp\/v2\/posts\/46541","targetHints":{"allow":["GET"]}}],"collection":[{"href":"https:\/\/www.notibras.com\/site\/wp-json\/wp\/v2\/posts"}],"about":[{"href":"https:\/\/www.notibras.com\/site\/wp-json\/wp\/v2\/types\/post"}],"author":[{"embeddable":true,"href":"https:\/\/www.notibras.com\/site\/wp-json\/wp\/v2\/users\/2"}],"replies":[{"embeddable":true,"href":"https:\/\/www.notibras.com\/site\/wp-json\/wp\/v2\/comments?post=46541"}],"version-history":[{"count":0,"href":"https:\/\/www.notibras.com\/site\/wp-json\/wp\/v2\/posts\/46541\/revisions"}],"wp:featuredmedia":[{"embeddable":true,"href":"https:\/\/www.notibras.com\/site\/wp-json\/wp\/v2\/media\/46543"}],"wp:attachment":[{"href":"https:\/\/www.notibras.com\/site\/wp-json\/wp\/v2\/media?parent=46541"}],"wp:term":[{"taxonomy":"category","embeddable":true,"href":"https:\/\/www.notibras.com\/site\/wp-json\/wp\/v2\/categories?post=46541"},{"taxonomy":"post_tag","embeddable":true,"href":"https:\/\/www.notibras.com\/site\/wp-json\/wp\/v2\/tags?post=46541"}],"curies":[{"name":"wp","href":"https:\/\/api.w.org\/{rel}","templated":true}]}}