{"id":46578,"date":"2015-05-04T09:36:38","date_gmt":"2015-05-04T12:36:38","guid":{"rendered":"http:\/\/www.notibras.com\/site\/?p=46578"},"modified":"2015-05-04T13:38:36","modified_gmt":"2015-05-04T16:38:36","slug":"comeca-a-valer-reducao-do-limite-para-financiar-imovel-usado-pela-caixa","status":"publish","type":"post","link":"https:\/\/www.notibras.com\/site\/comeca-a-valer-reducao-do-limite-para-financiar-imovel-usado-pela-caixa\/","title":{"rendered":"Come\u00e7a a valer o novo limite para financiar im\u00f3vel da Caixa"},"content":{"rendered":"<p>A redu\u00e7\u00e3o do limite de financiamento para im\u00f3veis usados pela Caixa Econ\u00f4mica Federal come\u00e7a a valer nesta segunda-feira (4).<\/p>\n<p>A mudan\u00e7a vale apenas para im\u00f3veis usados financiados com recursos da poupan\u00e7a \u2013 ficam de fora da mudan\u00e7a o cr\u00e9dito para a habita\u00e7\u00e3o popular, como o programa Minha Casa Minha Vida, e os financiamentos com recursos do FGTS (Fundo de Garantia por Tempo de Servi\u00e7o). Nestas modalidades, n\u00e3o houve altera\u00e7\u00f5es, segundo a Caixa.<\/p>\n<p>Pelas novas regras, os financiamentos com recursos da poupan\u00e7a (Sistema Brasileiro de Poupan\u00e7a e Empr\u00e9stimo) ter\u00e3o uma redu\u00e7\u00e3o do limite do valor total financiado de 80% para 50% do valor do im\u00f3vel no Sistema Financeiro de Habita\u00e7\u00e3o (SFH), e de 70% para 40% para im\u00f3veis no Sistema Financeiro Imobili\u00e1rio (SFI), pelo Sistema de Amortiza\u00e7\u00e3o Constante (SAC).<\/p>\n<blockquote><p>Com as mudan\u00e7as, quem comprar um im\u00f3vel usado pelo SFH ter\u00e1 que dar uma entrada de no m\u00ednimo 50% e financiar a outra metade. Antes, a entrada m\u00ednima era de 20%. No caso do SFI, o valor m\u00ednimo da entrada passar\u00e1 a ser de 60%, para o consumidor financiar os outros 40%.<\/p><\/blockquote>\n<p>Segundo o banco, o objetivo \u00e9 focar a oferta de cr\u00e9dito habitacional em moradias novas. O banco det\u00e9m 70% de todos os financiamentos de im\u00f3veis no pa\u00eds.<\/p>\n<p><strong>Restri\u00e7\u00e3o nas vendas<\/strong><br \/>\nPara o vice-Presidente da Associa\u00e7\u00e3o de Empresas do Mercado Imobili\u00e1rio do Distrito Federal (Ademi-DF), Eduardo Aroeira Almeida, essa restri\u00e7\u00e3o vai afetar principalmente consumidores com menos recursos para comprar im\u00f3veis.<\/p>\n<p>&#8220;A faixa de compradores entre entre R$ 190 mil e R$ 250 mil costuma ter valores menores dispon\u00edveis para dar como entrada&#8221;, disse na segunda-feira passada, quando foram comunicadas as novas regras.<\/p>\n<p>&#8220;Com esse limite, menos pessoas v\u00e3o conseguir vender seus im\u00f3veis usados para comprar outros maiores, e isso afeta as vendas mercado de im\u00f3veis como um todo, inclusive os novos&#8221;, acredita o economista, que v\u00ea a possibilidade de um aumento no d\u00e9ficit habitacional por conta da restri\u00e7\u00e3o.<\/p>\n<p>Como a propor\u00e7\u00e3o de vendas de im\u00f3veis usados \u00e9 bem maior que a de novos, Almeida tamb\u00e9m acredita que essa restri\u00e7\u00e3o pode afetar, inclusive, o n\u00edvel de emprego no setor de constru\u00e7\u00e3o civil, uma vez que o desaquecimento nas vendas no mercado imobili\u00e1rio desestimula o lan\u00e7amento de novas unidades pelas construtoras.<\/p>\n<p><strong>Pre\u00e7os dos im\u00f3veis<\/strong><br \/>\nPor outro lado, Almeida n\u00e3o acredita que essa restri\u00e7\u00e3o nas vendas de usados possa provocar uma redu\u00e7\u00e3o nos pre\u00e7os dos im\u00f3veis. &#8220;A margem na queda dos pre\u00e7os j\u00e1 est\u00e1 muito apertada&#8221;, avalia.<\/p>\n<p>Em mar\u00e7o, os pre\u00e7os dos apartamentos \u00e0 venda acumularam no ano queda real (considerando a infla\u00e7\u00e3o do per\u00edodo) de mais de 3% em 20 cidades brasileiras, segundo o \u00edndice FipeZap. No m\u00eas passado, a alta nos pre\u00e7os foi de 0,14% na compara\u00e7\u00e3o com fevereiro. No acumulado em 2015, o aumento \u00e9 de 0,69%.<\/p>\n<p>No mesmo per\u00edodo, a infla\u00e7\u00e3o esperada para o IPCA (\u00cdndice de Pre\u00e7os ao Consumidor Amplo) \u00e9 de 3,91%. Dessa forma, o pre\u00e7o m\u00e9dio do metro quadrado registra nos tr\u00eas primeiros meses do ano queda real de 3,1%. Foi a 5\u00aa vez seguida que o \u00edndice teve queda real de pre\u00e7os na compara\u00e7\u00e3o mensal.<\/p>\n<p><strong>Fuga da poupan\u00e7a<\/strong><br \/>\nA restri\u00e7\u00e3o ocorre ap\u00f3s a caderneta da poupan\u00e7a ter registrado uma sa\u00edda l\u00edquida (retiradas menos dep\u00f3sitos) de R$ 11,43 bilh\u00f5es em mar\u00e7o, a maior fuga de recursos da aplica\u00e7\u00e3o para todos os meses. Quando a capta\u00e7\u00e3o da poupan\u00e7a \u00e9 reduzida, os recursos para empr\u00e9stimos ficam mais escassos.<\/p>\n<p>Mar\u00e7o foi o terceiro m\u00eas seguido em que a poupan\u00e7a registrou recorde de sa\u00eddas de valores. Em janeiro, R$ 5,52 bilh\u00f5es haviam deixado a caderneta, valor que subiu para R$ 6,26 bilh\u00f5es em fevereiro deste ano e para mais de R$ 11 bilh\u00f5es em mar\u00e7o.<\/p>\n<blockquote><p><strong>Alta dos juros<\/strong><br \/>\nEste m\u00eas, a Caixa voltou a aumentar as taxas de juros do financiamento imobili\u00e1rio com recursos da poupan\u00e7a pelo SFH. O primeiro aumento de 2015 foi aplicado em janeiro. As novas condi\u00e7\u00f5es passaram a valer para financiamentos a partir de 13 de abril.<\/p>\n<p>Os financiamentos habitacionais contratados com recursos do Programa Minha Casa Minha Vida e do FGTS n\u00e3o foram afetados pela mudan\u00e7a.<\/p><\/blockquote>\n","protected":false},"excerpt":{"rendered":"<p>A redu\u00e7\u00e3o do limite de financiamento para im\u00f3veis usados pela Caixa Econ\u00f4mica Federal come\u00e7a a valer nesta segunda-feira (4). A mudan\u00e7a vale apenas para im\u00f3veis usados financiados com recursos da poupan\u00e7a \u2013 ficam de fora da mudan\u00e7a o cr\u00e9dito para a habita\u00e7\u00e3o popular, como o programa Minha Casa Minha Vida, e os financiamentos com recursos [&hellip;]<\/p>\n","protected":false},"author":1,"featured_media":46579,"comment_status":"open","ping_status":"closed","sticky":false,"template":"","format":"standard","meta":{"_acf_changed":false,"footnotes":""},"categories":[16],"tags":[],"class_list":["post-46578","post","type-post","status-publish","format-standard","has-post-thumbnail","hentry","category-brasil"],"acf":[],"yoast_head":"<!-- This site is optimized with the Yoast SEO plugin v27.5 - https:\/\/yoast.com\/product\/yoast-seo-wordpress\/ -->\n<title>Come\u00e7a a valer o novo limite para financiar im\u00f3vel da Caixa - Notibras<\/title>\n<meta name=\"robots\" content=\"index, follow, max-snippet:-1, max-image-preview:large, max-video-preview:-1\" \/>\n<link rel=\"canonical\" href=\"https:\/\/www.notibras.com\/site\/comeca-a-valer-reducao-do-limite-para-financiar-imovel-usado-pela-caixa\/\" \/>\n<meta property=\"og:locale\" content=\"pt_BR\" \/>\n<meta property=\"og:type\" content=\"article\" \/>\n<meta property=\"og:title\" content=\"Come\u00e7a a valer o novo limite para financiar im\u00f3vel da Caixa - Notibras\" \/>\n<meta property=\"og:description\" content=\"A redu\u00e7\u00e3o do limite de financiamento para im\u00f3veis usados pela Caixa Econ\u00f4mica Federal come\u00e7a a valer nesta segunda-feira (4). A mudan\u00e7a vale apenas para im\u00f3veis usados financiados com recursos da poupan\u00e7a \u2013 ficam de fora da mudan\u00e7a o cr\u00e9dito para a habita\u00e7\u00e3o popular, como o programa Minha Casa Minha Vida, e os financiamentos com recursos [&hellip;]\" \/>\n<meta property=\"og:url\" content=\"https:\/\/www.notibras.com\/site\/comeca-a-valer-reducao-do-limite-para-financiar-imovel-usado-pela-caixa\/\" \/>\n<meta property=\"og:site_name\" content=\"Notibras\" \/>\n<meta property=\"article:publisher\" content=\"https:\/\/www.facebook.com\/notibras\/\" \/>\n<meta property=\"article:published_time\" content=\"2015-05-04T12:36:38+00:00\" \/>\n<meta property=\"article:modified_time\" content=\"2015-05-04T16:38:36+00:00\" \/>\n<meta property=\"og:image\" content=\"https:\/\/www.notibras.com\/site\/wp-content\/uploads\/2015\/05\/Sem-t\u00edtulo-17.jpg\" \/>\n\t<meta property=\"og:image:width\" content=\"652\" \/>\n\t<meta property=\"og:image:height\" content=\"408\" \/>\n\t<meta property=\"og:image:type\" content=\"image\/jpeg\" \/>\n<meta name=\"author\" content=\"Reda\u00e7\u00e3o\" \/>\n<meta name=\"twitter:card\" content=\"summary_large_image\" \/>\n<meta name=\"twitter:creator\" content=\"@Notibras\" \/>\n<meta name=\"twitter:site\" content=\"@Notibras\" \/>\n<meta name=\"twitter:label1\" content=\"Escrito por\" \/>\n\t<meta name=\"twitter:data1\" content=\"Reda\u00e7\u00e3o\" \/>\n\t<meta name=\"twitter:label2\" content=\"Est. tempo de leitura\" \/>\n\t<meta name=\"twitter:data2\" content=\"4 minutos\" \/>\n<script type=\"application\/ld+json\" class=\"yoast-schema-graph\">{\"@context\":\"https:\\\/\\\/schema.org\",\"@graph\":[{\"@type\":\"Article\",\"@id\":\"https:\\\/\\\/www.notibras.com\\\/site\\\/comeca-a-valer-reducao-do-limite-para-financiar-imovel-usado-pela-caixa\\\/#article\",\"isPartOf\":{\"@id\":\"https:\\\/\\\/www.notibras.com\\\/site\\\/comeca-a-valer-reducao-do-limite-para-financiar-imovel-usado-pela-caixa\\\/\"},\"author\":{\"name\":\"Reda\u00e7\u00e3o\",\"@id\":\"https:\\\/\\\/www.notibras.com\\\/site\\\/#\\\/schema\\\/person\\\/00b8e1aa08f9ef6563e878c5159d01cf\"},\"headline\":\"Come\u00e7a a valer o novo limite para financiar im\u00f3vel da Caixa\",\"datePublished\":\"2015-05-04T12:36:38+00:00\",\"dateModified\":\"2015-05-04T16:38:36+00:00\",\"mainEntityOfPage\":{\"@id\":\"https:\\\/\\\/www.notibras.com\\\/site\\\/comeca-a-valer-reducao-do-limite-para-financiar-imovel-usado-pela-caixa\\\/\"},\"wordCount\":751,\"commentCount\":0,\"publisher\":{\"@id\":\"https:\\\/\\\/www.notibras.com\\\/site\\\/#organization\"},\"image\":{\"@id\":\"https:\\\/\\\/www.notibras.com\\\/site\\\/comeca-a-valer-reducao-do-limite-para-financiar-imovel-usado-pela-caixa\\\/#primaryimage\"},\"thumbnailUrl\":\"https:\\\/\\\/www.notibras.com\\\/site\\\/wp-content\\\/uploads\\\/2015\\\/05\\\/Sem-t\u00edtulo-17.jpg\",\"articleSection\":[\"Brasil\"],\"inLanguage\":\"pt-BR\",\"potentialAction\":[{\"@type\":\"CommentAction\",\"name\":\"Comment\",\"target\":[\"https:\\\/\\\/www.notibras.com\\\/site\\\/comeca-a-valer-reducao-do-limite-para-financiar-imovel-usado-pela-caixa\\\/#respond\"]}]},{\"@type\":\"WebPage\",\"@id\":\"https:\\\/\\\/www.notibras.com\\\/site\\\/comeca-a-valer-reducao-do-limite-para-financiar-imovel-usado-pela-caixa\\\/\",\"url\":\"https:\\\/\\\/www.notibras.com\\\/site\\\/comeca-a-valer-reducao-do-limite-para-financiar-imovel-usado-pela-caixa\\\/\",\"name\":\"Come\u00e7a a valer o novo limite para financiar im\u00f3vel da Caixa - Notibras\",\"isPartOf\":{\"@id\":\"https:\\\/\\\/www.notibras.com\\\/site\\\/#website\"},\"primaryImageOfPage\":{\"@id\":\"https:\\\/\\\/www.notibras.com\\\/site\\\/comeca-a-valer-reducao-do-limite-para-financiar-imovel-usado-pela-caixa\\\/#primaryimage\"},\"image\":{\"@id\":\"https:\\\/\\\/www.notibras.com\\\/site\\\/comeca-a-valer-reducao-do-limite-para-financiar-imovel-usado-pela-caixa\\\/#primaryimage\"},\"thumbnailUrl\":\"https:\\\/\\\/www.notibras.com\\\/site\\\/wp-content\\\/uploads\\\/2015\\\/05\\\/Sem-t\u00edtulo-17.jpg\",\"datePublished\":\"2015-05-04T12:36:38+00:00\",\"dateModified\":\"2015-05-04T16:38:36+00:00\",\"breadcrumb\":{\"@id\":\"https:\\\/\\\/www.notibras.com\\\/site\\\/comeca-a-valer-reducao-do-limite-para-financiar-imovel-usado-pela-caixa\\\/#breadcrumb\"},\"inLanguage\":\"pt-BR\",\"potentialAction\":[{\"@type\":\"ReadAction\",\"target\":[\"https:\\\/\\\/www.notibras.com\\\/site\\\/comeca-a-valer-reducao-do-limite-para-financiar-imovel-usado-pela-caixa\\\/\"]}]},{\"@type\":\"ImageObject\",\"inLanguage\":\"pt-BR\",\"@id\":\"https:\\\/\\\/www.notibras.com\\\/site\\\/comeca-a-valer-reducao-do-limite-para-financiar-imovel-usado-pela-caixa\\\/#primaryimage\",\"url\":\"https:\\\/\\\/www.notibras.com\\\/site\\\/wp-content\\\/uploads\\\/2015\\\/05\\\/Sem-t\u00edtulo-17.jpg\",\"contentUrl\":\"https:\\\/\\\/www.notibras.com\\\/site\\\/wp-content\\\/uploads\\\/2015\\\/05\\\/Sem-t\u00edtulo-17.jpg\",\"width\":652,\"height\":408},{\"@type\":\"BreadcrumbList\",\"@id\":\"https:\\\/\\\/www.notibras.com\\\/site\\\/comeca-a-valer-reducao-do-limite-para-financiar-imovel-usado-pela-caixa\\\/#breadcrumb\",\"itemListElement\":[{\"@type\":\"ListItem\",\"position\":1,\"name\":\"In\u00edcio\",\"item\":\"https:\\\/\\\/www.notibras.com\\\/site\\\/\"},{\"@type\":\"ListItem\",\"position\":2,\"name\":\"Come\u00e7a a valer o novo limite para financiar im\u00f3vel da Caixa\"}]},{\"@type\":\"WebSite\",\"@id\":\"https:\\\/\\\/www.notibras.com\\\/site\\\/#website\",\"url\":\"https:\\\/\\\/www.notibras.com\\\/site\\\/\",\"name\":\"Notibras\",\"description\":\"Not\u00edcias de Bras\u00edlia, do Brasil e do Mundo\",\"publisher\":{\"@id\":\"https:\\\/\\\/www.notibras.com\\\/site\\\/#organization\"},\"potentialAction\":[{\"@type\":\"SearchAction\",\"target\":{\"@type\":\"EntryPoint\",\"urlTemplate\":\"https:\\\/\\\/www.notibras.com\\\/site\\\/?s={search_term_string}\"},\"query-input\":{\"@type\":\"PropertyValueSpecification\",\"valueRequired\":true,\"valueName\":\"search_term_string\"}}],\"inLanguage\":\"pt-BR\"},{\"@type\":\"Organization\",\"@id\":\"https:\\\/\\\/www.notibras.com\\\/site\\\/#organization\",\"name\":\"Grupo Notibras de Comunica\u00e7\u00e3o\",\"url\":\"https:\\\/\\\/www.notibras.com\\\/site\\\/\",\"logo\":{\"@type\":\"ImageObject\",\"inLanguage\":\"pt-BR\",\"@id\":\"https:\\\/\\\/www.notibras.com\\\/site\\\/#\\\/schema\\\/logo\\\/image\\\/\",\"url\":\"https:\\\/\\\/www.notibras.com\\\/site\\\/wp-content\\\/uploads\\\/2023\\\/01\\\/notibras23.png\",\"contentUrl\":\"https:\\\/\\\/www.notibras.com\\\/site\\\/wp-content\\\/uploads\\\/2023\\\/01\\\/notibras23.png\",\"width\":350,\"height\":87,\"caption\":\"Grupo Notibras de Comunica\u00e7\u00e3o\"},\"image\":{\"@id\":\"https:\\\/\\\/www.notibras.com\\\/site\\\/#\\\/schema\\\/logo\\\/image\\\/\"},\"sameAs\":[\"https:\\\/\\\/www.facebook.com\\\/notibras\\\/\",\"https:\\\/\\\/x.com\\\/Notibras\",\"https:\\\/\\\/www.instagram.com\\\/notibras\\\/\"]},{\"@type\":\"Person\",\"@id\":\"https:\\\/\\\/www.notibras.com\\\/site\\\/#\\\/schema\\\/person\\\/00b8e1aa08f9ef6563e878c5159d01cf\",\"name\":\"Reda\u00e7\u00e3o\",\"image\":{\"@type\":\"ImageObject\",\"inLanguage\":\"pt-BR\",\"@id\":\"https:\\\/\\\/secure.gravatar.com\\\/avatar\\\/ac5a707d5b47784a5ed426c6e213e201423c750890f64e4c379114dade67dfb9?s=96&d=mm&r=g\",\"url\":\"https:\\\/\\\/secure.gravatar.com\\\/avatar\\\/ac5a707d5b47784a5ed426c6e213e201423c750890f64e4c379114dade67dfb9?s=96&d=mm&r=g\",\"contentUrl\":\"https:\\\/\\\/secure.gravatar.com\\\/avatar\\\/ac5a707d5b47784a5ed426c6e213e201423c750890f64e4c379114dade67dfb9?s=96&d=mm&r=g\",\"caption\":\"Reda\u00e7\u00e3o\"}}]}<\/script>\n<!-- \/ Yoast SEO plugin. -->","yoast_head_json":{"title":"Come\u00e7a a valer o novo limite para financiar im\u00f3vel da Caixa - Notibras","robots":{"index":"index","follow":"follow","max-snippet":"max-snippet:-1","max-image-preview":"max-image-preview:large","max-video-preview":"max-video-preview:-1"},"canonical":"https:\/\/www.notibras.com\/site\/comeca-a-valer-reducao-do-limite-para-financiar-imovel-usado-pela-caixa\/","og_locale":"pt_BR","og_type":"article","og_title":"Come\u00e7a a valer o novo limite para financiar im\u00f3vel da Caixa - Notibras","og_description":"A redu\u00e7\u00e3o do limite de financiamento para im\u00f3veis usados pela Caixa Econ\u00f4mica Federal come\u00e7a a valer nesta segunda-feira (4). A mudan\u00e7a vale apenas para im\u00f3veis usados financiados com recursos da poupan\u00e7a \u2013 ficam de fora da mudan\u00e7a o cr\u00e9dito para a habita\u00e7\u00e3o popular, como o programa Minha Casa Minha Vida, e os financiamentos com recursos [&hellip;]","og_url":"https:\/\/www.notibras.com\/site\/comeca-a-valer-reducao-do-limite-para-financiar-imovel-usado-pela-caixa\/","og_site_name":"Notibras","article_publisher":"https:\/\/www.facebook.com\/notibras\/","article_published_time":"2015-05-04T12:36:38+00:00","article_modified_time":"2015-05-04T16:38:36+00:00","og_image":[{"width":652,"height":408,"url":"https:\/\/www.notibras.com\/site\/wp-content\/uploads\/2015\/05\/Sem-t\u00edtulo-17.jpg","type":"image\/jpeg"}],"author":"Reda\u00e7\u00e3o","twitter_card":"summary_large_image","twitter_creator":"@Notibras","twitter_site":"@Notibras","twitter_misc":{"Escrito por":"Reda\u00e7\u00e3o","Est. tempo de leitura":"4 minutos"},"schema":{"@context":"https:\/\/schema.org","@graph":[{"@type":"Article","@id":"https:\/\/www.notibras.com\/site\/comeca-a-valer-reducao-do-limite-para-financiar-imovel-usado-pela-caixa\/#article","isPartOf":{"@id":"https:\/\/www.notibras.com\/site\/comeca-a-valer-reducao-do-limite-para-financiar-imovel-usado-pela-caixa\/"},"author":{"name":"Reda\u00e7\u00e3o","@id":"https:\/\/www.notibras.com\/site\/#\/schema\/person\/00b8e1aa08f9ef6563e878c5159d01cf"},"headline":"Come\u00e7a a valer o novo limite para financiar im\u00f3vel da Caixa","datePublished":"2015-05-04T12:36:38+00:00","dateModified":"2015-05-04T16:38:36+00:00","mainEntityOfPage":{"@id":"https:\/\/www.notibras.com\/site\/comeca-a-valer-reducao-do-limite-para-financiar-imovel-usado-pela-caixa\/"},"wordCount":751,"commentCount":0,"publisher":{"@id":"https:\/\/www.notibras.com\/site\/#organization"},"image":{"@id":"https:\/\/www.notibras.com\/site\/comeca-a-valer-reducao-do-limite-para-financiar-imovel-usado-pela-caixa\/#primaryimage"},"thumbnailUrl":"https:\/\/www.notibras.com\/site\/wp-content\/uploads\/2015\/05\/Sem-t\u00edtulo-17.jpg","articleSection":["Brasil"],"inLanguage":"pt-BR","potentialAction":[{"@type":"CommentAction","name":"Comment","target":["https:\/\/www.notibras.com\/site\/comeca-a-valer-reducao-do-limite-para-financiar-imovel-usado-pela-caixa\/#respond"]}]},{"@type":"WebPage","@id":"https:\/\/www.notibras.com\/site\/comeca-a-valer-reducao-do-limite-para-financiar-imovel-usado-pela-caixa\/","url":"https:\/\/www.notibras.com\/site\/comeca-a-valer-reducao-do-limite-para-financiar-imovel-usado-pela-caixa\/","name":"Come\u00e7a a valer o novo limite para financiar im\u00f3vel da Caixa - Notibras","isPartOf":{"@id":"https:\/\/www.notibras.com\/site\/#website"},"primaryImageOfPage":{"@id":"https:\/\/www.notibras.com\/site\/comeca-a-valer-reducao-do-limite-para-financiar-imovel-usado-pela-caixa\/#primaryimage"},"image":{"@id":"https:\/\/www.notibras.com\/site\/comeca-a-valer-reducao-do-limite-para-financiar-imovel-usado-pela-caixa\/#primaryimage"},"thumbnailUrl":"https:\/\/www.notibras.com\/site\/wp-content\/uploads\/2015\/05\/Sem-t\u00edtulo-17.jpg","datePublished":"2015-05-04T12:36:38+00:00","dateModified":"2015-05-04T16:38:36+00:00","breadcrumb":{"@id":"https:\/\/www.notibras.com\/site\/comeca-a-valer-reducao-do-limite-para-financiar-imovel-usado-pela-caixa\/#breadcrumb"},"inLanguage":"pt-BR","potentialAction":[{"@type":"ReadAction","target":["https:\/\/www.notibras.com\/site\/comeca-a-valer-reducao-do-limite-para-financiar-imovel-usado-pela-caixa\/"]}]},{"@type":"ImageObject","inLanguage":"pt-BR","@id":"https:\/\/www.notibras.com\/site\/comeca-a-valer-reducao-do-limite-para-financiar-imovel-usado-pela-caixa\/#primaryimage","url":"https:\/\/www.notibras.com\/site\/wp-content\/uploads\/2015\/05\/Sem-t\u00edtulo-17.jpg","contentUrl":"https:\/\/www.notibras.com\/site\/wp-content\/uploads\/2015\/05\/Sem-t\u00edtulo-17.jpg","width":652,"height":408},{"@type":"BreadcrumbList","@id":"https:\/\/www.notibras.com\/site\/comeca-a-valer-reducao-do-limite-para-financiar-imovel-usado-pela-caixa\/#breadcrumb","itemListElement":[{"@type":"ListItem","position":1,"name":"In\u00edcio","item":"https:\/\/www.notibras.com\/site\/"},{"@type":"ListItem","position":2,"name":"Come\u00e7a a valer o novo limite para financiar im\u00f3vel da Caixa"}]},{"@type":"WebSite","@id":"https:\/\/www.notibras.com\/site\/#website","url":"https:\/\/www.notibras.com\/site\/","name":"Notibras","description":"Not\u00edcias de Bras\u00edlia, do Brasil e do Mundo","publisher":{"@id":"https:\/\/www.notibras.com\/site\/#organization"},"potentialAction":[{"@type":"SearchAction","target":{"@type":"EntryPoint","urlTemplate":"https:\/\/www.notibras.com\/site\/?s={search_term_string}"},"query-input":{"@type":"PropertyValueSpecification","valueRequired":true,"valueName":"search_term_string"}}],"inLanguage":"pt-BR"},{"@type":"Organization","@id":"https:\/\/www.notibras.com\/site\/#organization","name":"Grupo Notibras de Comunica\u00e7\u00e3o","url":"https:\/\/www.notibras.com\/site\/","logo":{"@type":"ImageObject","inLanguage":"pt-BR","@id":"https:\/\/www.notibras.com\/site\/#\/schema\/logo\/image\/","url":"https:\/\/www.notibras.com\/site\/wp-content\/uploads\/2023\/01\/notibras23.png","contentUrl":"https:\/\/www.notibras.com\/site\/wp-content\/uploads\/2023\/01\/notibras23.png","width":350,"height":87,"caption":"Grupo Notibras de Comunica\u00e7\u00e3o"},"image":{"@id":"https:\/\/www.notibras.com\/site\/#\/schema\/logo\/image\/"},"sameAs":["https:\/\/www.facebook.com\/notibras\/","https:\/\/x.com\/Notibras","https:\/\/www.instagram.com\/notibras\/"]},{"@type":"Person","@id":"https:\/\/www.notibras.com\/site\/#\/schema\/person\/00b8e1aa08f9ef6563e878c5159d01cf","name":"Reda\u00e7\u00e3o","image":{"@type":"ImageObject","inLanguage":"pt-BR","@id":"https:\/\/secure.gravatar.com\/avatar\/ac5a707d5b47784a5ed426c6e213e201423c750890f64e4c379114dade67dfb9?s=96&d=mm&r=g","url":"https:\/\/secure.gravatar.com\/avatar\/ac5a707d5b47784a5ed426c6e213e201423c750890f64e4c379114dade67dfb9?s=96&d=mm&r=g","contentUrl":"https:\/\/secure.gravatar.com\/avatar\/ac5a707d5b47784a5ed426c6e213e201423c750890f64e4c379114dade67dfb9?s=96&d=mm&r=g","caption":"Reda\u00e7\u00e3o"}}]}},"amp_enabled":true,"_links":{"self":[{"href":"https:\/\/www.notibras.com\/site\/wp-json\/wp\/v2\/posts\/46578","targetHints":{"allow":["GET"]}}],"collection":[{"href":"https:\/\/www.notibras.com\/site\/wp-json\/wp\/v2\/posts"}],"about":[{"href":"https:\/\/www.notibras.com\/site\/wp-json\/wp\/v2\/types\/post"}],"author":[{"embeddable":true,"href":"https:\/\/www.notibras.com\/site\/wp-json\/wp\/v2\/users\/1"}],"replies":[{"embeddable":true,"href":"https:\/\/www.notibras.com\/site\/wp-json\/wp\/v2\/comments?post=46578"}],"version-history":[{"count":0,"href":"https:\/\/www.notibras.com\/site\/wp-json\/wp\/v2\/posts\/46578\/revisions"}],"wp:featuredmedia":[{"embeddable":true,"href":"https:\/\/www.notibras.com\/site\/wp-json\/wp\/v2\/media\/46579"}],"wp:attachment":[{"href":"https:\/\/www.notibras.com\/site\/wp-json\/wp\/v2\/media?parent=46578"}],"wp:term":[{"taxonomy":"category","embeddable":true,"href":"https:\/\/www.notibras.com\/site\/wp-json\/wp\/v2\/categories?post=46578"},{"taxonomy":"post_tag","embeddable":true,"href":"https:\/\/www.notibras.com\/site\/wp-json\/wp\/v2\/tags?post=46578"}],"curies":[{"name":"wp","href":"https:\/\/api.w.org\/{rel}","templated":true}]}}