{"id":46617,"date":"2015-05-04T09:10:37","date_gmt":"2015-05-04T12:10:37","guid":{"rendered":"http:\/\/www.notibras.com\/site\/?p=46617"},"modified":"2015-05-04T11:16:36","modified_gmt":"2015-05-04T14:16:36","slug":"varjao-festa-de-25-anos-ao-lado-do-lago-norte-o-vizinho-rico","status":"publish","type":"post","link":"https:\/\/www.notibras.com\/site\/varjao-festa-de-25-anos-ao-lado-do-lago-norte-o-vizinho-rico\/","title":{"rendered":"Varj\u00e3o, festa de 25 anos ao lado do Lago Norte, o vizinho rico"},"content":{"rendered":"<p>O Varj\u00e3o, uma esp\u00e9cie de &#8216;vizinho pobre&#8217; do Lago Norte, est\u00e1 em festa. Durante toda a semana a cidade comemora seus 25 anos. As atividades come\u00e7aram nesta segunda-feira 4 e se estendem at\u00e9 o domingo 10, quando ser\u00e1 feita uma homenagem especial \u00e0s m\u00e3es da cidade.As crian\u00e7as, claro, n\u00e3o ficar\u00e3o de fora, anuncia o administrador Marcos Wortmann. Para a comunidade em geral, haver\u00e1 atendimento jur\u00eddico e cursos profissionalizantes.<\/p>\n","protected":false},"excerpt":{"rendered":"<p>O Varj\u00e3o, uma esp\u00e9cie de &#8216;vizinho pobre&#8217; do Lago Norte, est\u00e1 em festa. Durante toda a semana a cidade comemora seus 25 anos. As atividades come\u00e7aram nesta segunda-feira 4 e se estendem at\u00e9 o domingo 10, quando ser\u00e1 feita uma homenagem especial \u00e0s m\u00e3es da cidade.As crian\u00e7as, claro, n\u00e3o ficar\u00e3o de fora, anuncia o administrador [&hellip;]<\/p>\n","protected":false},"author":2,"featured_media":46618,"comment_status":"open","ping_status":"closed","sticky":false,"template":"","format":"standard","meta":{"_acf_changed":false,"footnotes":""},"categories":[40],"tags":[],"class_list":["post-46617","post","type-post","status-publish","format-standard","has-post-thumbnail","hentry","category-zapzap-das-quadras"],"acf":[],"yoast_head":"<!-- This site is optimized with the Yoast SEO plugin v27.2 - https:\/\/yoast.com\/product\/yoast-seo-wordpress\/ -->\n<title>Varj\u00e3o, festa de 25 anos ao lado do Lago Norte, o vizinho rico - Notibras<\/title>\n<meta name=\"robots\" content=\"index, follow, max-snippet:-1, max-image-preview:large, max-video-preview:-1\" \/>\n<link rel=\"canonical\" href=\"https:\/\/www.notibras.com\/site\/varjao-festa-de-25-anos-ao-lado-do-lago-norte-o-vizinho-rico\/\" \/>\n<meta property=\"og:locale\" content=\"pt_BR\" \/>\n<meta property=\"og:type\" content=\"article\" \/>\n<meta property=\"og:title\" content=\"Varj\u00e3o, festa de 25 anos ao lado do Lago Norte, o vizinho rico - Notibras\" \/>\n<meta property=\"og:description\" content=\"O Varj\u00e3o, uma esp\u00e9cie de &#8216;vizinho pobre&#8217; do Lago Norte, est\u00e1 em festa. Durante toda a semana a cidade comemora seus 25 anos. As atividades come\u00e7aram nesta segunda-feira 4 e se estendem at\u00e9 o domingo 10, quando ser\u00e1 feita uma homenagem especial \u00e0s m\u00e3es da cidade.As crian\u00e7as, claro, n\u00e3o ficar\u00e3o de fora, anuncia o administrador [&hellip;]\" \/>\n<meta property=\"og:url\" content=\"https:\/\/www.notibras.com\/site\/varjao-festa-de-25-anos-ao-lado-do-lago-norte-o-vizinho-rico\/\" \/>\n<meta property=\"og:site_name\" content=\"Notibras\" \/>\n<meta property=\"article:publisher\" content=\"https:\/\/www.facebook.com\/notibras\/\" \/>\n<meta property=\"article:published_time\" content=\"2015-05-04T12:10:37+00:00\" \/>\n<meta property=\"article:modified_time\" content=\"2015-05-04T14:16:36+00:00\" \/>\n<meta property=\"og:image\" content=\"https:\/\/www.notibras.com\/site\/wp-content\/uploads\/2015\/05\/varja.jpg\" \/>\n\t<meta property=\"og:image:width\" content=\"640\" \/>\n\t<meta property=\"og:image:height\" content=\"425\" \/>\n\t<meta property=\"og:image:type\" content=\"image\/jpeg\" \/>\n<meta name=\"author\" content=\"Reda\u00e7\u00e3o\" \/>\n<meta name=\"twitter:card\" content=\"summary_large_image\" \/>\n<meta name=\"twitter:creator\" content=\"@Notibras\" \/>\n<meta name=\"twitter:site\" content=\"@Notibras\" \/>\n<meta name=\"twitter:label1\" content=\"Escrito por\" \/>\n\t<meta name=\"twitter:data1\" content=\"Reda\u00e7\u00e3o\" \/>\n<script type=\"application\/ld+json\" class=\"yoast-schema-graph\">{\"@context\":\"https:\/\/schema.org\",\"@graph\":[{\"@type\":\"Article\",\"@id\":\"https:\/\/www.notibras.com\/site\/varjao-festa-de-25-anos-ao-lado-do-lago-norte-o-vizinho-rico\/#article\",\"isPartOf\":{\"@id\":\"https:\/\/www.notibras.com\/site\/varjao-festa-de-25-anos-ao-lado-do-lago-norte-o-vizinho-rico\/\"},\"author\":{\"name\":\"Reda\u00e7\u00e3o\",\"@id\":\"https:\/\/www.notibras.com\/site\/#\/schema\/person\/36ab0979449956132d3e5b517ea76ac8\"},\"headline\":\"Varj\u00e3o, festa de 25 anos ao lado do Lago Norte, o vizinho rico\",\"datePublished\":\"2015-05-04T12:10:37+00:00\",\"dateModified\":\"2015-05-04T14:16:36+00:00\",\"mainEntityOfPage\":{\"@id\":\"https:\/\/www.notibras.com\/site\/varjao-festa-de-25-anos-ao-lado-do-lago-norte-o-vizinho-rico\/\"},\"wordCount\":87,\"commentCount\":0,\"publisher\":{\"@id\":\"https:\/\/www.notibras.com\/site\/#organization\"},\"image\":{\"@id\":\"https:\/\/www.notibras.com\/site\/varjao-festa-de-25-anos-ao-lado-do-lago-norte-o-vizinho-rico\/#primaryimage\"},\"thumbnailUrl\":\"https:\/\/www.notibras.com\/site\/wp-content\/uploads\/2015\/05\/varja.jpg\",\"articleSection\":[\"ZapZap das Quadras\"],\"inLanguage\":\"pt-BR\",\"potentialAction\":[{\"@type\":\"CommentAction\",\"name\":\"Comment\",\"target\":[\"https:\/\/www.notibras.com\/site\/varjao-festa-de-25-anos-ao-lado-do-lago-norte-o-vizinho-rico\/#respond\"]}]},{\"@type\":\"WebPage\",\"@id\":\"https:\/\/www.notibras.com\/site\/varjao-festa-de-25-anos-ao-lado-do-lago-norte-o-vizinho-rico\/\",\"url\":\"https:\/\/www.notibras.com\/site\/varjao-festa-de-25-anos-ao-lado-do-lago-norte-o-vizinho-rico\/\",\"name\":\"Varj\u00e3o, festa de 25 anos ao lado do Lago Norte, o vizinho rico - Notibras\",\"isPartOf\":{\"@id\":\"https:\/\/www.notibras.com\/site\/#website\"},\"primaryImageOfPage\":{\"@id\":\"https:\/\/www.notibras.com\/site\/varjao-festa-de-25-anos-ao-lado-do-lago-norte-o-vizinho-rico\/#primaryimage\"},\"image\":{\"@id\":\"https:\/\/www.notibras.com\/site\/varjao-festa-de-25-anos-ao-lado-do-lago-norte-o-vizinho-rico\/#primaryimage\"},\"thumbnailUrl\":\"https:\/\/www.notibras.com\/site\/wp-content\/uploads\/2015\/05\/varja.jpg\",\"datePublished\":\"2015-05-04T12:10:37+00:00\",\"dateModified\":\"2015-05-04T14:16:36+00:00\",\"breadcrumb\":{\"@id\":\"https:\/\/www.notibras.com\/site\/varjao-festa-de-25-anos-ao-lado-do-lago-norte-o-vizinho-rico\/#breadcrumb\"},\"inLanguage\":\"pt-BR\",\"potentialAction\":[{\"@type\":\"ReadAction\",\"target\":[\"https:\/\/www.notibras.com\/site\/varjao-festa-de-25-anos-ao-lado-do-lago-norte-o-vizinho-rico\/\"]}]},{\"@type\":\"ImageObject\",\"inLanguage\":\"pt-BR\",\"@id\":\"https:\/\/www.notibras.com\/site\/varjao-festa-de-25-anos-ao-lado-do-lago-norte-o-vizinho-rico\/#primaryimage\",\"url\":\"https:\/\/www.notibras.com\/site\/wp-content\/uploads\/2015\/05\/varja.jpg\",\"contentUrl\":\"https:\/\/www.notibras.com\/site\/wp-content\/uploads\/2015\/05\/varja.jpg\",\"width\":640,\"height\":425},{\"@type\":\"BreadcrumbList\",\"@id\":\"https:\/\/www.notibras.com\/site\/varjao-festa-de-25-anos-ao-lado-do-lago-norte-o-vizinho-rico\/#breadcrumb\",\"itemListElement\":[{\"@type\":\"ListItem\",\"position\":1,\"name\":\"In\u00edcio\",\"item\":\"https:\/\/www.notibras.com\/site\/\"},{\"@type\":\"ListItem\",\"position\":2,\"name\":\"Varj\u00e3o, festa de 25 anos ao lado do Lago Norte, o vizinho rico\"}]},{\"@type\":\"WebSite\",\"@id\":\"https:\/\/www.notibras.com\/site\/#website\",\"url\":\"https:\/\/www.notibras.com\/site\/\",\"name\":\"Notibras\",\"description\":\"Not\u00edcias de Bras\u00edlia, do Brasil e do Mundo\",\"publisher\":{\"@id\":\"https:\/\/www.notibras.com\/site\/#organization\"},\"potentialAction\":[{\"@type\":\"SearchAction\",\"target\":{\"@type\":\"EntryPoint\",\"urlTemplate\":\"https:\/\/www.notibras.com\/site\/?s={search_term_string}\"},\"query-input\":{\"@type\":\"PropertyValueSpecification\",\"valueRequired\":true,\"valueName\":\"search_term_string\"}}],\"inLanguage\":\"pt-BR\"},{\"@type\":\"Organization\",\"@id\":\"https:\/\/www.notibras.com\/site\/#organization\",\"name\":\"Grupo Notibras de Comunica\u00e7\u00e3o\",\"url\":\"https:\/\/www.notibras.com\/site\/\",\"logo\":{\"@type\":\"ImageObject\",\"inLanguage\":\"pt-BR\",\"@id\":\"https:\/\/www.notibras.com\/site\/#\/schema\/logo\/image\/\",\"url\":\"https:\/\/www.notibras.com\/site\/wp-content\/uploads\/2023\/01\/notibras23.png\",\"contentUrl\":\"https:\/\/www.notibras.com\/site\/wp-content\/uploads\/2023\/01\/notibras23.png\",\"width\":350,\"height\":87,\"caption\":\"Grupo Notibras de Comunica\u00e7\u00e3o\"},\"image\":{\"@id\":\"https:\/\/www.notibras.com\/site\/#\/schema\/logo\/image\/\"},\"sameAs\":[\"https:\/\/www.facebook.com\/notibras\/\",\"https:\/\/x.com\/Notibras\",\"https:\/\/www.instagram.com\/notibras\/\"]},{\"@type\":\"Person\",\"@id\":\"https:\/\/www.notibras.com\/site\/#\/schema\/person\/36ab0979449956132d3e5b517ea76ac8\",\"name\":\"Reda\u00e7\u00e3o\",\"image\":{\"@type\":\"ImageObject\",\"inLanguage\":\"pt-BR\",\"@id\":\"https:\/\/secure.gravatar.com\/avatar\/e0a867bdedb85fd243eadf09663511f96fc81e0720a4a42581f334ad4303aa6b?s=96&d=mm&r=g\",\"url\":\"https:\/\/secure.gravatar.com\/avatar\/e0a867bdedb85fd243eadf09663511f96fc81e0720a4a42581f334ad4303aa6b?s=96&d=mm&r=g\",\"contentUrl\":\"https:\/\/secure.gravatar.com\/avatar\/e0a867bdedb85fd243eadf09663511f96fc81e0720a4a42581f334ad4303aa6b?s=96&d=mm&r=g\",\"caption\":\"Reda\u00e7\u00e3o\"}}]}<\/script>\n<!-- \/ Yoast SEO plugin. -->","yoast_head_json":{"title":"Varj\u00e3o, festa de 25 anos ao lado do Lago Norte, o vizinho rico - Notibras","robots":{"index":"index","follow":"follow","max-snippet":"max-snippet:-1","max-image-preview":"max-image-preview:large","max-video-preview":"max-video-preview:-1"},"canonical":"https:\/\/www.notibras.com\/site\/varjao-festa-de-25-anos-ao-lado-do-lago-norte-o-vizinho-rico\/","og_locale":"pt_BR","og_type":"article","og_title":"Varj\u00e3o, festa de 25 anos ao lado do Lago Norte, o vizinho rico - Notibras","og_description":"O Varj\u00e3o, uma esp\u00e9cie de &#8216;vizinho pobre&#8217; do Lago Norte, est\u00e1 em festa. Durante toda a semana a cidade comemora seus 25 anos. As atividades come\u00e7aram nesta segunda-feira 4 e se estendem at\u00e9 o domingo 10, quando ser\u00e1 feita uma homenagem especial \u00e0s m\u00e3es da cidade.As crian\u00e7as, claro, n\u00e3o ficar\u00e3o de fora, anuncia o administrador [&hellip;]","og_url":"https:\/\/www.notibras.com\/site\/varjao-festa-de-25-anos-ao-lado-do-lago-norte-o-vizinho-rico\/","og_site_name":"Notibras","article_publisher":"https:\/\/www.facebook.com\/notibras\/","article_published_time":"2015-05-04T12:10:37+00:00","article_modified_time":"2015-05-04T14:16:36+00:00","og_image":[{"width":640,"height":425,"url":"https:\/\/www.notibras.com\/site\/wp-content\/uploads\/2015\/05\/varja.jpg","type":"image\/jpeg"}],"author":"Reda\u00e7\u00e3o","twitter_card":"summary_large_image","twitter_creator":"@Notibras","twitter_site":"@Notibras","twitter_misc":{"Escrito por":"Reda\u00e7\u00e3o"},"schema":{"@context":"https:\/\/schema.org","@graph":[{"@type":"Article","@id":"https:\/\/www.notibras.com\/site\/varjao-festa-de-25-anos-ao-lado-do-lago-norte-o-vizinho-rico\/#article","isPartOf":{"@id":"https:\/\/www.notibras.com\/site\/varjao-festa-de-25-anos-ao-lado-do-lago-norte-o-vizinho-rico\/"},"author":{"name":"Reda\u00e7\u00e3o","@id":"https:\/\/www.notibras.com\/site\/#\/schema\/person\/36ab0979449956132d3e5b517ea76ac8"},"headline":"Varj\u00e3o, festa de 25 anos ao lado do Lago Norte, o vizinho rico","datePublished":"2015-05-04T12:10:37+00:00","dateModified":"2015-05-04T14:16:36+00:00","mainEntityOfPage":{"@id":"https:\/\/www.notibras.com\/site\/varjao-festa-de-25-anos-ao-lado-do-lago-norte-o-vizinho-rico\/"},"wordCount":87,"commentCount":0,"publisher":{"@id":"https:\/\/www.notibras.com\/site\/#organization"},"image":{"@id":"https:\/\/www.notibras.com\/site\/varjao-festa-de-25-anos-ao-lado-do-lago-norte-o-vizinho-rico\/#primaryimage"},"thumbnailUrl":"https:\/\/www.notibras.com\/site\/wp-content\/uploads\/2015\/05\/varja.jpg","articleSection":["ZapZap das Quadras"],"inLanguage":"pt-BR","potentialAction":[{"@type":"CommentAction","name":"Comment","target":["https:\/\/www.notibras.com\/site\/varjao-festa-de-25-anos-ao-lado-do-lago-norte-o-vizinho-rico\/#respond"]}]},{"@type":"WebPage","@id":"https:\/\/www.notibras.com\/site\/varjao-festa-de-25-anos-ao-lado-do-lago-norte-o-vizinho-rico\/","url":"https:\/\/www.notibras.com\/site\/varjao-festa-de-25-anos-ao-lado-do-lago-norte-o-vizinho-rico\/","name":"Varj\u00e3o, festa de 25 anos ao lado do Lago Norte, o vizinho rico - Notibras","isPartOf":{"@id":"https:\/\/www.notibras.com\/site\/#website"},"primaryImageOfPage":{"@id":"https:\/\/www.notibras.com\/site\/varjao-festa-de-25-anos-ao-lado-do-lago-norte-o-vizinho-rico\/#primaryimage"},"image":{"@id":"https:\/\/www.notibras.com\/site\/varjao-festa-de-25-anos-ao-lado-do-lago-norte-o-vizinho-rico\/#primaryimage"},"thumbnailUrl":"https:\/\/www.notibras.com\/site\/wp-content\/uploads\/2015\/05\/varja.jpg","datePublished":"2015-05-04T12:10:37+00:00","dateModified":"2015-05-04T14:16:36+00:00","breadcrumb":{"@id":"https:\/\/www.notibras.com\/site\/varjao-festa-de-25-anos-ao-lado-do-lago-norte-o-vizinho-rico\/#breadcrumb"},"inLanguage":"pt-BR","potentialAction":[{"@type":"ReadAction","target":["https:\/\/www.notibras.com\/site\/varjao-festa-de-25-anos-ao-lado-do-lago-norte-o-vizinho-rico\/"]}]},{"@type":"ImageObject","inLanguage":"pt-BR","@id":"https:\/\/www.notibras.com\/site\/varjao-festa-de-25-anos-ao-lado-do-lago-norte-o-vizinho-rico\/#primaryimage","url":"https:\/\/www.notibras.com\/site\/wp-content\/uploads\/2015\/05\/varja.jpg","contentUrl":"https:\/\/www.notibras.com\/site\/wp-content\/uploads\/2015\/05\/varja.jpg","width":640,"height":425},{"@type":"BreadcrumbList","@id":"https:\/\/www.notibras.com\/site\/varjao-festa-de-25-anos-ao-lado-do-lago-norte-o-vizinho-rico\/#breadcrumb","itemListElement":[{"@type":"ListItem","position":1,"name":"In\u00edcio","item":"https:\/\/www.notibras.com\/site\/"},{"@type":"ListItem","position":2,"name":"Varj\u00e3o, festa de 25 anos ao lado do Lago Norte, o vizinho rico"}]},{"@type":"WebSite","@id":"https:\/\/www.notibras.com\/site\/#website","url":"https:\/\/www.notibras.com\/site\/","name":"Notibras","description":"Not\u00edcias de Bras\u00edlia, do Brasil e do Mundo","publisher":{"@id":"https:\/\/www.notibras.com\/site\/#organization"},"potentialAction":[{"@type":"SearchAction","target":{"@type":"EntryPoint","urlTemplate":"https:\/\/www.notibras.com\/site\/?s={search_term_string}"},"query-input":{"@type":"PropertyValueSpecification","valueRequired":true,"valueName":"search_term_string"}}],"inLanguage":"pt-BR"},{"@type":"Organization","@id":"https:\/\/www.notibras.com\/site\/#organization","name":"Grupo Notibras de Comunica\u00e7\u00e3o","url":"https:\/\/www.notibras.com\/site\/","logo":{"@type":"ImageObject","inLanguage":"pt-BR","@id":"https:\/\/www.notibras.com\/site\/#\/schema\/logo\/image\/","url":"https:\/\/www.notibras.com\/site\/wp-content\/uploads\/2023\/01\/notibras23.png","contentUrl":"https:\/\/www.notibras.com\/site\/wp-content\/uploads\/2023\/01\/notibras23.png","width":350,"height":87,"caption":"Grupo Notibras de Comunica\u00e7\u00e3o"},"image":{"@id":"https:\/\/www.notibras.com\/site\/#\/schema\/logo\/image\/"},"sameAs":["https:\/\/www.facebook.com\/notibras\/","https:\/\/x.com\/Notibras","https:\/\/www.instagram.com\/notibras\/"]},{"@type":"Person","@id":"https:\/\/www.notibras.com\/site\/#\/schema\/person\/36ab0979449956132d3e5b517ea76ac8","name":"Reda\u00e7\u00e3o","image":{"@type":"ImageObject","inLanguage":"pt-BR","@id":"https:\/\/secure.gravatar.com\/avatar\/e0a867bdedb85fd243eadf09663511f96fc81e0720a4a42581f334ad4303aa6b?s=96&d=mm&r=g","url":"https:\/\/secure.gravatar.com\/avatar\/e0a867bdedb85fd243eadf09663511f96fc81e0720a4a42581f334ad4303aa6b?s=96&d=mm&r=g","contentUrl":"https:\/\/secure.gravatar.com\/avatar\/e0a867bdedb85fd243eadf09663511f96fc81e0720a4a42581f334ad4303aa6b?s=96&d=mm&r=g","caption":"Reda\u00e7\u00e3o"}}]}},"amp_enabled":true,"_links":{"self":[{"href":"https:\/\/www.notibras.com\/site\/wp-json\/wp\/v2\/posts\/46617","targetHints":{"allow":["GET"]}}],"collection":[{"href":"https:\/\/www.notibras.com\/site\/wp-json\/wp\/v2\/posts"}],"about":[{"href":"https:\/\/www.notibras.com\/site\/wp-json\/wp\/v2\/types\/post"}],"author":[{"embeddable":true,"href":"https:\/\/www.notibras.com\/site\/wp-json\/wp\/v2\/users\/2"}],"replies":[{"embeddable":true,"href":"https:\/\/www.notibras.com\/site\/wp-json\/wp\/v2\/comments?post=46617"}],"version-history":[{"count":0,"href":"https:\/\/www.notibras.com\/site\/wp-json\/wp\/v2\/posts\/46617\/revisions"}],"wp:featuredmedia":[{"embeddable":true,"href":"https:\/\/www.notibras.com\/site\/wp-json\/wp\/v2\/media\/46618"}],"wp:attachment":[{"href":"https:\/\/www.notibras.com\/site\/wp-json\/wp\/v2\/media?parent=46617"}],"wp:term":[{"taxonomy":"category","embeddable":true,"href":"https:\/\/www.notibras.com\/site\/wp-json\/wp\/v2\/categories?post=46617"},{"taxonomy":"post_tag","embeddable":true,"href":"https:\/\/www.notibras.com\/site\/wp-json\/wp\/v2\/tags?post=46617"}],"curies":[{"name":"wp","href":"https:\/\/api.w.org\/{rel}","templated":true}]}}