{"id":46650,"date":"2015-05-04T12:07:40","date_gmt":"2015-05-04T15:07:40","guid":{"rendered":"http:\/\/www.notibras.com\/site\/?p=46650"},"modified":"2015-05-04T16:40:03","modified_gmt":"2015-05-04T19:40:03","slug":"dengue-cresce-235-manda-746-mil-a-hospitais-e-vira-epidemia","status":"publish","type":"post","link":"https:\/\/www.notibras.com\/site\/dengue-cresce-235-manda-746-mil-a-hospitais-e-vira-epidemia\/","title":{"rendered":"Dengue cresce 235%, vira epidemia e manda 746 mil pacientes para os hospitais"},"content":{"rendered":"<p>Desde o in\u00edcio do ano at\u00e9 o dia 18 de abril, o pa\u00eds j\u00e1 registrou 745,9 mil casos de dengue \u2013 um aumento de 234,5% em rela\u00e7\u00e3o ao mesmo per\u00edodo do ano passado, quando foram registrados 223,2 mil casos da doen\u00e7a. Os n\u00fameros foram divulgados nesta segunda (4) pelo Minist\u00e9rio da Sa\u00fade.<\/p>\n<p>De acordo com o balan\u00e7o, a Regi\u00e3o Sudeste apresenta a maior incid\u00eancia de dengue, com 575,3 casos para cada 100 mil habitantes (489.636 casos no total); seguida das regi\u00f5es Centro-Oeste, com 560,7 para cada 100 mil habitantes (85.340 casos no total); Nordeste, com 173,7 para cada 100 mil habitantes (97.591 casos no total); Sul, com 159,8 para cada 100 mil habitantes (46.360 casos no total) e Norte, com 156,6 para cada 100 mil habitantes (27.030 casos no total).<\/p>\n<blockquote><p>Segundo a pasta, foram confirmadas 229 mortes causadas pela doen\u00e7a nas 15 primeiras semanas do ano \u2013 um aumento de 44,9% em rela\u00e7\u00e3o ao mesmo per\u00edodo de 2014, quando foram registradas 158.<\/p><\/blockquote>\n<p>Al\u00e9m disso, at\u00e9 o dia 18 de abril, foram registrados 404 casos graves de dengue \u2013 aumento de 49,6% na compara\u00e7\u00e3o com o mesmo per\u00edodo do ano passado, quando foram registrados 270 casos graves.<\/p>\n<p><strong>Paula Laboissi\u00e8re, ABr <\/strong><\/p>\n","protected":false},"excerpt":{"rendered":"<p>Desde o in\u00edcio do ano at\u00e9 o dia 18 de abril, o pa\u00eds j\u00e1 registrou 745,9 mil casos de dengue \u2013 um aumento de 234,5% em rela\u00e7\u00e3o ao mesmo per\u00edodo do ano passado, quando foram registrados 223,2 mil casos da doen\u00e7a. Os n\u00fameros foram divulgados nesta segunda (4) pelo Minist\u00e9rio da Sa\u00fade. De acordo com [&hellip;]<\/p>\n","protected":false},"author":2,"featured_media":46652,"comment_status":"open","ping_status":"closed","sticky":false,"template":"","format":"standard","meta":{"_acf_changed":false,"footnotes":""},"categories":[16],"tags":[],"class_list":["post-46650","post","type-post","status-publish","format-standard","has-post-thumbnail","hentry","category-brasil"],"acf":[],"yoast_head":"<!-- This site is optimized with the Yoast SEO plugin v27.5 - https:\/\/yoast.com\/product\/yoast-seo-wordpress\/ -->\n<title>Dengue cresce 235%, vira epidemia e manda 746 mil pacientes para os hospitais - Notibras<\/title>\n<meta name=\"robots\" content=\"index, follow, max-snippet:-1, max-image-preview:large, max-video-preview:-1\" \/>\n<link rel=\"canonical\" href=\"https:\/\/www.notibras.com\/site\/dengue-cresce-235-manda-746-mil-a-hospitais-e-vira-epidemia\/\" \/>\n<meta property=\"og:locale\" content=\"pt_BR\" \/>\n<meta property=\"og:type\" content=\"article\" \/>\n<meta property=\"og:title\" content=\"Dengue cresce 235%, vira epidemia e manda 746 mil pacientes para os hospitais - Notibras\" \/>\n<meta property=\"og:description\" content=\"Desde o in\u00edcio do ano at\u00e9 o dia 18 de abril, o pa\u00eds j\u00e1 registrou 745,9 mil casos de dengue \u2013 um aumento de 234,5% em rela\u00e7\u00e3o ao mesmo per\u00edodo do ano passado, quando foram registrados 223,2 mil casos da doen\u00e7a. Os n\u00fameros foram divulgados nesta segunda (4) pelo Minist\u00e9rio da Sa\u00fade. De acordo com [&hellip;]\" \/>\n<meta property=\"og:url\" content=\"https:\/\/www.notibras.com\/site\/dengue-cresce-235-manda-746-mil-a-hospitais-e-vira-epidemia\/\" \/>\n<meta property=\"og:site_name\" content=\"Notibras\" \/>\n<meta property=\"article:publisher\" content=\"https:\/\/www.facebook.com\/notibras\/\" \/>\n<meta property=\"article:published_time\" content=\"2015-05-04T15:07:40+00:00\" \/>\n<meta property=\"article:modified_time\" content=\"2015-05-04T19:40:03+00:00\" \/>\n<meta property=\"og:image\" content=\"https:\/\/www.notibras.com\/site\/wp-content\/uploads\/2015\/05\/dengue4.jpg\" \/>\n\t<meta property=\"og:image:width\" content=\"720\" \/>\n\t<meta property=\"og:image:height\" content=\"460\" \/>\n\t<meta property=\"og:image:type\" content=\"image\/jpeg\" \/>\n<meta name=\"author\" content=\"Reda\u00e7\u00e3o\" \/>\n<meta name=\"twitter:card\" content=\"summary_large_image\" \/>\n<meta name=\"twitter:creator\" content=\"@Notibras\" \/>\n<meta name=\"twitter:site\" content=\"@Notibras\" \/>\n<meta name=\"twitter:label1\" content=\"Escrito por\" \/>\n\t<meta name=\"twitter:data1\" content=\"Reda\u00e7\u00e3o\" \/>\n\t<meta name=\"twitter:label2\" content=\"Est. tempo de leitura\" \/>\n\t<meta name=\"twitter:data2\" content=\"1 minuto\" \/>\n<script type=\"application\/ld+json\" class=\"yoast-schema-graph\">{\"@context\":\"https:\\\/\\\/schema.org\",\"@graph\":[{\"@type\":\"Article\",\"@id\":\"https:\\\/\\\/www.notibras.com\\\/site\\\/dengue-cresce-235-manda-746-mil-a-hospitais-e-vira-epidemia\\\/#article\",\"isPartOf\":{\"@id\":\"https:\\\/\\\/www.notibras.com\\\/site\\\/dengue-cresce-235-manda-746-mil-a-hospitais-e-vira-epidemia\\\/\"},\"author\":{\"name\":\"Reda\u00e7\u00e3o\",\"@id\":\"https:\\\/\\\/www.notibras.com\\\/site\\\/#\\\/schema\\\/person\\\/36ab0979449956132d3e5b517ea76ac8\"},\"headline\":\"Dengue cresce 235%, vira epidemia e manda 746 mil pacientes para os hospitais\",\"datePublished\":\"2015-05-04T15:07:40+00:00\",\"dateModified\":\"2015-05-04T19:40:03+00:00\",\"mainEntityOfPage\":{\"@id\":\"https:\\\/\\\/www.notibras.com\\\/site\\\/dengue-cresce-235-manda-746-mil-a-hospitais-e-vira-epidemia\\\/\"},\"wordCount\":197,\"commentCount\":0,\"publisher\":{\"@id\":\"https:\\\/\\\/www.notibras.com\\\/site\\\/#organization\"},\"image\":{\"@id\":\"https:\\\/\\\/www.notibras.com\\\/site\\\/dengue-cresce-235-manda-746-mil-a-hospitais-e-vira-epidemia\\\/#primaryimage\"},\"thumbnailUrl\":\"https:\\\/\\\/www.notibras.com\\\/site\\\/wp-content\\\/uploads\\\/2015\\\/05\\\/dengue4.jpg\",\"articleSection\":[\"Brasil\"],\"inLanguage\":\"pt-BR\",\"potentialAction\":[{\"@type\":\"CommentAction\",\"name\":\"Comment\",\"target\":[\"https:\\\/\\\/www.notibras.com\\\/site\\\/dengue-cresce-235-manda-746-mil-a-hospitais-e-vira-epidemia\\\/#respond\"]}]},{\"@type\":\"WebPage\",\"@id\":\"https:\\\/\\\/www.notibras.com\\\/site\\\/dengue-cresce-235-manda-746-mil-a-hospitais-e-vira-epidemia\\\/\",\"url\":\"https:\\\/\\\/www.notibras.com\\\/site\\\/dengue-cresce-235-manda-746-mil-a-hospitais-e-vira-epidemia\\\/\",\"name\":\"Dengue cresce 235%, vira epidemia e manda 746 mil pacientes para os hospitais - Notibras\",\"isPartOf\":{\"@id\":\"https:\\\/\\\/www.notibras.com\\\/site\\\/#website\"},\"primaryImageOfPage\":{\"@id\":\"https:\\\/\\\/www.notibras.com\\\/site\\\/dengue-cresce-235-manda-746-mil-a-hospitais-e-vira-epidemia\\\/#primaryimage\"},\"image\":{\"@id\":\"https:\\\/\\\/www.notibras.com\\\/site\\\/dengue-cresce-235-manda-746-mil-a-hospitais-e-vira-epidemia\\\/#primaryimage\"},\"thumbnailUrl\":\"https:\\\/\\\/www.notibras.com\\\/site\\\/wp-content\\\/uploads\\\/2015\\\/05\\\/dengue4.jpg\",\"datePublished\":\"2015-05-04T15:07:40+00:00\",\"dateModified\":\"2015-05-04T19:40:03+00:00\",\"breadcrumb\":{\"@id\":\"https:\\\/\\\/www.notibras.com\\\/site\\\/dengue-cresce-235-manda-746-mil-a-hospitais-e-vira-epidemia\\\/#breadcrumb\"},\"inLanguage\":\"pt-BR\",\"potentialAction\":[{\"@type\":\"ReadAction\",\"target\":[\"https:\\\/\\\/www.notibras.com\\\/site\\\/dengue-cresce-235-manda-746-mil-a-hospitais-e-vira-epidemia\\\/\"]}]},{\"@type\":\"ImageObject\",\"inLanguage\":\"pt-BR\",\"@id\":\"https:\\\/\\\/www.notibras.com\\\/site\\\/dengue-cresce-235-manda-746-mil-a-hospitais-e-vira-epidemia\\\/#primaryimage\",\"url\":\"https:\\\/\\\/www.notibras.com\\\/site\\\/wp-content\\\/uploads\\\/2015\\\/05\\\/dengue4.jpg\",\"contentUrl\":\"https:\\\/\\\/www.notibras.com\\\/site\\\/wp-content\\\/uploads\\\/2015\\\/05\\\/dengue4.jpg\",\"width\":720,\"height\":460,\"caption\":\"Foto\\\/Arquivo Notibras\"},{\"@type\":\"BreadcrumbList\",\"@id\":\"https:\\\/\\\/www.notibras.com\\\/site\\\/dengue-cresce-235-manda-746-mil-a-hospitais-e-vira-epidemia\\\/#breadcrumb\",\"itemListElement\":[{\"@type\":\"ListItem\",\"position\":1,\"name\":\"In\u00edcio\",\"item\":\"https:\\\/\\\/www.notibras.com\\\/site\\\/\"},{\"@type\":\"ListItem\",\"position\":2,\"name\":\"Dengue cresce 235%, vira epidemia e manda 746 mil pacientes para os hospitais\"}]},{\"@type\":\"WebSite\",\"@id\":\"https:\\\/\\\/www.notibras.com\\\/site\\\/#website\",\"url\":\"https:\\\/\\\/www.notibras.com\\\/site\\\/\",\"name\":\"Notibras\",\"description\":\"Not\u00edcias de Bras\u00edlia, do Brasil e do Mundo\",\"publisher\":{\"@id\":\"https:\\\/\\\/www.notibras.com\\\/site\\\/#organization\"},\"potentialAction\":[{\"@type\":\"SearchAction\",\"target\":{\"@type\":\"EntryPoint\",\"urlTemplate\":\"https:\\\/\\\/www.notibras.com\\\/site\\\/?s={search_term_string}\"},\"query-input\":{\"@type\":\"PropertyValueSpecification\",\"valueRequired\":true,\"valueName\":\"search_term_string\"}}],\"inLanguage\":\"pt-BR\"},{\"@type\":\"Organization\",\"@id\":\"https:\\\/\\\/www.notibras.com\\\/site\\\/#organization\",\"name\":\"Grupo Notibras de Comunica\u00e7\u00e3o\",\"url\":\"https:\\\/\\\/www.notibras.com\\\/site\\\/\",\"logo\":{\"@type\":\"ImageObject\",\"inLanguage\":\"pt-BR\",\"@id\":\"https:\\\/\\\/www.notibras.com\\\/site\\\/#\\\/schema\\\/logo\\\/image\\\/\",\"url\":\"https:\\\/\\\/www.notibras.com\\\/site\\\/wp-content\\\/uploads\\\/2023\\\/01\\\/notibras23.png\",\"contentUrl\":\"https:\\\/\\\/www.notibras.com\\\/site\\\/wp-content\\\/uploads\\\/2023\\\/01\\\/notibras23.png\",\"width\":350,\"height\":87,\"caption\":\"Grupo Notibras de Comunica\u00e7\u00e3o\"},\"image\":{\"@id\":\"https:\\\/\\\/www.notibras.com\\\/site\\\/#\\\/schema\\\/logo\\\/image\\\/\"},\"sameAs\":[\"https:\\\/\\\/www.facebook.com\\\/notibras\\\/\",\"https:\\\/\\\/x.com\\\/Notibras\",\"https:\\\/\\\/www.instagram.com\\\/notibras\\\/\"]},{\"@type\":\"Person\",\"@id\":\"https:\\\/\\\/www.notibras.com\\\/site\\\/#\\\/schema\\\/person\\\/36ab0979449956132d3e5b517ea76ac8\",\"name\":\"Reda\u00e7\u00e3o\",\"image\":{\"@type\":\"ImageObject\",\"inLanguage\":\"pt-BR\",\"@id\":\"https:\\\/\\\/secure.gravatar.com\\\/avatar\\\/e0a867bdedb85fd243eadf09663511f96fc81e0720a4a42581f334ad4303aa6b?s=96&d=mm&r=g\",\"url\":\"https:\\\/\\\/secure.gravatar.com\\\/avatar\\\/e0a867bdedb85fd243eadf09663511f96fc81e0720a4a42581f334ad4303aa6b?s=96&d=mm&r=g\",\"contentUrl\":\"https:\\\/\\\/secure.gravatar.com\\\/avatar\\\/e0a867bdedb85fd243eadf09663511f96fc81e0720a4a42581f334ad4303aa6b?s=96&d=mm&r=g\",\"caption\":\"Reda\u00e7\u00e3o\"}}]}<\/script>\n<!-- \/ Yoast SEO plugin. -->","yoast_head_json":{"title":"Dengue cresce 235%, vira epidemia e manda 746 mil pacientes para os hospitais - Notibras","robots":{"index":"index","follow":"follow","max-snippet":"max-snippet:-1","max-image-preview":"max-image-preview:large","max-video-preview":"max-video-preview:-1"},"canonical":"https:\/\/www.notibras.com\/site\/dengue-cresce-235-manda-746-mil-a-hospitais-e-vira-epidemia\/","og_locale":"pt_BR","og_type":"article","og_title":"Dengue cresce 235%, vira epidemia e manda 746 mil pacientes para os hospitais - Notibras","og_description":"Desde o in\u00edcio do ano at\u00e9 o dia 18 de abril, o pa\u00eds j\u00e1 registrou 745,9 mil casos de dengue \u2013 um aumento de 234,5% em rela\u00e7\u00e3o ao mesmo per\u00edodo do ano passado, quando foram registrados 223,2 mil casos da doen\u00e7a. Os n\u00fameros foram divulgados nesta segunda (4) pelo Minist\u00e9rio da Sa\u00fade. De acordo com [&hellip;]","og_url":"https:\/\/www.notibras.com\/site\/dengue-cresce-235-manda-746-mil-a-hospitais-e-vira-epidemia\/","og_site_name":"Notibras","article_publisher":"https:\/\/www.facebook.com\/notibras\/","article_published_time":"2015-05-04T15:07:40+00:00","article_modified_time":"2015-05-04T19:40:03+00:00","og_image":[{"width":720,"height":460,"url":"https:\/\/www.notibras.com\/site\/wp-content\/uploads\/2015\/05\/dengue4.jpg","type":"image\/jpeg"}],"author":"Reda\u00e7\u00e3o","twitter_card":"summary_large_image","twitter_creator":"@Notibras","twitter_site":"@Notibras","twitter_misc":{"Escrito por":"Reda\u00e7\u00e3o","Est. tempo de leitura":"1 minuto"},"schema":{"@context":"https:\/\/schema.org","@graph":[{"@type":"Article","@id":"https:\/\/www.notibras.com\/site\/dengue-cresce-235-manda-746-mil-a-hospitais-e-vira-epidemia\/#article","isPartOf":{"@id":"https:\/\/www.notibras.com\/site\/dengue-cresce-235-manda-746-mil-a-hospitais-e-vira-epidemia\/"},"author":{"name":"Reda\u00e7\u00e3o","@id":"https:\/\/www.notibras.com\/site\/#\/schema\/person\/36ab0979449956132d3e5b517ea76ac8"},"headline":"Dengue cresce 235%, vira epidemia e manda 746 mil pacientes para os hospitais","datePublished":"2015-05-04T15:07:40+00:00","dateModified":"2015-05-04T19:40:03+00:00","mainEntityOfPage":{"@id":"https:\/\/www.notibras.com\/site\/dengue-cresce-235-manda-746-mil-a-hospitais-e-vira-epidemia\/"},"wordCount":197,"commentCount":0,"publisher":{"@id":"https:\/\/www.notibras.com\/site\/#organization"},"image":{"@id":"https:\/\/www.notibras.com\/site\/dengue-cresce-235-manda-746-mil-a-hospitais-e-vira-epidemia\/#primaryimage"},"thumbnailUrl":"https:\/\/www.notibras.com\/site\/wp-content\/uploads\/2015\/05\/dengue4.jpg","articleSection":["Brasil"],"inLanguage":"pt-BR","potentialAction":[{"@type":"CommentAction","name":"Comment","target":["https:\/\/www.notibras.com\/site\/dengue-cresce-235-manda-746-mil-a-hospitais-e-vira-epidemia\/#respond"]}]},{"@type":"WebPage","@id":"https:\/\/www.notibras.com\/site\/dengue-cresce-235-manda-746-mil-a-hospitais-e-vira-epidemia\/","url":"https:\/\/www.notibras.com\/site\/dengue-cresce-235-manda-746-mil-a-hospitais-e-vira-epidemia\/","name":"Dengue cresce 235%, vira epidemia e manda 746 mil pacientes para os hospitais - Notibras","isPartOf":{"@id":"https:\/\/www.notibras.com\/site\/#website"},"primaryImageOfPage":{"@id":"https:\/\/www.notibras.com\/site\/dengue-cresce-235-manda-746-mil-a-hospitais-e-vira-epidemia\/#primaryimage"},"image":{"@id":"https:\/\/www.notibras.com\/site\/dengue-cresce-235-manda-746-mil-a-hospitais-e-vira-epidemia\/#primaryimage"},"thumbnailUrl":"https:\/\/www.notibras.com\/site\/wp-content\/uploads\/2015\/05\/dengue4.jpg","datePublished":"2015-05-04T15:07:40+00:00","dateModified":"2015-05-04T19:40:03+00:00","breadcrumb":{"@id":"https:\/\/www.notibras.com\/site\/dengue-cresce-235-manda-746-mil-a-hospitais-e-vira-epidemia\/#breadcrumb"},"inLanguage":"pt-BR","potentialAction":[{"@type":"ReadAction","target":["https:\/\/www.notibras.com\/site\/dengue-cresce-235-manda-746-mil-a-hospitais-e-vira-epidemia\/"]}]},{"@type":"ImageObject","inLanguage":"pt-BR","@id":"https:\/\/www.notibras.com\/site\/dengue-cresce-235-manda-746-mil-a-hospitais-e-vira-epidemia\/#primaryimage","url":"https:\/\/www.notibras.com\/site\/wp-content\/uploads\/2015\/05\/dengue4.jpg","contentUrl":"https:\/\/www.notibras.com\/site\/wp-content\/uploads\/2015\/05\/dengue4.jpg","width":720,"height":460,"caption":"Foto\/Arquivo Notibras"},{"@type":"BreadcrumbList","@id":"https:\/\/www.notibras.com\/site\/dengue-cresce-235-manda-746-mil-a-hospitais-e-vira-epidemia\/#breadcrumb","itemListElement":[{"@type":"ListItem","position":1,"name":"In\u00edcio","item":"https:\/\/www.notibras.com\/site\/"},{"@type":"ListItem","position":2,"name":"Dengue cresce 235%, vira epidemia e manda 746 mil pacientes para os hospitais"}]},{"@type":"WebSite","@id":"https:\/\/www.notibras.com\/site\/#website","url":"https:\/\/www.notibras.com\/site\/","name":"Notibras","description":"Not\u00edcias de Bras\u00edlia, do Brasil e do Mundo","publisher":{"@id":"https:\/\/www.notibras.com\/site\/#organization"},"potentialAction":[{"@type":"SearchAction","target":{"@type":"EntryPoint","urlTemplate":"https:\/\/www.notibras.com\/site\/?s={search_term_string}"},"query-input":{"@type":"PropertyValueSpecification","valueRequired":true,"valueName":"search_term_string"}}],"inLanguage":"pt-BR"},{"@type":"Organization","@id":"https:\/\/www.notibras.com\/site\/#organization","name":"Grupo Notibras de Comunica\u00e7\u00e3o","url":"https:\/\/www.notibras.com\/site\/","logo":{"@type":"ImageObject","inLanguage":"pt-BR","@id":"https:\/\/www.notibras.com\/site\/#\/schema\/logo\/image\/","url":"https:\/\/www.notibras.com\/site\/wp-content\/uploads\/2023\/01\/notibras23.png","contentUrl":"https:\/\/www.notibras.com\/site\/wp-content\/uploads\/2023\/01\/notibras23.png","width":350,"height":87,"caption":"Grupo Notibras de Comunica\u00e7\u00e3o"},"image":{"@id":"https:\/\/www.notibras.com\/site\/#\/schema\/logo\/image\/"},"sameAs":["https:\/\/www.facebook.com\/notibras\/","https:\/\/x.com\/Notibras","https:\/\/www.instagram.com\/notibras\/"]},{"@type":"Person","@id":"https:\/\/www.notibras.com\/site\/#\/schema\/person\/36ab0979449956132d3e5b517ea76ac8","name":"Reda\u00e7\u00e3o","image":{"@type":"ImageObject","inLanguage":"pt-BR","@id":"https:\/\/secure.gravatar.com\/avatar\/e0a867bdedb85fd243eadf09663511f96fc81e0720a4a42581f334ad4303aa6b?s=96&d=mm&r=g","url":"https:\/\/secure.gravatar.com\/avatar\/e0a867bdedb85fd243eadf09663511f96fc81e0720a4a42581f334ad4303aa6b?s=96&d=mm&r=g","contentUrl":"https:\/\/secure.gravatar.com\/avatar\/e0a867bdedb85fd243eadf09663511f96fc81e0720a4a42581f334ad4303aa6b?s=96&d=mm&r=g","caption":"Reda\u00e7\u00e3o"}}]}},"amp_enabled":true,"_links":{"self":[{"href":"https:\/\/www.notibras.com\/site\/wp-json\/wp\/v2\/posts\/46650","targetHints":{"allow":["GET"]}}],"collection":[{"href":"https:\/\/www.notibras.com\/site\/wp-json\/wp\/v2\/posts"}],"about":[{"href":"https:\/\/www.notibras.com\/site\/wp-json\/wp\/v2\/types\/post"}],"author":[{"embeddable":true,"href":"https:\/\/www.notibras.com\/site\/wp-json\/wp\/v2\/users\/2"}],"replies":[{"embeddable":true,"href":"https:\/\/www.notibras.com\/site\/wp-json\/wp\/v2\/comments?post=46650"}],"version-history":[{"count":0,"href":"https:\/\/www.notibras.com\/site\/wp-json\/wp\/v2\/posts\/46650\/revisions"}],"wp:featuredmedia":[{"embeddable":true,"href":"https:\/\/www.notibras.com\/site\/wp-json\/wp\/v2\/media\/46652"}],"wp:attachment":[{"href":"https:\/\/www.notibras.com\/site\/wp-json\/wp\/v2\/media?parent=46650"}],"wp:term":[{"taxonomy":"category","embeddable":true,"href":"https:\/\/www.notibras.com\/site\/wp-json\/wp\/v2\/categories?post=46650"},{"taxonomy":"post_tag","embeddable":true,"href":"https:\/\/www.notibras.com\/site\/wp-json\/wp\/v2\/tags?post=46650"}],"curies":[{"name":"wp","href":"https:\/\/api.w.org\/{rel}","templated":true}]}}