{"id":46684,"date":"2015-05-04T16:15:51","date_gmt":"2015-05-04T19:15:51","guid":{"rendered":"http:\/\/www.notibras.com\/site\/?p=46684"},"modified":"2015-05-06T09:58:41","modified_gmt":"2015-05-06T12:58:41","slug":"carmem-lucia-ataca-regulacao-da-midia-isso-e-coisa-da-ditadura","status":"publish","type":"post","link":"https:\/\/www.notibras.com\/site\/carmem-lucia-ataca-regulacao-da-midia-isso-e-coisa-da-ditadura\/","title":{"rendered":"Carmem L\u00facia condena regula\u00e7\u00e3o da m\u00eddia. &#8216;Isso \u00e9 coisa da ditadura&#8217;"},"content":{"rendered":"<div class=\"content\">\n<p>\u00a0A regula\u00e7\u00e3o da m\u00eddia &#8211; tese defendida pela ampla maioria do PT &#8211; vai contra todos os princ\u00edpios da democracia. Foi o que afirmou nesta segunda-feira 4 a ministra Carmem L\u00facia, vice-presidente do Supremo Tribunal Federal. Sem citar nomes de partidos, a representante do STF afirmou no 7\u00ba F\u00f3rum de Liberdade de Imprensa e Democracia que o pensamento \u00fanico &#8211; totalit\u00e1rio e resultante de v\u00e1rios fatores, entre eles, mais recentemente, o chamado politicamente correto &#8211; \u00e9 uma amea\u00e7a \u00e0 liberdade de express\u00e3o.<\/p>\n<p>\u201cAcho isso perigos\u00edssimo. [O pensamento \u00fanico] \u00c9 uma outra forma de ditadura social, imposta desde quando crian\u00e7as\u201d, enfatizou Carmem L\u00facia no evento, promovido pela Revista Imprensa e que reuniu em Bras\u00edlia dirigentes dos mais importantes ve\u00edculos de comunica\u00e7\u00e3o social do Pa\u00eds.<\/p>\n<p>Defensora da capacidade de a imprensa regular a si pr\u00f3pria sem a necessidade de leis que possam restringir a liberdade dos ve\u00edculos de comunica\u00e7\u00e3o informarem os cidad\u00e3os sobre qualquer tema, a ministra argumentou que cabe \u00e0 m\u00eddia abarcar a diversidade de pensamento e da realidade brasileira.<\/p>\n<p>Ao lembrar que a liberdade de imprensa diz respeito n\u00e3o s\u00f3 \u00e0 garantia do direito de cada pessoa se informar sobre o que acontece na sociedade, mas tamb\u00e9m a uma das mais importantes manifesta\u00e7\u00f5es do direito individual mais amplo que \u00e9 a liberdade de express\u00e3o, C\u00e1rmen L\u00facia declarou que compete aos jornalistas discutir a eventual necessidade de ajustes que garantam que a m\u00eddia seja plural e democr\u00e1tica.<\/p>\n<blockquote><p>\u201cComo cidad\u00e3os, os jornalistas t\u00eam o dever social e pol\u00edtico de discutir, chegar a um consenso na categoria e fazer com que a discuss\u00e3o chegue \u00e0 sociedade, fomentando o debate. S\u00e3o os jornalistas, como quem t\u00eam mais informa\u00e7\u00f5es sobre o of\u00edcio, quem pode ver isso\u201d, comentou C\u00e1rmen L\u00facia. Para a ministra, grupos de interesse de toda a natureza amea\u00e7am a liberdade de imprensa, e n\u00e3o s\u00f3 o Estado. A pr\u00f3pria sociedade, ponderou ela, est\u00e1 mais intolerante.<\/p><\/blockquote>\n<p>\u201cTemos tido, no Brasil, muitas situa\u00e7\u00f5es de cerceamento da liberdade de imprensa. Vindas n\u00e3o apenas do Estado. Muitas vezes \u00e9 da pr\u00f3pria sociedade \u2013 cada vez mais intolerante com o diferente. Tudo que seja contr\u00e1rio ao que a pessoa pensa, \u00e9 visto como um ataque \u00edntimo e pessoal.\u201d<\/p>\n<p>\u201cPensar livremente \u00e9 a primeira forma de nos posicionarmos como uma identidade humana. Isso \u00e9 liberdade. Lutamos muito para abrirmos m\u00e3o do direito de cada um julgar o que \u00e9 mais adequado para si apenas para ficar de acordo com o que os outros querem\u201d, disse C\u00e1rmen L\u00facia.<\/p>\n<p><strong>Da Reda\u00e7\u00e3o com<\/strong> <strong>Alex Rodrigues, ABr<\/strong><\/p>\n<\/div>\n","protected":false},"excerpt":{"rendered":"<p>\u00a0A regula\u00e7\u00e3o da m\u00eddia &#8211; tese defendida pela ampla maioria do PT &#8211; vai contra todos os princ\u00edpios da democracia. Foi o que afirmou nesta segunda-feira 4 a ministra Carmem L\u00facia, vice-presidente do Supremo Tribunal Federal. Sem citar nomes de partidos, a representante do STF afirmou no 7\u00ba F\u00f3rum de Liberdade de Imprensa e Democracia [&hellip;]<\/p>\n","protected":false},"author":2,"featured_media":46688,"comment_status":"open","ping_status":"closed","sticky":false,"template":"","format":"standard","meta":{"_acf_changed":false,"footnotes":""},"categories":[16],"tags":[],"class_list":["post-46684","post","type-post","status-publish","format-standard","has-post-thumbnail","hentry","category-brasil"],"acf":[],"yoast_head":"<!-- This site is optimized with the Yoast SEO plugin v27.5 - https:\/\/yoast.com\/product\/yoast-seo-wordpress\/ -->\n<title>Carmem L\u00facia condena regula\u00e7\u00e3o da m\u00eddia. &#039;Isso \u00e9 coisa da ditadura&#039; - Notibras<\/title>\n<meta name=\"robots\" content=\"index, follow, max-snippet:-1, max-image-preview:large, max-video-preview:-1\" \/>\n<link rel=\"canonical\" href=\"https:\/\/www.notibras.com\/site\/carmem-lucia-ataca-regulacao-da-midia-isso-e-coisa-da-ditadura\/\" \/>\n<meta property=\"og:locale\" content=\"pt_BR\" \/>\n<meta property=\"og:type\" content=\"article\" \/>\n<meta property=\"og:title\" content=\"Carmem L\u00facia condena regula\u00e7\u00e3o da m\u00eddia. &#039;Isso \u00e9 coisa da ditadura&#039; - Notibras\" \/>\n<meta property=\"og:description\" content=\"\u00a0A regula\u00e7\u00e3o da m\u00eddia &#8211; tese defendida pela ampla maioria do PT &#8211; vai contra todos os princ\u00edpios da democracia. Foi o que afirmou nesta segunda-feira 4 a ministra Carmem L\u00facia, vice-presidente do Supremo Tribunal Federal. Sem citar nomes de partidos, a representante do STF afirmou no 7\u00ba F\u00f3rum de Liberdade de Imprensa e Democracia [&hellip;]\" \/>\n<meta property=\"og:url\" content=\"https:\/\/www.notibras.com\/site\/carmem-lucia-ataca-regulacao-da-midia-isso-e-coisa-da-ditadura\/\" \/>\n<meta property=\"og:site_name\" content=\"Notibras\" \/>\n<meta property=\"article:publisher\" content=\"https:\/\/www.facebook.com\/notibras\/\" \/>\n<meta property=\"article:published_time\" content=\"2015-05-04T19:15:51+00:00\" \/>\n<meta property=\"article:modified_time\" content=\"2015-05-06T12:58:41+00:00\" \/>\n<meta property=\"og:image\" content=\"https:\/\/www.notibras.com\/site\/wp-content\/uploads\/2015\/05\/carmen.jpg\" \/>\n\t<meta property=\"og:image:width\" content=\"1085\" \/>\n\t<meta property=\"og:image:height\" content=\"720\" \/>\n\t<meta property=\"og:image:type\" content=\"image\/jpeg\" \/>\n<meta name=\"author\" content=\"Reda\u00e7\u00e3o\" \/>\n<meta name=\"twitter:card\" content=\"summary_large_image\" \/>\n<meta name=\"twitter:creator\" content=\"@Notibras\" \/>\n<meta name=\"twitter:site\" content=\"@Notibras\" \/>\n<meta name=\"twitter:label1\" content=\"Escrito por\" \/>\n\t<meta name=\"twitter:data1\" content=\"Reda\u00e7\u00e3o\" \/>\n\t<meta name=\"twitter:label2\" content=\"Est. tempo de leitura\" \/>\n\t<meta name=\"twitter:data2\" content=\"2 minutos\" \/>\n<script type=\"application\/ld+json\" class=\"yoast-schema-graph\">{\"@context\":\"https:\\\/\\\/schema.org\",\"@graph\":[{\"@type\":\"Article\",\"@id\":\"https:\\\/\\\/www.notibras.com\\\/site\\\/carmem-lucia-ataca-regulacao-da-midia-isso-e-coisa-da-ditadura\\\/#article\",\"isPartOf\":{\"@id\":\"https:\\\/\\\/www.notibras.com\\\/site\\\/carmem-lucia-ataca-regulacao-da-midia-isso-e-coisa-da-ditadura\\\/\"},\"author\":{\"name\":\"Reda\u00e7\u00e3o\",\"@id\":\"https:\\\/\\\/www.notibras.com\\\/site\\\/#\\\/schema\\\/person\\\/36ab0979449956132d3e5b517ea76ac8\"},\"headline\":\"Carmem L\u00facia condena regula\u00e7\u00e3o da m\u00eddia. &#8216;Isso \u00e9 coisa da ditadura&#8217;\",\"datePublished\":\"2015-05-04T19:15:51+00:00\",\"dateModified\":\"2015-05-06T12:58:41+00:00\",\"mainEntityOfPage\":{\"@id\":\"https:\\\/\\\/www.notibras.com\\\/site\\\/carmem-lucia-ataca-regulacao-da-midia-isso-e-coisa-da-ditadura\\\/\"},\"wordCount\":462,\"commentCount\":0,\"publisher\":{\"@id\":\"https:\\\/\\\/www.notibras.com\\\/site\\\/#organization\"},\"image\":{\"@id\":\"https:\\\/\\\/www.notibras.com\\\/site\\\/carmem-lucia-ataca-regulacao-da-midia-isso-e-coisa-da-ditadura\\\/#primaryimage\"},\"thumbnailUrl\":\"https:\\\/\\\/www.notibras.com\\\/site\\\/wp-content\\\/uploads\\\/2015\\\/05\\\/carmen.jpg\",\"articleSection\":[\"Brasil\"],\"inLanguage\":\"pt-BR\",\"potentialAction\":[{\"@type\":\"CommentAction\",\"name\":\"Comment\",\"target\":[\"https:\\\/\\\/www.notibras.com\\\/site\\\/carmem-lucia-ataca-regulacao-da-midia-isso-e-coisa-da-ditadura\\\/#respond\"]}]},{\"@type\":\"WebPage\",\"@id\":\"https:\\\/\\\/www.notibras.com\\\/site\\\/carmem-lucia-ataca-regulacao-da-midia-isso-e-coisa-da-ditadura\\\/\",\"url\":\"https:\\\/\\\/www.notibras.com\\\/site\\\/carmem-lucia-ataca-regulacao-da-midia-isso-e-coisa-da-ditadura\\\/\",\"name\":\"Carmem L\u00facia condena regula\u00e7\u00e3o da m\u00eddia. 'Isso \u00e9 coisa da ditadura' - Notibras\",\"isPartOf\":{\"@id\":\"https:\\\/\\\/www.notibras.com\\\/site\\\/#website\"},\"primaryImageOfPage\":{\"@id\":\"https:\\\/\\\/www.notibras.com\\\/site\\\/carmem-lucia-ataca-regulacao-da-midia-isso-e-coisa-da-ditadura\\\/#primaryimage\"},\"image\":{\"@id\":\"https:\\\/\\\/www.notibras.com\\\/site\\\/carmem-lucia-ataca-regulacao-da-midia-isso-e-coisa-da-ditadura\\\/#primaryimage\"},\"thumbnailUrl\":\"https:\\\/\\\/www.notibras.com\\\/site\\\/wp-content\\\/uploads\\\/2015\\\/05\\\/carmen.jpg\",\"datePublished\":\"2015-05-04T19:15:51+00:00\",\"dateModified\":\"2015-05-06T12:58:41+00:00\",\"breadcrumb\":{\"@id\":\"https:\\\/\\\/www.notibras.com\\\/site\\\/carmem-lucia-ataca-regulacao-da-midia-isso-e-coisa-da-ditadura\\\/#breadcrumb\"},\"inLanguage\":\"pt-BR\",\"potentialAction\":[{\"@type\":\"ReadAction\",\"target\":[\"https:\\\/\\\/www.notibras.com\\\/site\\\/carmem-lucia-ataca-regulacao-da-midia-isso-e-coisa-da-ditadura\\\/\"]}]},{\"@type\":\"ImageObject\",\"inLanguage\":\"pt-BR\",\"@id\":\"https:\\\/\\\/www.notibras.com\\\/site\\\/carmem-lucia-ataca-regulacao-da-midia-isso-e-coisa-da-ditadura\\\/#primaryimage\",\"url\":\"https:\\\/\\\/www.notibras.com\\\/site\\\/wp-content\\\/uploads\\\/2015\\\/05\\\/carmen.jpg\",\"contentUrl\":\"https:\\\/\\\/www.notibras.com\\\/site\\\/wp-content\\\/uploads\\\/2015\\\/05\\\/carmen.jpg\",\"width\":1085,\"height\":720,\"caption\":\"A ministra do STF, C\u00e1rmen L\u00facia Antunes Rocha e o diretor Geral da EBC, Am\u00e9rico Martins participam da abertura do 7\u00ba F\u00f3rum Liberdade de Imprensa &amp; Democracia (Antonio Cruz\\\/Ag\u00eancia Brasil)\"},{\"@type\":\"BreadcrumbList\",\"@id\":\"https:\\\/\\\/www.notibras.com\\\/site\\\/carmem-lucia-ataca-regulacao-da-midia-isso-e-coisa-da-ditadura\\\/#breadcrumb\",\"itemListElement\":[{\"@type\":\"ListItem\",\"position\":1,\"name\":\"In\u00edcio\",\"item\":\"https:\\\/\\\/www.notibras.com\\\/site\\\/\"},{\"@type\":\"ListItem\",\"position\":2,\"name\":\"Carmem L\u00facia condena regula\u00e7\u00e3o da m\u00eddia. &#8216;Isso \u00e9 coisa da ditadura&#8217;\"}]},{\"@type\":\"WebSite\",\"@id\":\"https:\\\/\\\/www.notibras.com\\\/site\\\/#website\",\"url\":\"https:\\\/\\\/www.notibras.com\\\/site\\\/\",\"name\":\"Notibras\",\"description\":\"Not\u00edcias de Bras\u00edlia, do Brasil e do Mundo\",\"publisher\":{\"@id\":\"https:\\\/\\\/www.notibras.com\\\/site\\\/#organization\"},\"potentialAction\":[{\"@type\":\"SearchAction\",\"target\":{\"@type\":\"EntryPoint\",\"urlTemplate\":\"https:\\\/\\\/www.notibras.com\\\/site\\\/?s={search_term_string}\"},\"query-input\":{\"@type\":\"PropertyValueSpecification\",\"valueRequired\":true,\"valueName\":\"search_term_string\"}}],\"inLanguage\":\"pt-BR\"},{\"@type\":\"Organization\",\"@id\":\"https:\\\/\\\/www.notibras.com\\\/site\\\/#organization\",\"name\":\"Grupo Notibras de Comunica\u00e7\u00e3o\",\"url\":\"https:\\\/\\\/www.notibras.com\\\/site\\\/\",\"logo\":{\"@type\":\"ImageObject\",\"inLanguage\":\"pt-BR\",\"@id\":\"https:\\\/\\\/www.notibras.com\\\/site\\\/#\\\/schema\\\/logo\\\/image\\\/\",\"url\":\"https:\\\/\\\/www.notibras.com\\\/site\\\/wp-content\\\/uploads\\\/2023\\\/01\\\/notibras23.png\",\"contentUrl\":\"https:\\\/\\\/www.notibras.com\\\/site\\\/wp-content\\\/uploads\\\/2023\\\/01\\\/notibras23.png\",\"width\":350,\"height\":87,\"caption\":\"Grupo Notibras de Comunica\u00e7\u00e3o\"},\"image\":{\"@id\":\"https:\\\/\\\/www.notibras.com\\\/site\\\/#\\\/schema\\\/logo\\\/image\\\/\"},\"sameAs\":[\"https:\\\/\\\/www.facebook.com\\\/notibras\\\/\",\"https:\\\/\\\/x.com\\\/Notibras\",\"https:\\\/\\\/www.instagram.com\\\/notibras\\\/\"]},{\"@type\":\"Person\",\"@id\":\"https:\\\/\\\/www.notibras.com\\\/site\\\/#\\\/schema\\\/person\\\/36ab0979449956132d3e5b517ea76ac8\",\"name\":\"Reda\u00e7\u00e3o\",\"image\":{\"@type\":\"ImageObject\",\"inLanguage\":\"pt-BR\",\"@id\":\"https:\\\/\\\/secure.gravatar.com\\\/avatar\\\/e0a867bdedb85fd243eadf09663511f96fc81e0720a4a42581f334ad4303aa6b?s=96&d=mm&r=g\",\"url\":\"https:\\\/\\\/secure.gravatar.com\\\/avatar\\\/e0a867bdedb85fd243eadf09663511f96fc81e0720a4a42581f334ad4303aa6b?s=96&d=mm&r=g\",\"contentUrl\":\"https:\\\/\\\/secure.gravatar.com\\\/avatar\\\/e0a867bdedb85fd243eadf09663511f96fc81e0720a4a42581f334ad4303aa6b?s=96&d=mm&r=g\",\"caption\":\"Reda\u00e7\u00e3o\"}}]}<\/script>\n<!-- \/ Yoast SEO plugin. -->","yoast_head_json":{"title":"Carmem L\u00facia condena regula\u00e7\u00e3o da m\u00eddia. 'Isso \u00e9 coisa da ditadura' - Notibras","robots":{"index":"index","follow":"follow","max-snippet":"max-snippet:-1","max-image-preview":"max-image-preview:large","max-video-preview":"max-video-preview:-1"},"canonical":"https:\/\/www.notibras.com\/site\/carmem-lucia-ataca-regulacao-da-midia-isso-e-coisa-da-ditadura\/","og_locale":"pt_BR","og_type":"article","og_title":"Carmem L\u00facia condena regula\u00e7\u00e3o da m\u00eddia. 'Isso \u00e9 coisa da ditadura' - Notibras","og_description":"\u00a0A regula\u00e7\u00e3o da m\u00eddia &#8211; tese defendida pela ampla maioria do PT &#8211; vai contra todos os princ\u00edpios da democracia. Foi o que afirmou nesta segunda-feira 4 a ministra Carmem L\u00facia, vice-presidente do Supremo Tribunal Federal. Sem citar nomes de partidos, a representante do STF afirmou no 7\u00ba F\u00f3rum de Liberdade de Imprensa e Democracia [&hellip;]","og_url":"https:\/\/www.notibras.com\/site\/carmem-lucia-ataca-regulacao-da-midia-isso-e-coisa-da-ditadura\/","og_site_name":"Notibras","article_publisher":"https:\/\/www.facebook.com\/notibras\/","article_published_time":"2015-05-04T19:15:51+00:00","article_modified_time":"2015-05-06T12:58:41+00:00","og_image":[{"width":1085,"height":720,"url":"https:\/\/www.notibras.com\/site\/wp-content\/uploads\/2015\/05\/carmen.jpg","type":"image\/jpeg"}],"author":"Reda\u00e7\u00e3o","twitter_card":"summary_large_image","twitter_creator":"@Notibras","twitter_site":"@Notibras","twitter_misc":{"Escrito por":"Reda\u00e7\u00e3o","Est. tempo de leitura":"2 minutos"},"schema":{"@context":"https:\/\/schema.org","@graph":[{"@type":"Article","@id":"https:\/\/www.notibras.com\/site\/carmem-lucia-ataca-regulacao-da-midia-isso-e-coisa-da-ditadura\/#article","isPartOf":{"@id":"https:\/\/www.notibras.com\/site\/carmem-lucia-ataca-regulacao-da-midia-isso-e-coisa-da-ditadura\/"},"author":{"name":"Reda\u00e7\u00e3o","@id":"https:\/\/www.notibras.com\/site\/#\/schema\/person\/36ab0979449956132d3e5b517ea76ac8"},"headline":"Carmem L\u00facia condena regula\u00e7\u00e3o da m\u00eddia. &#8216;Isso \u00e9 coisa da ditadura&#8217;","datePublished":"2015-05-04T19:15:51+00:00","dateModified":"2015-05-06T12:58:41+00:00","mainEntityOfPage":{"@id":"https:\/\/www.notibras.com\/site\/carmem-lucia-ataca-regulacao-da-midia-isso-e-coisa-da-ditadura\/"},"wordCount":462,"commentCount":0,"publisher":{"@id":"https:\/\/www.notibras.com\/site\/#organization"},"image":{"@id":"https:\/\/www.notibras.com\/site\/carmem-lucia-ataca-regulacao-da-midia-isso-e-coisa-da-ditadura\/#primaryimage"},"thumbnailUrl":"https:\/\/www.notibras.com\/site\/wp-content\/uploads\/2015\/05\/carmen.jpg","articleSection":["Brasil"],"inLanguage":"pt-BR","potentialAction":[{"@type":"CommentAction","name":"Comment","target":["https:\/\/www.notibras.com\/site\/carmem-lucia-ataca-regulacao-da-midia-isso-e-coisa-da-ditadura\/#respond"]}]},{"@type":"WebPage","@id":"https:\/\/www.notibras.com\/site\/carmem-lucia-ataca-regulacao-da-midia-isso-e-coisa-da-ditadura\/","url":"https:\/\/www.notibras.com\/site\/carmem-lucia-ataca-regulacao-da-midia-isso-e-coisa-da-ditadura\/","name":"Carmem L\u00facia condena regula\u00e7\u00e3o da m\u00eddia. 'Isso \u00e9 coisa da ditadura' - Notibras","isPartOf":{"@id":"https:\/\/www.notibras.com\/site\/#website"},"primaryImageOfPage":{"@id":"https:\/\/www.notibras.com\/site\/carmem-lucia-ataca-regulacao-da-midia-isso-e-coisa-da-ditadura\/#primaryimage"},"image":{"@id":"https:\/\/www.notibras.com\/site\/carmem-lucia-ataca-regulacao-da-midia-isso-e-coisa-da-ditadura\/#primaryimage"},"thumbnailUrl":"https:\/\/www.notibras.com\/site\/wp-content\/uploads\/2015\/05\/carmen.jpg","datePublished":"2015-05-04T19:15:51+00:00","dateModified":"2015-05-06T12:58:41+00:00","breadcrumb":{"@id":"https:\/\/www.notibras.com\/site\/carmem-lucia-ataca-regulacao-da-midia-isso-e-coisa-da-ditadura\/#breadcrumb"},"inLanguage":"pt-BR","potentialAction":[{"@type":"ReadAction","target":["https:\/\/www.notibras.com\/site\/carmem-lucia-ataca-regulacao-da-midia-isso-e-coisa-da-ditadura\/"]}]},{"@type":"ImageObject","inLanguage":"pt-BR","@id":"https:\/\/www.notibras.com\/site\/carmem-lucia-ataca-regulacao-da-midia-isso-e-coisa-da-ditadura\/#primaryimage","url":"https:\/\/www.notibras.com\/site\/wp-content\/uploads\/2015\/05\/carmen.jpg","contentUrl":"https:\/\/www.notibras.com\/site\/wp-content\/uploads\/2015\/05\/carmen.jpg","width":1085,"height":720,"caption":"A ministra do STF, C\u00e1rmen L\u00facia Antunes Rocha e o diretor Geral da EBC, Am\u00e9rico Martins participam da abertura do 7\u00ba F\u00f3rum Liberdade de Imprensa &amp; Democracia (Antonio Cruz\/Ag\u00eancia Brasil)"},{"@type":"BreadcrumbList","@id":"https:\/\/www.notibras.com\/site\/carmem-lucia-ataca-regulacao-da-midia-isso-e-coisa-da-ditadura\/#breadcrumb","itemListElement":[{"@type":"ListItem","position":1,"name":"In\u00edcio","item":"https:\/\/www.notibras.com\/site\/"},{"@type":"ListItem","position":2,"name":"Carmem L\u00facia condena regula\u00e7\u00e3o da m\u00eddia. &#8216;Isso \u00e9 coisa da ditadura&#8217;"}]},{"@type":"WebSite","@id":"https:\/\/www.notibras.com\/site\/#website","url":"https:\/\/www.notibras.com\/site\/","name":"Notibras","description":"Not\u00edcias de Bras\u00edlia, do Brasil e do Mundo","publisher":{"@id":"https:\/\/www.notibras.com\/site\/#organization"},"potentialAction":[{"@type":"SearchAction","target":{"@type":"EntryPoint","urlTemplate":"https:\/\/www.notibras.com\/site\/?s={search_term_string}"},"query-input":{"@type":"PropertyValueSpecification","valueRequired":true,"valueName":"search_term_string"}}],"inLanguage":"pt-BR"},{"@type":"Organization","@id":"https:\/\/www.notibras.com\/site\/#organization","name":"Grupo Notibras de Comunica\u00e7\u00e3o","url":"https:\/\/www.notibras.com\/site\/","logo":{"@type":"ImageObject","inLanguage":"pt-BR","@id":"https:\/\/www.notibras.com\/site\/#\/schema\/logo\/image\/","url":"https:\/\/www.notibras.com\/site\/wp-content\/uploads\/2023\/01\/notibras23.png","contentUrl":"https:\/\/www.notibras.com\/site\/wp-content\/uploads\/2023\/01\/notibras23.png","width":350,"height":87,"caption":"Grupo Notibras de Comunica\u00e7\u00e3o"},"image":{"@id":"https:\/\/www.notibras.com\/site\/#\/schema\/logo\/image\/"},"sameAs":["https:\/\/www.facebook.com\/notibras\/","https:\/\/x.com\/Notibras","https:\/\/www.instagram.com\/notibras\/"]},{"@type":"Person","@id":"https:\/\/www.notibras.com\/site\/#\/schema\/person\/36ab0979449956132d3e5b517ea76ac8","name":"Reda\u00e7\u00e3o","image":{"@type":"ImageObject","inLanguage":"pt-BR","@id":"https:\/\/secure.gravatar.com\/avatar\/e0a867bdedb85fd243eadf09663511f96fc81e0720a4a42581f334ad4303aa6b?s=96&d=mm&r=g","url":"https:\/\/secure.gravatar.com\/avatar\/e0a867bdedb85fd243eadf09663511f96fc81e0720a4a42581f334ad4303aa6b?s=96&d=mm&r=g","contentUrl":"https:\/\/secure.gravatar.com\/avatar\/e0a867bdedb85fd243eadf09663511f96fc81e0720a4a42581f334ad4303aa6b?s=96&d=mm&r=g","caption":"Reda\u00e7\u00e3o"}}]}},"amp_enabled":true,"_links":{"self":[{"href":"https:\/\/www.notibras.com\/site\/wp-json\/wp\/v2\/posts\/46684","targetHints":{"allow":["GET"]}}],"collection":[{"href":"https:\/\/www.notibras.com\/site\/wp-json\/wp\/v2\/posts"}],"about":[{"href":"https:\/\/www.notibras.com\/site\/wp-json\/wp\/v2\/types\/post"}],"author":[{"embeddable":true,"href":"https:\/\/www.notibras.com\/site\/wp-json\/wp\/v2\/users\/2"}],"replies":[{"embeddable":true,"href":"https:\/\/www.notibras.com\/site\/wp-json\/wp\/v2\/comments?post=46684"}],"version-history":[{"count":0,"href":"https:\/\/www.notibras.com\/site\/wp-json\/wp\/v2\/posts\/46684\/revisions"}],"wp:featuredmedia":[{"embeddable":true,"href":"https:\/\/www.notibras.com\/site\/wp-json\/wp\/v2\/media\/46688"}],"wp:attachment":[{"href":"https:\/\/www.notibras.com\/site\/wp-json\/wp\/v2\/media?parent=46684"}],"wp:term":[{"taxonomy":"category","embeddable":true,"href":"https:\/\/www.notibras.com\/site\/wp-json\/wp\/v2\/categories?post=46684"},{"taxonomy":"post_tag","embeddable":true,"href":"https:\/\/www.notibras.com\/site\/wp-json\/wp\/v2\/tags?post=46684"}],"curies":[{"name":"wp","href":"https:\/\/api.w.org\/{rel}","templated":true}]}}