{"id":46725,"date":"2015-05-04T16:50:29","date_gmt":"2015-05-04T19:50:29","guid":{"rendered":"http:\/\/www.notibras.com\/site\/?p=46725"},"modified":"2015-05-05T00:35:19","modified_gmt":"2015-05-05T03:35:19","slug":"pizzolato-pronto-para-extradicao-diz-preferir-morrer-a-cumprir-pena-no-brasil","status":"publish","type":"post","link":"https:\/\/www.notibras.com\/site\/pizzolato-pronto-para-extradicao-diz-preferir-morrer-a-cumprir-pena-no-brasil\/","title":{"rendered":"Pizzolato, pronto para a extradi\u00e7\u00e3o, diz preferir morrer a cumprir pena no Brasil"},"content":{"rendered":"<p>O ex-diretor de marketing do Banco do Brasil Henrique Pizzolato afirmou nesta segunda-feira (4) ao senador italiano Carlo Giovanardi que &#8220;prefere morrer a descontar a pena por anos em uma penitenci\u00e1ria do Brasil&#8221;.<\/p>\n<p>Giovanardi, que \u00e9 o chefe do partido \u00c1rea Popular na Comiss\u00e3o de Justi\u00e7a do Senado, teve uma reuni\u00e3o com o brasileiro e seu advogado, Alessandro Sivelli, e divulgou uma nota explicando os temas debatidos entre eles.<\/p>\n<p>O parlamentar pediu ao ministro da Justi\u00e7a local, Andrea Orlandi, que &#8220;revogue&#8221; a decis\u00e3o de extraditar o acusado no processo do Mensal\u00e3o ao Brasil. Segundo Giovanardi, a medida &#8220;coloca em risco a vida de Pizzolato, que se colocou a disposi\u00e7\u00e3o de cumprir a pena na It\u00e1lia, mesmo com o leg\u00edtimo pedido de revis\u00e3o do processo em que foi envolvido no Brasil&#8221;.<\/p>\n<blockquote><p>&#8220;Pizzolato obteve a nega\u00e7\u00e3o da extradi\u00e7\u00e3o da Corte de Apelo de Bolonha enquanto a Corte de Cassa\u00e7\u00e3o jogou a decis\u00e3o para o governo italiano que, incompreensivelmente, estabeleceu que Pizzolato, cidad\u00e3o italiano, deve ser extraditado ao Brasil em 11 de maio&#8221;, destacou o l\u00edder do AP.<\/p><\/blockquote>\n<p>Na semana passada, Giovanardi j\u00e1 havia apelado para o governo rever a decis\u00e3o contra o \u00edtalo-brasileiro, dizendo que era &#8220;incompreens\u00edvel&#8221; sua extradi\u00e7\u00e3o.<\/p>\n<p>No dia 24 de abril, o ministro Andrea Orlando deu um parecer favor\u00e1vel \u00e0 extradi\u00e7\u00e3o do ex-diretor do Banco do Brasil.<\/p>\n<p>Pizzolato, que possui tamb\u00e9m cidadania italiana, foi condenado a 12 anos e sete meses de pris\u00e3o no processo do Mensal\u00e3o, mas fugiu para a It\u00e1lia com um passaporte falso. Ele acabou sendo detido em fevereiro de 2014, em Maranello, por portar os documentos de seu irm\u00e3o, que havia falecido em 1978.<\/p>\n<p>A decis\u00e3o de Orlando veio ao encontro do veredicto da Corte de Cassa\u00e7\u00e3o de Roma, em fevereiro, que reverteu uma decis\u00e3o do Tribunal de Bolonha e autorizou a extradi\u00e7\u00e3o. Na primeira senten\u00e7a, a vinda do ex-diretor ao pa\u00eds tinha sido negada sob argumento de que os pres\u00eddios nacionais n\u00e3o t\u00eam condi\u00e7\u00f5es de manter a integridade f\u00edsica de Pizzolato. (ANSA)<\/p>\n","protected":false},"excerpt":{"rendered":"<p>O ex-diretor de marketing do Banco do Brasil Henrique Pizzolato afirmou nesta segunda-feira (4) ao senador italiano Carlo Giovanardi que &#8220;prefere morrer a descontar a pena por anos em uma penitenci\u00e1ria do Brasil&#8221;. Giovanardi, que \u00e9 o chefe do partido \u00c1rea Popular na Comiss\u00e3o de Justi\u00e7a do Senado, teve uma reuni\u00e3o com o brasileiro e [&hellip;]<\/p>\n","protected":false},"author":2,"featured_media":46726,"comment_status":"open","ping_status":"closed","sticky":false,"template":"","format":"standard","meta":{"_acf_changed":false,"footnotes":""},"categories":[16],"tags":[],"class_list":["post-46725","post","type-post","status-publish","format-standard","has-post-thumbnail","hentry","category-brasil"],"acf":[],"yoast_head":"<!-- This site is optimized with the Yoast SEO plugin v27.5 - https:\/\/yoast.com\/product\/yoast-seo-wordpress\/ -->\n<title>Pizzolato, pronto para a extradi\u00e7\u00e3o, diz preferir morrer a cumprir pena no Brasil - Notibras<\/title>\n<meta name=\"robots\" content=\"index, follow, max-snippet:-1, max-image-preview:large, max-video-preview:-1\" \/>\n<link rel=\"canonical\" href=\"https:\/\/www.notibras.com\/site\/pizzolato-pronto-para-extradicao-diz-preferir-morrer-a-cumprir-pena-no-brasil\/\" \/>\n<meta property=\"og:locale\" content=\"pt_BR\" \/>\n<meta property=\"og:type\" content=\"article\" \/>\n<meta property=\"og:title\" content=\"Pizzolato, pronto para a extradi\u00e7\u00e3o, diz preferir morrer a cumprir pena no Brasil - Notibras\" \/>\n<meta property=\"og:description\" content=\"O ex-diretor de marketing do Banco do Brasil Henrique Pizzolato afirmou nesta segunda-feira (4) ao senador italiano Carlo Giovanardi que &#8220;prefere morrer a descontar a pena por anos em uma penitenci\u00e1ria do Brasil&#8221;. Giovanardi, que \u00e9 o chefe do partido \u00c1rea Popular na Comiss\u00e3o de Justi\u00e7a do Senado, teve uma reuni\u00e3o com o brasileiro e [&hellip;]\" \/>\n<meta property=\"og:url\" content=\"https:\/\/www.notibras.com\/site\/pizzolato-pronto-para-extradicao-diz-preferir-morrer-a-cumprir-pena-no-brasil\/\" \/>\n<meta property=\"og:site_name\" content=\"Notibras\" \/>\n<meta property=\"article:publisher\" content=\"https:\/\/www.facebook.com\/notibras\/\" \/>\n<meta property=\"article:published_time\" content=\"2015-05-04T19:50:29+00:00\" \/>\n<meta property=\"article:modified_time\" content=\"2015-05-05T03:35:19+00:00\" \/>\n<meta property=\"og:image\" content=\"https:\/\/www.notibras.com\/site\/wp-content\/uploads\/2015\/05\/pizzolato-_-passaporte-falso.jpg\" \/>\n\t<meta property=\"og:image:width\" content=\"407\" \/>\n\t<meta property=\"og:image:height\" content=\"305\" \/>\n\t<meta property=\"og:image:type\" content=\"image\/jpeg\" \/>\n<meta name=\"author\" content=\"Reda\u00e7\u00e3o\" \/>\n<meta name=\"twitter:card\" content=\"summary_large_image\" \/>\n<meta name=\"twitter:creator\" content=\"@Notibras\" \/>\n<meta name=\"twitter:site\" content=\"@Notibras\" \/>\n<meta name=\"twitter:label1\" content=\"Escrito por\" \/>\n\t<meta name=\"twitter:data1\" content=\"Reda\u00e7\u00e3o\" \/>\n\t<meta name=\"twitter:label2\" content=\"Est. tempo de leitura\" \/>\n\t<meta name=\"twitter:data2\" content=\"2 minutos\" \/>\n<script type=\"application\/ld+json\" class=\"yoast-schema-graph\">{\"@context\":\"https:\\\/\\\/schema.org\",\"@graph\":[{\"@type\":\"Article\",\"@id\":\"https:\\\/\\\/www.notibras.com\\\/site\\\/pizzolato-pronto-para-extradicao-diz-preferir-morrer-a-cumprir-pena-no-brasil\\\/#article\",\"isPartOf\":{\"@id\":\"https:\\\/\\\/www.notibras.com\\\/site\\\/pizzolato-pronto-para-extradicao-diz-preferir-morrer-a-cumprir-pena-no-brasil\\\/\"},\"author\":{\"name\":\"Reda\u00e7\u00e3o\",\"@id\":\"https:\\\/\\\/www.notibras.com\\\/site\\\/#\\\/schema\\\/person\\\/36ab0979449956132d3e5b517ea76ac8\"},\"headline\":\"Pizzolato, pronto para a extradi\u00e7\u00e3o, diz preferir morrer a cumprir pena no Brasil\",\"datePublished\":\"2015-05-04T19:50:29+00:00\",\"dateModified\":\"2015-05-05T03:35:19+00:00\",\"mainEntityOfPage\":{\"@id\":\"https:\\\/\\\/www.notibras.com\\\/site\\\/pizzolato-pronto-para-extradicao-diz-preferir-morrer-a-cumprir-pena-no-brasil\\\/\"},\"wordCount\":372,\"commentCount\":0,\"publisher\":{\"@id\":\"https:\\\/\\\/www.notibras.com\\\/site\\\/#organization\"},\"image\":{\"@id\":\"https:\\\/\\\/www.notibras.com\\\/site\\\/pizzolato-pronto-para-extradicao-diz-preferir-morrer-a-cumprir-pena-no-brasil\\\/#primaryimage\"},\"thumbnailUrl\":\"https:\\\/\\\/www.notibras.com\\\/site\\\/wp-content\\\/uploads\\\/2015\\\/05\\\/pizzolato-_-passaporte-falso.jpg\",\"articleSection\":[\"Brasil\"],\"inLanguage\":\"pt-BR\",\"potentialAction\":[{\"@type\":\"CommentAction\",\"name\":\"Comment\",\"target\":[\"https:\\\/\\\/www.notibras.com\\\/site\\\/pizzolato-pronto-para-extradicao-diz-preferir-morrer-a-cumprir-pena-no-brasil\\\/#respond\"]}]},{\"@type\":\"WebPage\",\"@id\":\"https:\\\/\\\/www.notibras.com\\\/site\\\/pizzolato-pronto-para-extradicao-diz-preferir-morrer-a-cumprir-pena-no-brasil\\\/\",\"url\":\"https:\\\/\\\/www.notibras.com\\\/site\\\/pizzolato-pronto-para-extradicao-diz-preferir-morrer-a-cumprir-pena-no-brasil\\\/\",\"name\":\"Pizzolato, pronto para a extradi\u00e7\u00e3o, diz preferir morrer a cumprir pena no Brasil - Notibras\",\"isPartOf\":{\"@id\":\"https:\\\/\\\/www.notibras.com\\\/site\\\/#website\"},\"primaryImageOfPage\":{\"@id\":\"https:\\\/\\\/www.notibras.com\\\/site\\\/pizzolato-pronto-para-extradicao-diz-preferir-morrer-a-cumprir-pena-no-brasil\\\/#primaryimage\"},\"image\":{\"@id\":\"https:\\\/\\\/www.notibras.com\\\/site\\\/pizzolato-pronto-para-extradicao-diz-preferir-morrer-a-cumprir-pena-no-brasil\\\/#primaryimage\"},\"thumbnailUrl\":\"https:\\\/\\\/www.notibras.com\\\/site\\\/wp-content\\\/uploads\\\/2015\\\/05\\\/pizzolato-_-passaporte-falso.jpg\",\"datePublished\":\"2015-05-04T19:50:29+00:00\",\"dateModified\":\"2015-05-05T03:35:19+00:00\",\"breadcrumb\":{\"@id\":\"https:\\\/\\\/www.notibras.com\\\/site\\\/pizzolato-pronto-para-extradicao-diz-preferir-morrer-a-cumprir-pena-no-brasil\\\/#breadcrumb\"},\"inLanguage\":\"pt-BR\",\"potentialAction\":[{\"@type\":\"ReadAction\",\"target\":[\"https:\\\/\\\/www.notibras.com\\\/site\\\/pizzolato-pronto-para-extradicao-diz-preferir-morrer-a-cumprir-pena-no-brasil\\\/\"]}]},{\"@type\":\"ImageObject\",\"inLanguage\":\"pt-BR\",\"@id\":\"https:\\\/\\\/www.notibras.com\\\/site\\\/pizzolato-pronto-para-extradicao-diz-preferir-morrer-a-cumprir-pena-no-brasil\\\/#primaryimage\",\"url\":\"https:\\\/\\\/www.notibras.com\\\/site\\\/wp-content\\\/uploads\\\/2015\\\/05\\\/pizzolato-_-passaporte-falso.jpg\",\"contentUrl\":\"https:\\\/\\\/www.notibras.com\\\/site\\\/wp-content\\\/uploads\\\/2015\\\/05\\\/pizzolato-_-passaporte-falso.jpg\",\"width\":407,\"height\":305},{\"@type\":\"BreadcrumbList\",\"@id\":\"https:\\\/\\\/www.notibras.com\\\/site\\\/pizzolato-pronto-para-extradicao-diz-preferir-morrer-a-cumprir-pena-no-brasil\\\/#breadcrumb\",\"itemListElement\":[{\"@type\":\"ListItem\",\"position\":1,\"name\":\"In\u00edcio\",\"item\":\"https:\\\/\\\/www.notibras.com\\\/site\\\/\"},{\"@type\":\"ListItem\",\"position\":2,\"name\":\"Pizzolato, pronto para a extradi\u00e7\u00e3o, diz preferir morrer a cumprir pena no Brasil\"}]},{\"@type\":\"WebSite\",\"@id\":\"https:\\\/\\\/www.notibras.com\\\/site\\\/#website\",\"url\":\"https:\\\/\\\/www.notibras.com\\\/site\\\/\",\"name\":\"Notibras\",\"description\":\"Not\u00edcias de Bras\u00edlia, do Brasil e do Mundo\",\"publisher\":{\"@id\":\"https:\\\/\\\/www.notibras.com\\\/site\\\/#organization\"},\"potentialAction\":[{\"@type\":\"SearchAction\",\"target\":{\"@type\":\"EntryPoint\",\"urlTemplate\":\"https:\\\/\\\/www.notibras.com\\\/site\\\/?s={search_term_string}\"},\"query-input\":{\"@type\":\"PropertyValueSpecification\",\"valueRequired\":true,\"valueName\":\"search_term_string\"}}],\"inLanguage\":\"pt-BR\"},{\"@type\":\"Organization\",\"@id\":\"https:\\\/\\\/www.notibras.com\\\/site\\\/#organization\",\"name\":\"Grupo Notibras de Comunica\u00e7\u00e3o\",\"url\":\"https:\\\/\\\/www.notibras.com\\\/site\\\/\",\"logo\":{\"@type\":\"ImageObject\",\"inLanguage\":\"pt-BR\",\"@id\":\"https:\\\/\\\/www.notibras.com\\\/site\\\/#\\\/schema\\\/logo\\\/image\\\/\",\"url\":\"https:\\\/\\\/www.notibras.com\\\/site\\\/wp-content\\\/uploads\\\/2023\\\/01\\\/notibras23.png\",\"contentUrl\":\"https:\\\/\\\/www.notibras.com\\\/site\\\/wp-content\\\/uploads\\\/2023\\\/01\\\/notibras23.png\",\"width\":350,\"height\":87,\"caption\":\"Grupo Notibras de Comunica\u00e7\u00e3o\"},\"image\":{\"@id\":\"https:\\\/\\\/www.notibras.com\\\/site\\\/#\\\/schema\\\/logo\\\/image\\\/\"},\"sameAs\":[\"https:\\\/\\\/www.facebook.com\\\/notibras\\\/\",\"https:\\\/\\\/x.com\\\/Notibras\",\"https:\\\/\\\/www.instagram.com\\\/notibras\\\/\"]},{\"@type\":\"Person\",\"@id\":\"https:\\\/\\\/www.notibras.com\\\/site\\\/#\\\/schema\\\/person\\\/36ab0979449956132d3e5b517ea76ac8\",\"name\":\"Reda\u00e7\u00e3o\",\"image\":{\"@type\":\"ImageObject\",\"inLanguage\":\"pt-BR\",\"@id\":\"https:\\\/\\\/secure.gravatar.com\\\/avatar\\\/e0a867bdedb85fd243eadf09663511f96fc81e0720a4a42581f334ad4303aa6b?s=96&d=mm&r=g\",\"url\":\"https:\\\/\\\/secure.gravatar.com\\\/avatar\\\/e0a867bdedb85fd243eadf09663511f96fc81e0720a4a42581f334ad4303aa6b?s=96&d=mm&r=g\",\"contentUrl\":\"https:\\\/\\\/secure.gravatar.com\\\/avatar\\\/e0a867bdedb85fd243eadf09663511f96fc81e0720a4a42581f334ad4303aa6b?s=96&d=mm&r=g\",\"caption\":\"Reda\u00e7\u00e3o\"}}]}<\/script>\n<!-- \/ Yoast SEO plugin. -->","yoast_head_json":{"title":"Pizzolato, pronto para a extradi\u00e7\u00e3o, diz preferir morrer a cumprir pena no Brasil - Notibras","robots":{"index":"index","follow":"follow","max-snippet":"max-snippet:-1","max-image-preview":"max-image-preview:large","max-video-preview":"max-video-preview:-1"},"canonical":"https:\/\/www.notibras.com\/site\/pizzolato-pronto-para-extradicao-diz-preferir-morrer-a-cumprir-pena-no-brasil\/","og_locale":"pt_BR","og_type":"article","og_title":"Pizzolato, pronto para a extradi\u00e7\u00e3o, diz preferir morrer a cumprir pena no Brasil - Notibras","og_description":"O ex-diretor de marketing do Banco do Brasil Henrique Pizzolato afirmou nesta segunda-feira (4) ao senador italiano Carlo Giovanardi que &#8220;prefere morrer a descontar a pena por anos em uma penitenci\u00e1ria do Brasil&#8221;. Giovanardi, que \u00e9 o chefe do partido \u00c1rea Popular na Comiss\u00e3o de Justi\u00e7a do Senado, teve uma reuni\u00e3o com o brasileiro e [&hellip;]","og_url":"https:\/\/www.notibras.com\/site\/pizzolato-pronto-para-extradicao-diz-preferir-morrer-a-cumprir-pena-no-brasil\/","og_site_name":"Notibras","article_publisher":"https:\/\/www.facebook.com\/notibras\/","article_published_time":"2015-05-04T19:50:29+00:00","article_modified_time":"2015-05-05T03:35:19+00:00","og_image":[{"width":407,"height":305,"url":"https:\/\/www.notibras.com\/site\/wp-content\/uploads\/2015\/05\/pizzolato-_-passaporte-falso.jpg","type":"image\/jpeg"}],"author":"Reda\u00e7\u00e3o","twitter_card":"summary_large_image","twitter_creator":"@Notibras","twitter_site":"@Notibras","twitter_misc":{"Escrito por":"Reda\u00e7\u00e3o","Est. tempo de leitura":"2 minutos"},"schema":{"@context":"https:\/\/schema.org","@graph":[{"@type":"Article","@id":"https:\/\/www.notibras.com\/site\/pizzolato-pronto-para-extradicao-diz-preferir-morrer-a-cumprir-pena-no-brasil\/#article","isPartOf":{"@id":"https:\/\/www.notibras.com\/site\/pizzolato-pronto-para-extradicao-diz-preferir-morrer-a-cumprir-pena-no-brasil\/"},"author":{"name":"Reda\u00e7\u00e3o","@id":"https:\/\/www.notibras.com\/site\/#\/schema\/person\/36ab0979449956132d3e5b517ea76ac8"},"headline":"Pizzolato, pronto para a extradi\u00e7\u00e3o, diz preferir morrer a cumprir pena no Brasil","datePublished":"2015-05-04T19:50:29+00:00","dateModified":"2015-05-05T03:35:19+00:00","mainEntityOfPage":{"@id":"https:\/\/www.notibras.com\/site\/pizzolato-pronto-para-extradicao-diz-preferir-morrer-a-cumprir-pena-no-brasil\/"},"wordCount":372,"commentCount":0,"publisher":{"@id":"https:\/\/www.notibras.com\/site\/#organization"},"image":{"@id":"https:\/\/www.notibras.com\/site\/pizzolato-pronto-para-extradicao-diz-preferir-morrer-a-cumprir-pena-no-brasil\/#primaryimage"},"thumbnailUrl":"https:\/\/www.notibras.com\/site\/wp-content\/uploads\/2015\/05\/pizzolato-_-passaporte-falso.jpg","articleSection":["Brasil"],"inLanguage":"pt-BR","potentialAction":[{"@type":"CommentAction","name":"Comment","target":["https:\/\/www.notibras.com\/site\/pizzolato-pronto-para-extradicao-diz-preferir-morrer-a-cumprir-pena-no-brasil\/#respond"]}]},{"@type":"WebPage","@id":"https:\/\/www.notibras.com\/site\/pizzolato-pronto-para-extradicao-diz-preferir-morrer-a-cumprir-pena-no-brasil\/","url":"https:\/\/www.notibras.com\/site\/pizzolato-pronto-para-extradicao-diz-preferir-morrer-a-cumprir-pena-no-brasil\/","name":"Pizzolato, pronto para a extradi\u00e7\u00e3o, diz preferir morrer a cumprir pena no Brasil - Notibras","isPartOf":{"@id":"https:\/\/www.notibras.com\/site\/#website"},"primaryImageOfPage":{"@id":"https:\/\/www.notibras.com\/site\/pizzolato-pronto-para-extradicao-diz-preferir-morrer-a-cumprir-pena-no-brasil\/#primaryimage"},"image":{"@id":"https:\/\/www.notibras.com\/site\/pizzolato-pronto-para-extradicao-diz-preferir-morrer-a-cumprir-pena-no-brasil\/#primaryimage"},"thumbnailUrl":"https:\/\/www.notibras.com\/site\/wp-content\/uploads\/2015\/05\/pizzolato-_-passaporte-falso.jpg","datePublished":"2015-05-04T19:50:29+00:00","dateModified":"2015-05-05T03:35:19+00:00","breadcrumb":{"@id":"https:\/\/www.notibras.com\/site\/pizzolato-pronto-para-extradicao-diz-preferir-morrer-a-cumprir-pena-no-brasil\/#breadcrumb"},"inLanguage":"pt-BR","potentialAction":[{"@type":"ReadAction","target":["https:\/\/www.notibras.com\/site\/pizzolato-pronto-para-extradicao-diz-preferir-morrer-a-cumprir-pena-no-brasil\/"]}]},{"@type":"ImageObject","inLanguage":"pt-BR","@id":"https:\/\/www.notibras.com\/site\/pizzolato-pronto-para-extradicao-diz-preferir-morrer-a-cumprir-pena-no-brasil\/#primaryimage","url":"https:\/\/www.notibras.com\/site\/wp-content\/uploads\/2015\/05\/pizzolato-_-passaporte-falso.jpg","contentUrl":"https:\/\/www.notibras.com\/site\/wp-content\/uploads\/2015\/05\/pizzolato-_-passaporte-falso.jpg","width":407,"height":305},{"@type":"BreadcrumbList","@id":"https:\/\/www.notibras.com\/site\/pizzolato-pronto-para-extradicao-diz-preferir-morrer-a-cumprir-pena-no-brasil\/#breadcrumb","itemListElement":[{"@type":"ListItem","position":1,"name":"In\u00edcio","item":"https:\/\/www.notibras.com\/site\/"},{"@type":"ListItem","position":2,"name":"Pizzolato, pronto para a extradi\u00e7\u00e3o, diz preferir morrer a cumprir pena no Brasil"}]},{"@type":"WebSite","@id":"https:\/\/www.notibras.com\/site\/#website","url":"https:\/\/www.notibras.com\/site\/","name":"Notibras","description":"Not\u00edcias de Bras\u00edlia, do Brasil e do Mundo","publisher":{"@id":"https:\/\/www.notibras.com\/site\/#organization"},"potentialAction":[{"@type":"SearchAction","target":{"@type":"EntryPoint","urlTemplate":"https:\/\/www.notibras.com\/site\/?s={search_term_string}"},"query-input":{"@type":"PropertyValueSpecification","valueRequired":true,"valueName":"search_term_string"}}],"inLanguage":"pt-BR"},{"@type":"Organization","@id":"https:\/\/www.notibras.com\/site\/#organization","name":"Grupo Notibras de Comunica\u00e7\u00e3o","url":"https:\/\/www.notibras.com\/site\/","logo":{"@type":"ImageObject","inLanguage":"pt-BR","@id":"https:\/\/www.notibras.com\/site\/#\/schema\/logo\/image\/","url":"https:\/\/www.notibras.com\/site\/wp-content\/uploads\/2023\/01\/notibras23.png","contentUrl":"https:\/\/www.notibras.com\/site\/wp-content\/uploads\/2023\/01\/notibras23.png","width":350,"height":87,"caption":"Grupo Notibras de Comunica\u00e7\u00e3o"},"image":{"@id":"https:\/\/www.notibras.com\/site\/#\/schema\/logo\/image\/"},"sameAs":["https:\/\/www.facebook.com\/notibras\/","https:\/\/x.com\/Notibras","https:\/\/www.instagram.com\/notibras\/"]},{"@type":"Person","@id":"https:\/\/www.notibras.com\/site\/#\/schema\/person\/36ab0979449956132d3e5b517ea76ac8","name":"Reda\u00e7\u00e3o","image":{"@type":"ImageObject","inLanguage":"pt-BR","@id":"https:\/\/secure.gravatar.com\/avatar\/e0a867bdedb85fd243eadf09663511f96fc81e0720a4a42581f334ad4303aa6b?s=96&d=mm&r=g","url":"https:\/\/secure.gravatar.com\/avatar\/e0a867bdedb85fd243eadf09663511f96fc81e0720a4a42581f334ad4303aa6b?s=96&d=mm&r=g","contentUrl":"https:\/\/secure.gravatar.com\/avatar\/e0a867bdedb85fd243eadf09663511f96fc81e0720a4a42581f334ad4303aa6b?s=96&d=mm&r=g","caption":"Reda\u00e7\u00e3o"}}]}},"amp_enabled":true,"_links":{"self":[{"href":"https:\/\/www.notibras.com\/site\/wp-json\/wp\/v2\/posts\/46725","targetHints":{"allow":["GET"]}}],"collection":[{"href":"https:\/\/www.notibras.com\/site\/wp-json\/wp\/v2\/posts"}],"about":[{"href":"https:\/\/www.notibras.com\/site\/wp-json\/wp\/v2\/types\/post"}],"author":[{"embeddable":true,"href":"https:\/\/www.notibras.com\/site\/wp-json\/wp\/v2\/users\/2"}],"replies":[{"embeddable":true,"href":"https:\/\/www.notibras.com\/site\/wp-json\/wp\/v2\/comments?post=46725"}],"version-history":[{"count":0,"href":"https:\/\/www.notibras.com\/site\/wp-json\/wp\/v2\/posts\/46725\/revisions"}],"wp:featuredmedia":[{"embeddable":true,"href":"https:\/\/www.notibras.com\/site\/wp-json\/wp\/v2\/media\/46726"}],"wp:attachment":[{"href":"https:\/\/www.notibras.com\/site\/wp-json\/wp\/v2\/media?parent=46725"}],"wp:term":[{"taxonomy":"category","embeddable":true,"href":"https:\/\/www.notibras.com\/site\/wp-json\/wp\/v2\/categories?post=46725"},{"taxonomy":"post_tag","embeddable":true,"href":"https:\/\/www.notibras.com\/site\/wp-json\/wp\/v2\/tags?post=46725"}],"curies":[{"name":"wp","href":"https:\/\/api.w.org\/{rel}","templated":true}]}}