{"id":46800,"date":"2015-05-05T00:18:28","date_gmt":"2015-05-05T03:18:28","guid":{"rendered":"http:\/\/www.notibras.com\/site\/?p=46800"},"modified":"2015-05-05T00:18:28","modified_gmt":"2015-05-05T03:18:28","slug":"jeito-de-governar-do-pt-tem-o-odor-da-azeda-imoralidade","status":"publish","type":"post","link":"https:\/\/www.notibras.com\/site\/jeito-de-governar-do-pt-tem-o-odor-da-azeda-imoralidade\/","title":{"rendered":"Jeito de governar do PT tem o odor da azeda imoralidade"},"content":{"rendered":"<p>O jeito de governar do PT cheira a mais completa degrada\u00e7\u00e3o moral. Il\u00edcitos praticados por ele, para petistas e aliados n\u00e3o s\u00e3o il\u00edcitos. E quando algu\u00e9m tenta legalizar algo que no Brasil \u00e9 praticado, escancaradamente, de forma irregular \u00e9 taxado de reacion\u00e1rio, de direita, de membro da elite branca e de outros adjetivos pejorativos e ultrapassados pelos que j\u00e1 foram esquerdas.<\/p>\n<p>O projeto da Terceiriza\u00e7\u00e3o, j\u00e1 foi aprovado na C\u00e2mara, mas no Senado o presidente Renan Calheiros promete &#8220;sentar em cima&#8221;. Entidades que j\u00e1 n\u00e3o gozam de credibilidade junto a sociedade tentam fazer barulho em torno do projeto. Usam &#8220;argumentos que n\u00e3o t\u00eam qualquer amparo na realidade&#8221; para contest\u00e1-lo.<\/p>\n<p>Entidades tipo UNE, sindicatos, CUT e outras Centrais, que se transformaram em tent\u00e1culos do governo, jogam confus\u00e3o na &#8220;cabe\u00e7a dos trabalhadores&#8221;. Levam alguns &#8220;gatos pingados \u00e0s ruas&#8221;, financiados com a contribui\u00e7\u00e3o sindical obrigat\u00f3ria para protestarem contra o projeto, mas n\u00e3o dizem que o governo, ao qual servem, usa a terceiriza\u00e7\u00e3o para explorar e, at\u00e9 escravizar. O governo \u00e9 o maior &#8220;terceirizador&#8221; do pa\u00eds. E o faz de forma ilegal, porque n\u00e3o existe lei que regulamente a quest\u00e3o. O governo n\u00e3o s\u00f3 terceiriza, como at\u00e9 &#8220;quarteiriza&#8221;.<\/p>\n<p>A Petrobr\u00e1s, a Caixa, o Banco do Brasil, outras estatais e a administra\u00e7\u00e3o direta terceirizam. A terceiriza\u00e7\u00e3o est\u00e1 presente, ilegalmente, na sa\u00fade, educa\u00e7\u00e3o, na seguran\u00e7a e em outros setores de servi\u00e7os p\u00fablicos essenciais.<\/p>\n<p>Sob o pretexto de agilizar as obras da &#8220;famigerada&#8221; copa, o governo arrumou, urgentemente, a lei RDC \u2013 Regime de Contrata\u00e7\u00e3o Diferenciada. Entregou as obras as grandes empreiteiras e essas fatiaram entre pequenas, algumas sem nenhuma qualifica\u00e7\u00e3o t\u00e9cnica. As aberra\u00e7\u00f5es aconteceram e, at\u00e9 trabalhadores morreram em servi\u00e7o. As fam\u00edlias de alguns que perderam a vida lutam para receberem os seus direitos e n\u00e3o sabem quando receber\u00e3o Tudo porque se encontram num jogo de empurra-empurra. Isso \u00e9 a terceiriza\u00e7\u00e3o ilegal.<\/p>\n<blockquote><p>O caso dos m\u00e9dicos cubanos \u00e9 descaradamente n\u00e3o somente um caso de terceiriza\u00e7\u00e3o, como tamb\u00e9m de escravid\u00e3o. Tem tamb\u00e9m os casos de &#8220;estagi\u00e1rios&#8221;, presentes em reparti\u00e7\u00f5es p\u00fablicas. Esses recebem menos de um m\u00ednimo, n\u00e3o possuem nenhum direito trabalhista e muitos s\u00e3o colocados para desempenharem atividades fins que nada t\u00eam haver com a profiss\u00e3o que escolheram. Tem muitos mais casos, mas vamos ficar apenas nesses. O espa\u00e7o aqui \u00e9 curto.<\/p><\/blockquote>\n<p>E por que tanta f\u00faria das entidades atreladas ao governo em rela\u00e7\u00e3o ao projeto? \u00c9 simples! O governo s\u00f3 tem mentido e vem tirando direitos dos trabalhadores. O governo sofre um grande desgaste junto \u00e0 popula\u00e7\u00e3o brasileira. E as entidades pelegas foram &#8220;convocadas&#8221; para ajudar a reverter a situa\u00e7\u00e3o. Viram no projeto uma forma de desviar o foco. Elas sabem que a terceiriza\u00e7\u00e3o \u00e9 uma realidade e, por n\u00e3o ser legalizada chega a ser escravizante.<\/p>\n<p>E tem mais uma: as entidades atreladas veem no projeto a abertura de um novo caminho para a organiza\u00e7\u00e3o dos trabalhadores e que ferem seus interesses. O projeto for\u00e7ar\u00e1 inova\u00e7\u00f5es nas rela\u00e7\u00f5es associativistas, regulamentar\u00e1 rela\u00e7\u00f5es entre o capital e trabalho at\u00e9 ent\u00e3o desregulamentadas. O projeto amea\u00e7a a unicidade e, a contribui\u00e7\u00e3o sindical obrigat\u00f3ria; amea\u00e7a regalias vividas por dirigentes sindicais pelegos. Sindicatos hoje, praticamente, s\u00f3 desempenham fun\u00e7\u00f5es &#8220;cartoriais&#8221;. J\u00e1 n\u00e3o s\u00e3o mais sin\u00f4nimos de luta.<\/p>\n<p>Tais entidades conhecem a realidade na qual o pa\u00eds est\u00e1 metido, mas fingem desconhec\u00ea-la. Em outras ocasi\u00f5es, tais entidades estariam nas ruas lutando contra o governo que tira direitos dos trabalhadores em nome de um ajuste fiscal. Mas agora o momento \u00e9 outro.<\/p>\n<p>Dirigentes pelegos querem continuar &#8220;mamando nas tetas de um governo&#8221; que mente e pretende institucionalizar &#8220;il\u00edcitos&#8221;, desde que atendam ao seu projeto de poder. O mesmo projeto da &#8220;pelegada&#8221;. Eles, governo e &#8220;pelegada&#8221; n\u00e3o se &#8220;preocupam com o amparo da realidade&#8221; em leis. A realidade \u00e9 s\u00f3 a deles. A eles s\u00f3 interessa a invers\u00e3o de valores.<\/p>\n<p><strong>Fernando Ant\u00f4nio de Almeida<\/strong><\/p>\n","protected":false},"excerpt":{"rendered":"<p>O jeito de governar do PT cheira a mais completa degrada\u00e7\u00e3o moral. Il\u00edcitos praticados por ele, para petistas e aliados n\u00e3o s\u00e3o il\u00edcitos. E quando algu\u00e9m tenta legalizar algo que no Brasil \u00e9 praticado, escancaradamente, de forma irregular \u00e9 taxado de reacion\u00e1rio, de direita, de membro da elite branca e de outros adjetivos pejorativos e [&hellip;]<\/p>\n","protected":false},"author":2,"featured_media":46801,"comment_status":"open","ping_status":"closed","sticky":false,"template":"","format":"standard","meta":{"_acf_changed":false,"footnotes":""},"categories":[25],"tags":[],"class_list":["post-46800","post","type-post","status-publish","format-standard","has-post-thumbnail","hentry","category-opina-ai"],"acf":[],"yoast_head":"<!-- This site is optimized with the Yoast SEO plugin v27.5 - https:\/\/yoast.com\/product\/yoast-seo-wordpress\/ -->\n<title>Jeito de governar do PT tem o odor da azeda imoralidade - Notibras<\/title>\n<meta name=\"robots\" content=\"index, follow, max-snippet:-1, max-image-preview:large, max-video-preview:-1\" \/>\n<link rel=\"canonical\" href=\"https:\/\/www.notibras.com\/site\/jeito-de-governar-do-pt-tem-o-odor-da-azeda-imoralidade\/\" \/>\n<meta property=\"og:locale\" content=\"pt_BR\" \/>\n<meta property=\"og:type\" content=\"article\" \/>\n<meta property=\"og:title\" content=\"Jeito de governar do PT tem o odor da azeda imoralidade - Notibras\" \/>\n<meta property=\"og:description\" content=\"O jeito de governar do PT cheira a mais completa degrada\u00e7\u00e3o moral. Il\u00edcitos praticados por ele, para petistas e aliados n\u00e3o s\u00e3o il\u00edcitos. E quando algu\u00e9m tenta legalizar algo que no Brasil \u00e9 praticado, escancaradamente, de forma irregular \u00e9 taxado de reacion\u00e1rio, de direita, de membro da elite branca e de outros adjetivos pejorativos e [&hellip;]\" \/>\n<meta property=\"og:url\" content=\"https:\/\/www.notibras.com\/site\/jeito-de-governar-do-pt-tem-o-odor-da-azeda-imoralidade\/\" \/>\n<meta property=\"og:site_name\" content=\"Notibras\" \/>\n<meta property=\"article:publisher\" content=\"https:\/\/www.facebook.com\/notibras\/\" \/>\n<meta property=\"article:published_time\" content=\"2015-05-05T03:18:28+00:00\" \/>\n<meta property=\"og:image\" content=\"https:\/\/www.notibras.com\/site\/wp-content\/uploads\/2015\/05\/coucho.jpg\" \/>\n\t<meta property=\"og:image:width\" content=\"400\" \/>\n\t<meta property=\"og:image:height\" content=\"324\" \/>\n\t<meta property=\"og:image:type\" content=\"image\/jpeg\" \/>\n<meta name=\"author\" content=\"Reda\u00e7\u00e3o\" \/>\n<meta name=\"twitter:card\" content=\"summary_large_image\" \/>\n<meta name=\"twitter:creator\" content=\"@Notibras\" \/>\n<meta name=\"twitter:site\" content=\"@Notibras\" \/>\n<meta name=\"twitter:label1\" content=\"Escrito por\" \/>\n\t<meta name=\"twitter:data1\" content=\"Reda\u00e7\u00e3o\" \/>\n\t<meta name=\"twitter:label2\" content=\"Est. tempo de leitura\" \/>\n\t<meta name=\"twitter:data2\" content=\"3 minutos\" \/>\n<script type=\"application\/ld+json\" class=\"yoast-schema-graph\">{\"@context\":\"https:\\\/\\\/schema.org\",\"@graph\":[{\"@type\":\"Article\",\"@id\":\"https:\\\/\\\/www.notibras.com\\\/site\\\/jeito-de-governar-do-pt-tem-o-odor-da-azeda-imoralidade\\\/#article\",\"isPartOf\":{\"@id\":\"https:\\\/\\\/www.notibras.com\\\/site\\\/jeito-de-governar-do-pt-tem-o-odor-da-azeda-imoralidade\\\/\"},\"author\":{\"name\":\"Reda\u00e7\u00e3o\",\"@id\":\"https:\\\/\\\/www.notibras.com\\\/site\\\/#\\\/schema\\\/person\\\/36ab0979449956132d3e5b517ea76ac8\"},\"headline\":\"Jeito de governar do PT tem o odor da azeda imoralidade\",\"datePublished\":\"2015-05-05T03:18:28+00:00\",\"mainEntityOfPage\":{\"@id\":\"https:\\\/\\\/www.notibras.com\\\/site\\\/jeito-de-governar-do-pt-tem-o-odor-da-azeda-imoralidade\\\/\"},\"wordCount\":710,\"commentCount\":0,\"publisher\":{\"@id\":\"https:\\\/\\\/www.notibras.com\\\/site\\\/#organization\"},\"image\":{\"@id\":\"https:\\\/\\\/www.notibras.com\\\/site\\\/jeito-de-governar-do-pt-tem-o-odor-da-azeda-imoralidade\\\/#primaryimage\"},\"thumbnailUrl\":\"https:\\\/\\\/www.notibras.com\\\/site\\\/wp-content\\\/uploads\\\/2015\\\/05\\\/coucho.jpg\",\"articleSection\":[\"Opina a\u00ed\"],\"inLanguage\":\"pt-BR\",\"potentialAction\":[{\"@type\":\"CommentAction\",\"name\":\"Comment\",\"target\":[\"https:\\\/\\\/www.notibras.com\\\/site\\\/jeito-de-governar-do-pt-tem-o-odor-da-azeda-imoralidade\\\/#respond\"]}]},{\"@type\":\"WebPage\",\"@id\":\"https:\\\/\\\/www.notibras.com\\\/site\\\/jeito-de-governar-do-pt-tem-o-odor-da-azeda-imoralidade\\\/\",\"url\":\"https:\\\/\\\/www.notibras.com\\\/site\\\/jeito-de-governar-do-pt-tem-o-odor-da-azeda-imoralidade\\\/\",\"name\":\"Jeito de governar do PT tem o odor da azeda imoralidade - Notibras\",\"isPartOf\":{\"@id\":\"https:\\\/\\\/www.notibras.com\\\/site\\\/#website\"},\"primaryImageOfPage\":{\"@id\":\"https:\\\/\\\/www.notibras.com\\\/site\\\/jeito-de-governar-do-pt-tem-o-odor-da-azeda-imoralidade\\\/#primaryimage\"},\"image\":{\"@id\":\"https:\\\/\\\/www.notibras.com\\\/site\\\/jeito-de-governar-do-pt-tem-o-odor-da-azeda-imoralidade\\\/#primaryimage\"},\"thumbnailUrl\":\"https:\\\/\\\/www.notibras.com\\\/site\\\/wp-content\\\/uploads\\\/2015\\\/05\\\/coucho.jpg\",\"datePublished\":\"2015-05-05T03:18:28+00:00\",\"breadcrumb\":{\"@id\":\"https:\\\/\\\/www.notibras.com\\\/site\\\/jeito-de-governar-do-pt-tem-o-odor-da-azeda-imoralidade\\\/#breadcrumb\"},\"inLanguage\":\"pt-BR\",\"potentialAction\":[{\"@type\":\"ReadAction\",\"target\":[\"https:\\\/\\\/www.notibras.com\\\/site\\\/jeito-de-governar-do-pt-tem-o-odor-da-azeda-imoralidade\\\/\"]}]},{\"@type\":\"ImageObject\",\"inLanguage\":\"pt-BR\",\"@id\":\"https:\\\/\\\/www.notibras.com\\\/site\\\/jeito-de-governar-do-pt-tem-o-odor-da-azeda-imoralidade\\\/#primaryimage\",\"url\":\"https:\\\/\\\/www.notibras.com\\\/site\\\/wp-content\\\/uploads\\\/2015\\\/05\\\/coucho.jpg\",\"contentUrl\":\"https:\\\/\\\/www.notibras.com\\\/site\\\/wp-content\\\/uploads\\\/2015\\\/05\\\/coucho.jpg\",\"width\":400,\"height\":324},{\"@type\":\"BreadcrumbList\",\"@id\":\"https:\\\/\\\/www.notibras.com\\\/site\\\/jeito-de-governar-do-pt-tem-o-odor-da-azeda-imoralidade\\\/#breadcrumb\",\"itemListElement\":[{\"@type\":\"ListItem\",\"position\":1,\"name\":\"In\u00edcio\",\"item\":\"https:\\\/\\\/www.notibras.com\\\/site\\\/\"},{\"@type\":\"ListItem\",\"position\":2,\"name\":\"Jeito de governar do PT tem o odor da azeda imoralidade\"}]},{\"@type\":\"WebSite\",\"@id\":\"https:\\\/\\\/www.notibras.com\\\/site\\\/#website\",\"url\":\"https:\\\/\\\/www.notibras.com\\\/site\\\/\",\"name\":\"Notibras\",\"description\":\"Not\u00edcias de Bras\u00edlia, do Brasil e do Mundo\",\"publisher\":{\"@id\":\"https:\\\/\\\/www.notibras.com\\\/site\\\/#organization\"},\"potentialAction\":[{\"@type\":\"SearchAction\",\"target\":{\"@type\":\"EntryPoint\",\"urlTemplate\":\"https:\\\/\\\/www.notibras.com\\\/site\\\/?s={search_term_string}\"},\"query-input\":{\"@type\":\"PropertyValueSpecification\",\"valueRequired\":true,\"valueName\":\"search_term_string\"}}],\"inLanguage\":\"pt-BR\"},{\"@type\":\"Organization\",\"@id\":\"https:\\\/\\\/www.notibras.com\\\/site\\\/#organization\",\"name\":\"Grupo Notibras de Comunica\u00e7\u00e3o\",\"url\":\"https:\\\/\\\/www.notibras.com\\\/site\\\/\",\"logo\":{\"@type\":\"ImageObject\",\"inLanguage\":\"pt-BR\",\"@id\":\"https:\\\/\\\/www.notibras.com\\\/site\\\/#\\\/schema\\\/logo\\\/image\\\/\",\"url\":\"https:\\\/\\\/www.notibras.com\\\/site\\\/wp-content\\\/uploads\\\/2023\\\/01\\\/notibras23.png\",\"contentUrl\":\"https:\\\/\\\/www.notibras.com\\\/site\\\/wp-content\\\/uploads\\\/2023\\\/01\\\/notibras23.png\",\"width\":350,\"height\":87,\"caption\":\"Grupo Notibras de Comunica\u00e7\u00e3o\"},\"image\":{\"@id\":\"https:\\\/\\\/www.notibras.com\\\/site\\\/#\\\/schema\\\/logo\\\/image\\\/\"},\"sameAs\":[\"https:\\\/\\\/www.facebook.com\\\/notibras\\\/\",\"https:\\\/\\\/x.com\\\/Notibras\",\"https:\\\/\\\/www.instagram.com\\\/notibras\\\/\"]},{\"@type\":\"Person\",\"@id\":\"https:\\\/\\\/www.notibras.com\\\/site\\\/#\\\/schema\\\/person\\\/36ab0979449956132d3e5b517ea76ac8\",\"name\":\"Reda\u00e7\u00e3o\",\"image\":{\"@type\":\"ImageObject\",\"inLanguage\":\"pt-BR\",\"@id\":\"https:\\\/\\\/secure.gravatar.com\\\/avatar\\\/e0a867bdedb85fd243eadf09663511f96fc81e0720a4a42581f334ad4303aa6b?s=96&d=mm&r=g\",\"url\":\"https:\\\/\\\/secure.gravatar.com\\\/avatar\\\/e0a867bdedb85fd243eadf09663511f96fc81e0720a4a42581f334ad4303aa6b?s=96&d=mm&r=g\",\"contentUrl\":\"https:\\\/\\\/secure.gravatar.com\\\/avatar\\\/e0a867bdedb85fd243eadf09663511f96fc81e0720a4a42581f334ad4303aa6b?s=96&d=mm&r=g\",\"caption\":\"Reda\u00e7\u00e3o\"}}]}<\/script>\n<!-- \/ Yoast SEO plugin. -->","yoast_head_json":{"title":"Jeito de governar do PT tem o odor da azeda imoralidade - Notibras","robots":{"index":"index","follow":"follow","max-snippet":"max-snippet:-1","max-image-preview":"max-image-preview:large","max-video-preview":"max-video-preview:-1"},"canonical":"https:\/\/www.notibras.com\/site\/jeito-de-governar-do-pt-tem-o-odor-da-azeda-imoralidade\/","og_locale":"pt_BR","og_type":"article","og_title":"Jeito de governar do PT tem o odor da azeda imoralidade - Notibras","og_description":"O jeito de governar do PT cheira a mais completa degrada\u00e7\u00e3o moral. Il\u00edcitos praticados por ele, para petistas e aliados n\u00e3o s\u00e3o il\u00edcitos. E quando algu\u00e9m tenta legalizar algo que no Brasil \u00e9 praticado, escancaradamente, de forma irregular \u00e9 taxado de reacion\u00e1rio, de direita, de membro da elite branca e de outros adjetivos pejorativos e [&hellip;]","og_url":"https:\/\/www.notibras.com\/site\/jeito-de-governar-do-pt-tem-o-odor-da-azeda-imoralidade\/","og_site_name":"Notibras","article_publisher":"https:\/\/www.facebook.com\/notibras\/","article_published_time":"2015-05-05T03:18:28+00:00","og_image":[{"width":400,"height":324,"url":"https:\/\/www.notibras.com\/site\/wp-content\/uploads\/2015\/05\/coucho.jpg","type":"image\/jpeg"}],"author":"Reda\u00e7\u00e3o","twitter_card":"summary_large_image","twitter_creator":"@Notibras","twitter_site":"@Notibras","twitter_misc":{"Escrito por":"Reda\u00e7\u00e3o","Est. tempo de leitura":"3 minutos"},"schema":{"@context":"https:\/\/schema.org","@graph":[{"@type":"Article","@id":"https:\/\/www.notibras.com\/site\/jeito-de-governar-do-pt-tem-o-odor-da-azeda-imoralidade\/#article","isPartOf":{"@id":"https:\/\/www.notibras.com\/site\/jeito-de-governar-do-pt-tem-o-odor-da-azeda-imoralidade\/"},"author":{"name":"Reda\u00e7\u00e3o","@id":"https:\/\/www.notibras.com\/site\/#\/schema\/person\/36ab0979449956132d3e5b517ea76ac8"},"headline":"Jeito de governar do PT tem o odor da azeda imoralidade","datePublished":"2015-05-05T03:18:28+00:00","mainEntityOfPage":{"@id":"https:\/\/www.notibras.com\/site\/jeito-de-governar-do-pt-tem-o-odor-da-azeda-imoralidade\/"},"wordCount":710,"commentCount":0,"publisher":{"@id":"https:\/\/www.notibras.com\/site\/#organization"},"image":{"@id":"https:\/\/www.notibras.com\/site\/jeito-de-governar-do-pt-tem-o-odor-da-azeda-imoralidade\/#primaryimage"},"thumbnailUrl":"https:\/\/www.notibras.com\/site\/wp-content\/uploads\/2015\/05\/coucho.jpg","articleSection":["Opina a\u00ed"],"inLanguage":"pt-BR","potentialAction":[{"@type":"CommentAction","name":"Comment","target":["https:\/\/www.notibras.com\/site\/jeito-de-governar-do-pt-tem-o-odor-da-azeda-imoralidade\/#respond"]}]},{"@type":"WebPage","@id":"https:\/\/www.notibras.com\/site\/jeito-de-governar-do-pt-tem-o-odor-da-azeda-imoralidade\/","url":"https:\/\/www.notibras.com\/site\/jeito-de-governar-do-pt-tem-o-odor-da-azeda-imoralidade\/","name":"Jeito de governar do PT tem o odor da azeda imoralidade - Notibras","isPartOf":{"@id":"https:\/\/www.notibras.com\/site\/#website"},"primaryImageOfPage":{"@id":"https:\/\/www.notibras.com\/site\/jeito-de-governar-do-pt-tem-o-odor-da-azeda-imoralidade\/#primaryimage"},"image":{"@id":"https:\/\/www.notibras.com\/site\/jeito-de-governar-do-pt-tem-o-odor-da-azeda-imoralidade\/#primaryimage"},"thumbnailUrl":"https:\/\/www.notibras.com\/site\/wp-content\/uploads\/2015\/05\/coucho.jpg","datePublished":"2015-05-05T03:18:28+00:00","breadcrumb":{"@id":"https:\/\/www.notibras.com\/site\/jeito-de-governar-do-pt-tem-o-odor-da-azeda-imoralidade\/#breadcrumb"},"inLanguage":"pt-BR","potentialAction":[{"@type":"ReadAction","target":["https:\/\/www.notibras.com\/site\/jeito-de-governar-do-pt-tem-o-odor-da-azeda-imoralidade\/"]}]},{"@type":"ImageObject","inLanguage":"pt-BR","@id":"https:\/\/www.notibras.com\/site\/jeito-de-governar-do-pt-tem-o-odor-da-azeda-imoralidade\/#primaryimage","url":"https:\/\/www.notibras.com\/site\/wp-content\/uploads\/2015\/05\/coucho.jpg","contentUrl":"https:\/\/www.notibras.com\/site\/wp-content\/uploads\/2015\/05\/coucho.jpg","width":400,"height":324},{"@type":"BreadcrumbList","@id":"https:\/\/www.notibras.com\/site\/jeito-de-governar-do-pt-tem-o-odor-da-azeda-imoralidade\/#breadcrumb","itemListElement":[{"@type":"ListItem","position":1,"name":"In\u00edcio","item":"https:\/\/www.notibras.com\/site\/"},{"@type":"ListItem","position":2,"name":"Jeito de governar do PT tem o odor da azeda imoralidade"}]},{"@type":"WebSite","@id":"https:\/\/www.notibras.com\/site\/#website","url":"https:\/\/www.notibras.com\/site\/","name":"Notibras","description":"Not\u00edcias de Bras\u00edlia, do Brasil e do Mundo","publisher":{"@id":"https:\/\/www.notibras.com\/site\/#organization"},"potentialAction":[{"@type":"SearchAction","target":{"@type":"EntryPoint","urlTemplate":"https:\/\/www.notibras.com\/site\/?s={search_term_string}"},"query-input":{"@type":"PropertyValueSpecification","valueRequired":true,"valueName":"search_term_string"}}],"inLanguage":"pt-BR"},{"@type":"Organization","@id":"https:\/\/www.notibras.com\/site\/#organization","name":"Grupo Notibras de Comunica\u00e7\u00e3o","url":"https:\/\/www.notibras.com\/site\/","logo":{"@type":"ImageObject","inLanguage":"pt-BR","@id":"https:\/\/www.notibras.com\/site\/#\/schema\/logo\/image\/","url":"https:\/\/www.notibras.com\/site\/wp-content\/uploads\/2023\/01\/notibras23.png","contentUrl":"https:\/\/www.notibras.com\/site\/wp-content\/uploads\/2023\/01\/notibras23.png","width":350,"height":87,"caption":"Grupo Notibras de Comunica\u00e7\u00e3o"},"image":{"@id":"https:\/\/www.notibras.com\/site\/#\/schema\/logo\/image\/"},"sameAs":["https:\/\/www.facebook.com\/notibras\/","https:\/\/x.com\/Notibras","https:\/\/www.instagram.com\/notibras\/"]},{"@type":"Person","@id":"https:\/\/www.notibras.com\/site\/#\/schema\/person\/36ab0979449956132d3e5b517ea76ac8","name":"Reda\u00e7\u00e3o","image":{"@type":"ImageObject","inLanguage":"pt-BR","@id":"https:\/\/secure.gravatar.com\/avatar\/e0a867bdedb85fd243eadf09663511f96fc81e0720a4a42581f334ad4303aa6b?s=96&d=mm&r=g","url":"https:\/\/secure.gravatar.com\/avatar\/e0a867bdedb85fd243eadf09663511f96fc81e0720a4a42581f334ad4303aa6b?s=96&d=mm&r=g","contentUrl":"https:\/\/secure.gravatar.com\/avatar\/e0a867bdedb85fd243eadf09663511f96fc81e0720a4a42581f334ad4303aa6b?s=96&d=mm&r=g","caption":"Reda\u00e7\u00e3o"}}]}},"amp_enabled":true,"_links":{"self":[{"href":"https:\/\/www.notibras.com\/site\/wp-json\/wp\/v2\/posts\/46800","targetHints":{"allow":["GET"]}}],"collection":[{"href":"https:\/\/www.notibras.com\/site\/wp-json\/wp\/v2\/posts"}],"about":[{"href":"https:\/\/www.notibras.com\/site\/wp-json\/wp\/v2\/types\/post"}],"author":[{"embeddable":true,"href":"https:\/\/www.notibras.com\/site\/wp-json\/wp\/v2\/users\/2"}],"replies":[{"embeddable":true,"href":"https:\/\/www.notibras.com\/site\/wp-json\/wp\/v2\/comments?post=46800"}],"version-history":[{"count":0,"href":"https:\/\/www.notibras.com\/site\/wp-json\/wp\/v2\/posts\/46800\/revisions"}],"wp:featuredmedia":[{"embeddable":true,"href":"https:\/\/www.notibras.com\/site\/wp-json\/wp\/v2\/media\/46801"}],"wp:attachment":[{"href":"https:\/\/www.notibras.com\/site\/wp-json\/wp\/v2\/media?parent=46800"}],"wp:term":[{"taxonomy":"category","embeddable":true,"href":"https:\/\/www.notibras.com\/site\/wp-json\/wp\/v2\/categories?post=46800"},{"taxonomy":"post_tag","embeddable":true,"href":"https:\/\/www.notibras.com\/site\/wp-json\/wp\/v2\/tags?post=46800"}],"curies":[{"name":"wp","href":"https:\/\/api.w.org\/{rel}","templated":true}]}}