{"id":46865,"date":"2015-05-05T09:57:33","date_gmt":"2015-05-05T12:57:33","guid":{"rendered":"http:\/\/www.notibras.com\/site\/?p=46865"},"modified":"2015-05-05T09:57:33","modified_gmt":"2015-05-05T12:57:33","slug":"sobe-para-7-557-numero-de-mortos-em-terremoto-no-nepal","status":"publish","type":"post","link":"https:\/\/www.notibras.com\/site\/sobe-para-7-557-numero-de-mortos-em-terremoto-no-nepal\/","title":{"rendered":"Sobe para 7.557 n\u00famero de mortos em terremoto no Nepal"},"content":{"rendered":"<p>O Centro de Opera\u00e7\u00f5es de Emerg\u00eancia Nacional do Nepal elevou hoje (5) para 7.557 o n\u00famero de mortes causadas pelo terremoto do dia 25 \u2013 o mais mortal do pa\u00eds em mais de 80 anos e que deixou 14.536 feridos.<\/p>\n<p>As autoridades nepalesas advertiram, por\u00e9m, que o balan\u00e7o final dever\u00e1 aumentar, pois as equipes de resgate come\u00e7am a ter acesso \u00e0s regi\u00f5es mais remotas do pa\u00eds. O sismo tamb\u00e9m fez mais de 100 mortos na \u00cdndia e China.<\/p>\n<blockquote><p>As autoridades nepalesas informaram hoje que &#8220;um ex\u00e9rcito&#8221; de trabalhadores est\u00e1 finalmente conseguindo fazer chegar a ajuda aos sobreviventes do terremoto no Nepal.<\/p><\/blockquote>\n<p>Mais de 131,5 mil militares e policiais nepaleses participam atualmente da opera\u00e7\u00e3o, apoiados por mais de 100 equipes de trabalhadores humanit\u00e1rios estrangeiros.<\/p>\n<p>O governo do Nepal tem sido alvo de cr\u00edticas pelos atrasos na entrega de ajuda, situa\u00e7\u00e3o que o Minist\u00e9rio do Interior afirmou estar atualmente sob controle.<\/p>\n","protected":false},"excerpt":{"rendered":"<p>O Centro de Opera\u00e7\u00f5es de Emerg\u00eancia Nacional do Nepal elevou hoje (5) para 7.557 o n\u00famero de mortes causadas pelo terremoto do dia 25 \u2013 o mais mortal do pa\u00eds em mais de 80 anos e que deixou 14.536 feridos. As autoridades nepalesas advertiram, por\u00e9m, que o balan\u00e7o final dever\u00e1 aumentar, pois as equipes de [&hellip;]<\/p>\n","protected":false},"author":1,"featured_media":46868,"comment_status":"open","ping_status":"closed","sticky":false,"template":"","format":"standard","meta":{"_acf_changed":false,"footnotes":""},"categories":[17],"tags":[],"class_list":["post-46865","post","type-post","status-publish","format-standard","has-post-thumbnail","hentry","category-mundo"],"acf":[],"yoast_head":"<!-- This site is optimized with the Yoast SEO plugin v27.5 - https:\/\/yoast.com\/product\/yoast-seo-wordpress\/ -->\n<title>Sobe para 7.557 n\u00famero de mortos em terremoto no Nepal - Notibras<\/title>\n<meta name=\"robots\" content=\"index, follow, max-snippet:-1, max-image-preview:large, max-video-preview:-1\" \/>\n<link rel=\"canonical\" href=\"https:\/\/www.notibras.com\/site\/sobe-para-7-557-numero-de-mortos-em-terremoto-no-nepal\/\" \/>\n<meta property=\"og:locale\" content=\"pt_BR\" \/>\n<meta property=\"og:type\" content=\"article\" \/>\n<meta property=\"og:title\" content=\"Sobe para 7.557 n\u00famero de mortos em terremoto no Nepal - Notibras\" \/>\n<meta property=\"og:description\" content=\"O Centro de Opera\u00e7\u00f5es de Emerg\u00eancia Nacional do Nepal elevou hoje (5) para 7.557 o n\u00famero de mortes causadas pelo terremoto do dia 25 \u2013 o mais mortal do pa\u00eds em mais de 80 anos e que deixou 14.536 feridos. As autoridades nepalesas advertiram, por\u00e9m, que o balan\u00e7o final dever\u00e1 aumentar, pois as equipes de [&hellip;]\" \/>\n<meta property=\"og:url\" content=\"https:\/\/www.notibras.com\/site\/sobe-para-7-557-numero-de-mortos-em-terremoto-no-nepal\/\" \/>\n<meta property=\"og:site_name\" content=\"Notibras\" \/>\n<meta property=\"article:publisher\" content=\"https:\/\/www.facebook.com\/notibras\/\" \/>\n<meta property=\"article:published_time\" content=\"2015-05-05T12:57:33+00:00\" \/>\n<meta property=\"og:image\" content=\"https:\/\/www.notibras.com\/site\/wp-content\/uploads\/2015\/05\/Sem-t\u00edtulo-115.jpg\" \/>\n\t<meta property=\"og:image:width\" content=\"400\" \/>\n\t<meta property=\"og:image:height\" content=\"267\" \/>\n\t<meta property=\"og:image:type\" content=\"image\/jpeg\" \/>\n<meta name=\"author\" content=\"Reda\u00e7\u00e3o\" \/>\n<meta name=\"twitter:card\" content=\"summary_large_image\" \/>\n<meta name=\"twitter:creator\" content=\"@Notibras\" \/>\n<meta name=\"twitter:site\" content=\"@Notibras\" \/>\n<meta name=\"twitter:label1\" content=\"Escrito por\" \/>\n\t<meta name=\"twitter:data1\" content=\"Reda\u00e7\u00e3o\" \/>\n\t<meta name=\"twitter:label2\" content=\"Est. tempo de leitura\" \/>\n\t<meta name=\"twitter:data2\" content=\"1 minuto\" \/>\n<script type=\"application\/ld+json\" class=\"yoast-schema-graph\">{\"@context\":\"https:\\\/\\\/schema.org\",\"@graph\":[{\"@type\":\"Article\",\"@id\":\"https:\\\/\\\/www.notibras.com\\\/site\\\/sobe-para-7-557-numero-de-mortos-em-terremoto-no-nepal\\\/#article\",\"isPartOf\":{\"@id\":\"https:\\\/\\\/www.notibras.com\\\/site\\\/sobe-para-7-557-numero-de-mortos-em-terremoto-no-nepal\\\/\"},\"author\":{\"name\":\"Reda\u00e7\u00e3o\",\"@id\":\"https:\\\/\\\/www.notibras.com\\\/site\\\/#\\\/schema\\\/person\\\/00b8e1aa08f9ef6563e878c5159d01cf\"},\"headline\":\"Sobe para 7.557 n\u00famero de mortos em terremoto no Nepal\",\"datePublished\":\"2015-05-05T12:57:33+00:00\",\"mainEntityOfPage\":{\"@id\":\"https:\\\/\\\/www.notibras.com\\\/site\\\/sobe-para-7-557-numero-de-mortos-em-terremoto-no-nepal\\\/\"},\"wordCount\":166,\"commentCount\":0,\"publisher\":{\"@id\":\"https:\\\/\\\/www.notibras.com\\\/site\\\/#organization\"},\"image\":{\"@id\":\"https:\\\/\\\/www.notibras.com\\\/site\\\/sobe-para-7-557-numero-de-mortos-em-terremoto-no-nepal\\\/#primaryimage\"},\"thumbnailUrl\":\"https:\\\/\\\/www.notibras.com\\\/site\\\/wp-content\\\/uploads\\\/2015\\\/05\\\/Sem-t\u00edtulo-115.jpg\",\"articleSection\":[\"Mundo\"],\"inLanguage\":\"pt-BR\",\"potentialAction\":[{\"@type\":\"CommentAction\",\"name\":\"Comment\",\"target\":[\"https:\\\/\\\/www.notibras.com\\\/site\\\/sobe-para-7-557-numero-de-mortos-em-terremoto-no-nepal\\\/#respond\"]}]},{\"@type\":\"WebPage\",\"@id\":\"https:\\\/\\\/www.notibras.com\\\/site\\\/sobe-para-7-557-numero-de-mortos-em-terremoto-no-nepal\\\/\",\"url\":\"https:\\\/\\\/www.notibras.com\\\/site\\\/sobe-para-7-557-numero-de-mortos-em-terremoto-no-nepal\\\/\",\"name\":\"Sobe para 7.557 n\u00famero de mortos em terremoto no Nepal - Notibras\",\"isPartOf\":{\"@id\":\"https:\\\/\\\/www.notibras.com\\\/site\\\/#website\"},\"primaryImageOfPage\":{\"@id\":\"https:\\\/\\\/www.notibras.com\\\/site\\\/sobe-para-7-557-numero-de-mortos-em-terremoto-no-nepal\\\/#primaryimage\"},\"image\":{\"@id\":\"https:\\\/\\\/www.notibras.com\\\/site\\\/sobe-para-7-557-numero-de-mortos-em-terremoto-no-nepal\\\/#primaryimage\"},\"thumbnailUrl\":\"https:\\\/\\\/www.notibras.com\\\/site\\\/wp-content\\\/uploads\\\/2015\\\/05\\\/Sem-t\u00edtulo-115.jpg\",\"datePublished\":\"2015-05-05T12:57:33+00:00\",\"breadcrumb\":{\"@id\":\"https:\\\/\\\/www.notibras.com\\\/site\\\/sobe-para-7-557-numero-de-mortos-em-terremoto-no-nepal\\\/#breadcrumb\"},\"inLanguage\":\"pt-BR\",\"potentialAction\":[{\"@type\":\"ReadAction\",\"target\":[\"https:\\\/\\\/www.notibras.com\\\/site\\\/sobe-para-7-557-numero-de-mortos-em-terremoto-no-nepal\\\/\"]}]},{\"@type\":\"ImageObject\",\"inLanguage\":\"pt-BR\",\"@id\":\"https:\\\/\\\/www.notibras.com\\\/site\\\/sobe-para-7-557-numero-de-mortos-em-terremoto-no-nepal\\\/#primaryimage\",\"url\":\"https:\\\/\\\/www.notibras.com\\\/site\\\/wp-content\\\/uploads\\\/2015\\\/05\\\/Sem-t\u00edtulo-115.jpg\",\"contentUrl\":\"https:\\\/\\\/www.notibras.com\\\/site\\\/wp-content\\\/uploads\\\/2015\\\/05\\\/Sem-t\u00edtulo-115.jpg\",\"width\":400,\"height\":267},{\"@type\":\"BreadcrumbList\",\"@id\":\"https:\\\/\\\/www.notibras.com\\\/site\\\/sobe-para-7-557-numero-de-mortos-em-terremoto-no-nepal\\\/#breadcrumb\",\"itemListElement\":[{\"@type\":\"ListItem\",\"position\":1,\"name\":\"In\u00edcio\",\"item\":\"https:\\\/\\\/www.notibras.com\\\/site\\\/\"},{\"@type\":\"ListItem\",\"position\":2,\"name\":\"Sobe para 7.557 n\u00famero de mortos em terremoto no Nepal\"}]},{\"@type\":\"WebSite\",\"@id\":\"https:\\\/\\\/www.notibras.com\\\/site\\\/#website\",\"url\":\"https:\\\/\\\/www.notibras.com\\\/site\\\/\",\"name\":\"Notibras\",\"description\":\"Not\u00edcias de Bras\u00edlia, do Brasil e do Mundo\",\"publisher\":{\"@id\":\"https:\\\/\\\/www.notibras.com\\\/site\\\/#organization\"},\"potentialAction\":[{\"@type\":\"SearchAction\",\"target\":{\"@type\":\"EntryPoint\",\"urlTemplate\":\"https:\\\/\\\/www.notibras.com\\\/site\\\/?s={search_term_string}\"},\"query-input\":{\"@type\":\"PropertyValueSpecification\",\"valueRequired\":true,\"valueName\":\"search_term_string\"}}],\"inLanguage\":\"pt-BR\"},{\"@type\":\"Organization\",\"@id\":\"https:\\\/\\\/www.notibras.com\\\/site\\\/#organization\",\"name\":\"Grupo Notibras de Comunica\u00e7\u00e3o\",\"url\":\"https:\\\/\\\/www.notibras.com\\\/site\\\/\",\"logo\":{\"@type\":\"ImageObject\",\"inLanguage\":\"pt-BR\",\"@id\":\"https:\\\/\\\/www.notibras.com\\\/site\\\/#\\\/schema\\\/logo\\\/image\\\/\",\"url\":\"https:\\\/\\\/www.notibras.com\\\/site\\\/wp-content\\\/uploads\\\/2023\\\/01\\\/notibras23.png\",\"contentUrl\":\"https:\\\/\\\/www.notibras.com\\\/site\\\/wp-content\\\/uploads\\\/2023\\\/01\\\/notibras23.png\",\"width\":350,\"height\":87,\"caption\":\"Grupo Notibras de Comunica\u00e7\u00e3o\"},\"image\":{\"@id\":\"https:\\\/\\\/www.notibras.com\\\/site\\\/#\\\/schema\\\/logo\\\/image\\\/\"},\"sameAs\":[\"https:\\\/\\\/www.facebook.com\\\/notibras\\\/\",\"https:\\\/\\\/x.com\\\/Notibras\",\"https:\\\/\\\/www.instagram.com\\\/notibras\\\/\"]},{\"@type\":\"Person\",\"@id\":\"https:\\\/\\\/www.notibras.com\\\/site\\\/#\\\/schema\\\/person\\\/00b8e1aa08f9ef6563e878c5159d01cf\",\"name\":\"Reda\u00e7\u00e3o\",\"image\":{\"@type\":\"ImageObject\",\"inLanguage\":\"pt-BR\",\"@id\":\"https:\\\/\\\/secure.gravatar.com\\\/avatar\\\/ac5a707d5b47784a5ed426c6e213e201423c750890f64e4c379114dade67dfb9?s=96&d=mm&r=g\",\"url\":\"https:\\\/\\\/secure.gravatar.com\\\/avatar\\\/ac5a707d5b47784a5ed426c6e213e201423c750890f64e4c379114dade67dfb9?s=96&d=mm&r=g\",\"contentUrl\":\"https:\\\/\\\/secure.gravatar.com\\\/avatar\\\/ac5a707d5b47784a5ed426c6e213e201423c750890f64e4c379114dade67dfb9?s=96&d=mm&r=g\",\"caption\":\"Reda\u00e7\u00e3o\"}}]}<\/script>\n<!-- \/ Yoast SEO plugin. -->","yoast_head_json":{"title":"Sobe para 7.557 n\u00famero de mortos em terremoto no Nepal - Notibras","robots":{"index":"index","follow":"follow","max-snippet":"max-snippet:-1","max-image-preview":"max-image-preview:large","max-video-preview":"max-video-preview:-1"},"canonical":"https:\/\/www.notibras.com\/site\/sobe-para-7-557-numero-de-mortos-em-terremoto-no-nepal\/","og_locale":"pt_BR","og_type":"article","og_title":"Sobe para 7.557 n\u00famero de mortos em terremoto no Nepal - Notibras","og_description":"O Centro de Opera\u00e7\u00f5es de Emerg\u00eancia Nacional do Nepal elevou hoje (5) para 7.557 o n\u00famero de mortes causadas pelo terremoto do dia 25 \u2013 o mais mortal do pa\u00eds em mais de 80 anos e que deixou 14.536 feridos. As autoridades nepalesas advertiram, por\u00e9m, que o balan\u00e7o final dever\u00e1 aumentar, pois as equipes de [&hellip;]","og_url":"https:\/\/www.notibras.com\/site\/sobe-para-7-557-numero-de-mortos-em-terremoto-no-nepal\/","og_site_name":"Notibras","article_publisher":"https:\/\/www.facebook.com\/notibras\/","article_published_time":"2015-05-05T12:57:33+00:00","og_image":[{"width":400,"height":267,"url":"https:\/\/www.notibras.com\/site\/wp-content\/uploads\/2015\/05\/Sem-t\u00edtulo-115.jpg","type":"image\/jpeg"}],"author":"Reda\u00e7\u00e3o","twitter_card":"summary_large_image","twitter_creator":"@Notibras","twitter_site":"@Notibras","twitter_misc":{"Escrito por":"Reda\u00e7\u00e3o","Est. tempo de leitura":"1 minuto"},"schema":{"@context":"https:\/\/schema.org","@graph":[{"@type":"Article","@id":"https:\/\/www.notibras.com\/site\/sobe-para-7-557-numero-de-mortos-em-terremoto-no-nepal\/#article","isPartOf":{"@id":"https:\/\/www.notibras.com\/site\/sobe-para-7-557-numero-de-mortos-em-terremoto-no-nepal\/"},"author":{"name":"Reda\u00e7\u00e3o","@id":"https:\/\/www.notibras.com\/site\/#\/schema\/person\/00b8e1aa08f9ef6563e878c5159d01cf"},"headline":"Sobe para 7.557 n\u00famero de mortos em terremoto no Nepal","datePublished":"2015-05-05T12:57:33+00:00","mainEntityOfPage":{"@id":"https:\/\/www.notibras.com\/site\/sobe-para-7-557-numero-de-mortos-em-terremoto-no-nepal\/"},"wordCount":166,"commentCount":0,"publisher":{"@id":"https:\/\/www.notibras.com\/site\/#organization"},"image":{"@id":"https:\/\/www.notibras.com\/site\/sobe-para-7-557-numero-de-mortos-em-terremoto-no-nepal\/#primaryimage"},"thumbnailUrl":"https:\/\/www.notibras.com\/site\/wp-content\/uploads\/2015\/05\/Sem-t\u00edtulo-115.jpg","articleSection":["Mundo"],"inLanguage":"pt-BR","potentialAction":[{"@type":"CommentAction","name":"Comment","target":["https:\/\/www.notibras.com\/site\/sobe-para-7-557-numero-de-mortos-em-terremoto-no-nepal\/#respond"]}]},{"@type":"WebPage","@id":"https:\/\/www.notibras.com\/site\/sobe-para-7-557-numero-de-mortos-em-terremoto-no-nepal\/","url":"https:\/\/www.notibras.com\/site\/sobe-para-7-557-numero-de-mortos-em-terremoto-no-nepal\/","name":"Sobe para 7.557 n\u00famero de mortos em terremoto no Nepal - Notibras","isPartOf":{"@id":"https:\/\/www.notibras.com\/site\/#website"},"primaryImageOfPage":{"@id":"https:\/\/www.notibras.com\/site\/sobe-para-7-557-numero-de-mortos-em-terremoto-no-nepal\/#primaryimage"},"image":{"@id":"https:\/\/www.notibras.com\/site\/sobe-para-7-557-numero-de-mortos-em-terremoto-no-nepal\/#primaryimage"},"thumbnailUrl":"https:\/\/www.notibras.com\/site\/wp-content\/uploads\/2015\/05\/Sem-t\u00edtulo-115.jpg","datePublished":"2015-05-05T12:57:33+00:00","breadcrumb":{"@id":"https:\/\/www.notibras.com\/site\/sobe-para-7-557-numero-de-mortos-em-terremoto-no-nepal\/#breadcrumb"},"inLanguage":"pt-BR","potentialAction":[{"@type":"ReadAction","target":["https:\/\/www.notibras.com\/site\/sobe-para-7-557-numero-de-mortos-em-terremoto-no-nepal\/"]}]},{"@type":"ImageObject","inLanguage":"pt-BR","@id":"https:\/\/www.notibras.com\/site\/sobe-para-7-557-numero-de-mortos-em-terremoto-no-nepal\/#primaryimage","url":"https:\/\/www.notibras.com\/site\/wp-content\/uploads\/2015\/05\/Sem-t\u00edtulo-115.jpg","contentUrl":"https:\/\/www.notibras.com\/site\/wp-content\/uploads\/2015\/05\/Sem-t\u00edtulo-115.jpg","width":400,"height":267},{"@type":"BreadcrumbList","@id":"https:\/\/www.notibras.com\/site\/sobe-para-7-557-numero-de-mortos-em-terremoto-no-nepal\/#breadcrumb","itemListElement":[{"@type":"ListItem","position":1,"name":"In\u00edcio","item":"https:\/\/www.notibras.com\/site\/"},{"@type":"ListItem","position":2,"name":"Sobe para 7.557 n\u00famero de mortos em terremoto no Nepal"}]},{"@type":"WebSite","@id":"https:\/\/www.notibras.com\/site\/#website","url":"https:\/\/www.notibras.com\/site\/","name":"Notibras","description":"Not\u00edcias de Bras\u00edlia, do Brasil e do Mundo","publisher":{"@id":"https:\/\/www.notibras.com\/site\/#organization"},"potentialAction":[{"@type":"SearchAction","target":{"@type":"EntryPoint","urlTemplate":"https:\/\/www.notibras.com\/site\/?s={search_term_string}"},"query-input":{"@type":"PropertyValueSpecification","valueRequired":true,"valueName":"search_term_string"}}],"inLanguage":"pt-BR"},{"@type":"Organization","@id":"https:\/\/www.notibras.com\/site\/#organization","name":"Grupo Notibras de Comunica\u00e7\u00e3o","url":"https:\/\/www.notibras.com\/site\/","logo":{"@type":"ImageObject","inLanguage":"pt-BR","@id":"https:\/\/www.notibras.com\/site\/#\/schema\/logo\/image\/","url":"https:\/\/www.notibras.com\/site\/wp-content\/uploads\/2023\/01\/notibras23.png","contentUrl":"https:\/\/www.notibras.com\/site\/wp-content\/uploads\/2023\/01\/notibras23.png","width":350,"height":87,"caption":"Grupo Notibras de Comunica\u00e7\u00e3o"},"image":{"@id":"https:\/\/www.notibras.com\/site\/#\/schema\/logo\/image\/"},"sameAs":["https:\/\/www.facebook.com\/notibras\/","https:\/\/x.com\/Notibras","https:\/\/www.instagram.com\/notibras\/"]},{"@type":"Person","@id":"https:\/\/www.notibras.com\/site\/#\/schema\/person\/00b8e1aa08f9ef6563e878c5159d01cf","name":"Reda\u00e7\u00e3o","image":{"@type":"ImageObject","inLanguage":"pt-BR","@id":"https:\/\/secure.gravatar.com\/avatar\/ac5a707d5b47784a5ed426c6e213e201423c750890f64e4c379114dade67dfb9?s=96&d=mm&r=g","url":"https:\/\/secure.gravatar.com\/avatar\/ac5a707d5b47784a5ed426c6e213e201423c750890f64e4c379114dade67dfb9?s=96&d=mm&r=g","contentUrl":"https:\/\/secure.gravatar.com\/avatar\/ac5a707d5b47784a5ed426c6e213e201423c750890f64e4c379114dade67dfb9?s=96&d=mm&r=g","caption":"Reda\u00e7\u00e3o"}}]}},"amp_enabled":true,"_links":{"self":[{"href":"https:\/\/www.notibras.com\/site\/wp-json\/wp\/v2\/posts\/46865","targetHints":{"allow":["GET"]}}],"collection":[{"href":"https:\/\/www.notibras.com\/site\/wp-json\/wp\/v2\/posts"}],"about":[{"href":"https:\/\/www.notibras.com\/site\/wp-json\/wp\/v2\/types\/post"}],"author":[{"embeddable":true,"href":"https:\/\/www.notibras.com\/site\/wp-json\/wp\/v2\/users\/1"}],"replies":[{"embeddable":true,"href":"https:\/\/www.notibras.com\/site\/wp-json\/wp\/v2\/comments?post=46865"}],"version-history":[{"count":0,"href":"https:\/\/www.notibras.com\/site\/wp-json\/wp\/v2\/posts\/46865\/revisions"}],"wp:featuredmedia":[{"embeddable":true,"href":"https:\/\/www.notibras.com\/site\/wp-json\/wp\/v2\/media\/46868"}],"wp:attachment":[{"href":"https:\/\/www.notibras.com\/site\/wp-json\/wp\/v2\/media?parent=46865"}],"wp:term":[{"taxonomy":"category","embeddable":true,"href":"https:\/\/www.notibras.com\/site\/wp-json\/wp\/v2\/categories?post=46865"},{"taxonomy":"post_tag","embeddable":true,"href":"https:\/\/www.notibras.com\/site\/wp-json\/wp\/v2\/tags?post=46865"}],"curies":[{"name":"wp","href":"https:\/\/api.w.org\/{rel}","templated":true}]}}