{"id":46925,"date":"2015-05-05T12:01:10","date_gmt":"2015-05-05T15:01:10","guid":{"rendered":"http:\/\/www.notibras.com\/site\/?p=46925"},"modified":"2015-05-05T12:02:02","modified_gmt":"2015-05-05T15:02:02","slug":"dilma-deixou-digitais-em-pasadena-diz-paulo-roberto","status":"publish","type":"post","link":"https:\/\/www.notibras.com\/site\/dilma-deixou-digitais-em-pasadena-diz-paulo-roberto\/","title":{"rendered":"Dilma deixou digitais em Pasadena, diz Costa"},"content":{"rendered":"<p>As digitais da presidente Dilma Rousseff est\u00e3o na opera\u00e7\u00e3o de compra da refinaria de Pasadena, nos Estados Unidos. \u00c9 o que diz\u00a0 o ex-diretor de Abastecimento da Petrobras Paulo Roberto Costa, em defesa apresentada ao Tribunal de Contas da Uni\u00e3o, revelada pelo Estad\u00e3o. Paulo Roberto dep\u00f5e nesta ter\u00e7a 5 na CPI que investiga esquema de corrup\u00e7\u00e3o na estatal.<\/p>\n<p>O documento entregue pelos advogados do ex-executivo, que \u00e9 um dos delatores da Opera\u00e7\u00e3o Lava Jato, lembrou que coube \u00e0 ent\u00e3o chefe da Casa Civil do governo Lula e presidente do Conselho de Administra\u00e7\u00e3o da estatal assinar, em 2006, a aquisi\u00e7\u00e3o da planta de refino.<\/p>\n<p>&#8220;\u00c9 claro e evidente que a decis\u00e3o de compra dos 50% da PRSI (Refinaria de Pasadena, na sigla em ingl\u00eas) foi tomada pelo Conselho de Administra\u00e7\u00e3o de 2006, da Petrobras, assinada pela ent\u00e3o presidente do conselho, Dilma Vana Rousseff&#8221;, afirma a defesa.<\/p>\n<p>O TCU apontou preju\u00edzo de US$ 792 milh\u00f5es no neg\u00f3cio, feito em duas etapas, entre 2006 e 2012. A corte bloqueou bens de 10 dirigentes e ex-dirigentes da empresa, entre eles Costa.<\/p>\n<blockquote><p>O ex-diretor \u00e9 responsabilizado por parte das perdas, no valor de US$ 580 milh\u00f5es, por ter aprovado em valor superior ao que seria justo e desconsiderando riscos. Nos depoimentos prestados ao Minist\u00e9rio P\u00fablico Federal, em regime de dela\u00e7\u00e3o premiada, ele admitiu ter recebido propina para &#8220;n\u00e3o atrapalhar o neg\u00f3cio&#8221;.<\/p><\/blockquote>\n<p>A indisponibilidade patrimonial determinada pelo TCU n\u00e3o alcan\u00e7a integrantes do Conselho de Administra\u00e7\u00e3o, respons\u00e1vel por aprovar, em \u00faltima inst\u00e2ncia, os investimentos da estatal. Mas o tribunal ressalvou que, a depender das provas apuradas no decorrer do processo, eles ainda podem ser implicados.<\/p>\n<p>Dilma chefiou o colegiado de 2003 a 2010. Em mar\u00e7o do ano passado, em nota ao Estado, ela disse que, ao aprovar a compra de Pasadena, se embasou em parecer &#8220;t\u00e9cnico e juridicamente falho&#8221; sobre o neg\u00f3cio, apresentado pelo ent\u00e3o diretor Internacional da companhia, Nestor Cerver\u00f3, atualmente preso por suposto envolvimento no esquema de corrup\u00e7\u00e3o da Petrobras. O documento omitia cl\u00e1usulas do contrato consideradas prejudiciais \u00e0 estatal.<\/p>\n","protected":false},"excerpt":{"rendered":"<p>As digitais da presidente Dilma Rousseff est\u00e3o na opera\u00e7\u00e3o de compra da refinaria de Pasadena, nos Estados Unidos. \u00c9 o que diz\u00a0 o ex-diretor de Abastecimento da Petrobras Paulo Roberto Costa, em defesa apresentada ao Tribunal de Contas da Uni\u00e3o, revelada pelo Estad\u00e3o. Paulo Roberto dep\u00f5e nesta ter\u00e7a 5 na CPI que investiga esquema de [&hellip;]<\/p>\n","protected":false},"author":2,"featured_media":46926,"comment_status":"open","ping_status":"closed","sticky":false,"template":"","format":"standard","meta":{"_acf_changed":false,"footnotes":""},"categories":[16],"tags":[],"class_list":["post-46925","post","type-post","status-publish","format-standard","has-post-thumbnail","hentry","category-brasil"],"acf":[],"yoast_head":"<!-- This site is optimized with the Yoast SEO plugin v27.5 - https:\/\/yoast.com\/product\/yoast-seo-wordpress\/ -->\n<title>Dilma deixou digitais em Pasadena, diz Costa - Notibras<\/title>\n<meta name=\"robots\" content=\"index, follow, max-snippet:-1, max-image-preview:large, max-video-preview:-1\" \/>\n<link rel=\"canonical\" href=\"https:\/\/www.notibras.com\/site\/dilma-deixou-digitais-em-pasadena-diz-paulo-roberto\/\" \/>\n<meta property=\"og:locale\" content=\"pt_BR\" \/>\n<meta property=\"og:type\" content=\"article\" \/>\n<meta property=\"og:title\" content=\"Dilma deixou digitais em Pasadena, diz Costa - Notibras\" \/>\n<meta property=\"og:description\" content=\"As digitais da presidente Dilma Rousseff est\u00e3o na opera\u00e7\u00e3o de compra da refinaria de Pasadena, nos Estados Unidos. \u00c9 o que diz\u00a0 o ex-diretor de Abastecimento da Petrobras Paulo Roberto Costa, em defesa apresentada ao Tribunal de Contas da Uni\u00e3o, revelada pelo Estad\u00e3o. Paulo Roberto dep\u00f5e nesta ter\u00e7a 5 na CPI que investiga esquema de [&hellip;]\" \/>\n<meta property=\"og:url\" content=\"https:\/\/www.notibras.com\/site\/dilma-deixou-digitais-em-pasadena-diz-paulo-roberto\/\" \/>\n<meta property=\"og:site_name\" content=\"Notibras\" \/>\n<meta property=\"article:publisher\" content=\"https:\/\/www.facebook.com\/notibras\/\" \/>\n<meta property=\"article:published_time\" content=\"2015-05-05T15:01:10+00:00\" \/>\n<meta property=\"article:modified_time\" content=\"2015-05-05T15:02:02+00:00\" \/>\n<meta property=\"og:image\" content=\"https:\/\/www.notibras.com\/site\/wp-content\/uploads\/2015\/05\/pasa.png\" \/>\n\t<meta property=\"og:image:width\" content=\"300\" \/>\n\t<meta property=\"og:image:height\" content=\"300\" \/>\n\t<meta property=\"og:image:type\" content=\"image\/png\" \/>\n<meta name=\"author\" content=\"Reda\u00e7\u00e3o\" \/>\n<meta name=\"twitter:card\" content=\"summary_large_image\" \/>\n<meta name=\"twitter:creator\" content=\"@Notibras\" \/>\n<meta name=\"twitter:site\" content=\"@Notibras\" \/>\n<meta name=\"twitter:label1\" content=\"Escrito por\" \/>\n\t<meta name=\"twitter:data1\" content=\"Reda\u00e7\u00e3o\" \/>\n\t<meta name=\"twitter:label2\" content=\"Est. tempo de leitura\" \/>\n\t<meta name=\"twitter:data2\" content=\"2 minutos\" \/>\n<script type=\"application\/ld+json\" class=\"yoast-schema-graph\">{\"@context\":\"https:\\\/\\\/schema.org\",\"@graph\":[{\"@type\":\"Article\",\"@id\":\"https:\\\/\\\/www.notibras.com\\\/site\\\/dilma-deixou-digitais-em-pasadena-diz-paulo-roberto\\\/#article\",\"isPartOf\":{\"@id\":\"https:\\\/\\\/www.notibras.com\\\/site\\\/dilma-deixou-digitais-em-pasadena-diz-paulo-roberto\\\/\"},\"author\":{\"name\":\"Reda\u00e7\u00e3o\",\"@id\":\"https:\\\/\\\/www.notibras.com\\\/site\\\/#\\\/schema\\\/person\\\/36ab0979449956132d3e5b517ea76ac8\"},\"headline\":\"Dilma deixou digitais em Pasadena, diz Costa\",\"datePublished\":\"2015-05-05T15:01:10+00:00\",\"dateModified\":\"2015-05-05T15:02:02+00:00\",\"mainEntityOfPage\":{\"@id\":\"https:\\\/\\\/www.notibras.com\\\/site\\\/dilma-deixou-digitais-em-pasadena-diz-paulo-roberto\\\/\"},\"wordCount\":360,\"commentCount\":0,\"publisher\":{\"@id\":\"https:\\\/\\\/www.notibras.com\\\/site\\\/#organization\"},\"image\":{\"@id\":\"https:\\\/\\\/www.notibras.com\\\/site\\\/dilma-deixou-digitais-em-pasadena-diz-paulo-roberto\\\/#primaryimage\"},\"thumbnailUrl\":\"https:\\\/\\\/www.notibras.com\\\/site\\\/wp-content\\\/uploads\\\/2015\\\/05\\\/pasa.png\",\"articleSection\":[\"Brasil\"],\"inLanguage\":\"pt-BR\",\"potentialAction\":[{\"@type\":\"CommentAction\",\"name\":\"Comment\",\"target\":[\"https:\\\/\\\/www.notibras.com\\\/site\\\/dilma-deixou-digitais-em-pasadena-diz-paulo-roberto\\\/#respond\"]}]},{\"@type\":\"WebPage\",\"@id\":\"https:\\\/\\\/www.notibras.com\\\/site\\\/dilma-deixou-digitais-em-pasadena-diz-paulo-roberto\\\/\",\"url\":\"https:\\\/\\\/www.notibras.com\\\/site\\\/dilma-deixou-digitais-em-pasadena-diz-paulo-roberto\\\/\",\"name\":\"Dilma deixou digitais em Pasadena, diz Costa - Notibras\",\"isPartOf\":{\"@id\":\"https:\\\/\\\/www.notibras.com\\\/site\\\/#website\"},\"primaryImageOfPage\":{\"@id\":\"https:\\\/\\\/www.notibras.com\\\/site\\\/dilma-deixou-digitais-em-pasadena-diz-paulo-roberto\\\/#primaryimage\"},\"image\":{\"@id\":\"https:\\\/\\\/www.notibras.com\\\/site\\\/dilma-deixou-digitais-em-pasadena-diz-paulo-roberto\\\/#primaryimage\"},\"thumbnailUrl\":\"https:\\\/\\\/www.notibras.com\\\/site\\\/wp-content\\\/uploads\\\/2015\\\/05\\\/pasa.png\",\"datePublished\":\"2015-05-05T15:01:10+00:00\",\"dateModified\":\"2015-05-05T15:02:02+00:00\",\"breadcrumb\":{\"@id\":\"https:\\\/\\\/www.notibras.com\\\/site\\\/dilma-deixou-digitais-em-pasadena-diz-paulo-roberto\\\/#breadcrumb\"},\"inLanguage\":\"pt-BR\",\"potentialAction\":[{\"@type\":\"ReadAction\",\"target\":[\"https:\\\/\\\/www.notibras.com\\\/site\\\/dilma-deixou-digitais-em-pasadena-diz-paulo-roberto\\\/\"]}]},{\"@type\":\"ImageObject\",\"inLanguage\":\"pt-BR\",\"@id\":\"https:\\\/\\\/www.notibras.com\\\/site\\\/dilma-deixou-digitais-em-pasadena-diz-paulo-roberto\\\/#primaryimage\",\"url\":\"https:\\\/\\\/www.notibras.com\\\/site\\\/wp-content\\\/uploads\\\/2015\\\/05\\\/pasa.png\",\"contentUrl\":\"https:\\\/\\\/www.notibras.com\\\/site\\\/wp-content\\\/uploads\\\/2015\\\/05\\\/pasa.png\",\"width\":300,\"height\":300},{\"@type\":\"BreadcrumbList\",\"@id\":\"https:\\\/\\\/www.notibras.com\\\/site\\\/dilma-deixou-digitais-em-pasadena-diz-paulo-roberto\\\/#breadcrumb\",\"itemListElement\":[{\"@type\":\"ListItem\",\"position\":1,\"name\":\"In\u00edcio\",\"item\":\"https:\\\/\\\/www.notibras.com\\\/site\\\/\"},{\"@type\":\"ListItem\",\"position\":2,\"name\":\"Dilma deixou digitais em Pasadena, diz Costa\"}]},{\"@type\":\"WebSite\",\"@id\":\"https:\\\/\\\/www.notibras.com\\\/site\\\/#website\",\"url\":\"https:\\\/\\\/www.notibras.com\\\/site\\\/\",\"name\":\"Notibras\",\"description\":\"Not\u00edcias de Bras\u00edlia, do Brasil e do Mundo\",\"publisher\":{\"@id\":\"https:\\\/\\\/www.notibras.com\\\/site\\\/#organization\"},\"potentialAction\":[{\"@type\":\"SearchAction\",\"target\":{\"@type\":\"EntryPoint\",\"urlTemplate\":\"https:\\\/\\\/www.notibras.com\\\/site\\\/?s={search_term_string}\"},\"query-input\":{\"@type\":\"PropertyValueSpecification\",\"valueRequired\":true,\"valueName\":\"search_term_string\"}}],\"inLanguage\":\"pt-BR\"},{\"@type\":\"Organization\",\"@id\":\"https:\\\/\\\/www.notibras.com\\\/site\\\/#organization\",\"name\":\"Grupo Notibras de Comunica\u00e7\u00e3o\",\"url\":\"https:\\\/\\\/www.notibras.com\\\/site\\\/\",\"logo\":{\"@type\":\"ImageObject\",\"inLanguage\":\"pt-BR\",\"@id\":\"https:\\\/\\\/www.notibras.com\\\/site\\\/#\\\/schema\\\/logo\\\/image\\\/\",\"url\":\"https:\\\/\\\/www.notibras.com\\\/site\\\/wp-content\\\/uploads\\\/2023\\\/01\\\/notibras23.png\",\"contentUrl\":\"https:\\\/\\\/www.notibras.com\\\/site\\\/wp-content\\\/uploads\\\/2023\\\/01\\\/notibras23.png\",\"width\":350,\"height\":87,\"caption\":\"Grupo Notibras de Comunica\u00e7\u00e3o\"},\"image\":{\"@id\":\"https:\\\/\\\/www.notibras.com\\\/site\\\/#\\\/schema\\\/logo\\\/image\\\/\"},\"sameAs\":[\"https:\\\/\\\/www.facebook.com\\\/notibras\\\/\",\"https:\\\/\\\/x.com\\\/Notibras\",\"https:\\\/\\\/www.instagram.com\\\/notibras\\\/\"]},{\"@type\":\"Person\",\"@id\":\"https:\\\/\\\/www.notibras.com\\\/site\\\/#\\\/schema\\\/person\\\/36ab0979449956132d3e5b517ea76ac8\",\"name\":\"Reda\u00e7\u00e3o\",\"image\":{\"@type\":\"ImageObject\",\"inLanguage\":\"pt-BR\",\"@id\":\"https:\\\/\\\/secure.gravatar.com\\\/avatar\\\/e0a867bdedb85fd243eadf09663511f96fc81e0720a4a42581f334ad4303aa6b?s=96&d=mm&r=g\",\"url\":\"https:\\\/\\\/secure.gravatar.com\\\/avatar\\\/e0a867bdedb85fd243eadf09663511f96fc81e0720a4a42581f334ad4303aa6b?s=96&d=mm&r=g\",\"contentUrl\":\"https:\\\/\\\/secure.gravatar.com\\\/avatar\\\/e0a867bdedb85fd243eadf09663511f96fc81e0720a4a42581f334ad4303aa6b?s=96&d=mm&r=g\",\"caption\":\"Reda\u00e7\u00e3o\"}}]}<\/script>\n<!-- \/ Yoast SEO plugin. -->","yoast_head_json":{"title":"Dilma deixou digitais em Pasadena, diz Costa - Notibras","robots":{"index":"index","follow":"follow","max-snippet":"max-snippet:-1","max-image-preview":"max-image-preview:large","max-video-preview":"max-video-preview:-1"},"canonical":"https:\/\/www.notibras.com\/site\/dilma-deixou-digitais-em-pasadena-diz-paulo-roberto\/","og_locale":"pt_BR","og_type":"article","og_title":"Dilma deixou digitais em Pasadena, diz Costa - Notibras","og_description":"As digitais da presidente Dilma Rousseff est\u00e3o na opera\u00e7\u00e3o de compra da refinaria de Pasadena, nos Estados Unidos. \u00c9 o que diz\u00a0 o ex-diretor de Abastecimento da Petrobras Paulo Roberto Costa, em defesa apresentada ao Tribunal de Contas da Uni\u00e3o, revelada pelo Estad\u00e3o. Paulo Roberto dep\u00f5e nesta ter\u00e7a 5 na CPI que investiga esquema de [&hellip;]","og_url":"https:\/\/www.notibras.com\/site\/dilma-deixou-digitais-em-pasadena-diz-paulo-roberto\/","og_site_name":"Notibras","article_publisher":"https:\/\/www.facebook.com\/notibras\/","article_published_time":"2015-05-05T15:01:10+00:00","article_modified_time":"2015-05-05T15:02:02+00:00","og_image":[{"width":300,"height":300,"url":"https:\/\/www.notibras.com\/site\/wp-content\/uploads\/2015\/05\/pasa.png","type":"image\/png"}],"author":"Reda\u00e7\u00e3o","twitter_card":"summary_large_image","twitter_creator":"@Notibras","twitter_site":"@Notibras","twitter_misc":{"Escrito por":"Reda\u00e7\u00e3o","Est. tempo de leitura":"2 minutos"},"schema":{"@context":"https:\/\/schema.org","@graph":[{"@type":"Article","@id":"https:\/\/www.notibras.com\/site\/dilma-deixou-digitais-em-pasadena-diz-paulo-roberto\/#article","isPartOf":{"@id":"https:\/\/www.notibras.com\/site\/dilma-deixou-digitais-em-pasadena-diz-paulo-roberto\/"},"author":{"name":"Reda\u00e7\u00e3o","@id":"https:\/\/www.notibras.com\/site\/#\/schema\/person\/36ab0979449956132d3e5b517ea76ac8"},"headline":"Dilma deixou digitais em Pasadena, diz Costa","datePublished":"2015-05-05T15:01:10+00:00","dateModified":"2015-05-05T15:02:02+00:00","mainEntityOfPage":{"@id":"https:\/\/www.notibras.com\/site\/dilma-deixou-digitais-em-pasadena-diz-paulo-roberto\/"},"wordCount":360,"commentCount":0,"publisher":{"@id":"https:\/\/www.notibras.com\/site\/#organization"},"image":{"@id":"https:\/\/www.notibras.com\/site\/dilma-deixou-digitais-em-pasadena-diz-paulo-roberto\/#primaryimage"},"thumbnailUrl":"https:\/\/www.notibras.com\/site\/wp-content\/uploads\/2015\/05\/pasa.png","articleSection":["Brasil"],"inLanguage":"pt-BR","potentialAction":[{"@type":"CommentAction","name":"Comment","target":["https:\/\/www.notibras.com\/site\/dilma-deixou-digitais-em-pasadena-diz-paulo-roberto\/#respond"]}]},{"@type":"WebPage","@id":"https:\/\/www.notibras.com\/site\/dilma-deixou-digitais-em-pasadena-diz-paulo-roberto\/","url":"https:\/\/www.notibras.com\/site\/dilma-deixou-digitais-em-pasadena-diz-paulo-roberto\/","name":"Dilma deixou digitais em Pasadena, diz Costa - Notibras","isPartOf":{"@id":"https:\/\/www.notibras.com\/site\/#website"},"primaryImageOfPage":{"@id":"https:\/\/www.notibras.com\/site\/dilma-deixou-digitais-em-pasadena-diz-paulo-roberto\/#primaryimage"},"image":{"@id":"https:\/\/www.notibras.com\/site\/dilma-deixou-digitais-em-pasadena-diz-paulo-roberto\/#primaryimage"},"thumbnailUrl":"https:\/\/www.notibras.com\/site\/wp-content\/uploads\/2015\/05\/pasa.png","datePublished":"2015-05-05T15:01:10+00:00","dateModified":"2015-05-05T15:02:02+00:00","breadcrumb":{"@id":"https:\/\/www.notibras.com\/site\/dilma-deixou-digitais-em-pasadena-diz-paulo-roberto\/#breadcrumb"},"inLanguage":"pt-BR","potentialAction":[{"@type":"ReadAction","target":["https:\/\/www.notibras.com\/site\/dilma-deixou-digitais-em-pasadena-diz-paulo-roberto\/"]}]},{"@type":"ImageObject","inLanguage":"pt-BR","@id":"https:\/\/www.notibras.com\/site\/dilma-deixou-digitais-em-pasadena-diz-paulo-roberto\/#primaryimage","url":"https:\/\/www.notibras.com\/site\/wp-content\/uploads\/2015\/05\/pasa.png","contentUrl":"https:\/\/www.notibras.com\/site\/wp-content\/uploads\/2015\/05\/pasa.png","width":300,"height":300},{"@type":"BreadcrumbList","@id":"https:\/\/www.notibras.com\/site\/dilma-deixou-digitais-em-pasadena-diz-paulo-roberto\/#breadcrumb","itemListElement":[{"@type":"ListItem","position":1,"name":"In\u00edcio","item":"https:\/\/www.notibras.com\/site\/"},{"@type":"ListItem","position":2,"name":"Dilma deixou digitais em Pasadena, diz Costa"}]},{"@type":"WebSite","@id":"https:\/\/www.notibras.com\/site\/#website","url":"https:\/\/www.notibras.com\/site\/","name":"Notibras","description":"Not\u00edcias de Bras\u00edlia, do Brasil e do Mundo","publisher":{"@id":"https:\/\/www.notibras.com\/site\/#organization"},"potentialAction":[{"@type":"SearchAction","target":{"@type":"EntryPoint","urlTemplate":"https:\/\/www.notibras.com\/site\/?s={search_term_string}"},"query-input":{"@type":"PropertyValueSpecification","valueRequired":true,"valueName":"search_term_string"}}],"inLanguage":"pt-BR"},{"@type":"Organization","@id":"https:\/\/www.notibras.com\/site\/#organization","name":"Grupo Notibras de Comunica\u00e7\u00e3o","url":"https:\/\/www.notibras.com\/site\/","logo":{"@type":"ImageObject","inLanguage":"pt-BR","@id":"https:\/\/www.notibras.com\/site\/#\/schema\/logo\/image\/","url":"https:\/\/www.notibras.com\/site\/wp-content\/uploads\/2023\/01\/notibras23.png","contentUrl":"https:\/\/www.notibras.com\/site\/wp-content\/uploads\/2023\/01\/notibras23.png","width":350,"height":87,"caption":"Grupo Notibras de Comunica\u00e7\u00e3o"},"image":{"@id":"https:\/\/www.notibras.com\/site\/#\/schema\/logo\/image\/"},"sameAs":["https:\/\/www.facebook.com\/notibras\/","https:\/\/x.com\/Notibras","https:\/\/www.instagram.com\/notibras\/"]},{"@type":"Person","@id":"https:\/\/www.notibras.com\/site\/#\/schema\/person\/36ab0979449956132d3e5b517ea76ac8","name":"Reda\u00e7\u00e3o","image":{"@type":"ImageObject","inLanguage":"pt-BR","@id":"https:\/\/secure.gravatar.com\/avatar\/e0a867bdedb85fd243eadf09663511f96fc81e0720a4a42581f334ad4303aa6b?s=96&d=mm&r=g","url":"https:\/\/secure.gravatar.com\/avatar\/e0a867bdedb85fd243eadf09663511f96fc81e0720a4a42581f334ad4303aa6b?s=96&d=mm&r=g","contentUrl":"https:\/\/secure.gravatar.com\/avatar\/e0a867bdedb85fd243eadf09663511f96fc81e0720a4a42581f334ad4303aa6b?s=96&d=mm&r=g","caption":"Reda\u00e7\u00e3o"}}]}},"amp_enabled":true,"_links":{"self":[{"href":"https:\/\/www.notibras.com\/site\/wp-json\/wp\/v2\/posts\/46925","targetHints":{"allow":["GET"]}}],"collection":[{"href":"https:\/\/www.notibras.com\/site\/wp-json\/wp\/v2\/posts"}],"about":[{"href":"https:\/\/www.notibras.com\/site\/wp-json\/wp\/v2\/types\/post"}],"author":[{"embeddable":true,"href":"https:\/\/www.notibras.com\/site\/wp-json\/wp\/v2\/users\/2"}],"replies":[{"embeddable":true,"href":"https:\/\/www.notibras.com\/site\/wp-json\/wp\/v2\/comments?post=46925"}],"version-history":[{"count":0,"href":"https:\/\/www.notibras.com\/site\/wp-json\/wp\/v2\/posts\/46925\/revisions"}],"wp:featuredmedia":[{"embeddable":true,"href":"https:\/\/www.notibras.com\/site\/wp-json\/wp\/v2\/media\/46926"}],"wp:attachment":[{"href":"https:\/\/www.notibras.com\/site\/wp-json\/wp\/v2\/media?parent=46925"}],"wp:term":[{"taxonomy":"category","embeddable":true,"href":"https:\/\/www.notibras.com\/site\/wp-json\/wp\/v2\/categories?post=46925"},{"taxonomy":"post_tag","embeddable":true,"href":"https:\/\/www.notibras.com\/site\/wp-json\/wp\/v2\/tags?post=46925"}],"curies":[{"name":"wp","href":"https:\/\/api.w.org\/{rel}","templated":true}]}}