{"id":46969,"date":"2015-05-05T13:26:37","date_gmt":"2015-05-05T16:26:37","guid":{"rendered":"http:\/\/www.notibras.com\/site\/?p=46969"},"modified":"2015-05-05T21:56:53","modified_gmt":"2015-05-06T00:56:53","slug":"crise-economica-se-expande-e-pedidos-de-falencia-crescem-15-revela-serasa","status":"publish","type":"post","link":"https:\/\/www.notibras.com\/site\/crise-economica-se-expande-e-pedidos-de-falencia-crescem-15-revela-serasa\/","title":{"rendered":"Crise econ\u00f4mica se expande e pedidos de fal\u00eancia crescem 15%, revela Serasa"},"content":{"rendered":"<div class=\"content\">\n<p>Os pedidos de fal\u00eancia apresentaram alta de 15% em abril, na compara\u00e7\u00e3o com mar\u00e7o, segundo a empresa de consultoria Serasa Experian. Foram registrados 161 pedidos em todo o pa\u00eds, o maior n\u00famero do ano.<\/p>\n<p>Segundo o estudo, este tamb\u00e9m foi o pior resultado para um m\u00eas de abril nos \u00faltimos tr\u00eas anos. Na compara\u00e7\u00e3o com abril de 2014, a quantidade de pedidos de fal\u00eancia cresceu 23,8%.<\/p>\n<p>Economistas da Serasa Experian dizem que o atual quadro conjuntural, com baixo dinamismo da atividade econ\u00f4mica, eleva\u00e7\u00e3o cont\u00ednua do custo financeiro das empresas, alta do d\u00f3lar e aumento dos custos com energia el\u00e9trica e combust\u00edveis t\u00eam prejudicado a sa\u00fade financeira das empresas, levando-as aos pedidos de fal\u00eancias.<\/p>\n<blockquote><p>Entre os requerimentos de fal\u00eancia do m\u00eas passado, 85 partiram de micro e pequenas empresas, 33 de m\u00e9dias empresas e 43 de empresas de grande porte.<\/p><\/blockquote>\n<p>Os pedidos de recupera\u00e7\u00f5es judiciais cresceram 30,7% em abril na compara\u00e7\u00e3o com o m\u00eas anterior. Foram 98 solicita\u00e7\u00f5es no m\u00eas passado, contra 75 em mar\u00e7o. As micro e pequenas empresas lideraram com 54 pedidos, seguidos pelas m\u00e9dias (29) e pelas grandes empresas (4).<\/p>\n<header>\n<div class=\"node-info\"><strong>Fernanda Cruz, ABr<\/strong><strong><br \/>\n<\/strong><\/div>\n<\/header>\n<\/div>\n","protected":false},"excerpt":{"rendered":"<p>Os pedidos de fal\u00eancia apresentaram alta de 15% em abril, na compara\u00e7\u00e3o com mar\u00e7o, segundo a empresa de consultoria Serasa Experian. Foram registrados 161 pedidos em todo o pa\u00eds, o maior n\u00famero do ano. Segundo o estudo, este tamb\u00e9m foi o pior resultado para um m\u00eas de abril nos \u00faltimos tr\u00eas anos. Na compara\u00e7\u00e3o com [&hellip;]<\/p>\n","protected":false},"author":2,"featured_media":46977,"comment_status":"open","ping_status":"closed","sticky":false,"template":"","format":"standard","meta":{"_acf_changed":false,"footnotes":""},"categories":[16],"tags":[],"class_list":["post-46969","post","type-post","status-publish","format-standard","has-post-thumbnail","hentry","category-brasil"],"acf":[],"yoast_head":"<!-- This site is optimized with the Yoast SEO plugin v27.2 - https:\/\/yoast.com\/product\/yoast-seo-wordpress\/ -->\n<title>Crise econ\u00f4mica se expande e pedidos de fal\u00eancia crescem 15%, revela Serasa - Notibras<\/title>\n<meta name=\"robots\" content=\"index, follow, max-snippet:-1, max-image-preview:large, max-video-preview:-1\" \/>\n<link rel=\"canonical\" href=\"https:\/\/www.notibras.com\/site\/crise-economica-se-expande-e-pedidos-de-falencia-crescem-15-revela-serasa\/\" \/>\n<meta property=\"og:locale\" content=\"pt_BR\" \/>\n<meta property=\"og:type\" content=\"article\" \/>\n<meta property=\"og:title\" content=\"Crise econ\u00f4mica se expande e pedidos de fal\u00eancia crescem 15%, revela Serasa - Notibras\" \/>\n<meta property=\"og:description\" content=\"Os pedidos de fal\u00eancia apresentaram alta de 15% em abril, na compara\u00e7\u00e3o com mar\u00e7o, segundo a empresa de consultoria Serasa Experian. Foram registrados 161 pedidos em todo o pa\u00eds, o maior n\u00famero do ano. Segundo o estudo, este tamb\u00e9m foi o pior resultado para um m\u00eas de abril nos \u00faltimos tr\u00eas anos. Na compara\u00e7\u00e3o com [&hellip;]\" \/>\n<meta property=\"og:url\" content=\"https:\/\/www.notibras.com\/site\/crise-economica-se-expande-e-pedidos-de-falencia-crescem-15-revela-serasa\/\" \/>\n<meta property=\"og:site_name\" content=\"Notibras\" \/>\n<meta property=\"article:publisher\" content=\"https:\/\/www.facebook.com\/notibras\/\" \/>\n<meta property=\"article:published_time\" content=\"2015-05-05T16:26:37+00:00\" \/>\n<meta property=\"article:modified_time\" content=\"2015-05-06T00:56:53+00:00\" \/>\n<meta property=\"og:image\" content=\"https:\/\/www.notibras.com\/site\/wp-content\/uploads\/2015\/05\/Sem-t\u00edtulo-122.jpg\" \/>\n\t<meta property=\"og:image:width\" content=\"620\" \/>\n\t<meta property=\"og:image:height\" content=\"413\" \/>\n\t<meta property=\"og:image:type\" content=\"image\/jpeg\" \/>\n<meta name=\"author\" content=\"Reda\u00e7\u00e3o\" \/>\n<meta name=\"twitter:card\" content=\"summary_large_image\" \/>\n<meta name=\"twitter:creator\" content=\"@Notibras\" \/>\n<meta name=\"twitter:site\" content=\"@Notibras\" \/>\n<meta name=\"twitter:label1\" content=\"Escrito por\" \/>\n\t<meta name=\"twitter:data1\" content=\"Reda\u00e7\u00e3o\" \/>\n\t<meta name=\"twitter:label2\" content=\"Est. tempo de leitura\" \/>\n\t<meta name=\"twitter:data2\" content=\"1 minuto\" \/>\n<script type=\"application\/ld+json\" class=\"yoast-schema-graph\">{\"@context\":\"https:\/\/schema.org\",\"@graph\":[{\"@type\":\"Article\",\"@id\":\"https:\/\/www.notibras.com\/site\/crise-economica-se-expande-e-pedidos-de-falencia-crescem-15-revela-serasa\/#article\",\"isPartOf\":{\"@id\":\"https:\/\/www.notibras.com\/site\/crise-economica-se-expande-e-pedidos-de-falencia-crescem-15-revela-serasa\/\"},\"author\":{\"name\":\"Reda\u00e7\u00e3o\",\"@id\":\"https:\/\/www.notibras.com\/site\/#\/schema\/person\/36ab0979449956132d3e5b517ea76ac8\"},\"headline\":\"Crise econ\u00f4mica se expande e pedidos de fal\u00eancia crescem 15%, revela Serasa\",\"datePublished\":\"2015-05-05T16:26:37+00:00\",\"dateModified\":\"2015-05-06T00:56:53+00:00\",\"mainEntityOfPage\":{\"@id\":\"https:\/\/www.notibras.com\/site\/crise-economica-se-expande-e-pedidos-de-falencia-crescem-15-revela-serasa\/\"},\"wordCount\":214,\"commentCount\":0,\"publisher\":{\"@id\":\"https:\/\/www.notibras.com\/site\/#organization\"},\"image\":{\"@id\":\"https:\/\/www.notibras.com\/site\/crise-economica-se-expande-e-pedidos-de-falencia-crescem-15-revela-serasa\/#primaryimage\"},\"thumbnailUrl\":\"https:\/\/www.notibras.com\/site\/wp-content\/uploads\/2015\/05\/Sem-t\u00edtulo-122.jpg\",\"articleSection\":[\"Brasil\"],\"inLanguage\":\"pt-BR\",\"potentialAction\":[{\"@type\":\"CommentAction\",\"name\":\"Comment\",\"target\":[\"https:\/\/www.notibras.com\/site\/crise-economica-se-expande-e-pedidos-de-falencia-crescem-15-revela-serasa\/#respond\"]}]},{\"@type\":\"WebPage\",\"@id\":\"https:\/\/www.notibras.com\/site\/crise-economica-se-expande-e-pedidos-de-falencia-crescem-15-revela-serasa\/\",\"url\":\"https:\/\/www.notibras.com\/site\/crise-economica-se-expande-e-pedidos-de-falencia-crescem-15-revela-serasa\/\",\"name\":\"Crise econ\u00f4mica se expande e pedidos de fal\u00eancia crescem 15%, revela Serasa - Notibras\",\"isPartOf\":{\"@id\":\"https:\/\/www.notibras.com\/site\/#website\"},\"primaryImageOfPage\":{\"@id\":\"https:\/\/www.notibras.com\/site\/crise-economica-se-expande-e-pedidos-de-falencia-crescem-15-revela-serasa\/#primaryimage\"},\"image\":{\"@id\":\"https:\/\/www.notibras.com\/site\/crise-economica-se-expande-e-pedidos-de-falencia-crescem-15-revela-serasa\/#primaryimage\"},\"thumbnailUrl\":\"https:\/\/www.notibras.com\/site\/wp-content\/uploads\/2015\/05\/Sem-t\u00edtulo-122.jpg\",\"datePublished\":\"2015-05-05T16:26:37+00:00\",\"dateModified\":\"2015-05-06T00:56:53+00:00\",\"breadcrumb\":{\"@id\":\"https:\/\/www.notibras.com\/site\/crise-economica-se-expande-e-pedidos-de-falencia-crescem-15-revela-serasa\/#breadcrumb\"},\"inLanguage\":\"pt-BR\",\"potentialAction\":[{\"@type\":\"ReadAction\",\"target\":[\"https:\/\/www.notibras.com\/site\/crise-economica-se-expande-e-pedidos-de-falencia-crescem-15-revela-serasa\/\"]}]},{\"@type\":\"ImageObject\",\"inLanguage\":\"pt-BR\",\"@id\":\"https:\/\/www.notibras.com\/site\/crise-economica-se-expande-e-pedidos-de-falencia-crescem-15-revela-serasa\/#primaryimage\",\"url\":\"https:\/\/www.notibras.com\/site\/wp-content\/uploads\/2015\/05\/Sem-t\u00edtulo-122.jpg\",\"contentUrl\":\"https:\/\/www.notibras.com\/site\/wp-content\/uploads\/2015\/05\/Sem-t\u00edtulo-122.jpg\",\"width\":620,\"height\":413},{\"@type\":\"BreadcrumbList\",\"@id\":\"https:\/\/www.notibras.com\/site\/crise-economica-se-expande-e-pedidos-de-falencia-crescem-15-revela-serasa\/#breadcrumb\",\"itemListElement\":[{\"@type\":\"ListItem\",\"position\":1,\"name\":\"In\u00edcio\",\"item\":\"https:\/\/www.notibras.com\/site\/\"},{\"@type\":\"ListItem\",\"position\":2,\"name\":\"Crise econ\u00f4mica se expande e pedidos de fal\u00eancia crescem 15%, revela Serasa\"}]},{\"@type\":\"WebSite\",\"@id\":\"https:\/\/www.notibras.com\/site\/#website\",\"url\":\"https:\/\/www.notibras.com\/site\/\",\"name\":\"Notibras\",\"description\":\"Not\u00edcias de Bras\u00edlia, do Brasil e do Mundo\",\"publisher\":{\"@id\":\"https:\/\/www.notibras.com\/site\/#organization\"},\"potentialAction\":[{\"@type\":\"SearchAction\",\"target\":{\"@type\":\"EntryPoint\",\"urlTemplate\":\"https:\/\/www.notibras.com\/site\/?s={search_term_string}\"},\"query-input\":{\"@type\":\"PropertyValueSpecification\",\"valueRequired\":true,\"valueName\":\"search_term_string\"}}],\"inLanguage\":\"pt-BR\"},{\"@type\":\"Organization\",\"@id\":\"https:\/\/www.notibras.com\/site\/#organization\",\"name\":\"Grupo Notibras de Comunica\u00e7\u00e3o\",\"url\":\"https:\/\/www.notibras.com\/site\/\",\"logo\":{\"@type\":\"ImageObject\",\"inLanguage\":\"pt-BR\",\"@id\":\"https:\/\/www.notibras.com\/site\/#\/schema\/logo\/image\/\",\"url\":\"https:\/\/www.notibras.com\/site\/wp-content\/uploads\/2023\/01\/notibras23.png\",\"contentUrl\":\"https:\/\/www.notibras.com\/site\/wp-content\/uploads\/2023\/01\/notibras23.png\",\"width\":350,\"height\":87,\"caption\":\"Grupo Notibras de Comunica\u00e7\u00e3o\"},\"image\":{\"@id\":\"https:\/\/www.notibras.com\/site\/#\/schema\/logo\/image\/\"},\"sameAs\":[\"https:\/\/www.facebook.com\/notibras\/\",\"https:\/\/x.com\/Notibras\",\"https:\/\/www.instagram.com\/notibras\/\"]},{\"@type\":\"Person\",\"@id\":\"https:\/\/www.notibras.com\/site\/#\/schema\/person\/36ab0979449956132d3e5b517ea76ac8\",\"name\":\"Reda\u00e7\u00e3o\",\"image\":{\"@type\":\"ImageObject\",\"inLanguage\":\"pt-BR\",\"@id\":\"https:\/\/secure.gravatar.com\/avatar\/e0a867bdedb85fd243eadf09663511f96fc81e0720a4a42581f334ad4303aa6b?s=96&d=mm&r=g\",\"url\":\"https:\/\/secure.gravatar.com\/avatar\/e0a867bdedb85fd243eadf09663511f96fc81e0720a4a42581f334ad4303aa6b?s=96&d=mm&r=g\",\"contentUrl\":\"https:\/\/secure.gravatar.com\/avatar\/e0a867bdedb85fd243eadf09663511f96fc81e0720a4a42581f334ad4303aa6b?s=96&d=mm&r=g\",\"caption\":\"Reda\u00e7\u00e3o\"}}]}<\/script>\n<!-- \/ Yoast SEO plugin. -->","yoast_head_json":{"title":"Crise econ\u00f4mica se expande e pedidos de fal\u00eancia crescem 15%, revela Serasa - Notibras","robots":{"index":"index","follow":"follow","max-snippet":"max-snippet:-1","max-image-preview":"max-image-preview:large","max-video-preview":"max-video-preview:-1"},"canonical":"https:\/\/www.notibras.com\/site\/crise-economica-se-expande-e-pedidos-de-falencia-crescem-15-revela-serasa\/","og_locale":"pt_BR","og_type":"article","og_title":"Crise econ\u00f4mica se expande e pedidos de fal\u00eancia crescem 15%, revela Serasa - Notibras","og_description":"Os pedidos de fal\u00eancia apresentaram alta de 15% em abril, na compara\u00e7\u00e3o com mar\u00e7o, segundo a empresa de consultoria Serasa Experian. Foram registrados 161 pedidos em todo o pa\u00eds, o maior n\u00famero do ano. Segundo o estudo, este tamb\u00e9m foi o pior resultado para um m\u00eas de abril nos \u00faltimos tr\u00eas anos. Na compara\u00e7\u00e3o com [&hellip;]","og_url":"https:\/\/www.notibras.com\/site\/crise-economica-se-expande-e-pedidos-de-falencia-crescem-15-revela-serasa\/","og_site_name":"Notibras","article_publisher":"https:\/\/www.facebook.com\/notibras\/","article_published_time":"2015-05-05T16:26:37+00:00","article_modified_time":"2015-05-06T00:56:53+00:00","og_image":[{"width":620,"height":413,"url":"https:\/\/www.notibras.com\/site\/wp-content\/uploads\/2015\/05\/Sem-t\u00edtulo-122.jpg","type":"image\/jpeg"}],"author":"Reda\u00e7\u00e3o","twitter_card":"summary_large_image","twitter_creator":"@Notibras","twitter_site":"@Notibras","twitter_misc":{"Escrito por":"Reda\u00e7\u00e3o","Est. tempo de leitura":"1 minuto"},"schema":{"@context":"https:\/\/schema.org","@graph":[{"@type":"Article","@id":"https:\/\/www.notibras.com\/site\/crise-economica-se-expande-e-pedidos-de-falencia-crescem-15-revela-serasa\/#article","isPartOf":{"@id":"https:\/\/www.notibras.com\/site\/crise-economica-se-expande-e-pedidos-de-falencia-crescem-15-revela-serasa\/"},"author":{"name":"Reda\u00e7\u00e3o","@id":"https:\/\/www.notibras.com\/site\/#\/schema\/person\/36ab0979449956132d3e5b517ea76ac8"},"headline":"Crise econ\u00f4mica se expande e pedidos de fal\u00eancia crescem 15%, revela Serasa","datePublished":"2015-05-05T16:26:37+00:00","dateModified":"2015-05-06T00:56:53+00:00","mainEntityOfPage":{"@id":"https:\/\/www.notibras.com\/site\/crise-economica-se-expande-e-pedidos-de-falencia-crescem-15-revela-serasa\/"},"wordCount":214,"commentCount":0,"publisher":{"@id":"https:\/\/www.notibras.com\/site\/#organization"},"image":{"@id":"https:\/\/www.notibras.com\/site\/crise-economica-se-expande-e-pedidos-de-falencia-crescem-15-revela-serasa\/#primaryimage"},"thumbnailUrl":"https:\/\/www.notibras.com\/site\/wp-content\/uploads\/2015\/05\/Sem-t\u00edtulo-122.jpg","articleSection":["Brasil"],"inLanguage":"pt-BR","potentialAction":[{"@type":"CommentAction","name":"Comment","target":["https:\/\/www.notibras.com\/site\/crise-economica-se-expande-e-pedidos-de-falencia-crescem-15-revela-serasa\/#respond"]}]},{"@type":"WebPage","@id":"https:\/\/www.notibras.com\/site\/crise-economica-se-expande-e-pedidos-de-falencia-crescem-15-revela-serasa\/","url":"https:\/\/www.notibras.com\/site\/crise-economica-se-expande-e-pedidos-de-falencia-crescem-15-revela-serasa\/","name":"Crise econ\u00f4mica se expande e pedidos de fal\u00eancia crescem 15%, revela Serasa - Notibras","isPartOf":{"@id":"https:\/\/www.notibras.com\/site\/#website"},"primaryImageOfPage":{"@id":"https:\/\/www.notibras.com\/site\/crise-economica-se-expande-e-pedidos-de-falencia-crescem-15-revela-serasa\/#primaryimage"},"image":{"@id":"https:\/\/www.notibras.com\/site\/crise-economica-se-expande-e-pedidos-de-falencia-crescem-15-revela-serasa\/#primaryimage"},"thumbnailUrl":"https:\/\/www.notibras.com\/site\/wp-content\/uploads\/2015\/05\/Sem-t\u00edtulo-122.jpg","datePublished":"2015-05-05T16:26:37+00:00","dateModified":"2015-05-06T00:56:53+00:00","breadcrumb":{"@id":"https:\/\/www.notibras.com\/site\/crise-economica-se-expande-e-pedidos-de-falencia-crescem-15-revela-serasa\/#breadcrumb"},"inLanguage":"pt-BR","potentialAction":[{"@type":"ReadAction","target":["https:\/\/www.notibras.com\/site\/crise-economica-se-expande-e-pedidos-de-falencia-crescem-15-revela-serasa\/"]}]},{"@type":"ImageObject","inLanguage":"pt-BR","@id":"https:\/\/www.notibras.com\/site\/crise-economica-se-expande-e-pedidos-de-falencia-crescem-15-revela-serasa\/#primaryimage","url":"https:\/\/www.notibras.com\/site\/wp-content\/uploads\/2015\/05\/Sem-t\u00edtulo-122.jpg","contentUrl":"https:\/\/www.notibras.com\/site\/wp-content\/uploads\/2015\/05\/Sem-t\u00edtulo-122.jpg","width":620,"height":413},{"@type":"BreadcrumbList","@id":"https:\/\/www.notibras.com\/site\/crise-economica-se-expande-e-pedidos-de-falencia-crescem-15-revela-serasa\/#breadcrumb","itemListElement":[{"@type":"ListItem","position":1,"name":"In\u00edcio","item":"https:\/\/www.notibras.com\/site\/"},{"@type":"ListItem","position":2,"name":"Crise econ\u00f4mica se expande e pedidos de fal\u00eancia crescem 15%, revela Serasa"}]},{"@type":"WebSite","@id":"https:\/\/www.notibras.com\/site\/#website","url":"https:\/\/www.notibras.com\/site\/","name":"Notibras","description":"Not\u00edcias de Bras\u00edlia, do Brasil e do Mundo","publisher":{"@id":"https:\/\/www.notibras.com\/site\/#organization"},"potentialAction":[{"@type":"SearchAction","target":{"@type":"EntryPoint","urlTemplate":"https:\/\/www.notibras.com\/site\/?s={search_term_string}"},"query-input":{"@type":"PropertyValueSpecification","valueRequired":true,"valueName":"search_term_string"}}],"inLanguage":"pt-BR"},{"@type":"Organization","@id":"https:\/\/www.notibras.com\/site\/#organization","name":"Grupo Notibras de Comunica\u00e7\u00e3o","url":"https:\/\/www.notibras.com\/site\/","logo":{"@type":"ImageObject","inLanguage":"pt-BR","@id":"https:\/\/www.notibras.com\/site\/#\/schema\/logo\/image\/","url":"https:\/\/www.notibras.com\/site\/wp-content\/uploads\/2023\/01\/notibras23.png","contentUrl":"https:\/\/www.notibras.com\/site\/wp-content\/uploads\/2023\/01\/notibras23.png","width":350,"height":87,"caption":"Grupo Notibras de Comunica\u00e7\u00e3o"},"image":{"@id":"https:\/\/www.notibras.com\/site\/#\/schema\/logo\/image\/"},"sameAs":["https:\/\/www.facebook.com\/notibras\/","https:\/\/x.com\/Notibras","https:\/\/www.instagram.com\/notibras\/"]},{"@type":"Person","@id":"https:\/\/www.notibras.com\/site\/#\/schema\/person\/36ab0979449956132d3e5b517ea76ac8","name":"Reda\u00e7\u00e3o","image":{"@type":"ImageObject","inLanguage":"pt-BR","@id":"https:\/\/secure.gravatar.com\/avatar\/e0a867bdedb85fd243eadf09663511f96fc81e0720a4a42581f334ad4303aa6b?s=96&d=mm&r=g","url":"https:\/\/secure.gravatar.com\/avatar\/e0a867bdedb85fd243eadf09663511f96fc81e0720a4a42581f334ad4303aa6b?s=96&d=mm&r=g","contentUrl":"https:\/\/secure.gravatar.com\/avatar\/e0a867bdedb85fd243eadf09663511f96fc81e0720a4a42581f334ad4303aa6b?s=96&d=mm&r=g","caption":"Reda\u00e7\u00e3o"}}]}},"amp_enabled":true,"_links":{"self":[{"href":"https:\/\/www.notibras.com\/site\/wp-json\/wp\/v2\/posts\/46969","targetHints":{"allow":["GET"]}}],"collection":[{"href":"https:\/\/www.notibras.com\/site\/wp-json\/wp\/v2\/posts"}],"about":[{"href":"https:\/\/www.notibras.com\/site\/wp-json\/wp\/v2\/types\/post"}],"author":[{"embeddable":true,"href":"https:\/\/www.notibras.com\/site\/wp-json\/wp\/v2\/users\/2"}],"replies":[{"embeddable":true,"href":"https:\/\/www.notibras.com\/site\/wp-json\/wp\/v2\/comments?post=46969"}],"version-history":[{"count":0,"href":"https:\/\/www.notibras.com\/site\/wp-json\/wp\/v2\/posts\/46969\/revisions"}],"wp:featuredmedia":[{"embeddable":true,"href":"https:\/\/www.notibras.com\/site\/wp-json\/wp\/v2\/media\/46977"}],"wp:attachment":[{"href":"https:\/\/www.notibras.com\/site\/wp-json\/wp\/v2\/media?parent=46969"}],"wp:term":[{"taxonomy":"category","embeddable":true,"href":"https:\/\/www.notibras.com\/site\/wp-json\/wp\/v2\/categories?post=46969"},{"taxonomy":"post_tag","embeddable":true,"href":"https:\/\/www.notibras.com\/site\/wp-json\/wp\/v2\/tags?post=46969"}],"curies":[{"name":"wp","href":"https:\/\/api.w.org\/{rel}","templated":true}]}}