{"id":47020,"date":"2015-05-05T23:37:11","date_gmt":"2015-05-06T02:37:11","guid":{"rendered":"http:\/\/www.notibras.com\/site\/?p=47020"},"modified":"2015-05-05T23:39:08","modified_gmt":"2015-05-06T02:39:08","slug":"medico-tem-mas-falta-tonner-para-receituario-e-nao-tem-consulta","status":"publish","type":"post","link":"https:\/\/www.notibras.com\/site\/medico-tem-mas-falta-tonner-para-receituario-e-nao-tem-consulta\/","title":{"rendered":"M\u00e9dico tem, mas falta receitu\u00e1rio. Portanto&#8230; Quem acredita nisso?"},"content":{"rendered":"<p>\u201cAssim n\u00e3o d\u00e1\u201d. Essa foi a rea\u00e7\u00e3o de Eunice Oliveira, moradora do Gama, ao saber que n\u00e3o seria atendida por um m\u00e9dico no Hospital Regional daquela sat\u00e9lite porque n\u00e3o havia tonner para imprimir uma eventual receita de medicamentos. Inconformada, Eunice despachou um zap-zap para <strong>Notibras,<\/strong> anexando o \u2018aviso\u2019 para todo paciente ler. Se o problema fosse s\u00f3 o tonner&#8230;<\/p>\n","protected":false},"excerpt":{"rendered":"<p>\u201cAssim n\u00e3o d\u00e1\u201d. Essa foi a rea\u00e7\u00e3o de Eunice Oliveira, moradora do Gama, ao saber que n\u00e3o seria atendida por um m\u00e9dico no Hospital Regional daquela sat\u00e9lite porque n\u00e3o havia tonner para imprimir uma eventual receita de medicamentos. Inconformada, Eunice despachou um zap-zap para Notibras, anexando o \u2018aviso\u2019 para todo paciente ler. Se o problema [&hellip;]<\/p>\n","protected":false},"author":2,"featured_media":47021,"comment_status":"open","ping_status":"closed","sticky":false,"template":"","format":"standard","meta":{"_acf_changed":false,"footnotes":""},"categories":[40],"tags":[],"class_list":["post-47020","post","type-post","status-publish","format-standard","has-post-thumbnail","hentry","category-zapzap-das-quadras"],"acf":[],"yoast_head":"<!-- This site is optimized with the Yoast SEO plugin v27.2 - https:\/\/yoast.com\/product\/yoast-seo-wordpress\/ -->\n<title>M\u00e9dico tem, mas falta receitu\u00e1rio. Portanto... Quem acredita nisso? - Notibras<\/title>\n<meta name=\"robots\" content=\"index, follow, max-snippet:-1, max-image-preview:large, max-video-preview:-1\" \/>\n<link rel=\"canonical\" href=\"https:\/\/www.notibras.com\/site\/medico-tem-mas-falta-tonner-para-receituario-e-nao-tem-consulta\/\" \/>\n<meta property=\"og:locale\" content=\"pt_BR\" \/>\n<meta property=\"og:type\" content=\"article\" \/>\n<meta property=\"og:title\" content=\"M\u00e9dico tem, mas falta receitu\u00e1rio. Portanto... Quem acredita nisso? - Notibras\" \/>\n<meta property=\"og:description\" content=\"\u201cAssim n\u00e3o d\u00e1\u201d. Essa foi a rea\u00e7\u00e3o de Eunice Oliveira, moradora do Gama, ao saber que n\u00e3o seria atendida por um m\u00e9dico no Hospital Regional daquela sat\u00e9lite porque n\u00e3o havia tonner para imprimir uma eventual receita de medicamentos. Inconformada, Eunice despachou um zap-zap para Notibras, anexando o \u2018aviso\u2019 para todo paciente ler. Se o problema [&hellip;]\" \/>\n<meta property=\"og:url\" content=\"https:\/\/www.notibras.com\/site\/medico-tem-mas-falta-tonner-para-receituario-e-nao-tem-consulta\/\" \/>\n<meta property=\"og:site_name\" content=\"Notibras\" \/>\n<meta property=\"article:publisher\" content=\"https:\/\/www.facebook.com\/notibras\/\" \/>\n<meta property=\"article:published_time\" content=\"2015-05-06T02:37:11+00:00\" \/>\n<meta property=\"article:modified_time\" content=\"2015-05-06T02:39:08+00:00\" \/>\n<meta property=\"og:image\" content=\"https:\/\/www.notibras.com\/site\/wp-content\/uploads\/2015\/05\/zap5.1.l.jpg\" \/>\n\t<meta property=\"og:image:width\" content=\"462\" \/>\n\t<meta property=\"og:image:height\" content=\"394\" \/>\n\t<meta property=\"og:image:type\" content=\"image\/jpeg\" \/>\n<meta name=\"author\" content=\"Reda\u00e7\u00e3o\" \/>\n<meta name=\"twitter:card\" content=\"summary_large_image\" \/>\n<meta name=\"twitter:creator\" content=\"@Notibras\" \/>\n<meta name=\"twitter:site\" content=\"@Notibras\" \/>\n<meta name=\"twitter:label1\" content=\"Escrito por\" \/>\n\t<meta name=\"twitter:data1\" content=\"Reda\u00e7\u00e3o\" \/>\n<script type=\"application\/ld+json\" class=\"yoast-schema-graph\">{\"@context\":\"https:\/\/schema.org\",\"@graph\":[{\"@type\":\"Article\",\"@id\":\"https:\/\/www.notibras.com\/site\/medico-tem-mas-falta-tonner-para-receituario-e-nao-tem-consulta\/#article\",\"isPartOf\":{\"@id\":\"https:\/\/www.notibras.com\/site\/medico-tem-mas-falta-tonner-para-receituario-e-nao-tem-consulta\/\"},\"author\":{\"name\":\"Reda\u00e7\u00e3o\",\"@id\":\"https:\/\/www.notibras.com\/site\/#\/schema\/person\/36ab0979449956132d3e5b517ea76ac8\"},\"headline\":\"M\u00e9dico tem, mas falta receitu\u00e1rio. Portanto&#8230; Quem acredita nisso?\",\"datePublished\":\"2015-05-06T02:37:11+00:00\",\"dateModified\":\"2015-05-06T02:39:08+00:00\",\"mainEntityOfPage\":{\"@id\":\"https:\/\/www.notibras.com\/site\/medico-tem-mas-falta-tonner-para-receituario-e-nao-tem-consulta\/\"},\"wordCount\":76,\"commentCount\":0,\"publisher\":{\"@id\":\"https:\/\/www.notibras.com\/site\/#organization\"},\"image\":{\"@id\":\"https:\/\/www.notibras.com\/site\/medico-tem-mas-falta-tonner-para-receituario-e-nao-tem-consulta\/#primaryimage\"},\"thumbnailUrl\":\"https:\/\/www.notibras.com\/site\/wp-content\/uploads\/2015\/05\/zap5.1.l.jpg\",\"articleSection\":[\"ZapZap das Quadras\"],\"inLanguage\":\"pt-BR\",\"potentialAction\":[{\"@type\":\"CommentAction\",\"name\":\"Comment\",\"target\":[\"https:\/\/www.notibras.com\/site\/medico-tem-mas-falta-tonner-para-receituario-e-nao-tem-consulta\/#respond\"]}]},{\"@type\":\"WebPage\",\"@id\":\"https:\/\/www.notibras.com\/site\/medico-tem-mas-falta-tonner-para-receituario-e-nao-tem-consulta\/\",\"url\":\"https:\/\/www.notibras.com\/site\/medico-tem-mas-falta-tonner-para-receituario-e-nao-tem-consulta\/\",\"name\":\"M\u00e9dico tem, mas falta receitu\u00e1rio. Portanto... Quem acredita nisso? - Notibras\",\"isPartOf\":{\"@id\":\"https:\/\/www.notibras.com\/site\/#website\"},\"primaryImageOfPage\":{\"@id\":\"https:\/\/www.notibras.com\/site\/medico-tem-mas-falta-tonner-para-receituario-e-nao-tem-consulta\/#primaryimage\"},\"image\":{\"@id\":\"https:\/\/www.notibras.com\/site\/medico-tem-mas-falta-tonner-para-receituario-e-nao-tem-consulta\/#primaryimage\"},\"thumbnailUrl\":\"https:\/\/www.notibras.com\/site\/wp-content\/uploads\/2015\/05\/zap5.1.l.jpg\",\"datePublished\":\"2015-05-06T02:37:11+00:00\",\"dateModified\":\"2015-05-06T02:39:08+00:00\",\"breadcrumb\":{\"@id\":\"https:\/\/www.notibras.com\/site\/medico-tem-mas-falta-tonner-para-receituario-e-nao-tem-consulta\/#breadcrumb\"},\"inLanguage\":\"pt-BR\",\"potentialAction\":[{\"@type\":\"ReadAction\",\"target\":[\"https:\/\/www.notibras.com\/site\/medico-tem-mas-falta-tonner-para-receituario-e-nao-tem-consulta\/\"]}]},{\"@type\":\"ImageObject\",\"inLanguage\":\"pt-BR\",\"@id\":\"https:\/\/www.notibras.com\/site\/medico-tem-mas-falta-tonner-para-receituario-e-nao-tem-consulta\/#primaryimage\",\"url\":\"https:\/\/www.notibras.com\/site\/wp-content\/uploads\/2015\/05\/zap5.1.l.jpg\",\"contentUrl\":\"https:\/\/www.notibras.com\/site\/wp-content\/uploads\/2015\/05\/zap5.1.l.jpg\",\"width\":462,\"height\":394},{\"@type\":\"BreadcrumbList\",\"@id\":\"https:\/\/www.notibras.com\/site\/medico-tem-mas-falta-tonner-para-receituario-e-nao-tem-consulta\/#breadcrumb\",\"itemListElement\":[{\"@type\":\"ListItem\",\"position\":1,\"name\":\"In\u00edcio\",\"item\":\"https:\/\/www.notibras.com\/site\/\"},{\"@type\":\"ListItem\",\"position\":2,\"name\":\"M\u00e9dico tem, mas falta receitu\u00e1rio. Portanto&#8230; Quem acredita nisso?\"}]},{\"@type\":\"WebSite\",\"@id\":\"https:\/\/www.notibras.com\/site\/#website\",\"url\":\"https:\/\/www.notibras.com\/site\/\",\"name\":\"Notibras\",\"description\":\"Not\u00edcias de Bras\u00edlia, do Brasil e do Mundo\",\"publisher\":{\"@id\":\"https:\/\/www.notibras.com\/site\/#organization\"},\"potentialAction\":[{\"@type\":\"SearchAction\",\"target\":{\"@type\":\"EntryPoint\",\"urlTemplate\":\"https:\/\/www.notibras.com\/site\/?s={search_term_string}\"},\"query-input\":{\"@type\":\"PropertyValueSpecification\",\"valueRequired\":true,\"valueName\":\"search_term_string\"}}],\"inLanguage\":\"pt-BR\"},{\"@type\":\"Organization\",\"@id\":\"https:\/\/www.notibras.com\/site\/#organization\",\"name\":\"Grupo Notibras de Comunica\u00e7\u00e3o\",\"url\":\"https:\/\/www.notibras.com\/site\/\",\"logo\":{\"@type\":\"ImageObject\",\"inLanguage\":\"pt-BR\",\"@id\":\"https:\/\/www.notibras.com\/site\/#\/schema\/logo\/image\/\",\"url\":\"https:\/\/www.notibras.com\/site\/wp-content\/uploads\/2023\/01\/notibras23.png\",\"contentUrl\":\"https:\/\/www.notibras.com\/site\/wp-content\/uploads\/2023\/01\/notibras23.png\",\"width\":350,\"height\":87,\"caption\":\"Grupo Notibras de Comunica\u00e7\u00e3o\"},\"image\":{\"@id\":\"https:\/\/www.notibras.com\/site\/#\/schema\/logo\/image\/\"},\"sameAs\":[\"https:\/\/www.facebook.com\/notibras\/\",\"https:\/\/x.com\/Notibras\",\"https:\/\/www.instagram.com\/notibras\/\"]},{\"@type\":\"Person\",\"@id\":\"https:\/\/www.notibras.com\/site\/#\/schema\/person\/36ab0979449956132d3e5b517ea76ac8\",\"name\":\"Reda\u00e7\u00e3o\",\"image\":{\"@type\":\"ImageObject\",\"inLanguage\":\"pt-BR\",\"@id\":\"https:\/\/secure.gravatar.com\/avatar\/e0a867bdedb85fd243eadf09663511f96fc81e0720a4a42581f334ad4303aa6b?s=96&d=mm&r=g\",\"url\":\"https:\/\/secure.gravatar.com\/avatar\/e0a867bdedb85fd243eadf09663511f96fc81e0720a4a42581f334ad4303aa6b?s=96&d=mm&r=g\",\"contentUrl\":\"https:\/\/secure.gravatar.com\/avatar\/e0a867bdedb85fd243eadf09663511f96fc81e0720a4a42581f334ad4303aa6b?s=96&d=mm&r=g\",\"caption\":\"Reda\u00e7\u00e3o\"}}]}<\/script>\n<!-- \/ Yoast SEO plugin. -->","yoast_head_json":{"title":"M\u00e9dico tem, mas falta receitu\u00e1rio. Portanto... Quem acredita nisso? - Notibras","robots":{"index":"index","follow":"follow","max-snippet":"max-snippet:-1","max-image-preview":"max-image-preview:large","max-video-preview":"max-video-preview:-1"},"canonical":"https:\/\/www.notibras.com\/site\/medico-tem-mas-falta-tonner-para-receituario-e-nao-tem-consulta\/","og_locale":"pt_BR","og_type":"article","og_title":"M\u00e9dico tem, mas falta receitu\u00e1rio. Portanto... Quem acredita nisso? - Notibras","og_description":"\u201cAssim n\u00e3o d\u00e1\u201d. Essa foi a rea\u00e7\u00e3o de Eunice Oliveira, moradora do Gama, ao saber que n\u00e3o seria atendida por um m\u00e9dico no Hospital Regional daquela sat\u00e9lite porque n\u00e3o havia tonner para imprimir uma eventual receita de medicamentos. Inconformada, Eunice despachou um zap-zap para Notibras, anexando o \u2018aviso\u2019 para todo paciente ler. Se o problema [&hellip;]","og_url":"https:\/\/www.notibras.com\/site\/medico-tem-mas-falta-tonner-para-receituario-e-nao-tem-consulta\/","og_site_name":"Notibras","article_publisher":"https:\/\/www.facebook.com\/notibras\/","article_published_time":"2015-05-06T02:37:11+00:00","article_modified_time":"2015-05-06T02:39:08+00:00","og_image":[{"width":462,"height":394,"url":"https:\/\/www.notibras.com\/site\/wp-content\/uploads\/2015\/05\/zap5.1.l.jpg","type":"image\/jpeg"}],"author":"Reda\u00e7\u00e3o","twitter_card":"summary_large_image","twitter_creator":"@Notibras","twitter_site":"@Notibras","twitter_misc":{"Escrito por":"Reda\u00e7\u00e3o"},"schema":{"@context":"https:\/\/schema.org","@graph":[{"@type":"Article","@id":"https:\/\/www.notibras.com\/site\/medico-tem-mas-falta-tonner-para-receituario-e-nao-tem-consulta\/#article","isPartOf":{"@id":"https:\/\/www.notibras.com\/site\/medico-tem-mas-falta-tonner-para-receituario-e-nao-tem-consulta\/"},"author":{"name":"Reda\u00e7\u00e3o","@id":"https:\/\/www.notibras.com\/site\/#\/schema\/person\/36ab0979449956132d3e5b517ea76ac8"},"headline":"M\u00e9dico tem, mas falta receitu\u00e1rio. Portanto&#8230; Quem acredita nisso?","datePublished":"2015-05-06T02:37:11+00:00","dateModified":"2015-05-06T02:39:08+00:00","mainEntityOfPage":{"@id":"https:\/\/www.notibras.com\/site\/medico-tem-mas-falta-tonner-para-receituario-e-nao-tem-consulta\/"},"wordCount":76,"commentCount":0,"publisher":{"@id":"https:\/\/www.notibras.com\/site\/#organization"},"image":{"@id":"https:\/\/www.notibras.com\/site\/medico-tem-mas-falta-tonner-para-receituario-e-nao-tem-consulta\/#primaryimage"},"thumbnailUrl":"https:\/\/www.notibras.com\/site\/wp-content\/uploads\/2015\/05\/zap5.1.l.jpg","articleSection":["ZapZap das Quadras"],"inLanguage":"pt-BR","potentialAction":[{"@type":"CommentAction","name":"Comment","target":["https:\/\/www.notibras.com\/site\/medico-tem-mas-falta-tonner-para-receituario-e-nao-tem-consulta\/#respond"]}]},{"@type":"WebPage","@id":"https:\/\/www.notibras.com\/site\/medico-tem-mas-falta-tonner-para-receituario-e-nao-tem-consulta\/","url":"https:\/\/www.notibras.com\/site\/medico-tem-mas-falta-tonner-para-receituario-e-nao-tem-consulta\/","name":"M\u00e9dico tem, mas falta receitu\u00e1rio. Portanto... Quem acredita nisso? - Notibras","isPartOf":{"@id":"https:\/\/www.notibras.com\/site\/#website"},"primaryImageOfPage":{"@id":"https:\/\/www.notibras.com\/site\/medico-tem-mas-falta-tonner-para-receituario-e-nao-tem-consulta\/#primaryimage"},"image":{"@id":"https:\/\/www.notibras.com\/site\/medico-tem-mas-falta-tonner-para-receituario-e-nao-tem-consulta\/#primaryimage"},"thumbnailUrl":"https:\/\/www.notibras.com\/site\/wp-content\/uploads\/2015\/05\/zap5.1.l.jpg","datePublished":"2015-05-06T02:37:11+00:00","dateModified":"2015-05-06T02:39:08+00:00","breadcrumb":{"@id":"https:\/\/www.notibras.com\/site\/medico-tem-mas-falta-tonner-para-receituario-e-nao-tem-consulta\/#breadcrumb"},"inLanguage":"pt-BR","potentialAction":[{"@type":"ReadAction","target":["https:\/\/www.notibras.com\/site\/medico-tem-mas-falta-tonner-para-receituario-e-nao-tem-consulta\/"]}]},{"@type":"ImageObject","inLanguage":"pt-BR","@id":"https:\/\/www.notibras.com\/site\/medico-tem-mas-falta-tonner-para-receituario-e-nao-tem-consulta\/#primaryimage","url":"https:\/\/www.notibras.com\/site\/wp-content\/uploads\/2015\/05\/zap5.1.l.jpg","contentUrl":"https:\/\/www.notibras.com\/site\/wp-content\/uploads\/2015\/05\/zap5.1.l.jpg","width":462,"height":394},{"@type":"BreadcrumbList","@id":"https:\/\/www.notibras.com\/site\/medico-tem-mas-falta-tonner-para-receituario-e-nao-tem-consulta\/#breadcrumb","itemListElement":[{"@type":"ListItem","position":1,"name":"In\u00edcio","item":"https:\/\/www.notibras.com\/site\/"},{"@type":"ListItem","position":2,"name":"M\u00e9dico tem, mas falta receitu\u00e1rio. Portanto&#8230; Quem acredita nisso?"}]},{"@type":"WebSite","@id":"https:\/\/www.notibras.com\/site\/#website","url":"https:\/\/www.notibras.com\/site\/","name":"Notibras","description":"Not\u00edcias de Bras\u00edlia, do Brasil e do Mundo","publisher":{"@id":"https:\/\/www.notibras.com\/site\/#organization"},"potentialAction":[{"@type":"SearchAction","target":{"@type":"EntryPoint","urlTemplate":"https:\/\/www.notibras.com\/site\/?s={search_term_string}"},"query-input":{"@type":"PropertyValueSpecification","valueRequired":true,"valueName":"search_term_string"}}],"inLanguage":"pt-BR"},{"@type":"Organization","@id":"https:\/\/www.notibras.com\/site\/#organization","name":"Grupo Notibras de Comunica\u00e7\u00e3o","url":"https:\/\/www.notibras.com\/site\/","logo":{"@type":"ImageObject","inLanguage":"pt-BR","@id":"https:\/\/www.notibras.com\/site\/#\/schema\/logo\/image\/","url":"https:\/\/www.notibras.com\/site\/wp-content\/uploads\/2023\/01\/notibras23.png","contentUrl":"https:\/\/www.notibras.com\/site\/wp-content\/uploads\/2023\/01\/notibras23.png","width":350,"height":87,"caption":"Grupo Notibras de Comunica\u00e7\u00e3o"},"image":{"@id":"https:\/\/www.notibras.com\/site\/#\/schema\/logo\/image\/"},"sameAs":["https:\/\/www.facebook.com\/notibras\/","https:\/\/x.com\/Notibras","https:\/\/www.instagram.com\/notibras\/"]},{"@type":"Person","@id":"https:\/\/www.notibras.com\/site\/#\/schema\/person\/36ab0979449956132d3e5b517ea76ac8","name":"Reda\u00e7\u00e3o","image":{"@type":"ImageObject","inLanguage":"pt-BR","@id":"https:\/\/secure.gravatar.com\/avatar\/e0a867bdedb85fd243eadf09663511f96fc81e0720a4a42581f334ad4303aa6b?s=96&d=mm&r=g","url":"https:\/\/secure.gravatar.com\/avatar\/e0a867bdedb85fd243eadf09663511f96fc81e0720a4a42581f334ad4303aa6b?s=96&d=mm&r=g","contentUrl":"https:\/\/secure.gravatar.com\/avatar\/e0a867bdedb85fd243eadf09663511f96fc81e0720a4a42581f334ad4303aa6b?s=96&d=mm&r=g","caption":"Reda\u00e7\u00e3o"}}]}},"amp_enabled":true,"_links":{"self":[{"href":"https:\/\/www.notibras.com\/site\/wp-json\/wp\/v2\/posts\/47020","targetHints":{"allow":["GET"]}}],"collection":[{"href":"https:\/\/www.notibras.com\/site\/wp-json\/wp\/v2\/posts"}],"about":[{"href":"https:\/\/www.notibras.com\/site\/wp-json\/wp\/v2\/types\/post"}],"author":[{"embeddable":true,"href":"https:\/\/www.notibras.com\/site\/wp-json\/wp\/v2\/users\/2"}],"replies":[{"embeddable":true,"href":"https:\/\/www.notibras.com\/site\/wp-json\/wp\/v2\/comments?post=47020"}],"version-history":[{"count":0,"href":"https:\/\/www.notibras.com\/site\/wp-json\/wp\/v2\/posts\/47020\/revisions"}],"wp:featuredmedia":[{"embeddable":true,"href":"https:\/\/www.notibras.com\/site\/wp-json\/wp\/v2\/media\/47021"}],"wp:attachment":[{"href":"https:\/\/www.notibras.com\/site\/wp-json\/wp\/v2\/media?parent=47020"}],"wp:term":[{"taxonomy":"category","embeddable":true,"href":"https:\/\/www.notibras.com\/site\/wp-json\/wp\/v2\/categories?post=47020"},{"taxonomy":"post_tag","embeddable":true,"href":"https:\/\/www.notibras.com\/site\/wp-json\/wp\/v2\/tags?post=47020"}],"curies":[{"name":"wp","href":"https:\/\/api.w.org\/{rel}","templated":true}]}}