{"id":47023,"date":"2015-05-05T21:51:51","date_gmt":"2015-05-06T00:51:51","guid":{"rendered":"http:\/\/www.notibras.com\/site\/?p=47023"},"modified":"2015-05-07T11:00:50","modified_gmt":"2015-05-07T14:00:50","slug":"virou-rotina-do-inconformado-brasileiro-tem-pt-na-tv-tem-panelaco-e-buzinaco","status":"publish","type":"post","link":"https:\/\/www.notibras.com\/site\/virou-rotina-do-inconformado-brasileiro-tem-pt-na-tv-tem-panelaco-e-buzinaco\/","title":{"rendered":"Virou rotina do brasileiro. Tem PT na TV, tem panela\u00e7o e buzina\u00e7o"},"content":{"rendered":"<p>Brasil, noite de ter\u00e7a-feira, 5 de maio de 2015. Mais uma vez o povo manifestou sua contrariedade com governo de Dilma Rousseff, promovendo um panela\u00e7o e um buzina\u00e7o no per\u00edodo em que esteve no ar o programa dos petistas em cadeia de r\u00e1dio e televis\u00e3o. A manifesta\u00e7\u00e3o foi registrada ao menos em 22 estados, al\u00e9m do Distrito Federal. A convoca\u00e7\u00e3o foi feita pelas redes sociais.<\/p>\n<p>As rea\u00e7\u00f5es contr\u00e1rias ao PT foram registrados nos Estados da Para\u00edba, Par\u00e1, Paran\u00e1, Rio Grande do Norte, Sergipe, Santa Catarina, Esp\u00edrito Santo, Goi\u00e1s, Rio Grande do Sul, Pernambuco, Rio de Janeiro, Minas Gerais, Bahia, Sergipe, Alagoas, S\u00e3o Paulo, Piau\u00ed, Mato Grosso do Sul, Mato Grosso, Maranh\u00e3o, Cear\u00e1, Goi\u00e1s, Amazonas mais o DF.<\/p>\n<blockquote><p>Esta n\u00e3o \u00e9 a primeira vez que o PT \u00e9 alvo de panela\u00e7os espalhados pelo Brasil. O primeiro foi registrado no dia 8 de mar\u00e7o, durante o pronunciamento em rede nacional de TV da presidente Dilma Rousseff (PT) em alus\u00e3o ao Dia Internacional da Mulher<strong>.<\/strong> \u00a0\u00c0 \u00e9poca, os panela\u00e7os ocorreram em pelo menos doze capitais, entre elas S\u00e3o Paulo, Rio de Janeiro, Bras\u00edlia e Porto Alegre.<\/p><\/blockquote>\n<p>Um segundo panela\u00e7o foi registrado durante uma semana depois, no dia 15 de mar\u00e7o, durante a transmiss\u00e3o de uma entrevista coletiva com os ministros da Justi\u00e7a, Jos\u00e9 Eduardo Cardozo, e da Secretaria-Geral da Presid\u00eancia, Miguel Rossetto.<\/p>\n<p>Um dia depois, em 16 de mar\u00e7o, durante uma reportagem veiculada sobre a presidente Dilma no &#8220;Jornal Nacional&#8221;, da TV Globo, um novo panela\u00e7o foi registrado em pelo menos nove capitais.<\/p>\n<p>O temor de mais panela\u00e7os foi apontado como um dos motivos pelo qual a presidente Dilma Rousseff n\u00e3o fez, pela primeira vez desde que assumiu a Presid\u00eancia da Rep\u00fablica, o discurso em homenagem ao Dia do Trabalhador (1\u00ba). Em vez de um pronunciamento em rede de r\u00e1dio e TV, a presidente optou por divulgar, na internet, um pronunciamento<a href=\"http:\/\/noticias.uol.com.br\/ultimas-noticias\/efe\/2015\/04\/27\/pela-1-vez-dilma-nao-fara-pronunciamento-na-tv-no-dia-do-trabalho.htm\"><strong>.\u00a0<\/strong><\/a><\/p>\n<p>Os movimentos &#8220;Vem Pra Rua&#8221;, &#8220;Revoltados On Line&#8221; e &#8220;Movimento Brasil Livre&#8221;, alguns dos que lideraram as manifesta\u00e7\u00f5es anti-Dilma em mar\u00e7o e abril em diversas cidades do Brasil, usaram seus perfis no Facebook para convocar panela\u00e7os em todo o Brasil.<\/p>\n<p><strong>Da Reda\u00e7\u00e3o com Ag\u00eancias<\/strong><\/p>\n","protected":false},"excerpt":{"rendered":"<p>Brasil, noite de ter\u00e7a-feira, 5 de maio de 2015. Mais uma vez o povo manifestou sua contrariedade com governo de Dilma Rousseff, promovendo um panela\u00e7o e um buzina\u00e7o no per\u00edodo em que esteve no ar o programa dos petistas em cadeia de r\u00e1dio e televis\u00e3o. A manifesta\u00e7\u00e3o foi registrada ao menos em 22 estados, al\u00e9m [&hellip;]<\/p>\n","protected":false},"author":2,"featured_media":47024,"comment_status":"open","ping_status":"closed","sticky":false,"template":"","format":"standard","meta":{"_acf_changed":false,"footnotes":""},"categories":[16],"tags":[],"class_list":["post-47023","post","type-post","status-publish","format-standard","has-post-thumbnail","hentry","category-brasil"],"acf":[],"yoast_head":"<!-- This site is optimized with the Yoast SEO plugin v27.5 - https:\/\/yoast.com\/product\/yoast-seo-wordpress\/ -->\n<title>Virou rotina do brasileiro. Tem PT na TV, tem panela\u00e7o e buzina\u00e7o - Notibras<\/title>\n<meta name=\"robots\" content=\"index, follow, max-snippet:-1, max-image-preview:large, max-video-preview:-1\" \/>\n<link rel=\"canonical\" href=\"https:\/\/www.notibras.com\/site\/virou-rotina-do-inconformado-brasileiro-tem-pt-na-tv-tem-panelaco-e-buzinaco\/\" \/>\n<meta property=\"og:locale\" content=\"pt_BR\" \/>\n<meta property=\"og:type\" content=\"article\" \/>\n<meta property=\"og:title\" content=\"Virou rotina do brasileiro. Tem PT na TV, tem panela\u00e7o e buzina\u00e7o - Notibras\" \/>\n<meta property=\"og:description\" content=\"Brasil, noite de ter\u00e7a-feira, 5 de maio de 2015. Mais uma vez o povo manifestou sua contrariedade com governo de Dilma Rousseff, promovendo um panela\u00e7o e um buzina\u00e7o no per\u00edodo em que esteve no ar o programa dos petistas em cadeia de r\u00e1dio e televis\u00e3o. A manifesta\u00e7\u00e3o foi registrada ao menos em 22 estados, al\u00e9m [&hellip;]\" \/>\n<meta property=\"og:url\" content=\"https:\/\/www.notibras.com\/site\/virou-rotina-do-inconformado-brasileiro-tem-pt-na-tv-tem-panelaco-e-buzinaco\/\" \/>\n<meta property=\"og:site_name\" content=\"Notibras\" \/>\n<meta property=\"article:publisher\" content=\"https:\/\/www.facebook.com\/notibras\/\" \/>\n<meta property=\"article:published_time\" content=\"2015-05-06T00:51:51+00:00\" \/>\n<meta property=\"article:modified_time\" content=\"2015-05-07T14:00:50+00:00\" \/>\n<meta property=\"og:image\" content=\"https:\/\/www.notibras.com\/site\/wp-content\/uploads\/2015\/05\/pan.5.jpeg\" \/>\n\t<meta property=\"og:image:width\" content=\"768\" \/>\n\t<meta property=\"og:image:height\" content=\"512\" \/>\n\t<meta property=\"og:image:type\" content=\"image\/jpeg\" \/>\n<meta name=\"author\" content=\"Reda\u00e7\u00e3o\" \/>\n<meta name=\"twitter:card\" content=\"summary_large_image\" \/>\n<meta name=\"twitter:creator\" content=\"@Notibras\" \/>\n<meta name=\"twitter:site\" content=\"@Notibras\" \/>\n<meta name=\"twitter:label1\" content=\"Escrito por\" \/>\n\t<meta name=\"twitter:data1\" content=\"Reda\u00e7\u00e3o\" \/>\n\t<meta name=\"twitter:label2\" content=\"Est. tempo de leitura\" \/>\n\t<meta name=\"twitter:data2\" content=\"2 minutos\" \/>\n<script type=\"application\/ld+json\" class=\"yoast-schema-graph\">{\"@context\":\"https:\\\/\\\/schema.org\",\"@graph\":[{\"@type\":\"Article\",\"@id\":\"https:\\\/\\\/www.notibras.com\\\/site\\\/virou-rotina-do-inconformado-brasileiro-tem-pt-na-tv-tem-panelaco-e-buzinaco\\\/#article\",\"isPartOf\":{\"@id\":\"https:\\\/\\\/www.notibras.com\\\/site\\\/virou-rotina-do-inconformado-brasileiro-tem-pt-na-tv-tem-panelaco-e-buzinaco\\\/\"},\"author\":{\"name\":\"Reda\u00e7\u00e3o\",\"@id\":\"https:\\\/\\\/www.notibras.com\\\/site\\\/#\\\/schema\\\/person\\\/36ab0979449956132d3e5b517ea76ac8\"},\"headline\":\"Virou rotina do brasileiro. Tem PT na TV, tem panela\u00e7o e buzina\u00e7o\",\"datePublished\":\"2015-05-06T00:51:51+00:00\",\"dateModified\":\"2015-05-07T14:00:50+00:00\",\"mainEntityOfPage\":{\"@id\":\"https:\\\/\\\/www.notibras.com\\\/site\\\/virou-rotina-do-inconformado-brasileiro-tem-pt-na-tv-tem-panelaco-e-buzinaco\\\/\"},\"wordCount\":397,\"commentCount\":0,\"publisher\":{\"@id\":\"https:\\\/\\\/www.notibras.com\\\/site\\\/#organization\"},\"image\":{\"@id\":\"https:\\\/\\\/www.notibras.com\\\/site\\\/virou-rotina-do-inconformado-brasileiro-tem-pt-na-tv-tem-panelaco-e-buzinaco\\\/#primaryimage\"},\"thumbnailUrl\":\"https:\\\/\\\/www.notibras.com\\\/site\\\/wp-content\\\/uploads\\\/2015\\\/05\\\/pan.5.jpeg\",\"articleSection\":[\"Brasil\"],\"inLanguage\":\"pt-BR\",\"potentialAction\":[{\"@type\":\"CommentAction\",\"name\":\"Comment\",\"target\":[\"https:\\\/\\\/www.notibras.com\\\/site\\\/virou-rotina-do-inconformado-brasileiro-tem-pt-na-tv-tem-panelaco-e-buzinaco\\\/#respond\"]}]},{\"@type\":\"WebPage\",\"@id\":\"https:\\\/\\\/www.notibras.com\\\/site\\\/virou-rotina-do-inconformado-brasileiro-tem-pt-na-tv-tem-panelaco-e-buzinaco\\\/\",\"url\":\"https:\\\/\\\/www.notibras.com\\\/site\\\/virou-rotina-do-inconformado-brasileiro-tem-pt-na-tv-tem-panelaco-e-buzinaco\\\/\",\"name\":\"Virou rotina do brasileiro. Tem PT na TV, tem panela\u00e7o e buzina\u00e7o - Notibras\",\"isPartOf\":{\"@id\":\"https:\\\/\\\/www.notibras.com\\\/site\\\/#website\"},\"primaryImageOfPage\":{\"@id\":\"https:\\\/\\\/www.notibras.com\\\/site\\\/virou-rotina-do-inconformado-brasileiro-tem-pt-na-tv-tem-panelaco-e-buzinaco\\\/#primaryimage\"},\"image\":{\"@id\":\"https:\\\/\\\/www.notibras.com\\\/site\\\/virou-rotina-do-inconformado-brasileiro-tem-pt-na-tv-tem-panelaco-e-buzinaco\\\/#primaryimage\"},\"thumbnailUrl\":\"https:\\\/\\\/www.notibras.com\\\/site\\\/wp-content\\\/uploads\\\/2015\\\/05\\\/pan.5.jpeg\",\"datePublished\":\"2015-05-06T00:51:51+00:00\",\"dateModified\":\"2015-05-07T14:00:50+00:00\",\"breadcrumb\":{\"@id\":\"https:\\\/\\\/www.notibras.com\\\/site\\\/virou-rotina-do-inconformado-brasileiro-tem-pt-na-tv-tem-panelaco-e-buzinaco\\\/#breadcrumb\"},\"inLanguage\":\"pt-BR\",\"potentialAction\":[{\"@type\":\"ReadAction\",\"target\":[\"https:\\\/\\\/www.notibras.com\\\/site\\\/virou-rotina-do-inconformado-brasileiro-tem-pt-na-tv-tem-panelaco-e-buzinaco\\\/\"]}]},{\"@type\":\"ImageObject\",\"inLanguage\":\"pt-BR\",\"@id\":\"https:\\\/\\\/www.notibras.com\\\/site\\\/virou-rotina-do-inconformado-brasileiro-tem-pt-na-tv-tem-panelaco-e-buzinaco\\\/#primaryimage\",\"url\":\"https:\\\/\\\/www.notibras.com\\\/site\\\/wp-content\\\/uploads\\\/2015\\\/05\\\/pan.5.jpeg\",\"contentUrl\":\"https:\\\/\\\/www.notibras.com\\\/site\\\/wp-content\\\/uploads\\\/2015\\\/05\\\/pan.5.jpeg\",\"width\":768,\"height\":512},{\"@type\":\"BreadcrumbList\",\"@id\":\"https:\\\/\\\/www.notibras.com\\\/site\\\/virou-rotina-do-inconformado-brasileiro-tem-pt-na-tv-tem-panelaco-e-buzinaco\\\/#breadcrumb\",\"itemListElement\":[{\"@type\":\"ListItem\",\"position\":1,\"name\":\"In\u00edcio\",\"item\":\"https:\\\/\\\/www.notibras.com\\\/site\\\/\"},{\"@type\":\"ListItem\",\"position\":2,\"name\":\"Virou rotina do brasileiro. Tem PT na TV, tem panela\u00e7o e buzina\u00e7o\"}]},{\"@type\":\"WebSite\",\"@id\":\"https:\\\/\\\/www.notibras.com\\\/site\\\/#website\",\"url\":\"https:\\\/\\\/www.notibras.com\\\/site\\\/\",\"name\":\"Notibras\",\"description\":\"Not\u00edcias de Bras\u00edlia, do Brasil e do Mundo\",\"publisher\":{\"@id\":\"https:\\\/\\\/www.notibras.com\\\/site\\\/#organization\"},\"potentialAction\":[{\"@type\":\"SearchAction\",\"target\":{\"@type\":\"EntryPoint\",\"urlTemplate\":\"https:\\\/\\\/www.notibras.com\\\/site\\\/?s={search_term_string}\"},\"query-input\":{\"@type\":\"PropertyValueSpecification\",\"valueRequired\":true,\"valueName\":\"search_term_string\"}}],\"inLanguage\":\"pt-BR\"},{\"@type\":\"Organization\",\"@id\":\"https:\\\/\\\/www.notibras.com\\\/site\\\/#organization\",\"name\":\"Grupo Notibras de Comunica\u00e7\u00e3o\",\"url\":\"https:\\\/\\\/www.notibras.com\\\/site\\\/\",\"logo\":{\"@type\":\"ImageObject\",\"inLanguage\":\"pt-BR\",\"@id\":\"https:\\\/\\\/www.notibras.com\\\/site\\\/#\\\/schema\\\/logo\\\/image\\\/\",\"url\":\"https:\\\/\\\/www.notibras.com\\\/site\\\/wp-content\\\/uploads\\\/2023\\\/01\\\/notibras23.png\",\"contentUrl\":\"https:\\\/\\\/www.notibras.com\\\/site\\\/wp-content\\\/uploads\\\/2023\\\/01\\\/notibras23.png\",\"width\":350,\"height\":87,\"caption\":\"Grupo Notibras de Comunica\u00e7\u00e3o\"},\"image\":{\"@id\":\"https:\\\/\\\/www.notibras.com\\\/site\\\/#\\\/schema\\\/logo\\\/image\\\/\"},\"sameAs\":[\"https:\\\/\\\/www.facebook.com\\\/notibras\\\/\",\"https:\\\/\\\/x.com\\\/Notibras\",\"https:\\\/\\\/www.instagram.com\\\/notibras\\\/\"]},{\"@type\":\"Person\",\"@id\":\"https:\\\/\\\/www.notibras.com\\\/site\\\/#\\\/schema\\\/person\\\/36ab0979449956132d3e5b517ea76ac8\",\"name\":\"Reda\u00e7\u00e3o\",\"image\":{\"@type\":\"ImageObject\",\"inLanguage\":\"pt-BR\",\"@id\":\"https:\\\/\\\/secure.gravatar.com\\\/avatar\\\/e0a867bdedb85fd243eadf09663511f96fc81e0720a4a42581f334ad4303aa6b?s=96&d=mm&r=g\",\"url\":\"https:\\\/\\\/secure.gravatar.com\\\/avatar\\\/e0a867bdedb85fd243eadf09663511f96fc81e0720a4a42581f334ad4303aa6b?s=96&d=mm&r=g\",\"contentUrl\":\"https:\\\/\\\/secure.gravatar.com\\\/avatar\\\/e0a867bdedb85fd243eadf09663511f96fc81e0720a4a42581f334ad4303aa6b?s=96&d=mm&r=g\",\"caption\":\"Reda\u00e7\u00e3o\"}}]}<\/script>\n<!-- \/ Yoast SEO plugin. -->","yoast_head_json":{"title":"Virou rotina do brasileiro. Tem PT na TV, tem panela\u00e7o e buzina\u00e7o - Notibras","robots":{"index":"index","follow":"follow","max-snippet":"max-snippet:-1","max-image-preview":"max-image-preview:large","max-video-preview":"max-video-preview:-1"},"canonical":"https:\/\/www.notibras.com\/site\/virou-rotina-do-inconformado-brasileiro-tem-pt-na-tv-tem-panelaco-e-buzinaco\/","og_locale":"pt_BR","og_type":"article","og_title":"Virou rotina do brasileiro. Tem PT na TV, tem panela\u00e7o e buzina\u00e7o - Notibras","og_description":"Brasil, noite de ter\u00e7a-feira, 5 de maio de 2015. Mais uma vez o povo manifestou sua contrariedade com governo de Dilma Rousseff, promovendo um panela\u00e7o e um buzina\u00e7o no per\u00edodo em que esteve no ar o programa dos petistas em cadeia de r\u00e1dio e televis\u00e3o. A manifesta\u00e7\u00e3o foi registrada ao menos em 22 estados, al\u00e9m [&hellip;]","og_url":"https:\/\/www.notibras.com\/site\/virou-rotina-do-inconformado-brasileiro-tem-pt-na-tv-tem-panelaco-e-buzinaco\/","og_site_name":"Notibras","article_publisher":"https:\/\/www.facebook.com\/notibras\/","article_published_time":"2015-05-06T00:51:51+00:00","article_modified_time":"2015-05-07T14:00:50+00:00","og_image":[{"width":768,"height":512,"url":"https:\/\/www.notibras.com\/site\/wp-content\/uploads\/2015\/05\/pan.5.jpeg","type":"image\/jpeg"}],"author":"Reda\u00e7\u00e3o","twitter_card":"summary_large_image","twitter_creator":"@Notibras","twitter_site":"@Notibras","twitter_misc":{"Escrito por":"Reda\u00e7\u00e3o","Est. tempo de leitura":"2 minutos"},"schema":{"@context":"https:\/\/schema.org","@graph":[{"@type":"Article","@id":"https:\/\/www.notibras.com\/site\/virou-rotina-do-inconformado-brasileiro-tem-pt-na-tv-tem-panelaco-e-buzinaco\/#article","isPartOf":{"@id":"https:\/\/www.notibras.com\/site\/virou-rotina-do-inconformado-brasileiro-tem-pt-na-tv-tem-panelaco-e-buzinaco\/"},"author":{"name":"Reda\u00e7\u00e3o","@id":"https:\/\/www.notibras.com\/site\/#\/schema\/person\/36ab0979449956132d3e5b517ea76ac8"},"headline":"Virou rotina do brasileiro. Tem PT na TV, tem panela\u00e7o e buzina\u00e7o","datePublished":"2015-05-06T00:51:51+00:00","dateModified":"2015-05-07T14:00:50+00:00","mainEntityOfPage":{"@id":"https:\/\/www.notibras.com\/site\/virou-rotina-do-inconformado-brasileiro-tem-pt-na-tv-tem-panelaco-e-buzinaco\/"},"wordCount":397,"commentCount":0,"publisher":{"@id":"https:\/\/www.notibras.com\/site\/#organization"},"image":{"@id":"https:\/\/www.notibras.com\/site\/virou-rotina-do-inconformado-brasileiro-tem-pt-na-tv-tem-panelaco-e-buzinaco\/#primaryimage"},"thumbnailUrl":"https:\/\/www.notibras.com\/site\/wp-content\/uploads\/2015\/05\/pan.5.jpeg","articleSection":["Brasil"],"inLanguage":"pt-BR","potentialAction":[{"@type":"CommentAction","name":"Comment","target":["https:\/\/www.notibras.com\/site\/virou-rotina-do-inconformado-brasileiro-tem-pt-na-tv-tem-panelaco-e-buzinaco\/#respond"]}]},{"@type":"WebPage","@id":"https:\/\/www.notibras.com\/site\/virou-rotina-do-inconformado-brasileiro-tem-pt-na-tv-tem-panelaco-e-buzinaco\/","url":"https:\/\/www.notibras.com\/site\/virou-rotina-do-inconformado-brasileiro-tem-pt-na-tv-tem-panelaco-e-buzinaco\/","name":"Virou rotina do brasileiro. Tem PT na TV, tem panela\u00e7o e buzina\u00e7o - Notibras","isPartOf":{"@id":"https:\/\/www.notibras.com\/site\/#website"},"primaryImageOfPage":{"@id":"https:\/\/www.notibras.com\/site\/virou-rotina-do-inconformado-brasileiro-tem-pt-na-tv-tem-panelaco-e-buzinaco\/#primaryimage"},"image":{"@id":"https:\/\/www.notibras.com\/site\/virou-rotina-do-inconformado-brasileiro-tem-pt-na-tv-tem-panelaco-e-buzinaco\/#primaryimage"},"thumbnailUrl":"https:\/\/www.notibras.com\/site\/wp-content\/uploads\/2015\/05\/pan.5.jpeg","datePublished":"2015-05-06T00:51:51+00:00","dateModified":"2015-05-07T14:00:50+00:00","breadcrumb":{"@id":"https:\/\/www.notibras.com\/site\/virou-rotina-do-inconformado-brasileiro-tem-pt-na-tv-tem-panelaco-e-buzinaco\/#breadcrumb"},"inLanguage":"pt-BR","potentialAction":[{"@type":"ReadAction","target":["https:\/\/www.notibras.com\/site\/virou-rotina-do-inconformado-brasileiro-tem-pt-na-tv-tem-panelaco-e-buzinaco\/"]}]},{"@type":"ImageObject","inLanguage":"pt-BR","@id":"https:\/\/www.notibras.com\/site\/virou-rotina-do-inconformado-brasileiro-tem-pt-na-tv-tem-panelaco-e-buzinaco\/#primaryimage","url":"https:\/\/www.notibras.com\/site\/wp-content\/uploads\/2015\/05\/pan.5.jpeg","contentUrl":"https:\/\/www.notibras.com\/site\/wp-content\/uploads\/2015\/05\/pan.5.jpeg","width":768,"height":512},{"@type":"BreadcrumbList","@id":"https:\/\/www.notibras.com\/site\/virou-rotina-do-inconformado-brasileiro-tem-pt-na-tv-tem-panelaco-e-buzinaco\/#breadcrumb","itemListElement":[{"@type":"ListItem","position":1,"name":"In\u00edcio","item":"https:\/\/www.notibras.com\/site\/"},{"@type":"ListItem","position":2,"name":"Virou rotina do brasileiro. Tem PT na TV, tem panela\u00e7o e buzina\u00e7o"}]},{"@type":"WebSite","@id":"https:\/\/www.notibras.com\/site\/#website","url":"https:\/\/www.notibras.com\/site\/","name":"Notibras","description":"Not\u00edcias de Bras\u00edlia, do Brasil e do Mundo","publisher":{"@id":"https:\/\/www.notibras.com\/site\/#organization"},"potentialAction":[{"@type":"SearchAction","target":{"@type":"EntryPoint","urlTemplate":"https:\/\/www.notibras.com\/site\/?s={search_term_string}"},"query-input":{"@type":"PropertyValueSpecification","valueRequired":true,"valueName":"search_term_string"}}],"inLanguage":"pt-BR"},{"@type":"Organization","@id":"https:\/\/www.notibras.com\/site\/#organization","name":"Grupo Notibras de Comunica\u00e7\u00e3o","url":"https:\/\/www.notibras.com\/site\/","logo":{"@type":"ImageObject","inLanguage":"pt-BR","@id":"https:\/\/www.notibras.com\/site\/#\/schema\/logo\/image\/","url":"https:\/\/www.notibras.com\/site\/wp-content\/uploads\/2023\/01\/notibras23.png","contentUrl":"https:\/\/www.notibras.com\/site\/wp-content\/uploads\/2023\/01\/notibras23.png","width":350,"height":87,"caption":"Grupo Notibras de Comunica\u00e7\u00e3o"},"image":{"@id":"https:\/\/www.notibras.com\/site\/#\/schema\/logo\/image\/"},"sameAs":["https:\/\/www.facebook.com\/notibras\/","https:\/\/x.com\/Notibras","https:\/\/www.instagram.com\/notibras\/"]},{"@type":"Person","@id":"https:\/\/www.notibras.com\/site\/#\/schema\/person\/36ab0979449956132d3e5b517ea76ac8","name":"Reda\u00e7\u00e3o","image":{"@type":"ImageObject","inLanguage":"pt-BR","@id":"https:\/\/secure.gravatar.com\/avatar\/e0a867bdedb85fd243eadf09663511f96fc81e0720a4a42581f334ad4303aa6b?s=96&d=mm&r=g","url":"https:\/\/secure.gravatar.com\/avatar\/e0a867bdedb85fd243eadf09663511f96fc81e0720a4a42581f334ad4303aa6b?s=96&d=mm&r=g","contentUrl":"https:\/\/secure.gravatar.com\/avatar\/e0a867bdedb85fd243eadf09663511f96fc81e0720a4a42581f334ad4303aa6b?s=96&d=mm&r=g","caption":"Reda\u00e7\u00e3o"}}]}},"amp_enabled":true,"_links":{"self":[{"href":"https:\/\/www.notibras.com\/site\/wp-json\/wp\/v2\/posts\/47023","targetHints":{"allow":["GET"]}}],"collection":[{"href":"https:\/\/www.notibras.com\/site\/wp-json\/wp\/v2\/posts"}],"about":[{"href":"https:\/\/www.notibras.com\/site\/wp-json\/wp\/v2\/types\/post"}],"author":[{"embeddable":true,"href":"https:\/\/www.notibras.com\/site\/wp-json\/wp\/v2\/users\/2"}],"replies":[{"embeddable":true,"href":"https:\/\/www.notibras.com\/site\/wp-json\/wp\/v2\/comments?post=47023"}],"version-history":[{"count":0,"href":"https:\/\/www.notibras.com\/site\/wp-json\/wp\/v2\/posts\/47023\/revisions"}],"wp:featuredmedia":[{"embeddable":true,"href":"https:\/\/www.notibras.com\/site\/wp-json\/wp\/v2\/media\/47024"}],"wp:attachment":[{"href":"https:\/\/www.notibras.com\/site\/wp-json\/wp\/v2\/media?parent=47023"}],"wp:term":[{"taxonomy":"category","embeddable":true,"href":"https:\/\/www.notibras.com\/site\/wp-json\/wp\/v2\/categories?post=47023"},{"taxonomy":"post_tag","embeddable":true,"href":"https:\/\/www.notibras.com\/site\/wp-json\/wp\/v2\/tags?post=47023"}],"curies":[{"name":"wp","href":"https:\/\/api.w.org\/{rel}","templated":true}]}}