{"id":47068,"date":"2015-05-06T01:36:53","date_gmt":"2015-05-06T04:36:53","guid":{"rendered":"http:\/\/www.notibras.com\/site\/?p=47068"},"modified":"2015-05-06T01:38:31","modified_gmt":"2015-05-06T04:38:31","slug":"garantir-o-parque-antes-que-a-especulacao-imobiliaria-tome","status":"publish","type":"post","link":"https:\/\/www.notibras.com\/site\/garantir-o-parque-antes-que-a-especulacao-imobiliaria-tome\/","title":{"rendered":"Garantir o parque antes que a especula\u00e7\u00e3o imobili\u00e1ria tome conta"},"content":{"rendered":"<p>Usu\u00e1rios que frequentam o Parque Ecol\u00f3gico de \u00c1guas Claras reclamam da demora do Governo em atender ao pedido da comunidade que deseja a amplia\u00e7\u00e3o da \u00e1rea junto com as terras pertencentes \u00e0 resid\u00eancia oficial do governador. Jos\u00e9 J\u00falio de Oliveira, morador da cidade, lembra que \u00e9 necess\u00e1rio a amplia\u00e7\u00e3o do parque antes que a especula\u00e7\u00e3o imobili\u00e1ria tome conta do local. J\u00falio ressalta que moradores entregaram um abaixo assinado para os dois \u00faltimos governadores com mais de quatro mil assinaturas, mas que nada foi feito at\u00e9 agora.<\/p>\n","protected":false},"excerpt":{"rendered":"<p>Usu\u00e1rios que frequentam o Parque Ecol\u00f3gico de \u00c1guas Claras reclamam da demora do Governo em atender ao pedido da comunidade que deseja a amplia\u00e7\u00e3o da \u00e1rea junto com as terras pertencentes \u00e0 resid\u00eancia oficial do governador. Jos\u00e9 J\u00falio de Oliveira, morador da cidade, lembra que \u00e9 necess\u00e1rio a amplia\u00e7\u00e3o do parque antes que a especula\u00e7\u00e3o [&hellip;]<\/p>\n","protected":false},"author":2,"featured_media":47069,"comment_status":"open","ping_status":"closed","sticky":false,"template":"","format":"standard","meta":{"_acf_changed":false,"footnotes":""},"categories":[40],"tags":[],"class_list":["post-47068","post","type-post","status-publish","format-standard","has-post-thumbnail","hentry","category-zapzap-das-quadras"],"acf":[],"yoast_head":"<!-- This site is optimized with the Yoast SEO plugin v27.2 - https:\/\/yoast.com\/product\/yoast-seo-wordpress\/ -->\n<title>Garantir o parque antes que a especula\u00e7\u00e3o imobili\u00e1ria tome conta - Notibras<\/title>\n<meta name=\"robots\" content=\"index, follow, max-snippet:-1, max-image-preview:large, max-video-preview:-1\" \/>\n<link rel=\"canonical\" href=\"https:\/\/www.notibras.com\/site\/garantir-o-parque-antes-que-a-especulacao-imobiliaria-tome\/\" \/>\n<meta property=\"og:locale\" content=\"pt_BR\" \/>\n<meta property=\"og:type\" content=\"article\" \/>\n<meta property=\"og:title\" content=\"Garantir o parque antes que a especula\u00e7\u00e3o imobili\u00e1ria tome conta - Notibras\" \/>\n<meta property=\"og:description\" content=\"Usu\u00e1rios que frequentam o Parque Ecol\u00f3gico de \u00c1guas Claras reclamam da demora do Governo em atender ao pedido da comunidade que deseja a amplia\u00e7\u00e3o da \u00e1rea junto com as terras pertencentes \u00e0 resid\u00eancia oficial do governador. Jos\u00e9 J\u00falio de Oliveira, morador da cidade, lembra que \u00e9 necess\u00e1rio a amplia\u00e7\u00e3o do parque antes que a especula\u00e7\u00e3o [&hellip;]\" \/>\n<meta property=\"og:url\" content=\"https:\/\/www.notibras.com\/site\/garantir-o-parque-antes-que-a-especulacao-imobiliaria-tome\/\" \/>\n<meta property=\"og:site_name\" content=\"Notibras\" \/>\n<meta property=\"article:publisher\" content=\"https:\/\/www.facebook.com\/notibras\/\" \/>\n<meta property=\"article:published_time\" content=\"2015-05-06T04:36:53+00:00\" \/>\n<meta property=\"article:modified_time\" content=\"2015-05-06T04:38:31+00:00\" \/>\n<meta property=\"og:image\" content=\"https:\/\/www.notibras.com\/site\/wp-content\/uploads\/2015\/05\/pqac1.jpg\" \/>\n\t<meta property=\"og:image:width\" content=\"275\" \/>\n\t<meta property=\"og:image:height\" content=\"183\" \/>\n\t<meta property=\"og:image:type\" content=\"image\/jpeg\" \/>\n<meta name=\"author\" content=\"Reda\u00e7\u00e3o\" \/>\n<meta name=\"twitter:card\" content=\"summary_large_image\" \/>\n<meta name=\"twitter:creator\" content=\"@Notibras\" \/>\n<meta name=\"twitter:site\" content=\"@Notibras\" \/>\n<meta name=\"twitter:label1\" content=\"Escrito por\" \/>\n\t<meta name=\"twitter:data1\" content=\"Reda\u00e7\u00e3o\" \/>\n<script type=\"application\/ld+json\" class=\"yoast-schema-graph\">{\"@context\":\"https:\/\/schema.org\",\"@graph\":[{\"@type\":\"Article\",\"@id\":\"https:\/\/www.notibras.com\/site\/garantir-o-parque-antes-que-a-especulacao-imobiliaria-tome\/#article\",\"isPartOf\":{\"@id\":\"https:\/\/www.notibras.com\/site\/garantir-o-parque-antes-que-a-especulacao-imobiliaria-tome\/\"},\"author\":{\"name\":\"Reda\u00e7\u00e3o\",\"@id\":\"https:\/\/www.notibras.com\/site\/#\/schema\/person\/36ab0979449956132d3e5b517ea76ac8\"},\"headline\":\"Garantir o parque antes que a especula\u00e7\u00e3o imobili\u00e1ria tome conta\",\"datePublished\":\"2015-05-06T04:36:53+00:00\",\"dateModified\":\"2015-05-06T04:38:31+00:00\",\"mainEntityOfPage\":{\"@id\":\"https:\/\/www.notibras.com\/site\/garantir-o-parque-antes-que-a-especulacao-imobiliaria-tome\/\"},\"wordCount\":106,\"commentCount\":0,\"publisher\":{\"@id\":\"https:\/\/www.notibras.com\/site\/#organization\"},\"image\":{\"@id\":\"https:\/\/www.notibras.com\/site\/garantir-o-parque-antes-que-a-especulacao-imobiliaria-tome\/#primaryimage\"},\"thumbnailUrl\":\"https:\/\/www.notibras.com\/site\/wp-content\/uploads\/2015\/05\/pqac1.jpg\",\"articleSection\":[\"ZapZap das Quadras\"],\"inLanguage\":\"pt-BR\",\"potentialAction\":[{\"@type\":\"CommentAction\",\"name\":\"Comment\",\"target\":[\"https:\/\/www.notibras.com\/site\/garantir-o-parque-antes-que-a-especulacao-imobiliaria-tome\/#respond\"]}]},{\"@type\":\"WebPage\",\"@id\":\"https:\/\/www.notibras.com\/site\/garantir-o-parque-antes-que-a-especulacao-imobiliaria-tome\/\",\"url\":\"https:\/\/www.notibras.com\/site\/garantir-o-parque-antes-que-a-especulacao-imobiliaria-tome\/\",\"name\":\"Garantir o parque antes que a especula\u00e7\u00e3o imobili\u00e1ria tome conta - Notibras\",\"isPartOf\":{\"@id\":\"https:\/\/www.notibras.com\/site\/#website\"},\"primaryImageOfPage\":{\"@id\":\"https:\/\/www.notibras.com\/site\/garantir-o-parque-antes-que-a-especulacao-imobiliaria-tome\/#primaryimage\"},\"image\":{\"@id\":\"https:\/\/www.notibras.com\/site\/garantir-o-parque-antes-que-a-especulacao-imobiliaria-tome\/#primaryimage\"},\"thumbnailUrl\":\"https:\/\/www.notibras.com\/site\/wp-content\/uploads\/2015\/05\/pqac1.jpg\",\"datePublished\":\"2015-05-06T04:36:53+00:00\",\"dateModified\":\"2015-05-06T04:38:31+00:00\",\"breadcrumb\":{\"@id\":\"https:\/\/www.notibras.com\/site\/garantir-o-parque-antes-que-a-especulacao-imobiliaria-tome\/#breadcrumb\"},\"inLanguage\":\"pt-BR\",\"potentialAction\":[{\"@type\":\"ReadAction\",\"target\":[\"https:\/\/www.notibras.com\/site\/garantir-o-parque-antes-que-a-especulacao-imobiliaria-tome\/\"]}]},{\"@type\":\"ImageObject\",\"inLanguage\":\"pt-BR\",\"@id\":\"https:\/\/www.notibras.com\/site\/garantir-o-parque-antes-que-a-especulacao-imobiliaria-tome\/#primaryimage\",\"url\":\"https:\/\/www.notibras.com\/site\/wp-content\/uploads\/2015\/05\/pqac1.jpg\",\"contentUrl\":\"https:\/\/www.notibras.com\/site\/wp-content\/uploads\/2015\/05\/pqac1.jpg\",\"width\":275,\"height\":183},{\"@type\":\"BreadcrumbList\",\"@id\":\"https:\/\/www.notibras.com\/site\/garantir-o-parque-antes-que-a-especulacao-imobiliaria-tome\/#breadcrumb\",\"itemListElement\":[{\"@type\":\"ListItem\",\"position\":1,\"name\":\"In\u00edcio\",\"item\":\"https:\/\/www.notibras.com\/site\/\"},{\"@type\":\"ListItem\",\"position\":2,\"name\":\"Garantir o parque antes que a especula\u00e7\u00e3o imobili\u00e1ria tome conta\"}]},{\"@type\":\"WebSite\",\"@id\":\"https:\/\/www.notibras.com\/site\/#website\",\"url\":\"https:\/\/www.notibras.com\/site\/\",\"name\":\"Notibras\",\"description\":\"Not\u00edcias de Bras\u00edlia, do Brasil e do Mundo\",\"publisher\":{\"@id\":\"https:\/\/www.notibras.com\/site\/#organization\"},\"potentialAction\":[{\"@type\":\"SearchAction\",\"target\":{\"@type\":\"EntryPoint\",\"urlTemplate\":\"https:\/\/www.notibras.com\/site\/?s={search_term_string}\"},\"query-input\":{\"@type\":\"PropertyValueSpecification\",\"valueRequired\":true,\"valueName\":\"search_term_string\"}}],\"inLanguage\":\"pt-BR\"},{\"@type\":\"Organization\",\"@id\":\"https:\/\/www.notibras.com\/site\/#organization\",\"name\":\"Grupo Notibras de Comunica\u00e7\u00e3o\",\"url\":\"https:\/\/www.notibras.com\/site\/\",\"logo\":{\"@type\":\"ImageObject\",\"inLanguage\":\"pt-BR\",\"@id\":\"https:\/\/www.notibras.com\/site\/#\/schema\/logo\/image\/\",\"url\":\"https:\/\/www.notibras.com\/site\/wp-content\/uploads\/2023\/01\/notibras23.png\",\"contentUrl\":\"https:\/\/www.notibras.com\/site\/wp-content\/uploads\/2023\/01\/notibras23.png\",\"width\":350,\"height\":87,\"caption\":\"Grupo Notibras de Comunica\u00e7\u00e3o\"},\"image\":{\"@id\":\"https:\/\/www.notibras.com\/site\/#\/schema\/logo\/image\/\"},\"sameAs\":[\"https:\/\/www.facebook.com\/notibras\/\",\"https:\/\/x.com\/Notibras\",\"https:\/\/www.instagram.com\/notibras\/\"]},{\"@type\":\"Person\",\"@id\":\"https:\/\/www.notibras.com\/site\/#\/schema\/person\/36ab0979449956132d3e5b517ea76ac8\",\"name\":\"Reda\u00e7\u00e3o\",\"image\":{\"@type\":\"ImageObject\",\"inLanguage\":\"pt-BR\",\"@id\":\"https:\/\/secure.gravatar.com\/avatar\/e0a867bdedb85fd243eadf09663511f96fc81e0720a4a42581f334ad4303aa6b?s=96&d=mm&r=g\",\"url\":\"https:\/\/secure.gravatar.com\/avatar\/e0a867bdedb85fd243eadf09663511f96fc81e0720a4a42581f334ad4303aa6b?s=96&d=mm&r=g\",\"contentUrl\":\"https:\/\/secure.gravatar.com\/avatar\/e0a867bdedb85fd243eadf09663511f96fc81e0720a4a42581f334ad4303aa6b?s=96&d=mm&r=g\",\"caption\":\"Reda\u00e7\u00e3o\"}}]}<\/script>\n<!-- \/ Yoast SEO plugin. -->","yoast_head_json":{"title":"Garantir o parque antes que a especula\u00e7\u00e3o imobili\u00e1ria tome conta - Notibras","robots":{"index":"index","follow":"follow","max-snippet":"max-snippet:-1","max-image-preview":"max-image-preview:large","max-video-preview":"max-video-preview:-1"},"canonical":"https:\/\/www.notibras.com\/site\/garantir-o-parque-antes-que-a-especulacao-imobiliaria-tome\/","og_locale":"pt_BR","og_type":"article","og_title":"Garantir o parque antes que a especula\u00e7\u00e3o imobili\u00e1ria tome conta - Notibras","og_description":"Usu\u00e1rios que frequentam o Parque Ecol\u00f3gico de \u00c1guas Claras reclamam da demora do Governo em atender ao pedido da comunidade que deseja a amplia\u00e7\u00e3o da \u00e1rea junto com as terras pertencentes \u00e0 resid\u00eancia oficial do governador. Jos\u00e9 J\u00falio de Oliveira, morador da cidade, lembra que \u00e9 necess\u00e1rio a amplia\u00e7\u00e3o do parque antes que a especula\u00e7\u00e3o [&hellip;]","og_url":"https:\/\/www.notibras.com\/site\/garantir-o-parque-antes-que-a-especulacao-imobiliaria-tome\/","og_site_name":"Notibras","article_publisher":"https:\/\/www.facebook.com\/notibras\/","article_published_time":"2015-05-06T04:36:53+00:00","article_modified_time":"2015-05-06T04:38:31+00:00","og_image":[{"width":275,"height":183,"url":"https:\/\/www.notibras.com\/site\/wp-content\/uploads\/2015\/05\/pqac1.jpg","type":"image\/jpeg"}],"author":"Reda\u00e7\u00e3o","twitter_card":"summary_large_image","twitter_creator":"@Notibras","twitter_site":"@Notibras","twitter_misc":{"Escrito por":"Reda\u00e7\u00e3o"},"schema":{"@context":"https:\/\/schema.org","@graph":[{"@type":"Article","@id":"https:\/\/www.notibras.com\/site\/garantir-o-parque-antes-que-a-especulacao-imobiliaria-tome\/#article","isPartOf":{"@id":"https:\/\/www.notibras.com\/site\/garantir-o-parque-antes-que-a-especulacao-imobiliaria-tome\/"},"author":{"name":"Reda\u00e7\u00e3o","@id":"https:\/\/www.notibras.com\/site\/#\/schema\/person\/36ab0979449956132d3e5b517ea76ac8"},"headline":"Garantir o parque antes que a especula\u00e7\u00e3o imobili\u00e1ria tome conta","datePublished":"2015-05-06T04:36:53+00:00","dateModified":"2015-05-06T04:38:31+00:00","mainEntityOfPage":{"@id":"https:\/\/www.notibras.com\/site\/garantir-o-parque-antes-que-a-especulacao-imobiliaria-tome\/"},"wordCount":106,"commentCount":0,"publisher":{"@id":"https:\/\/www.notibras.com\/site\/#organization"},"image":{"@id":"https:\/\/www.notibras.com\/site\/garantir-o-parque-antes-que-a-especulacao-imobiliaria-tome\/#primaryimage"},"thumbnailUrl":"https:\/\/www.notibras.com\/site\/wp-content\/uploads\/2015\/05\/pqac1.jpg","articleSection":["ZapZap das Quadras"],"inLanguage":"pt-BR","potentialAction":[{"@type":"CommentAction","name":"Comment","target":["https:\/\/www.notibras.com\/site\/garantir-o-parque-antes-que-a-especulacao-imobiliaria-tome\/#respond"]}]},{"@type":"WebPage","@id":"https:\/\/www.notibras.com\/site\/garantir-o-parque-antes-que-a-especulacao-imobiliaria-tome\/","url":"https:\/\/www.notibras.com\/site\/garantir-o-parque-antes-que-a-especulacao-imobiliaria-tome\/","name":"Garantir o parque antes que a especula\u00e7\u00e3o imobili\u00e1ria tome conta - Notibras","isPartOf":{"@id":"https:\/\/www.notibras.com\/site\/#website"},"primaryImageOfPage":{"@id":"https:\/\/www.notibras.com\/site\/garantir-o-parque-antes-que-a-especulacao-imobiliaria-tome\/#primaryimage"},"image":{"@id":"https:\/\/www.notibras.com\/site\/garantir-o-parque-antes-que-a-especulacao-imobiliaria-tome\/#primaryimage"},"thumbnailUrl":"https:\/\/www.notibras.com\/site\/wp-content\/uploads\/2015\/05\/pqac1.jpg","datePublished":"2015-05-06T04:36:53+00:00","dateModified":"2015-05-06T04:38:31+00:00","breadcrumb":{"@id":"https:\/\/www.notibras.com\/site\/garantir-o-parque-antes-que-a-especulacao-imobiliaria-tome\/#breadcrumb"},"inLanguage":"pt-BR","potentialAction":[{"@type":"ReadAction","target":["https:\/\/www.notibras.com\/site\/garantir-o-parque-antes-que-a-especulacao-imobiliaria-tome\/"]}]},{"@type":"ImageObject","inLanguage":"pt-BR","@id":"https:\/\/www.notibras.com\/site\/garantir-o-parque-antes-que-a-especulacao-imobiliaria-tome\/#primaryimage","url":"https:\/\/www.notibras.com\/site\/wp-content\/uploads\/2015\/05\/pqac1.jpg","contentUrl":"https:\/\/www.notibras.com\/site\/wp-content\/uploads\/2015\/05\/pqac1.jpg","width":275,"height":183},{"@type":"BreadcrumbList","@id":"https:\/\/www.notibras.com\/site\/garantir-o-parque-antes-que-a-especulacao-imobiliaria-tome\/#breadcrumb","itemListElement":[{"@type":"ListItem","position":1,"name":"In\u00edcio","item":"https:\/\/www.notibras.com\/site\/"},{"@type":"ListItem","position":2,"name":"Garantir o parque antes que a especula\u00e7\u00e3o imobili\u00e1ria tome conta"}]},{"@type":"WebSite","@id":"https:\/\/www.notibras.com\/site\/#website","url":"https:\/\/www.notibras.com\/site\/","name":"Notibras","description":"Not\u00edcias de Bras\u00edlia, do Brasil e do Mundo","publisher":{"@id":"https:\/\/www.notibras.com\/site\/#organization"},"potentialAction":[{"@type":"SearchAction","target":{"@type":"EntryPoint","urlTemplate":"https:\/\/www.notibras.com\/site\/?s={search_term_string}"},"query-input":{"@type":"PropertyValueSpecification","valueRequired":true,"valueName":"search_term_string"}}],"inLanguage":"pt-BR"},{"@type":"Organization","@id":"https:\/\/www.notibras.com\/site\/#organization","name":"Grupo Notibras de Comunica\u00e7\u00e3o","url":"https:\/\/www.notibras.com\/site\/","logo":{"@type":"ImageObject","inLanguage":"pt-BR","@id":"https:\/\/www.notibras.com\/site\/#\/schema\/logo\/image\/","url":"https:\/\/www.notibras.com\/site\/wp-content\/uploads\/2023\/01\/notibras23.png","contentUrl":"https:\/\/www.notibras.com\/site\/wp-content\/uploads\/2023\/01\/notibras23.png","width":350,"height":87,"caption":"Grupo Notibras de Comunica\u00e7\u00e3o"},"image":{"@id":"https:\/\/www.notibras.com\/site\/#\/schema\/logo\/image\/"},"sameAs":["https:\/\/www.facebook.com\/notibras\/","https:\/\/x.com\/Notibras","https:\/\/www.instagram.com\/notibras\/"]},{"@type":"Person","@id":"https:\/\/www.notibras.com\/site\/#\/schema\/person\/36ab0979449956132d3e5b517ea76ac8","name":"Reda\u00e7\u00e3o","image":{"@type":"ImageObject","inLanguage":"pt-BR","@id":"https:\/\/secure.gravatar.com\/avatar\/e0a867bdedb85fd243eadf09663511f96fc81e0720a4a42581f334ad4303aa6b?s=96&d=mm&r=g","url":"https:\/\/secure.gravatar.com\/avatar\/e0a867bdedb85fd243eadf09663511f96fc81e0720a4a42581f334ad4303aa6b?s=96&d=mm&r=g","contentUrl":"https:\/\/secure.gravatar.com\/avatar\/e0a867bdedb85fd243eadf09663511f96fc81e0720a4a42581f334ad4303aa6b?s=96&d=mm&r=g","caption":"Reda\u00e7\u00e3o"}}]}},"amp_enabled":true,"_links":{"self":[{"href":"https:\/\/www.notibras.com\/site\/wp-json\/wp\/v2\/posts\/47068","targetHints":{"allow":["GET"]}}],"collection":[{"href":"https:\/\/www.notibras.com\/site\/wp-json\/wp\/v2\/posts"}],"about":[{"href":"https:\/\/www.notibras.com\/site\/wp-json\/wp\/v2\/types\/post"}],"author":[{"embeddable":true,"href":"https:\/\/www.notibras.com\/site\/wp-json\/wp\/v2\/users\/2"}],"replies":[{"embeddable":true,"href":"https:\/\/www.notibras.com\/site\/wp-json\/wp\/v2\/comments?post=47068"}],"version-history":[{"count":0,"href":"https:\/\/www.notibras.com\/site\/wp-json\/wp\/v2\/posts\/47068\/revisions"}],"wp:featuredmedia":[{"embeddable":true,"href":"https:\/\/www.notibras.com\/site\/wp-json\/wp\/v2\/media\/47069"}],"wp:attachment":[{"href":"https:\/\/www.notibras.com\/site\/wp-json\/wp\/v2\/media?parent=47068"}],"wp:term":[{"taxonomy":"category","embeddable":true,"href":"https:\/\/www.notibras.com\/site\/wp-json\/wp\/v2\/categories?post=47068"},{"taxonomy":"post_tag","embeddable":true,"href":"https:\/\/www.notibras.com\/site\/wp-json\/wp\/v2\/tags?post=47068"}],"curies":[{"name":"wp","href":"https:\/\/api.w.org\/{rel}","templated":true}]}}