{"id":47072,"date":"2015-05-06T01:46:09","date_gmt":"2015-05-06T04:46:09","guid":{"rendered":"http:\/\/www.notibras.com\/site\/?p=47072"},"modified":"2015-05-06T01:46:09","modified_gmt":"2015-05-06T04:46:09","slug":"alerta-para-os-riscos-da-sabotagem-do-nosso-programa-nuclear","status":"publish","type":"post","link":"https:\/\/www.notibras.com\/site\/alerta-para-os-riscos-da-sabotagem-do-nosso-programa-nuclear\/","title":{"rendered":"Alerta para os riscos da sabotagem do nosso programa nuclear"},"content":{"rendered":"<p>Pois, \u00e9.<\/p>\n<p>Pesquisadora sobre a utiliza\u00e7\u00e3o da energia nuclear no Brasil, como forma de dar destina\u00e7\u00e3o utilit\u00e1ria aos min\u00e9rios nucleares\u00a0 que jazem no territ\u00f3rio brasileiro, gerando energia el\u00e9trica &#8211; segura, limpa e econ\u00f4mica, comparativamente com o custo das hidroel\u00e9tricas &#8211; venho alertando para o perigo da\u00a0sabotagem nuclear, desde 1976.<\/p>\n<p>Explico sempre que\u00a0se houver a possibilidade\u00a0 zero de ocorrer a sabotagem, ela ocorrer\u00e1, a exemplo da sabotagem da explos\u00e3o ocorrida com o outro\u00a0 grande projeto brasileiro, em Alc\u00e2ntara no Maranh\u00e3o.<\/p>\n<p>A gera\u00e7\u00e3o da energia nuclear \u00e9 com\u00e9rcio como outro qualquer, com o agravante de que os interessados em monopoliz\u00e1-lo e carteliz\u00e1-lo s\u00e3o concorrentes ferozes, desleais, falsos, dissimulados, que costumeiramente utilizam-se de colaboradores (ou, ser\u00e3o colaboracionistas?) para atrav\u00e9s de propagandas enganosas colocar a popula\u00e7\u00e3o brasileira\u00a0 contra a sua utiliza\u00e7\u00e3o no Brasil \u2013 porque querem o Brasil como pa\u00eds-extrator de mat\u00e9ria-prima nuclear\u00a0in natura\u00a0e comprador eterno da tecnologia extremamente dispendiosa fornecida por eles. \u00a0Como o Brasil tem as maiores jazidas de ur\u00e2nio \u2013 o qual, enriquecido\u00a0 \u00e9 o combust\u00edvel do S\u00e9culo \u2013e j\u00e1 det\u00e9m a tecnologia de sua transforma\u00e7\u00e3o em combust\u00edvel \u2013 os concorrentes desleais (n\u00e3o s\u00e3o\u00a0 todos, somente os notoriamente desleais) procuram desesperadamente uma forma de desmoralizar o Programa Nuclear Brasileiro atrav\u00e9s da tentativa\u00a0 de desmoraliza\u00e7\u00e3o de seus diretores, funcion\u00e1rios etc., etc&#8230;<\/p>\n<p>Rid\u00edculos, por demais!<\/p>\n<p>Esquecem-se\u00a0 que no Brasil, os inocentes, os incautos, aqueles que se deixam enganar por interesses completamente alheios aos residentes no Brasil \u2013 j\u00e1 morreram todos!.<\/p>\n<blockquote><p>Not\u00edcias insidiosas, levantando suspeitas sobre a exist\u00eancia de irregularidades na contrata\u00e7\u00e3o da montagem eletromec\u00e2nica da usina nuclear Angra 3 &#8211; repercutidas na m\u00eddia, oriundas de dirigente de empreiteira preso na \u2018Opera\u00e7\u00e3o Lava jato\u201d e vazadas do conte\u00fado da dela\u00e7\u00e3o premiada est\u00e3o sendo divulgadas.<\/p><\/blockquote>\n<p>Exatamente como os testas-de-ferro, representantes e lobistas fizeram antes, relativamente ao\u00a0 Acordo\u00a0 firmado\u00a0 entre a Marinha do Brasil e a empresa francesa \u2013 ap\u00f3s perderem os referido\u00a0 contrato, \u00e9 claro.<\/p>\n<p>Na verdade, observa-se, os seus representantes, testas-de-ferro e lobistas no Brasil t\u00eam uma aus\u00eancia de imagina\u00e7\u00e3o, uma repetitiva maneira de agir \u00a0que chega a dar pena.<\/p>\n<p>Trabalham acintosamente contra os\u00a0 interesses do Brasil, n\u00e3o\u00a0 se avexam de se esfor\u00e7arem tanto para \u201cplantarem na m\u00eddia\u201d not\u00edcias inver\u00eddicas, maldosas, aterrorizantes e outras. Devem estar ganhando muito,\u00a0por fora, \u00a0para assumirem sem pejo, \u00a0estes pap\u00e9is aviltantes de\u00a0lesadores da p\u00e1tria: PF em cima de todos\u00a0 eles.<\/p>\n<p>A pergunta que n\u00e3o quer calar, como conseq\u00fc\u00eancia da forma utilizada para tentar denegrir \u00a0&#8211; utilizando depoimentos de incriminados\u00a0 em opera\u00e7\u00f5es da PF, \u00e9 a seguinte:<\/p>\n<p>&#8211; por que n\u00e3o se ativeram\u00a0\u00a0ao depoimento do Marcos Val\u00e9rio, em uma das recentes passadas opera\u00e7\u00f5es da PF, no qual ele informa que grande preju\u00edzo para a popula\u00e7\u00e3o brasileira mesmo, \u00a0era o que estava ocorrendo com o\u00a0 desvio, contrabando do\u00a0 ni\u00f3bio?.<\/p>\n<blockquote><p>Ni\u00f3bio \u00e9 um dos min\u00e9rios mais importante do mundo e o Brasil, apesar de ser o\u00a0 seu maior produtor, n\u00e3o capitaliza nem um centavo, porque est\u00e3o ganhando verdadeiras fortunas com a exporta\u00e7\u00e3o do ni\u00f3bio, \u00e0 revelia do conhecimento da popula\u00e7\u00e3o brasileira. \u00c9 dinheiro que est\u00e1 deixando de entrar para a Caixa do Tesouro Nacional, a que faz a distribui\u00e7\u00e3o de rendas entre os diversos\u00a0 setores carentes da Na\u00e7\u00e3o.<\/p><\/blockquote>\n<p>E depois se queixam: n\u00e3o h\u00e1 dinheiro para aumentar os proventos do funcionalismo, dos professores, dos aposentados, para a infra-estruturar \u00a0o pa\u00eds, para pagar melhor os m\u00e9dicos, para a Sa\u00fade, a Educa\u00e7\u00e3o e etc., etc., em uma vergonhosa e rid\u00edcula choradeira, que \u00e9 de se esperar tenha fim, face aos desvios da dinheirama\u00a0descobertos pelas opera\u00e7\u00f5es da PF.<\/p>\n<p><strong>Guilhermina Coimbra<\/strong><\/p>\n","protected":false},"excerpt":{"rendered":"<p>Pois, \u00e9. Pesquisadora sobre a utiliza\u00e7\u00e3o da energia nuclear no Brasil, como forma de dar destina\u00e7\u00e3o utilit\u00e1ria aos min\u00e9rios nucleares\u00a0 que jazem no territ\u00f3rio brasileiro, gerando energia el\u00e9trica &#8211; segura, limpa e econ\u00f4mica, comparativamente com o custo das hidroel\u00e9tricas &#8211; venho alertando para o perigo da\u00a0sabotagem nuclear, desde 1976. Explico sempre que\u00a0se houver a possibilidade\u00a0 [&hellip;]<\/p>\n","protected":false},"author":2,"featured_media":47073,"comment_status":"open","ping_status":"closed","sticky":false,"template":"","format":"standard","meta":{"_acf_changed":false,"footnotes":""},"categories":[25],"tags":[],"class_list":["post-47072","post","type-post","status-publish","format-standard","has-post-thumbnail","hentry","category-opina-ai"],"acf":[],"yoast_head":"<!-- This site is optimized with the Yoast SEO plugin v27.5 - https:\/\/yoast.com\/product\/yoast-seo-wordpress\/ -->\n<title>Alerta para os riscos da sabotagem do nosso programa nuclear - Notibras<\/title>\n<meta name=\"robots\" content=\"index, follow, max-snippet:-1, max-image-preview:large, max-video-preview:-1\" \/>\n<link rel=\"canonical\" href=\"https:\/\/www.notibras.com\/site\/alerta-para-os-riscos-da-sabotagem-do-nosso-programa-nuclear\/\" \/>\n<meta property=\"og:locale\" content=\"pt_BR\" \/>\n<meta property=\"og:type\" content=\"article\" \/>\n<meta property=\"og:title\" content=\"Alerta para os riscos da sabotagem do nosso programa nuclear - Notibras\" \/>\n<meta property=\"og:description\" content=\"Pois, \u00e9. Pesquisadora sobre a utiliza\u00e7\u00e3o da energia nuclear no Brasil, como forma de dar destina\u00e7\u00e3o utilit\u00e1ria aos min\u00e9rios nucleares\u00a0 que jazem no territ\u00f3rio brasileiro, gerando energia el\u00e9trica &#8211; segura, limpa e econ\u00f4mica, comparativamente com o custo das hidroel\u00e9tricas &#8211; venho alertando para o perigo da\u00a0sabotagem nuclear, desde 1976. Explico sempre que\u00a0se houver a possibilidade\u00a0 [&hellip;]\" \/>\n<meta property=\"og:url\" content=\"https:\/\/www.notibras.com\/site\/alerta-para-os-riscos-da-sabotagem-do-nosso-programa-nuclear\/\" \/>\n<meta property=\"og:site_name\" content=\"Notibras\" \/>\n<meta property=\"article:publisher\" content=\"https:\/\/www.facebook.com\/notibras\/\" \/>\n<meta property=\"article:published_time\" content=\"2015-05-06T04:46:09+00:00\" \/>\n<meta property=\"og:image\" content=\"https:\/\/www.notibras.com\/site\/wp-content\/uploads\/2015\/05\/eletro.jpg\" \/>\n\t<meta property=\"og:image:width\" content=\"600\" \/>\n\t<meta property=\"og:image:height\" content=\"400\" \/>\n\t<meta property=\"og:image:type\" content=\"image\/jpeg\" \/>\n<meta name=\"author\" content=\"Reda\u00e7\u00e3o\" \/>\n<meta name=\"twitter:card\" content=\"summary_large_image\" \/>\n<meta name=\"twitter:creator\" content=\"@Notibras\" \/>\n<meta name=\"twitter:site\" content=\"@Notibras\" \/>\n<meta name=\"twitter:label1\" content=\"Escrito por\" \/>\n\t<meta name=\"twitter:data1\" content=\"Reda\u00e7\u00e3o\" \/>\n\t<meta name=\"twitter:label2\" content=\"Est. tempo de leitura\" \/>\n\t<meta name=\"twitter:data2\" content=\"3 minutos\" \/>\n<script type=\"application\/ld+json\" class=\"yoast-schema-graph\">{\"@context\":\"https:\\\/\\\/schema.org\",\"@graph\":[{\"@type\":\"Article\",\"@id\":\"https:\\\/\\\/www.notibras.com\\\/site\\\/alerta-para-os-riscos-da-sabotagem-do-nosso-programa-nuclear\\\/#article\",\"isPartOf\":{\"@id\":\"https:\\\/\\\/www.notibras.com\\\/site\\\/alerta-para-os-riscos-da-sabotagem-do-nosso-programa-nuclear\\\/\"},\"author\":{\"name\":\"Reda\u00e7\u00e3o\",\"@id\":\"https:\\\/\\\/www.notibras.com\\\/site\\\/#\\\/schema\\\/person\\\/36ab0979449956132d3e5b517ea76ac8\"},\"headline\":\"Alerta para os riscos da sabotagem do nosso programa nuclear\",\"datePublished\":\"2015-05-06T04:46:09+00:00\",\"mainEntityOfPage\":{\"@id\":\"https:\\\/\\\/www.notibras.com\\\/site\\\/alerta-para-os-riscos-da-sabotagem-do-nosso-programa-nuclear\\\/\"},\"wordCount\":656,\"commentCount\":0,\"publisher\":{\"@id\":\"https:\\\/\\\/www.notibras.com\\\/site\\\/#organization\"},\"image\":{\"@id\":\"https:\\\/\\\/www.notibras.com\\\/site\\\/alerta-para-os-riscos-da-sabotagem-do-nosso-programa-nuclear\\\/#primaryimage\"},\"thumbnailUrl\":\"https:\\\/\\\/www.notibras.com\\\/site\\\/wp-content\\\/uploads\\\/2015\\\/05\\\/eletro.jpg\",\"articleSection\":[\"Opina a\u00ed\"],\"inLanguage\":\"pt-BR\",\"potentialAction\":[{\"@type\":\"CommentAction\",\"name\":\"Comment\",\"target\":[\"https:\\\/\\\/www.notibras.com\\\/site\\\/alerta-para-os-riscos-da-sabotagem-do-nosso-programa-nuclear\\\/#respond\"]}]},{\"@type\":\"WebPage\",\"@id\":\"https:\\\/\\\/www.notibras.com\\\/site\\\/alerta-para-os-riscos-da-sabotagem-do-nosso-programa-nuclear\\\/\",\"url\":\"https:\\\/\\\/www.notibras.com\\\/site\\\/alerta-para-os-riscos-da-sabotagem-do-nosso-programa-nuclear\\\/\",\"name\":\"Alerta para os riscos da sabotagem do nosso programa nuclear - Notibras\",\"isPartOf\":{\"@id\":\"https:\\\/\\\/www.notibras.com\\\/site\\\/#website\"},\"primaryImageOfPage\":{\"@id\":\"https:\\\/\\\/www.notibras.com\\\/site\\\/alerta-para-os-riscos-da-sabotagem-do-nosso-programa-nuclear\\\/#primaryimage\"},\"image\":{\"@id\":\"https:\\\/\\\/www.notibras.com\\\/site\\\/alerta-para-os-riscos-da-sabotagem-do-nosso-programa-nuclear\\\/#primaryimage\"},\"thumbnailUrl\":\"https:\\\/\\\/www.notibras.com\\\/site\\\/wp-content\\\/uploads\\\/2015\\\/05\\\/eletro.jpg\",\"datePublished\":\"2015-05-06T04:46:09+00:00\",\"breadcrumb\":{\"@id\":\"https:\\\/\\\/www.notibras.com\\\/site\\\/alerta-para-os-riscos-da-sabotagem-do-nosso-programa-nuclear\\\/#breadcrumb\"},\"inLanguage\":\"pt-BR\",\"potentialAction\":[{\"@type\":\"ReadAction\",\"target\":[\"https:\\\/\\\/www.notibras.com\\\/site\\\/alerta-para-os-riscos-da-sabotagem-do-nosso-programa-nuclear\\\/\"]}]},{\"@type\":\"ImageObject\",\"inLanguage\":\"pt-BR\",\"@id\":\"https:\\\/\\\/www.notibras.com\\\/site\\\/alerta-para-os-riscos-da-sabotagem-do-nosso-programa-nuclear\\\/#primaryimage\",\"url\":\"https:\\\/\\\/www.notibras.com\\\/site\\\/wp-content\\\/uploads\\\/2015\\\/05\\\/eletro.jpg\",\"contentUrl\":\"https:\\\/\\\/www.notibras.com\\\/site\\\/wp-content\\\/uploads\\\/2015\\\/05\\\/eletro.jpg\",\"width\":600,\"height\":400},{\"@type\":\"BreadcrumbList\",\"@id\":\"https:\\\/\\\/www.notibras.com\\\/site\\\/alerta-para-os-riscos-da-sabotagem-do-nosso-programa-nuclear\\\/#breadcrumb\",\"itemListElement\":[{\"@type\":\"ListItem\",\"position\":1,\"name\":\"In\u00edcio\",\"item\":\"https:\\\/\\\/www.notibras.com\\\/site\\\/\"},{\"@type\":\"ListItem\",\"position\":2,\"name\":\"Alerta para os riscos da sabotagem do nosso programa nuclear\"}]},{\"@type\":\"WebSite\",\"@id\":\"https:\\\/\\\/www.notibras.com\\\/site\\\/#website\",\"url\":\"https:\\\/\\\/www.notibras.com\\\/site\\\/\",\"name\":\"Notibras\",\"description\":\"Not\u00edcias de Bras\u00edlia, do Brasil e do Mundo\",\"publisher\":{\"@id\":\"https:\\\/\\\/www.notibras.com\\\/site\\\/#organization\"},\"potentialAction\":[{\"@type\":\"SearchAction\",\"target\":{\"@type\":\"EntryPoint\",\"urlTemplate\":\"https:\\\/\\\/www.notibras.com\\\/site\\\/?s={search_term_string}\"},\"query-input\":{\"@type\":\"PropertyValueSpecification\",\"valueRequired\":true,\"valueName\":\"search_term_string\"}}],\"inLanguage\":\"pt-BR\"},{\"@type\":\"Organization\",\"@id\":\"https:\\\/\\\/www.notibras.com\\\/site\\\/#organization\",\"name\":\"Grupo Notibras de Comunica\u00e7\u00e3o\",\"url\":\"https:\\\/\\\/www.notibras.com\\\/site\\\/\",\"logo\":{\"@type\":\"ImageObject\",\"inLanguage\":\"pt-BR\",\"@id\":\"https:\\\/\\\/www.notibras.com\\\/site\\\/#\\\/schema\\\/logo\\\/image\\\/\",\"url\":\"https:\\\/\\\/www.notibras.com\\\/site\\\/wp-content\\\/uploads\\\/2023\\\/01\\\/notibras23.png\",\"contentUrl\":\"https:\\\/\\\/www.notibras.com\\\/site\\\/wp-content\\\/uploads\\\/2023\\\/01\\\/notibras23.png\",\"width\":350,\"height\":87,\"caption\":\"Grupo Notibras de Comunica\u00e7\u00e3o\"},\"image\":{\"@id\":\"https:\\\/\\\/www.notibras.com\\\/site\\\/#\\\/schema\\\/logo\\\/image\\\/\"},\"sameAs\":[\"https:\\\/\\\/www.facebook.com\\\/notibras\\\/\",\"https:\\\/\\\/x.com\\\/Notibras\",\"https:\\\/\\\/www.instagram.com\\\/notibras\\\/\"]},{\"@type\":\"Person\",\"@id\":\"https:\\\/\\\/www.notibras.com\\\/site\\\/#\\\/schema\\\/person\\\/36ab0979449956132d3e5b517ea76ac8\",\"name\":\"Reda\u00e7\u00e3o\",\"image\":{\"@type\":\"ImageObject\",\"inLanguage\":\"pt-BR\",\"@id\":\"https:\\\/\\\/secure.gravatar.com\\\/avatar\\\/e0a867bdedb85fd243eadf09663511f96fc81e0720a4a42581f334ad4303aa6b?s=96&d=mm&r=g\",\"url\":\"https:\\\/\\\/secure.gravatar.com\\\/avatar\\\/e0a867bdedb85fd243eadf09663511f96fc81e0720a4a42581f334ad4303aa6b?s=96&d=mm&r=g\",\"contentUrl\":\"https:\\\/\\\/secure.gravatar.com\\\/avatar\\\/e0a867bdedb85fd243eadf09663511f96fc81e0720a4a42581f334ad4303aa6b?s=96&d=mm&r=g\",\"caption\":\"Reda\u00e7\u00e3o\"}}]}<\/script>\n<!-- \/ Yoast SEO plugin. -->","yoast_head_json":{"title":"Alerta para os riscos da sabotagem do nosso programa nuclear - Notibras","robots":{"index":"index","follow":"follow","max-snippet":"max-snippet:-1","max-image-preview":"max-image-preview:large","max-video-preview":"max-video-preview:-1"},"canonical":"https:\/\/www.notibras.com\/site\/alerta-para-os-riscos-da-sabotagem-do-nosso-programa-nuclear\/","og_locale":"pt_BR","og_type":"article","og_title":"Alerta para os riscos da sabotagem do nosso programa nuclear - Notibras","og_description":"Pois, \u00e9. Pesquisadora sobre a utiliza\u00e7\u00e3o da energia nuclear no Brasil, como forma de dar destina\u00e7\u00e3o utilit\u00e1ria aos min\u00e9rios nucleares\u00a0 que jazem no territ\u00f3rio brasileiro, gerando energia el\u00e9trica &#8211; segura, limpa e econ\u00f4mica, comparativamente com o custo das hidroel\u00e9tricas &#8211; venho alertando para o perigo da\u00a0sabotagem nuclear, desde 1976. Explico sempre que\u00a0se houver a possibilidade\u00a0 [&hellip;]","og_url":"https:\/\/www.notibras.com\/site\/alerta-para-os-riscos-da-sabotagem-do-nosso-programa-nuclear\/","og_site_name":"Notibras","article_publisher":"https:\/\/www.facebook.com\/notibras\/","article_published_time":"2015-05-06T04:46:09+00:00","og_image":[{"width":600,"height":400,"url":"https:\/\/www.notibras.com\/site\/wp-content\/uploads\/2015\/05\/eletro.jpg","type":"image\/jpeg"}],"author":"Reda\u00e7\u00e3o","twitter_card":"summary_large_image","twitter_creator":"@Notibras","twitter_site":"@Notibras","twitter_misc":{"Escrito por":"Reda\u00e7\u00e3o","Est. tempo de leitura":"3 minutos"},"schema":{"@context":"https:\/\/schema.org","@graph":[{"@type":"Article","@id":"https:\/\/www.notibras.com\/site\/alerta-para-os-riscos-da-sabotagem-do-nosso-programa-nuclear\/#article","isPartOf":{"@id":"https:\/\/www.notibras.com\/site\/alerta-para-os-riscos-da-sabotagem-do-nosso-programa-nuclear\/"},"author":{"name":"Reda\u00e7\u00e3o","@id":"https:\/\/www.notibras.com\/site\/#\/schema\/person\/36ab0979449956132d3e5b517ea76ac8"},"headline":"Alerta para os riscos da sabotagem do nosso programa nuclear","datePublished":"2015-05-06T04:46:09+00:00","mainEntityOfPage":{"@id":"https:\/\/www.notibras.com\/site\/alerta-para-os-riscos-da-sabotagem-do-nosso-programa-nuclear\/"},"wordCount":656,"commentCount":0,"publisher":{"@id":"https:\/\/www.notibras.com\/site\/#organization"},"image":{"@id":"https:\/\/www.notibras.com\/site\/alerta-para-os-riscos-da-sabotagem-do-nosso-programa-nuclear\/#primaryimage"},"thumbnailUrl":"https:\/\/www.notibras.com\/site\/wp-content\/uploads\/2015\/05\/eletro.jpg","articleSection":["Opina a\u00ed"],"inLanguage":"pt-BR","potentialAction":[{"@type":"CommentAction","name":"Comment","target":["https:\/\/www.notibras.com\/site\/alerta-para-os-riscos-da-sabotagem-do-nosso-programa-nuclear\/#respond"]}]},{"@type":"WebPage","@id":"https:\/\/www.notibras.com\/site\/alerta-para-os-riscos-da-sabotagem-do-nosso-programa-nuclear\/","url":"https:\/\/www.notibras.com\/site\/alerta-para-os-riscos-da-sabotagem-do-nosso-programa-nuclear\/","name":"Alerta para os riscos da sabotagem do nosso programa nuclear - Notibras","isPartOf":{"@id":"https:\/\/www.notibras.com\/site\/#website"},"primaryImageOfPage":{"@id":"https:\/\/www.notibras.com\/site\/alerta-para-os-riscos-da-sabotagem-do-nosso-programa-nuclear\/#primaryimage"},"image":{"@id":"https:\/\/www.notibras.com\/site\/alerta-para-os-riscos-da-sabotagem-do-nosso-programa-nuclear\/#primaryimage"},"thumbnailUrl":"https:\/\/www.notibras.com\/site\/wp-content\/uploads\/2015\/05\/eletro.jpg","datePublished":"2015-05-06T04:46:09+00:00","breadcrumb":{"@id":"https:\/\/www.notibras.com\/site\/alerta-para-os-riscos-da-sabotagem-do-nosso-programa-nuclear\/#breadcrumb"},"inLanguage":"pt-BR","potentialAction":[{"@type":"ReadAction","target":["https:\/\/www.notibras.com\/site\/alerta-para-os-riscos-da-sabotagem-do-nosso-programa-nuclear\/"]}]},{"@type":"ImageObject","inLanguage":"pt-BR","@id":"https:\/\/www.notibras.com\/site\/alerta-para-os-riscos-da-sabotagem-do-nosso-programa-nuclear\/#primaryimage","url":"https:\/\/www.notibras.com\/site\/wp-content\/uploads\/2015\/05\/eletro.jpg","contentUrl":"https:\/\/www.notibras.com\/site\/wp-content\/uploads\/2015\/05\/eletro.jpg","width":600,"height":400},{"@type":"BreadcrumbList","@id":"https:\/\/www.notibras.com\/site\/alerta-para-os-riscos-da-sabotagem-do-nosso-programa-nuclear\/#breadcrumb","itemListElement":[{"@type":"ListItem","position":1,"name":"In\u00edcio","item":"https:\/\/www.notibras.com\/site\/"},{"@type":"ListItem","position":2,"name":"Alerta para os riscos da sabotagem do nosso programa nuclear"}]},{"@type":"WebSite","@id":"https:\/\/www.notibras.com\/site\/#website","url":"https:\/\/www.notibras.com\/site\/","name":"Notibras","description":"Not\u00edcias de Bras\u00edlia, do Brasil e do Mundo","publisher":{"@id":"https:\/\/www.notibras.com\/site\/#organization"},"potentialAction":[{"@type":"SearchAction","target":{"@type":"EntryPoint","urlTemplate":"https:\/\/www.notibras.com\/site\/?s={search_term_string}"},"query-input":{"@type":"PropertyValueSpecification","valueRequired":true,"valueName":"search_term_string"}}],"inLanguage":"pt-BR"},{"@type":"Organization","@id":"https:\/\/www.notibras.com\/site\/#organization","name":"Grupo Notibras de Comunica\u00e7\u00e3o","url":"https:\/\/www.notibras.com\/site\/","logo":{"@type":"ImageObject","inLanguage":"pt-BR","@id":"https:\/\/www.notibras.com\/site\/#\/schema\/logo\/image\/","url":"https:\/\/www.notibras.com\/site\/wp-content\/uploads\/2023\/01\/notibras23.png","contentUrl":"https:\/\/www.notibras.com\/site\/wp-content\/uploads\/2023\/01\/notibras23.png","width":350,"height":87,"caption":"Grupo Notibras de Comunica\u00e7\u00e3o"},"image":{"@id":"https:\/\/www.notibras.com\/site\/#\/schema\/logo\/image\/"},"sameAs":["https:\/\/www.facebook.com\/notibras\/","https:\/\/x.com\/Notibras","https:\/\/www.instagram.com\/notibras\/"]},{"@type":"Person","@id":"https:\/\/www.notibras.com\/site\/#\/schema\/person\/36ab0979449956132d3e5b517ea76ac8","name":"Reda\u00e7\u00e3o","image":{"@type":"ImageObject","inLanguage":"pt-BR","@id":"https:\/\/secure.gravatar.com\/avatar\/e0a867bdedb85fd243eadf09663511f96fc81e0720a4a42581f334ad4303aa6b?s=96&d=mm&r=g","url":"https:\/\/secure.gravatar.com\/avatar\/e0a867bdedb85fd243eadf09663511f96fc81e0720a4a42581f334ad4303aa6b?s=96&d=mm&r=g","contentUrl":"https:\/\/secure.gravatar.com\/avatar\/e0a867bdedb85fd243eadf09663511f96fc81e0720a4a42581f334ad4303aa6b?s=96&d=mm&r=g","caption":"Reda\u00e7\u00e3o"}}]}},"amp_enabled":true,"_links":{"self":[{"href":"https:\/\/www.notibras.com\/site\/wp-json\/wp\/v2\/posts\/47072","targetHints":{"allow":["GET"]}}],"collection":[{"href":"https:\/\/www.notibras.com\/site\/wp-json\/wp\/v2\/posts"}],"about":[{"href":"https:\/\/www.notibras.com\/site\/wp-json\/wp\/v2\/types\/post"}],"author":[{"embeddable":true,"href":"https:\/\/www.notibras.com\/site\/wp-json\/wp\/v2\/users\/2"}],"replies":[{"embeddable":true,"href":"https:\/\/www.notibras.com\/site\/wp-json\/wp\/v2\/comments?post=47072"}],"version-history":[{"count":0,"href":"https:\/\/www.notibras.com\/site\/wp-json\/wp\/v2\/posts\/47072\/revisions"}],"wp:featuredmedia":[{"embeddable":true,"href":"https:\/\/www.notibras.com\/site\/wp-json\/wp\/v2\/media\/47073"}],"wp:attachment":[{"href":"https:\/\/www.notibras.com\/site\/wp-json\/wp\/v2\/media?parent=47072"}],"wp:term":[{"taxonomy":"category","embeddable":true,"href":"https:\/\/www.notibras.com\/site\/wp-json\/wp\/v2\/categories?post=47072"},{"taxonomy":"post_tag","embeddable":true,"href":"https:\/\/www.notibras.com\/site\/wp-json\/wp\/v2\/tags?post=47072"}],"curies":[{"name":"wp","href":"https:\/\/api.w.org\/{rel}","templated":true}]}}