{"id":47116,"date":"2015-05-06T09:54:36","date_gmt":"2015-05-06T12:54:36","guid":{"rendered":"http:\/\/www.notibras.com\/site\/?p=47116"},"modified":"2015-05-06T16:36:05","modified_gmt":"2015-05-06T19:36:05","slug":"governo-tinha-dinheiro-para-combater-dengue-e-nao-usou-chioro-por-que","status":"publish","type":"post","link":"https:\/\/www.notibras.com\/site\/governo-tinha-dinheiro-para-combater-dengue-e-nao-usou-chioro-por-que\/","title":{"rendered":"Governo tinha dinheiro para combater dengue e n\u00e3o usou"},"content":{"rendered":"<p>A Comiss\u00e3o de Fiscaliza\u00e7\u00e3o e Controle do Senado aprovou um requerimento do DEM para que o ministro da Sa\u00fade, Arthur Chioro, esclare\u00e7a as raz\u00f5es de o governo n\u00e3o ter usado R$ 13,7 milh\u00f5es do programa de Coordena\u00e7\u00e3o Nacional da Vigil\u00e2ncia, Preven\u00e7\u00e3o e Controle da Dengue at\u00e9 o momento. Em 2013, o governo havia investido R$ 20 milh\u00f5es no programa. No ano passado, informa o Estad\u00e3o, o investimento caiu para R$ 6,6 milh\u00f5es. Neste ano, havia a previs\u00e3o de R$ 13,7 milh\u00f5es, mas apenas R$ 2,8 milh\u00f5es foram empregados no combate \u00e0 doen\u00e7a.<\/p>\n<p>O Brasil vive uma epidemia de dengue<b>. <\/b>Neste ano, foram confirmadas 229 mortes causadas pela doen\u00e7a &#8211; 44,9% a mais do que o n\u00famero registrado no mesmo per\u00edodo de 2014. O Minist\u00e9rio da Sa\u00fade negou que o aumento de casos esteja relacionado \u00e0 falta de investimento em a\u00e7\u00f5es de preven\u00e7\u00e3o e controle da doen\u00e7a. Por meio de nota, a pasta afirmou que os repasses para a\u00e7\u00f5es de controle da dengue est\u00e3o em dia e s\u00e3o financiados n\u00e3o apenas pelo programa citado pelo DEM.<\/p>\n<blockquote><p>A pasta informou tamb\u00e9m que a principal fonte de recursos para preven\u00e7\u00e3o e controle da doen\u00e7a \u00e9 o Piso Fixo de Vigil\u00e2ncia em Sa\u00fade, que, para este ano, tem previs\u00e3o de R$ 1,25 bilh\u00e3o. At\u00e9 agora, ainda segundo a nota, foram repassados cerca de R$ 300 milh\u00f5es, dos quais cerca de 60% foram usados contra a dengue. De acordo com o minist\u00e9rio, os repasses do fundo (que financia tamb\u00e9m o controle de doen\u00e7as como tuberculose e hansen\u00edase) est\u00e3o em dia.<\/p><\/blockquote>\n<p>O minist\u00e9rio informou que no fim do ano passado foram repassados ainda R$ 150 milh\u00f5es adicionais para financiar a\u00e7\u00f5es de combate ao mosquito transmissor da doen\u00e7a, o Aedes aegypti. A coordena\u00e7\u00e3o-geral do programa nacional de controle da dengue, citada pelo DEM, \u00e9 outro caixa de recursos. A verba ali contida \u00e9 destinada para estudos de vigil\u00e2ncia ou assessoria t\u00e9cnica para Estados e munic\u00edpios. Em 2014, foram autorizados R$ 10,1 milh\u00f5es, dos quais R$ 5,9 milh\u00f5es foram pagos. Para o or\u00e7amento de 2015, j\u00e1 foram executados (empenhado e comprometido) R$ 8,1 milh\u00f5es dos R$ 13,7 milh\u00f5es, avan\u00e7o de 37% em compara\u00e7\u00e3o a 2014.<\/p>\n<p>A Vigil\u00e2ncia Epidemiol\u00f3gica de Jacare\u00ed, no Vale do Para\u00edba, interior de S\u00e3o Paulo, confirmou ontem mais tr\u00eas mortes causadas pela dengue na cidade. As v\u00edtimas, uma mulher de 49 anos e dois idosos de 72 e 77 anos respectivamente, morreram no in\u00edcio de abril, mas s\u00f3 agora sa\u00edram os resultados de exames. O Estado de S\u00e3o Paulo lidera em n\u00famero de casos e de mortes.<\/p>\n<p>Em Sumar\u00e9, na regi\u00e3o de Campinas, soldados do Ex\u00e9rcito iniciaram ontem o combate \u00e0 epidemia da dengue na cidade, apoiando o trabalho de vistoria de criadouros que deve atingir 4 mil im\u00f3veis.<\/p>\n","protected":false},"excerpt":{"rendered":"<p>A Comiss\u00e3o de Fiscaliza\u00e7\u00e3o e Controle do Senado aprovou um requerimento do DEM para que o ministro da Sa\u00fade, Arthur Chioro, esclare\u00e7a as raz\u00f5es de o governo n\u00e3o ter usado R$ 13,7 milh\u00f5es do programa de Coordena\u00e7\u00e3o Nacional da Vigil\u00e2ncia, Preven\u00e7\u00e3o e Controle da Dengue at\u00e9 o momento. Em 2013, o governo havia investido R$ [&hellip;]<\/p>\n","protected":false},"author":2,"featured_media":47117,"comment_status":"open","ping_status":"closed","sticky":false,"template":"","format":"standard","meta":{"_acf_changed":false,"footnotes":""},"categories":[16],"tags":[],"class_list":["post-47116","post","type-post","status-publish","format-standard","has-post-thumbnail","hentry","category-brasil"],"acf":[],"yoast_head":"<!-- This site is optimized with the Yoast SEO plugin v27.5 - https:\/\/yoast.com\/product\/yoast-seo-wordpress\/ -->\n<title>Governo tinha dinheiro para combater dengue e n\u00e3o usou - Notibras<\/title>\n<meta name=\"robots\" content=\"index, follow, max-snippet:-1, max-image-preview:large, max-video-preview:-1\" \/>\n<link rel=\"canonical\" href=\"https:\/\/www.notibras.com\/site\/governo-tinha-dinheiro-para-combater-dengue-e-nao-usou-chioro-por-que\/\" \/>\n<meta property=\"og:locale\" content=\"pt_BR\" \/>\n<meta property=\"og:type\" content=\"article\" \/>\n<meta property=\"og:title\" content=\"Governo tinha dinheiro para combater dengue e n\u00e3o usou - Notibras\" \/>\n<meta property=\"og:description\" content=\"A Comiss\u00e3o de Fiscaliza\u00e7\u00e3o e Controle do Senado aprovou um requerimento do DEM para que o ministro da Sa\u00fade, Arthur Chioro, esclare\u00e7a as raz\u00f5es de o governo n\u00e3o ter usado R$ 13,7 milh\u00f5es do programa de Coordena\u00e7\u00e3o Nacional da Vigil\u00e2ncia, Preven\u00e7\u00e3o e Controle da Dengue at\u00e9 o momento. Em 2013, o governo havia investido R$ [&hellip;]\" \/>\n<meta property=\"og:url\" content=\"https:\/\/www.notibras.com\/site\/governo-tinha-dinheiro-para-combater-dengue-e-nao-usou-chioro-por-que\/\" \/>\n<meta property=\"og:site_name\" content=\"Notibras\" \/>\n<meta property=\"article:publisher\" content=\"https:\/\/www.facebook.com\/notibras\/\" \/>\n<meta property=\"article:published_time\" content=\"2015-05-06T12:54:36+00:00\" \/>\n<meta property=\"article:modified_time\" content=\"2015-05-06T19:36:05+00:00\" \/>\n<meta property=\"og:image\" content=\"https:\/\/www.notibras.com\/site\/wp-content\/uploads\/2015\/05\/chi.66.jpeg\" \/>\n\t<meta property=\"og:image:width\" content=\"635\" \/>\n\t<meta property=\"og:image:height\" content=\"423\" \/>\n\t<meta property=\"og:image:type\" content=\"image\/jpeg\" \/>\n<meta name=\"author\" content=\"Reda\u00e7\u00e3o\" \/>\n<meta name=\"twitter:card\" content=\"summary_large_image\" \/>\n<meta name=\"twitter:creator\" content=\"@Notibras\" \/>\n<meta name=\"twitter:site\" content=\"@Notibras\" \/>\n<meta name=\"twitter:label1\" content=\"Escrito por\" \/>\n\t<meta name=\"twitter:data1\" content=\"Reda\u00e7\u00e3o\" \/>\n\t<meta name=\"twitter:label2\" content=\"Est. tempo de leitura\" \/>\n\t<meta name=\"twitter:data2\" content=\"2 minutos\" \/>\n<script type=\"application\/ld+json\" class=\"yoast-schema-graph\">{\"@context\":\"https:\\\/\\\/schema.org\",\"@graph\":[{\"@type\":\"Article\",\"@id\":\"https:\\\/\\\/www.notibras.com\\\/site\\\/governo-tinha-dinheiro-para-combater-dengue-e-nao-usou-chioro-por-que\\\/#article\",\"isPartOf\":{\"@id\":\"https:\\\/\\\/www.notibras.com\\\/site\\\/governo-tinha-dinheiro-para-combater-dengue-e-nao-usou-chioro-por-que\\\/\"},\"author\":{\"name\":\"Reda\u00e7\u00e3o\",\"@id\":\"https:\\\/\\\/www.notibras.com\\\/site\\\/#\\\/schema\\\/person\\\/36ab0979449956132d3e5b517ea76ac8\"},\"headline\":\"Governo tinha dinheiro para combater dengue e n\u00e3o usou\",\"datePublished\":\"2015-05-06T12:54:36+00:00\",\"dateModified\":\"2015-05-06T19:36:05+00:00\",\"mainEntityOfPage\":{\"@id\":\"https:\\\/\\\/www.notibras.com\\\/site\\\/governo-tinha-dinheiro-para-combater-dengue-e-nao-usou-chioro-por-que\\\/\"},\"wordCount\":503,\"commentCount\":0,\"publisher\":{\"@id\":\"https:\\\/\\\/www.notibras.com\\\/site\\\/#organization\"},\"image\":{\"@id\":\"https:\\\/\\\/www.notibras.com\\\/site\\\/governo-tinha-dinheiro-para-combater-dengue-e-nao-usou-chioro-por-que\\\/#primaryimage\"},\"thumbnailUrl\":\"https:\\\/\\\/www.notibras.com\\\/site\\\/wp-content\\\/uploads\\\/2015\\\/05\\\/chi.66.jpeg\",\"articleSection\":[\"Brasil\"],\"inLanguage\":\"pt-BR\",\"potentialAction\":[{\"@type\":\"CommentAction\",\"name\":\"Comment\",\"target\":[\"https:\\\/\\\/www.notibras.com\\\/site\\\/governo-tinha-dinheiro-para-combater-dengue-e-nao-usou-chioro-por-que\\\/#respond\"]}]},{\"@type\":\"WebPage\",\"@id\":\"https:\\\/\\\/www.notibras.com\\\/site\\\/governo-tinha-dinheiro-para-combater-dengue-e-nao-usou-chioro-por-que\\\/\",\"url\":\"https:\\\/\\\/www.notibras.com\\\/site\\\/governo-tinha-dinheiro-para-combater-dengue-e-nao-usou-chioro-por-que\\\/\",\"name\":\"Governo tinha dinheiro para combater dengue e n\u00e3o usou - Notibras\",\"isPartOf\":{\"@id\":\"https:\\\/\\\/www.notibras.com\\\/site\\\/#website\"},\"primaryImageOfPage\":{\"@id\":\"https:\\\/\\\/www.notibras.com\\\/site\\\/governo-tinha-dinheiro-para-combater-dengue-e-nao-usou-chioro-por-que\\\/#primaryimage\"},\"image\":{\"@id\":\"https:\\\/\\\/www.notibras.com\\\/site\\\/governo-tinha-dinheiro-para-combater-dengue-e-nao-usou-chioro-por-que\\\/#primaryimage\"},\"thumbnailUrl\":\"https:\\\/\\\/www.notibras.com\\\/site\\\/wp-content\\\/uploads\\\/2015\\\/05\\\/chi.66.jpeg\",\"datePublished\":\"2015-05-06T12:54:36+00:00\",\"dateModified\":\"2015-05-06T19:36:05+00:00\",\"breadcrumb\":{\"@id\":\"https:\\\/\\\/www.notibras.com\\\/site\\\/governo-tinha-dinheiro-para-combater-dengue-e-nao-usou-chioro-por-que\\\/#breadcrumb\"},\"inLanguage\":\"pt-BR\",\"potentialAction\":[{\"@type\":\"ReadAction\",\"target\":[\"https:\\\/\\\/www.notibras.com\\\/site\\\/governo-tinha-dinheiro-para-combater-dengue-e-nao-usou-chioro-por-que\\\/\"]}]},{\"@type\":\"ImageObject\",\"inLanguage\":\"pt-BR\",\"@id\":\"https:\\\/\\\/www.notibras.com\\\/site\\\/governo-tinha-dinheiro-para-combater-dengue-e-nao-usou-chioro-por-que\\\/#primaryimage\",\"url\":\"https:\\\/\\\/www.notibras.com\\\/site\\\/wp-content\\\/uploads\\\/2015\\\/05\\\/chi.66.jpeg\",\"contentUrl\":\"https:\\\/\\\/www.notibras.com\\\/site\\\/wp-content\\\/uploads\\\/2015\\\/05\\\/chi.66.jpeg\",\"width\":635,\"height\":423},{\"@type\":\"BreadcrumbList\",\"@id\":\"https:\\\/\\\/www.notibras.com\\\/site\\\/governo-tinha-dinheiro-para-combater-dengue-e-nao-usou-chioro-por-que\\\/#breadcrumb\",\"itemListElement\":[{\"@type\":\"ListItem\",\"position\":1,\"name\":\"In\u00edcio\",\"item\":\"https:\\\/\\\/www.notibras.com\\\/site\\\/\"},{\"@type\":\"ListItem\",\"position\":2,\"name\":\"Governo tinha dinheiro para combater dengue e n\u00e3o usou\"}]},{\"@type\":\"WebSite\",\"@id\":\"https:\\\/\\\/www.notibras.com\\\/site\\\/#website\",\"url\":\"https:\\\/\\\/www.notibras.com\\\/site\\\/\",\"name\":\"Notibras\",\"description\":\"Not\u00edcias de Bras\u00edlia, do Brasil e do Mundo\",\"publisher\":{\"@id\":\"https:\\\/\\\/www.notibras.com\\\/site\\\/#organization\"},\"potentialAction\":[{\"@type\":\"SearchAction\",\"target\":{\"@type\":\"EntryPoint\",\"urlTemplate\":\"https:\\\/\\\/www.notibras.com\\\/site\\\/?s={search_term_string}\"},\"query-input\":{\"@type\":\"PropertyValueSpecification\",\"valueRequired\":true,\"valueName\":\"search_term_string\"}}],\"inLanguage\":\"pt-BR\"},{\"@type\":\"Organization\",\"@id\":\"https:\\\/\\\/www.notibras.com\\\/site\\\/#organization\",\"name\":\"Grupo Notibras de Comunica\u00e7\u00e3o\",\"url\":\"https:\\\/\\\/www.notibras.com\\\/site\\\/\",\"logo\":{\"@type\":\"ImageObject\",\"inLanguage\":\"pt-BR\",\"@id\":\"https:\\\/\\\/www.notibras.com\\\/site\\\/#\\\/schema\\\/logo\\\/image\\\/\",\"url\":\"https:\\\/\\\/www.notibras.com\\\/site\\\/wp-content\\\/uploads\\\/2023\\\/01\\\/notibras23.png\",\"contentUrl\":\"https:\\\/\\\/www.notibras.com\\\/site\\\/wp-content\\\/uploads\\\/2023\\\/01\\\/notibras23.png\",\"width\":350,\"height\":87,\"caption\":\"Grupo Notibras de Comunica\u00e7\u00e3o\"},\"image\":{\"@id\":\"https:\\\/\\\/www.notibras.com\\\/site\\\/#\\\/schema\\\/logo\\\/image\\\/\"},\"sameAs\":[\"https:\\\/\\\/www.facebook.com\\\/notibras\\\/\",\"https:\\\/\\\/x.com\\\/Notibras\",\"https:\\\/\\\/www.instagram.com\\\/notibras\\\/\"]},{\"@type\":\"Person\",\"@id\":\"https:\\\/\\\/www.notibras.com\\\/site\\\/#\\\/schema\\\/person\\\/36ab0979449956132d3e5b517ea76ac8\",\"name\":\"Reda\u00e7\u00e3o\",\"image\":{\"@type\":\"ImageObject\",\"inLanguage\":\"pt-BR\",\"@id\":\"https:\\\/\\\/secure.gravatar.com\\\/avatar\\\/e0a867bdedb85fd243eadf09663511f96fc81e0720a4a42581f334ad4303aa6b?s=96&d=mm&r=g\",\"url\":\"https:\\\/\\\/secure.gravatar.com\\\/avatar\\\/e0a867bdedb85fd243eadf09663511f96fc81e0720a4a42581f334ad4303aa6b?s=96&d=mm&r=g\",\"contentUrl\":\"https:\\\/\\\/secure.gravatar.com\\\/avatar\\\/e0a867bdedb85fd243eadf09663511f96fc81e0720a4a42581f334ad4303aa6b?s=96&d=mm&r=g\",\"caption\":\"Reda\u00e7\u00e3o\"}}]}<\/script>\n<!-- \/ Yoast SEO plugin. -->","yoast_head_json":{"title":"Governo tinha dinheiro para combater dengue e n\u00e3o usou - Notibras","robots":{"index":"index","follow":"follow","max-snippet":"max-snippet:-1","max-image-preview":"max-image-preview:large","max-video-preview":"max-video-preview:-1"},"canonical":"https:\/\/www.notibras.com\/site\/governo-tinha-dinheiro-para-combater-dengue-e-nao-usou-chioro-por-que\/","og_locale":"pt_BR","og_type":"article","og_title":"Governo tinha dinheiro para combater dengue e n\u00e3o usou - Notibras","og_description":"A Comiss\u00e3o de Fiscaliza\u00e7\u00e3o e Controle do Senado aprovou um requerimento do DEM para que o ministro da Sa\u00fade, Arthur Chioro, esclare\u00e7a as raz\u00f5es de o governo n\u00e3o ter usado R$ 13,7 milh\u00f5es do programa de Coordena\u00e7\u00e3o Nacional da Vigil\u00e2ncia, Preven\u00e7\u00e3o e Controle da Dengue at\u00e9 o momento. Em 2013, o governo havia investido R$ [&hellip;]","og_url":"https:\/\/www.notibras.com\/site\/governo-tinha-dinheiro-para-combater-dengue-e-nao-usou-chioro-por-que\/","og_site_name":"Notibras","article_publisher":"https:\/\/www.facebook.com\/notibras\/","article_published_time":"2015-05-06T12:54:36+00:00","article_modified_time":"2015-05-06T19:36:05+00:00","og_image":[{"width":635,"height":423,"url":"https:\/\/www.notibras.com\/site\/wp-content\/uploads\/2015\/05\/chi.66.jpeg","type":"image\/jpeg"}],"author":"Reda\u00e7\u00e3o","twitter_card":"summary_large_image","twitter_creator":"@Notibras","twitter_site":"@Notibras","twitter_misc":{"Escrito por":"Reda\u00e7\u00e3o","Est. tempo de leitura":"2 minutos"},"schema":{"@context":"https:\/\/schema.org","@graph":[{"@type":"Article","@id":"https:\/\/www.notibras.com\/site\/governo-tinha-dinheiro-para-combater-dengue-e-nao-usou-chioro-por-que\/#article","isPartOf":{"@id":"https:\/\/www.notibras.com\/site\/governo-tinha-dinheiro-para-combater-dengue-e-nao-usou-chioro-por-que\/"},"author":{"name":"Reda\u00e7\u00e3o","@id":"https:\/\/www.notibras.com\/site\/#\/schema\/person\/36ab0979449956132d3e5b517ea76ac8"},"headline":"Governo tinha dinheiro para combater dengue e n\u00e3o usou","datePublished":"2015-05-06T12:54:36+00:00","dateModified":"2015-05-06T19:36:05+00:00","mainEntityOfPage":{"@id":"https:\/\/www.notibras.com\/site\/governo-tinha-dinheiro-para-combater-dengue-e-nao-usou-chioro-por-que\/"},"wordCount":503,"commentCount":0,"publisher":{"@id":"https:\/\/www.notibras.com\/site\/#organization"},"image":{"@id":"https:\/\/www.notibras.com\/site\/governo-tinha-dinheiro-para-combater-dengue-e-nao-usou-chioro-por-que\/#primaryimage"},"thumbnailUrl":"https:\/\/www.notibras.com\/site\/wp-content\/uploads\/2015\/05\/chi.66.jpeg","articleSection":["Brasil"],"inLanguage":"pt-BR","potentialAction":[{"@type":"CommentAction","name":"Comment","target":["https:\/\/www.notibras.com\/site\/governo-tinha-dinheiro-para-combater-dengue-e-nao-usou-chioro-por-que\/#respond"]}]},{"@type":"WebPage","@id":"https:\/\/www.notibras.com\/site\/governo-tinha-dinheiro-para-combater-dengue-e-nao-usou-chioro-por-que\/","url":"https:\/\/www.notibras.com\/site\/governo-tinha-dinheiro-para-combater-dengue-e-nao-usou-chioro-por-que\/","name":"Governo tinha dinheiro para combater dengue e n\u00e3o usou - Notibras","isPartOf":{"@id":"https:\/\/www.notibras.com\/site\/#website"},"primaryImageOfPage":{"@id":"https:\/\/www.notibras.com\/site\/governo-tinha-dinheiro-para-combater-dengue-e-nao-usou-chioro-por-que\/#primaryimage"},"image":{"@id":"https:\/\/www.notibras.com\/site\/governo-tinha-dinheiro-para-combater-dengue-e-nao-usou-chioro-por-que\/#primaryimage"},"thumbnailUrl":"https:\/\/www.notibras.com\/site\/wp-content\/uploads\/2015\/05\/chi.66.jpeg","datePublished":"2015-05-06T12:54:36+00:00","dateModified":"2015-05-06T19:36:05+00:00","breadcrumb":{"@id":"https:\/\/www.notibras.com\/site\/governo-tinha-dinheiro-para-combater-dengue-e-nao-usou-chioro-por-que\/#breadcrumb"},"inLanguage":"pt-BR","potentialAction":[{"@type":"ReadAction","target":["https:\/\/www.notibras.com\/site\/governo-tinha-dinheiro-para-combater-dengue-e-nao-usou-chioro-por-que\/"]}]},{"@type":"ImageObject","inLanguage":"pt-BR","@id":"https:\/\/www.notibras.com\/site\/governo-tinha-dinheiro-para-combater-dengue-e-nao-usou-chioro-por-que\/#primaryimage","url":"https:\/\/www.notibras.com\/site\/wp-content\/uploads\/2015\/05\/chi.66.jpeg","contentUrl":"https:\/\/www.notibras.com\/site\/wp-content\/uploads\/2015\/05\/chi.66.jpeg","width":635,"height":423},{"@type":"BreadcrumbList","@id":"https:\/\/www.notibras.com\/site\/governo-tinha-dinheiro-para-combater-dengue-e-nao-usou-chioro-por-que\/#breadcrumb","itemListElement":[{"@type":"ListItem","position":1,"name":"In\u00edcio","item":"https:\/\/www.notibras.com\/site\/"},{"@type":"ListItem","position":2,"name":"Governo tinha dinheiro para combater dengue e n\u00e3o usou"}]},{"@type":"WebSite","@id":"https:\/\/www.notibras.com\/site\/#website","url":"https:\/\/www.notibras.com\/site\/","name":"Notibras","description":"Not\u00edcias de Bras\u00edlia, do Brasil e do Mundo","publisher":{"@id":"https:\/\/www.notibras.com\/site\/#organization"},"potentialAction":[{"@type":"SearchAction","target":{"@type":"EntryPoint","urlTemplate":"https:\/\/www.notibras.com\/site\/?s={search_term_string}"},"query-input":{"@type":"PropertyValueSpecification","valueRequired":true,"valueName":"search_term_string"}}],"inLanguage":"pt-BR"},{"@type":"Organization","@id":"https:\/\/www.notibras.com\/site\/#organization","name":"Grupo Notibras de Comunica\u00e7\u00e3o","url":"https:\/\/www.notibras.com\/site\/","logo":{"@type":"ImageObject","inLanguage":"pt-BR","@id":"https:\/\/www.notibras.com\/site\/#\/schema\/logo\/image\/","url":"https:\/\/www.notibras.com\/site\/wp-content\/uploads\/2023\/01\/notibras23.png","contentUrl":"https:\/\/www.notibras.com\/site\/wp-content\/uploads\/2023\/01\/notibras23.png","width":350,"height":87,"caption":"Grupo Notibras de Comunica\u00e7\u00e3o"},"image":{"@id":"https:\/\/www.notibras.com\/site\/#\/schema\/logo\/image\/"},"sameAs":["https:\/\/www.facebook.com\/notibras\/","https:\/\/x.com\/Notibras","https:\/\/www.instagram.com\/notibras\/"]},{"@type":"Person","@id":"https:\/\/www.notibras.com\/site\/#\/schema\/person\/36ab0979449956132d3e5b517ea76ac8","name":"Reda\u00e7\u00e3o","image":{"@type":"ImageObject","inLanguage":"pt-BR","@id":"https:\/\/secure.gravatar.com\/avatar\/e0a867bdedb85fd243eadf09663511f96fc81e0720a4a42581f334ad4303aa6b?s=96&d=mm&r=g","url":"https:\/\/secure.gravatar.com\/avatar\/e0a867bdedb85fd243eadf09663511f96fc81e0720a4a42581f334ad4303aa6b?s=96&d=mm&r=g","contentUrl":"https:\/\/secure.gravatar.com\/avatar\/e0a867bdedb85fd243eadf09663511f96fc81e0720a4a42581f334ad4303aa6b?s=96&d=mm&r=g","caption":"Reda\u00e7\u00e3o"}}]}},"amp_enabled":true,"_links":{"self":[{"href":"https:\/\/www.notibras.com\/site\/wp-json\/wp\/v2\/posts\/47116","targetHints":{"allow":["GET"]}}],"collection":[{"href":"https:\/\/www.notibras.com\/site\/wp-json\/wp\/v2\/posts"}],"about":[{"href":"https:\/\/www.notibras.com\/site\/wp-json\/wp\/v2\/types\/post"}],"author":[{"embeddable":true,"href":"https:\/\/www.notibras.com\/site\/wp-json\/wp\/v2\/users\/2"}],"replies":[{"embeddable":true,"href":"https:\/\/www.notibras.com\/site\/wp-json\/wp\/v2\/comments?post=47116"}],"version-history":[{"count":0,"href":"https:\/\/www.notibras.com\/site\/wp-json\/wp\/v2\/posts\/47116\/revisions"}],"wp:featuredmedia":[{"embeddable":true,"href":"https:\/\/www.notibras.com\/site\/wp-json\/wp\/v2\/media\/47117"}],"wp:attachment":[{"href":"https:\/\/www.notibras.com\/site\/wp-json\/wp\/v2\/media?parent=47116"}],"wp:term":[{"taxonomy":"category","embeddable":true,"href":"https:\/\/www.notibras.com\/site\/wp-json\/wp\/v2\/categories?post=47116"},{"taxonomy":"post_tag","embeddable":true,"href":"https:\/\/www.notibras.com\/site\/wp-json\/wp\/v2\/tags?post=47116"}],"curies":[{"name":"wp","href":"https:\/\/api.w.org\/{rel}","templated":true}]}}