{"id":47183,"date":"2015-05-06T20:20:24","date_gmt":"2015-05-06T23:20:24","guid":{"rendered":"http:\/\/www.notibras.com\/site\/?p=47183"},"modified":"2015-05-07T07:37:39","modified_gmt":"2015-05-07T10:37:39","slug":"clima-esquenta-na-camara-dilma-va-se-f-o-brasil-nao-precisa-de-voce","status":"publish","type":"post","link":"https:\/\/www.notibras.com\/site\/clima-esquenta-na-camara-dilma-va-se-f-o-brasil-nao-precisa-de-voce\/","title":{"rendered":"Clima esquenta. &#8216;Dilma, v\u00e1 se f. O Brasil n\u00e3o precisa de voc\u00ea&#8217;"},"content":{"rendered":"<p>Uma &#8216;chuva de petrod\u00f3lares&#8217; e palavras de ordem contra a presidente da Rep\u00fablica, tumultuaram a sess\u00e3o desta quarta-feira 6 da C\u00e2mara dos Deputados, a ponto de os trabalhos serem interrompidos por mais de 20 minutos no in\u00edcio da noite.<\/p>\n<p>Tudo come\u00e7ou quando o Plen\u00e1rio debatia o pacote de ajuste fiscal encaminhado ao Congresso pelo Pal\u00e1cio do Planalto. De repente &#8216;choveu&#8217; d\u00f3lares sobre as cabe\u00e7as dos deputados, jogadas das galerias por um grupo de manifestantes do Solidariedade.<\/p>\n<p>O pior, por\u00e9m, estava por vir. Algu\u00e9m soltou a frase &#8216;Dilma, v\u00e1 se fuder. O Brasil n\u00e3o precisa de voc\u00ea&#8217; e incendiou as galerias. Os manifestantes arregimentados pelo deputado Paulinho da For\u00e7a (uma refer\u00eancia \u00e0 For\u00e7a Sindical, oponente da CUT no meio dos trabalhadores) jogaram mais &#8216;petrod\u00f3lares&#8217; e entoaram um novo refr\u00e3o: &#8220;Deputado, preste aten\u00e7\u00e3o. Esse governo est\u00e1 roubando a Na\u00e7\u00e3o&#8221;.<\/p>\n<blockquote><p>As notas foram jogadas na \u00e1rea do plen\u00e1rio onde se concentram os deputados do PT. Os pap\u00e9is imitam notas de d\u00f3lar, com fotos do ex-presidente Luiz In\u00e1cio Lula da Silva, de Dilma e do ex-tesoureiro do partido Jo\u00e3o Vaccari Neto, preso em decorr\u00eancia da Opera\u00e7\u00e3o Lava Jato. Ao lado das esfinges representadas por Dilma e Lula, a express\u00e3o PeTrod\u00f3lares.<\/p><\/blockquote>\n<p>Os protestos se intensificaram ap\u00f3s discurso do l\u00edder da bancada do PSDB, Carlos Sampaio (SP), que acusou os petistas de serem &#8220;caras de pau&#8221; e &#8220;corruptos&#8221;.<\/p>\n<p>Ap\u00f3s o tumulto, o presidente da C\u00e2mara, Eduardo Cunha (PMDB-RJ), suspendeu a sess\u00e3o e determinou \u00e0 Pol\u00edcia Legislativa que evacuasse as galerias.<\/p>\n<p>Com a sa\u00edda dos manifestantes, a sess\u00e3o foi retomada por volta das 19h. Minutos depois, por\u00e9m, a sess\u00e3o foi novamente interrompida por causa de bate-boca entre os deputados Roberto Freire (PPS-SP) e Orlando Silva (PC do B-SP), ex-ministro do Esporte nos governos Lula (2003-2010) e Dilma, que quase se atracaram.<\/p>\n<p><strong>Felipe Meirelles com Ag\u00eancias<\/strong><\/p>\n","protected":false},"excerpt":{"rendered":"<p>Uma &#8216;chuva de petrod\u00f3lares&#8217; e palavras de ordem contra a presidente da Rep\u00fablica, tumultuaram a sess\u00e3o desta quarta-feira 6 da C\u00e2mara dos Deputados, a ponto de os trabalhos serem interrompidos por mais de 20 minutos no in\u00edcio da noite. Tudo come\u00e7ou quando o Plen\u00e1rio debatia o pacote de ajuste fiscal encaminhado ao Congresso pelo Pal\u00e1cio [&hellip;]<\/p>\n","protected":false},"author":2,"featured_media":47184,"comment_status":"open","ping_status":"closed","sticky":false,"template":"","format":"standard","meta":{"_acf_changed":false,"footnotes":""},"categories":[16],"tags":[],"class_list":["post-47183","post","type-post","status-publish","format-standard","has-post-thumbnail","hentry","category-brasil"],"acf":[],"yoast_head":"<!-- This site is optimized with the Yoast SEO plugin v27.5 - https:\/\/yoast.com\/product\/yoast-seo-wordpress\/ -->\n<title>Clima esquenta. &#039;Dilma, v\u00e1 se f. O Brasil n\u00e3o precisa de voc\u00ea&#039; - Notibras<\/title>\n<meta name=\"robots\" content=\"index, follow, max-snippet:-1, max-image-preview:large, max-video-preview:-1\" \/>\n<link rel=\"canonical\" href=\"https:\/\/www.notibras.com\/site\/clima-esquenta-na-camara-dilma-va-se-f-o-brasil-nao-precisa-de-voce\/\" \/>\n<meta property=\"og:locale\" content=\"pt_BR\" \/>\n<meta property=\"og:type\" content=\"article\" \/>\n<meta property=\"og:title\" content=\"Clima esquenta. &#039;Dilma, v\u00e1 se f. O Brasil n\u00e3o precisa de voc\u00ea&#039; - Notibras\" \/>\n<meta property=\"og:description\" content=\"Uma &#8216;chuva de petrod\u00f3lares&#8217; e palavras de ordem contra a presidente da Rep\u00fablica, tumultuaram a sess\u00e3o desta quarta-feira 6 da C\u00e2mara dos Deputados, a ponto de os trabalhos serem interrompidos por mais de 20 minutos no in\u00edcio da noite. Tudo come\u00e7ou quando o Plen\u00e1rio debatia o pacote de ajuste fiscal encaminhado ao Congresso pelo Pal\u00e1cio [&hellip;]\" \/>\n<meta property=\"og:url\" content=\"https:\/\/www.notibras.com\/site\/clima-esquenta-na-camara-dilma-va-se-f-o-brasil-nao-precisa-de-voce\/\" \/>\n<meta property=\"og:site_name\" content=\"Notibras\" \/>\n<meta property=\"article:publisher\" content=\"https:\/\/www.facebook.com\/notibras\/\" \/>\n<meta property=\"article:published_time\" content=\"2015-05-06T23:20:24+00:00\" \/>\n<meta property=\"article:modified_time\" content=\"2015-05-07T10:37:39+00:00\" \/>\n<meta property=\"og:image\" content=\"https:\/\/www.notibras.com\/site\/wp-content\/uploads\/2015\/05\/petrodolares.jpeg\" \/>\n\t<meta property=\"og:image:width\" content=\"635\" \/>\n\t<meta property=\"og:image:height\" content=\"423\" \/>\n\t<meta property=\"og:image:type\" content=\"image\/jpeg\" \/>\n<meta name=\"author\" content=\"Reda\u00e7\u00e3o\" \/>\n<meta name=\"twitter:card\" content=\"summary_large_image\" \/>\n<meta name=\"twitter:creator\" content=\"@Notibras\" \/>\n<meta name=\"twitter:site\" content=\"@Notibras\" \/>\n<meta name=\"twitter:label1\" content=\"Escrito por\" \/>\n\t<meta name=\"twitter:data1\" content=\"Reda\u00e7\u00e3o\" \/>\n\t<meta name=\"twitter:label2\" content=\"Est. tempo de leitura\" \/>\n\t<meta name=\"twitter:data2\" content=\"2 minutos\" \/>\n<script type=\"application\/ld+json\" class=\"yoast-schema-graph\">{\"@context\":\"https:\\\/\\\/schema.org\",\"@graph\":[{\"@type\":\"Article\",\"@id\":\"https:\\\/\\\/www.notibras.com\\\/site\\\/clima-esquenta-na-camara-dilma-va-se-f-o-brasil-nao-precisa-de-voce\\\/#article\",\"isPartOf\":{\"@id\":\"https:\\\/\\\/www.notibras.com\\\/site\\\/clima-esquenta-na-camara-dilma-va-se-f-o-brasil-nao-precisa-de-voce\\\/\"},\"author\":{\"name\":\"Reda\u00e7\u00e3o\",\"@id\":\"https:\\\/\\\/www.notibras.com\\\/site\\\/#\\\/schema\\\/person\\\/36ab0979449956132d3e5b517ea76ac8\"},\"headline\":\"Clima esquenta. &#8216;Dilma, v\u00e1 se f. O Brasil n\u00e3o precisa de voc\u00ea&#8217;\",\"datePublished\":\"2015-05-06T23:20:24+00:00\",\"dateModified\":\"2015-05-07T10:37:39+00:00\",\"mainEntityOfPage\":{\"@id\":\"https:\\\/\\\/www.notibras.com\\\/site\\\/clima-esquenta-na-camara-dilma-va-se-f-o-brasil-nao-precisa-de-voce\\\/\"},\"wordCount\":349,\"commentCount\":0,\"publisher\":{\"@id\":\"https:\\\/\\\/www.notibras.com\\\/site\\\/#organization\"},\"image\":{\"@id\":\"https:\\\/\\\/www.notibras.com\\\/site\\\/clima-esquenta-na-camara-dilma-va-se-f-o-brasil-nao-precisa-de-voce\\\/#primaryimage\"},\"thumbnailUrl\":\"https:\\\/\\\/www.notibras.com\\\/site\\\/wp-content\\\/uploads\\\/2015\\\/05\\\/petrodolares.jpeg\",\"articleSection\":[\"Brasil\"],\"inLanguage\":\"pt-BR\",\"potentialAction\":[{\"@type\":\"CommentAction\",\"name\":\"Comment\",\"target\":[\"https:\\\/\\\/www.notibras.com\\\/site\\\/clima-esquenta-na-camara-dilma-va-se-f-o-brasil-nao-precisa-de-voce\\\/#respond\"]}]},{\"@type\":\"WebPage\",\"@id\":\"https:\\\/\\\/www.notibras.com\\\/site\\\/clima-esquenta-na-camara-dilma-va-se-f-o-brasil-nao-precisa-de-voce\\\/\",\"url\":\"https:\\\/\\\/www.notibras.com\\\/site\\\/clima-esquenta-na-camara-dilma-va-se-f-o-brasil-nao-precisa-de-voce\\\/\",\"name\":\"Clima esquenta. 'Dilma, v\u00e1 se f. O Brasil n\u00e3o precisa de voc\u00ea' - Notibras\",\"isPartOf\":{\"@id\":\"https:\\\/\\\/www.notibras.com\\\/site\\\/#website\"},\"primaryImageOfPage\":{\"@id\":\"https:\\\/\\\/www.notibras.com\\\/site\\\/clima-esquenta-na-camara-dilma-va-se-f-o-brasil-nao-precisa-de-voce\\\/#primaryimage\"},\"image\":{\"@id\":\"https:\\\/\\\/www.notibras.com\\\/site\\\/clima-esquenta-na-camara-dilma-va-se-f-o-brasil-nao-precisa-de-voce\\\/#primaryimage\"},\"thumbnailUrl\":\"https:\\\/\\\/www.notibras.com\\\/site\\\/wp-content\\\/uploads\\\/2015\\\/05\\\/petrodolares.jpeg\",\"datePublished\":\"2015-05-06T23:20:24+00:00\",\"dateModified\":\"2015-05-07T10:37:39+00:00\",\"breadcrumb\":{\"@id\":\"https:\\\/\\\/www.notibras.com\\\/site\\\/clima-esquenta-na-camara-dilma-va-se-f-o-brasil-nao-precisa-de-voce\\\/#breadcrumb\"},\"inLanguage\":\"pt-BR\",\"potentialAction\":[{\"@type\":\"ReadAction\",\"target\":[\"https:\\\/\\\/www.notibras.com\\\/site\\\/clima-esquenta-na-camara-dilma-va-se-f-o-brasil-nao-precisa-de-voce\\\/\"]}]},{\"@type\":\"ImageObject\",\"inLanguage\":\"pt-BR\",\"@id\":\"https:\\\/\\\/www.notibras.com\\\/site\\\/clima-esquenta-na-camara-dilma-va-se-f-o-brasil-nao-precisa-de-voce\\\/#primaryimage\",\"url\":\"https:\\\/\\\/www.notibras.com\\\/site\\\/wp-content\\\/uploads\\\/2015\\\/05\\\/petrodolares.jpeg\",\"contentUrl\":\"https:\\\/\\\/www.notibras.com\\\/site\\\/wp-content\\\/uploads\\\/2015\\\/05\\\/petrodolares.jpeg\",\"width\":635,\"height\":423},{\"@type\":\"BreadcrumbList\",\"@id\":\"https:\\\/\\\/www.notibras.com\\\/site\\\/clima-esquenta-na-camara-dilma-va-se-f-o-brasil-nao-precisa-de-voce\\\/#breadcrumb\",\"itemListElement\":[{\"@type\":\"ListItem\",\"position\":1,\"name\":\"In\u00edcio\",\"item\":\"https:\\\/\\\/www.notibras.com\\\/site\\\/\"},{\"@type\":\"ListItem\",\"position\":2,\"name\":\"Clima esquenta. &#8216;Dilma, v\u00e1 se f. O Brasil n\u00e3o precisa de voc\u00ea&#8217;\"}]},{\"@type\":\"WebSite\",\"@id\":\"https:\\\/\\\/www.notibras.com\\\/site\\\/#website\",\"url\":\"https:\\\/\\\/www.notibras.com\\\/site\\\/\",\"name\":\"Notibras\",\"description\":\"Not\u00edcias de Bras\u00edlia, do Brasil e do Mundo\",\"publisher\":{\"@id\":\"https:\\\/\\\/www.notibras.com\\\/site\\\/#organization\"},\"potentialAction\":[{\"@type\":\"SearchAction\",\"target\":{\"@type\":\"EntryPoint\",\"urlTemplate\":\"https:\\\/\\\/www.notibras.com\\\/site\\\/?s={search_term_string}\"},\"query-input\":{\"@type\":\"PropertyValueSpecification\",\"valueRequired\":true,\"valueName\":\"search_term_string\"}}],\"inLanguage\":\"pt-BR\"},{\"@type\":\"Organization\",\"@id\":\"https:\\\/\\\/www.notibras.com\\\/site\\\/#organization\",\"name\":\"Grupo Notibras de Comunica\u00e7\u00e3o\",\"url\":\"https:\\\/\\\/www.notibras.com\\\/site\\\/\",\"logo\":{\"@type\":\"ImageObject\",\"inLanguage\":\"pt-BR\",\"@id\":\"https:\\\/\\\/www.notibras.com\\\/site\\\/#\\\/schema\\\/logo\\\/image\\\/\",\"url\":\"https:\\\/\\\/www.notibras.com\\\/site\\\/wp-content\\\/uploads\\\/2023\\\/01\\\/notibras23.png\",\"contentUrl\":\"https:\\\/\\\/www.notibras.com\\\/site\\\/wp-content\\\/uploads\\\/2023\\\/01\\\/notibras23.png\",\"width\":350,\"height\":87,\"caption\":\"Grupo Notibras de Comunica\u00e7\u00e3o\"},\"image\":{\"@id\":\"https:\\\/\\\/www.notibras.com\\\/site\\\/#\\\/schema\\\/logo\\\/image\\\/\"},\"sameAs\":[\"https:\\\/\\\/www.facebook.com\\\/notibras\\\/\",\"https:\\\/\\\/x.com\\\/Notibras\",\"https:\\\/\\\/www.instagram.com\\\/notibras\\\/\"]},{\"@type\":\"Person\",\"@id\":\"https:\\\/\\\/www.notibras.com\\\/site\\\/#\\\/schema\\\/person\\\/36ab0979449956132d3e5b517ea76ac8\",\"name\":\"Reda\u00e7\u00e3o\",\"image\":{\"@type\":\"ImageObject\",\"inLanguage\":\"pt-BR\",\"@id\":\"https:\\\/\\\/secure.gravatar.com\\\/avatar\\\/e0a867bdedb85fd243eadf09663511f96fc81e0720a4a42581f334ad4303aa6b?s=96&d=mm&r=g\",\"url\":\"https:\\\/\\\/secure.gravatar.com\\\/avatar\\\/e0a867bdedb85fd243eadf09663511f96fc81e0720a4a42581f334ad4303aa6b?s=96&d=mm&r=g\",\"contentUrl\":\"https:\\\/\\\/secure.gravatar.com\\\/avatar\\\/e0a867bdedb85fd243eadf09663511f96fc81e0720a4a42581f334ad4303aa6b?s=96&d=mm&r=g\",\"caption\":\"Reda\u00e7\u00e3o\"}}]}<\/script>\n<!-- \/ Yoast SEO plugin. -->","yoast_head_json":{"title":"Clima esquenta. 'Dilma, v\u00e1 se f. O Brasil n\u00e3o precisa de voc\u00ea' - Notibras","robots":{"index":"index","follow":"follow","max-snippet":"max-snippet:-1","max-image-preview":"max-image-preview:large","max-video-preview":"max-video-preview:-1"},"canonical":"https:\/\/www.notibras.com\/site\/clima-esquenta-na-camara-dilma-va-se-f-o-brasil-nao-precisa-de-voce\/","og_locale":"pt_BR","og_type":"article","og_title":"Clima esquenta. 'Dilma, v\u00e1 se f. O Brasil n\u00e3o precisa de voc\u00ea' - Notibras","og_description":"Uma &#8216;chuva de petrod\u00f3lares&#8217; e palavras de ordem contra a presidente da Rep\u00fablica, tumultuaram a sess\u00e3o desta quarta-feira 6 da C\u00e2mara dos Deputados, a ponto de os trabalhos serem interrompidos por mais de 20 minutos no in\u00edcio da noite. Tudo come\u00e7ou quando o Plen\u00e1rio debatia o pacote de ajuste fiscal encaminhado ao Congresso pelo Pal\u00e1cio [&hellip;]","og_url":"https:\/\/www.notibras.com\/site\/clima-esquenta-na-camara-dilma-va-se-f-o-brasil-nao-precisa-de-voce\/","og_site_name":"Notibras","article_publisher":"https:\/\/www.facebook.com\/notibras\/","article_published_time":"2015-05-06T23:20:24+00:00","article_modified_time":"2015-05-07T10:37:39+00:00","og_image":[{"width":635,"height":423,"url":"https:\/\/www.notibras.com\/site\/wp-content\/uploads\/2015\/05\/petrodolares.jpeg","type":"image\/jpeg"}],"author":"Reda\u00e7\u00e3o","twitter_card":"summary_large_image","twitter_creator":"@Notibras","twitter_site":"@Notibras","twitter_misc":{"Escrito por":"Reda\u00e7\u00e3o","Est. tempo de leitura":"2 minutos"},"schema":{"@context":"https:\/\/schema.org","@graph":[{"@type":"Article","@id":"https:\/\/www.notibras.com\/site\/clima-esquenta-na-camara-dilma-va-se-f-o-brasil-nao-precisa-de-voce\/#article","isPartOf":{"@id":"https:\/\/www.notibras.com\/site\/clima-esquenta-na-camara-dilma-va-se-f-o-brasil-nao-precisa-de-voce\/"},"author":{"name":"Reda\u00e7\u00e3o","@id":"https:\/\/www.notibras.com\/site\/#\/schema\/person\/36ab0979449956132d3e5b517ea76ac8"},"headline":"Clima esquenta. &#8216;Dilma, v\u00e1 se f. O Brasil n\u00e3o precisa de voc\u00ea&#8217;","datePublished":"2015-05-06T23:20:24+00:00","dateModified":"2015-05-07T10:37:39+00:00","mainEntityOfPage":{"@id":"https:\/\/www.notibras.com\/site\/clima-esquenta-na-camara-dilma-va-se-f-o-brasil-nao-precisa-de-voce\/"},"wordCount":349,"commentCount":0,"publisher":{"@id":"https:\/\/www.notibras.com\/site\/#organization"},"image":{"@id":"https:\/\/www.notibras.com\/site\/clima-esquenta-na-camara-dilma-va-se-f-o-brasil-nao-precisa-de-voce\/#primaryimage"},"thumbnailUrl":"https:\/\/www.notibras.com\/site\/wp-content\/uploads\/2015\/05\/petrodolares.jpeg","articleSection":["Brasil"],"inLanguage":"pt-BR","potentialAction":[{"@type":"CommentAction","name":"Comment","target":["https:\/\/www.notibras.com\/site\/clima-esquenta-na-camara-dilma-va-se-f-o-brasil-nao-precisa-de-voce\/#respond"]}]},{"@type":"WebPage","@id":"https:\/\/www.notibras.com\/site\/clima-esquenta-na-camara-dilma-va-se-f-o-brasil-nao-precisa-de-voce\/","url":"https:\/\/www.notibras.com\/site\/clima-esquenta-na-camara-dilma-va-se-f-o-brasil-nao-precisa-de-voce\/","name":"Clima esquenta. 'Dilma, v\u00e1 se f. O Brasil n\u00e3o precisa de voc\u00ea' - Notibras","isPartOf":{"@id":"https:\/\/www.notibras.com\/site\/#website"},"primaryImageOfPage":{"@id":"https:\/\/www.notibras.com\/site\/clima-esquenta-na-camara-dilma-va-se-f-o-brasil-nao-precisa-de-voce\/#primaryimage"},"image":{"@id":"https:\/\/www.notibras.com\/site\/clima-esquenta-na-camara-dilma-va-se-f-o-brasil-nao-precisa-de-voce\/#primaryimage"},"thumbnailUrl":"https:\/\/www.notibras.com\/site\/wp-content\/uploads\/2015\/05\/petrodolares.jpeg","datePublished":"2015-05-06T23:20:24+00:00","dateModified":"2015-05-07T10:37:39+00:00","breadcrumb":{"@id":"https:\/\/www.notibras.com\/site\/clima-esquenta-na-camara-dilma-va-se-f-o-brasil-nao-precisa-de-voce\/#breadcrumb"},"inLanguage":"pt-BR","potentialAction":[{"@type":"ReadAction","target":["https:\/\/www.notibras.com\/site\/clima-esquenta-na-camara-dilma-va-se-f-o-brasil-nao-precisa-de-voce\/"]}]},{"@type":"ImageObject","inLanguage":"pt-BR","@id":"https:\/\/www.notibras.com\/site\/clima-esquenta-na-camara-dilma-va-se-f-o-brasil-nao-precisa-de-voce\/#primaryimage","url":"https:\/\/www.notibras.com\/site\/wp-content\/uploads\/2015\/05\/petrodolares.jpeg","contentUrl":"https:\/\/www.notibras.com\/site\/wp-content\/uploads\/2015\/05\/petrodolares.jpeg","width":635,"height":423},{"@type":"BreadcrumbList","@id":"https:\/\/www.notibras.com\/site\/clima-esquenta-na-camara-dilma-va-se-f-o-brasil-nao-precisa-de-voce\/#breadcrumb","itemListElement":[{"@type":"ListItem","position":1,"name":"In\u00edcio","item":"https:\/\/www.notibras.com\/site\/"},{"@type":"ListItem","position":2,"name":"Clima esquenta. &#8216;Dilma, v\u00e1 se f. O Brasil n\u00e3o precisa de voc\u00ea&#8217;"}]},{"@type":"WebSite","@id":"https:\/\/www.notibras.com\/site\/#website","url":"https:\/\/www.notibras.com\/site\/","name":"Notibras","description":"Not\u00edcias de Bras\u00edlia, do Brasil e do Mundo","publisher":{"@id":"https:\/\/www.notibras.com\/site\/#organization"},"potentialAction":[{"@type":"SearchAction","target":{"@type":"EntryPoint","urlTemplate":"https:\/\/www.notibras.com\/site\/?s={search_term_string}"},"query-input":{"@type":"PropertyValueSpecification","valueRequired":true,"valueName":"search_term_string"}}],"inLanguage":"pt-BR"},{"@type":"Organization","@id":"https:\/\/www.notibras.com\/site\/#organization","name":"Grupo Notibras de Comunica\u00e7\u00e3o","url":"https:\/\/www.notibras.com\/site\/","logo":{"@type":"ImageObject","inLanguage":"pt-BR","@id":"https:\/\/www.notibras.com\/site\/#\/schema\/logo\/image\/","url":"https:\/\/www.notibras.com\/site\/wp-content\/uploads\/2023\/01\/notibras23.png","contentUrl":"https:\/\/www.notibras.com\/site\/wp-content\/uploads\/2023\/01\/notibras23.png","width":350,"height":87,"caption":"Grupo Notibras de Comunica\u00e7\u00e3o"},"image":{"@id":"https:\/\/www.notibras.com\/site\/#\/schema\/logo\/image\/"},"sameAs":["https:\/\/www.facebook.com\/notibras\/","https:\/\/x.com\/Notibras","https:\/\/www.instagram.com\/notibras\/"]},{"@type":"Person","@id":"https:\/\/www.notibras.com\/site\/#\/schema\/person\/36ab0979449956132d3e5b517ea76ac8","name":"Reda\u00e7\u00e3o","image":{"@type":"ImageObject","inLanguage":"pt-BR","@id":"https:\/\/secure.gravatar.com\/avatar\/e0a867bdedb85fd243eadf09663511f96fc81e0720a4a42581f334ad4303aa6b?s=96&d=mm&r=g","url":"https:\/\/secure.gravatar.com\/avatar\/e0a867bdedb85fd243eadf09663511f96fc81e0720a4a42581f334ad4303aa6b?s=96&d=mm&r=g","contentUrl":"https:\/\/secure.gravatar.com\/avatar\/e0a867bdedb85fd243eadf09663511f96fc81e0720a4a42581f334ad4303aa6b?s=96&d=mm&r=g","caption":"Reda\u00e7\u00e3o"}}]}},"amp_enabled":true,"_links":{"self":[{"href":"https:\/\/www.notibras.com\/site\/wp-json\/wp\/v2\/posts\/47183","targetHints":{"allow":["GET"]}}],"collection":[{"href":"https:\/\/www.notibras.com\/site\/wp-json\/wp\/v2\/posts"}],"about":[{"href":"https:\/\/www.notibras.com\/site\/wp-json\/wp\/v2\/types\/post"}],"author":[{"embeddable":true,"href":"https:\/\/www.notibras.com\/site\/wp-json\/wp\/v2\/users\/2"}],"replies":[{"embeddable":true,"href":"https:\/\/www.notibras.com\/site\/wp-json\/wp\/v2\/comments?post=47183"}],"version-history":[{"count":0,"href":"https:\/\/www.notibras.com\/site\/wp-json\/wp\/v2\/posts\/47183\/revisions"}],"wp:featuredmedia":[{"embeddable":true,"href":"https:\/\/www.notibras.com\/site\/wp-json\/wp\/v2\/media\/47184"}],"wp:attachment":[{"href":"https:\/\/www.notibras.com\/site\/wp-json\/wp\/v2\/media?parent=47183"}],"wp:term":[{"taxonomy":"category","embeddable":true,"href":"https:\/\/www.notibras.com\/site\/wp-json\/wp\/v2\/categories?post=47183"},{"taxonomy":"post_tag","embeddable":true,"href":"https:\/\/www.notibras.com\/site\/wp-json\/wp\/v2\/tags?post=47183"}],"curies":[{"name":"wp","href":"https:\/\/api.w.org\/{rel}","templated":true}]}}