{"id":47186,"date":"2015-05-06T21:40:11","date_gmt":"2015-05-07T00:40:11","guid":{"rendered":"http:\/\/www.notibras.com\/site\/?p=47186"},"modified":"2015-05-06T21:40:11","modified_gmt":"2015-05-07T00:40:11","slug":"corinthians-nao-e-mais-aquele-ate-paraguaios-batem-nele","status":"publish","type":"post","link":"https:\/\/www.notibras.com\/site\/corinthians-nao-e-mais-aquele-ate-paraguaios-batem-nele\/","title":{"rendered":"Corinthians n\u00e3o \u00e9 mais aquele. At\u00e9 paraguaios batem nele"},"content":{"rendered":"<p>Acabou o mito corintiano. Nesta quarta-feira 6, em Assun\u00e7\u00e3o, foi o Guaran\u00ed-PAR a equipe a se impor e aplicar 2 a 0 sobre o Corinthians na abertura das oitavas de final da Copa Libertadores. Foi a segunda derrota consecutiva dos corintianos por esse marcador.<\/p>\n<p>Os gols paraguaios no Est\u00e1dio Defensores Del Chaco foram de Santander, com uma falha clamorosa de C\u00e1ssio, e Contrera, que bateu o zagueiro Felipe em velocidade. Mas n\u00e3o foi s\u00f3 de erros defensivos que se fez a derrota corintiana. Sem jogar h\u00e1 duas semanas, a equipe dirigida por Tite praticamente n\u00e3o amea\u00e7ou e tamb\u00e9m teve s\u00e9rias dificuldades defensivas. A derrota foi justa.<\/p>\n<p>O reencontro dos dois times ser\u00e1 breve. Na pr\u00f3xima quarta-feira, depois de estrear contra o Cruzeiro em Bras\u00edlia, pela S\u00e9rie A, o Corinthians recebe os paraguaios em Itaquera. A equipe a avan\u00e7ar desse duelo, vale recordar, enfrenta Montevid\u00e9u Wanderers-URU ou Racing-ARG na pr\u00f3xima fase.<\/p>\n<p>Em dois pontos, foi dif\u00edcil o primeiro tempo em Assun\u00e7\u00e3o. Dif\u00edcil para o Corinthians, que n\u00e3o conseguiu trocar muitos passes, completar jogadas e, principalmente, amea\u00e7ar o goleiro Alfredo Aguilar de alguma maneira. Mas foi, acima de tudo, dif\u00edcil de assistir. Em um confronto t\u00edpico de mata-mata de Copa Libertadores, prevaleceram os sistemas de marca\u00e7\u00e3o.<\/p>\n<p>Tite apostou em Luciano para o Corinthians, mas ele n\u00e3o conseguiu dar nenhuma resposta em 45 minutos. Foi dif\u00edcil chegar \u00e0 frente e os cruzamentos pela direita, seja com Jadson, Elias ou Fagner, n\u00e3o chegaram em Guerrero, inofensivo no Paraguai. S\u00f3 mesmo em finaliza\u00e7\u00e3o de Felipe, depois de bola disputada na \u00e1rea, os corintianos amea\u00e7aram.<\/p>\n<p>O Guaran\u00ed-PAR, mesmo com dificuldades de encher o maior est\u00e1dio paraguaio, atuou de maneira arrojada. Foram poucas as amea\u00e7as a C\u00e1ssio no primeiro tempo, mas uma delas por pouco n\u00e3o custou caro. \u00c0s costas de F\u00e1bio Santos e Luciano, Ben\u00edtez apareceu com toda a liberdade e venceu o goleiro corintiano na conclus\u00e3o &#8211; Gil, por\u00e9m, salvou em cima da linha.<\/p>\n<blockquote><p>Renato Augusto e Luciano tiveram problemas cl\u00ednicos no primeiro tempo, mas Tite optou por manter ambos na volta do intervalo. A equipe, por\u00e9m, continuou desajustada, sobretudo a marca\u00e7\u00e3o pelo lado esquerdo. Foi novamente ali que o Guaran\u00ed assustou j\u00e1 a 3min em sucess\u00e3o de erros defensivos. Ben\u00edtez escapou sem ser atrapalhado, cruzou e, depois de erro de C\u00e1ssio na sa\u00edda do gol, o grandalh\u00e3o Santander subiu sobre Fagner e cabeceou por cima, com o gol aberto.<\/p><\/blockquote>\n<p>A press\u00e3o que se desenhava desde o fim do primeiro tempo acabou por dar a vantagem ao time da casa. Federico Santander, o mais perigoso do Guaran\u00ed, bateu falta aparentemente inofensiva, rasteira, de longe. C\u00e1ssio, inteiro na jogada, deixou a bola passar por baixo de sua m\u00e3o e viu ela lentamente ultrapassar a linha fatal. Foi um frango cl\u00e1ssico a 16min a ponto de o pr\u00f3prio goleiro se desculpar.<\/p>\n<p>Em desvantagem no placar, o Corinthians foi a equipe da iniciativa no \u00faltimo ter\u00e7o da partida. Tite acionou Bruno Henrique, Danilo e Malcom, mas n\u00e3o funcionou muito. O Corinthians chegou a assustar em cruzamento de Luciano para Guerrero. F\u00e1bio Santos, dentro da \u00e1rea, tamb\u00e9m acertou a trave. Depois foi a vez de Renato Augusto se aproveitar de cruzamento de Malcom, mas o golpe fatal veio do outro lado: Contrera, aos 37min, ganhou de Felipe na velocidade e venceu C\u00e1ssio com um tapa de p\u00e9 esquerdo de muita categoria: 2 a 0.<\/p>\n","protected":false},"excerpt":{"rendered":"<p>Acabou o mito corintiano. Nesta quarta-feira 6, em Assun\u00e7\u00e3o, foi o Guaran\u00ed-PAR a equipe a se impor e aplicar 2 a 0 sobre o Corinthians na abertura das oitavas de final da Copa Libertadores. Foi a segunda derrota consecutiva dos corintianos por esse marcador. Os gols paraguaios no Est\u00e1dio Defensores Del Chaco foram de Santander, [&hellip;]<\/p>\n","protected":false},"author":2,"featured_media":47187,"comment_status":"open","ping_status":"closed","sticky":false,"template":"","format":"standard","meta":{"_acf_changed":false,"footnotes":""},"categories":[19,29],"tags":[],"class_list":["post-47186","post","type-post","status-publish","format-standard","has-post-thumbnail","hentry","category-esportes","category-futebol"],"acf":[],"yoast_head":"<!-- This site is optimized with the Yoast SEO plugin v27.2 - https:\/\/yoast.com\/product\/yoast-seo-wordpress\/ -->\n<title>Corinthians n\u00e3o \u00e9 mais aquele. At\u00e9 paraguaios batem nele - Notibras<\/title>\n<meta name=\"robots\" content=\"index, follow, max-snippet:-1, max-image-preview:large, max-video-preview:-1\" \/>\n<link rel=\"canonical\" href=\"https:\/\/www.notibras.com\/site\/corinthians-nao-e-mais-aquele-ate-paraguaios-batem-nele\/\" \/>\n<meta property=\"og:locale\" content=\"pt_BR\" \/>\n<meta property=\"og:type\" content=\"article\" \/>\n<meta property=\"og:title\" content=\"Corinthians n\u00e3o \u00e9 mais aquele. At\u00e9 paraguaios batem nele - Notibras\" \/>\n<meta property=\"og:description\" content=\"Acabou o mito corintiano. Nesta quarta-feira 6, em Assun\u00e7\u00e3o, foi o Guaran\u00ed-PAR a equipe a se impor e aplicar 2 a 0 sobre o Corinthians na abertura das oitavas de final da Copa Libertadores. Foi a segunda derrota consecutiva dos corintianos por esse marcador. Os gols paraguaios no Est\u00e1dio Defensores Del Chaco foram de Santander, [&hellip;]\" \/>\n<meta property=\"og:url\" content=\"https:\/\/www.notibras.com\/site\/corinthians-nao-e-mais-aquele-ate-paraguaios-batem-nele\/\" \/>\n<meta property=\"og:site_name\" content=\"Notibras\" \/>\n<meta property=\"article:publisher\" content=\"https:\/\/www.facebook.com\/notibras\/\" \/>\n<meta property=\"article:published_time\" content=\"2015-05-07T00:40:11+00:00\" \/>\n<meta property=\"og:image\" content=\"https:\/\/www.notibras.com\/site\/wp-content\/uploads\/2015\/05\/cor6.jpg\" \/>\n\t<meta property=\"og:image:width\" content=\"615\" \/>\n\t<meta property=\"og:image:height\" content=\"300\" \/>\n\t<meta property=\"og:image:type\" content=\"image\/jpeg\" \/>\n<meta name=\"author\" content=\"Reda\u00e7\u00e3o\" \/>\n<meta name=\"twitter:card\" content=\"summary_large_image\" \/>\n<meta name=\"twitter:creator\" content=\"@Notibras\" \/>\n<meta name=\"twitter:site\" content=\"@Notibras\" \/>\n<meta name=\"twitter:label1\" content=\"Escrito por\" \/>\n\t<meta name=\"twitter:data1\" content=\"Reda\u00e7\u00e3o\" \/>\n\t<meta name=\"twitter:label2\" content=\"Est. tempo de leitura\" \/>\n\t<meta name=\"twitter:data2\" content=\"3 minutos\" \/>\n<script type=\"application\/ld+json\" class=\"yoast-schema-graph\">{\"@context\":\"https:\/\/schema.org\",\"@graph\":[{\"@type\":\"Article\",\"@id\":\"https:\/\/www.notibras.com\/site\/corinthians-nao-e-mais-aquele-ate-paraguaios-batem-nele\/#article\",\"isPartOf\":{\"@id\":\"https:\/\/www.notibras.com\/site\/corinthians-nao-e-mais-aquele-ate-paraguaios-batem-nele\/\"},\"author\":{\"name\":\"Reda\u00e7\u00e3o\",\"@id\":\"https:\/\/www.notibras.com\/site\/#\/schema\/person\/36ab0979449956132d3e5b517ea76ac8\"},\"headline\":\"Corinthians n\u00e3o \u00e9 mais aquele. At\u00e9 paraguaios batem nele\",\"datePublished\":\"2015-05-07T00:40:11+00:00\",\"mainEntityOfPage\":{\"@id\":\"https:\/\/www.notibras.com\/site\/corinthians-nao-e-mais-aquele-ate-paraguaios-batem-nele\/\"},\"wordCount\":612,\"commentCount\":0,\"publisher\":{\"@id\":\"https:\/\/www.notibras.com\/site\/#organization\"},\"image\":{\"@id\":\"https:\/\/www.notibras.com\/site\/corinthians-nao-e-mais-aquele-ate-paraguaios-batem-nele\/#primaryimage\"},\"thumbnailUrl\":\"https:\/\/www.notibras.com\/site\/wp-content\/uploads\/2015\/05\/cor6.jpg\",\"articleSection\":[\"Esportes\",\"Futebol\"],\"inLanguage\":\"pt-BR\",\"potentialAction\":[{\"@type\":\"CommentAction\",\"name\":\"Comment\",\"target\":[\"https:\/\/www.notibras.com\/site\/corinthians-nao-e-mais-aquele-ate-paraguaios-batem-nele\/#respond\"]}]},{\"@type\":\"WebPage\",\"@id\":\"https:\/\/www.notibras.com\/site\/corinthians-nao-e-mais-aquele-ate-paraguaios-batem-nele\/\",\"url\":\"https:\/\/www.notibras.com\/site\/corinthians-nao-e-mais-aquele-ate-paraguaios-batem-nele\/\",\"name\":\"Corinthians n\u00e3o \u00e9 mais aquele. At\u00e9 paraguaios batem nele - Notibras\",\"isPartOf\":{\"@id\":\"https:\/\/www.notibras.com\/site\/#website\"},\"primaryImageOfPage\":{\"@id\":\"https:\/\/www.notibras.com\/site\/corinthians-nao-e-mais-aquele-ate-paraguaios-batem-nele\/#primaryimage\"},\"image\":{\"@id\":\"https:\/\/www.notibras.com\/site\/corinthians-nao-e-mais-aquele-ate-paraguaios-batem-nele\/#primaryimage\"},\"thumbnailUrl\":\"https:\/\/www.notibras.com\/site\/wp-content\/uploads\/2015\/05\/cor6.jpg\",\"datePublished\":\"2015-05-07T00:40:11+00:00\",\"breadcrumb\":{\"@id\":\"https:\/\/www.notibras.com\/site\/corinthians-nao-e-mais-aquele-ate-paraguaios-batem-nele\/#breadcrumb\"},\"inLanguage\":\"pt-BR\",\"potentialAction\":[{\"@type\":\"ReadAction\",\"target\":[\"https:\/\/www.notibras.com\/site\/corinthians-nao-e-mais-aquele-ate-paraguaios-batem-nele\/\"]}]},{\"@type\":\"ImageObject\",\"inLanguage\":\"pt-BR\",\"@id\":\"https:\/\/www.notibras.com\/site\/corinthians-nao-e-mais-aquele-ate-paraguaios-batem-nele\/#primaryimage\",\"url\":\"https:\/\/www.notibras.com\/site\/wp-content\/uploads\/2015\/05\/cor6.jpg\",\"contentUrl\":\"https:\/\/www.notibras.com\/site\/wp-content\/uploads\/2015\/05\/cor6.jpg\",\"width\":615,\"height\":300},{\"@type\":\"BreadcrumbList\",\"@id\":\"https:\/\/www.notibras.com\/site\/corinthians-nao-e-mais-aquele-ate-paraguaios-batem-nele\/#breadcrumb\",\"itemListElement\":[{\"@type\":\"ListItem\",\"position\":1,\"name\":\"In\u00edcio\",\"item\":\"https:\/\/www.notibras.com\/site\/\"},{\"@type\":\"ListItem\",\"position\":2,\"name\":\"Corinthians n\u00e3o \u00e9 mais aquele. At\u00e9 paraguaios batem nele\"}]},{\"@type\":\"WebSite\",\"@id\":\"https:\/\/www.notibras.com\/site\/#website\",\"url\":\"https:\/\/www.notibras.com\/site\/\",\"name\":\"Notibras\",\"description\":\"Not\u00edcias de Bras\u00edlia, do Brasil e do Mundo\",\"publisher\":{\"@id\":\"https:\/\/www.notibras.com\/site\/#organization\"},\"potentialAction\":[{\"@type\":\"SearchAction\",\"target\":{\"@type\":\"EntryPoint\",\"urlTemplate\":\"https:\/\/www.notibras.com\/site\/?s={search_term_string}\"},\"query-input\":{\"@type\":\"PropertyValueSpecification\",\"valueRequired\":true,\"valueName\":\"search_term_string\"}}],\"inLanguage\":\"pt-BR\"},{\"@type\":\"Organization\",\"@id\":\"https:\/\/www.notibras.com\/site\/#organization\",\"name\":\"Grupo Notibras de Comunica\u00e7\u00e3o\",\"url\":\"https:\/\/www.notibras.com\/site\/\",\"logo\":{\"@type\":\"ImageObject\",\"inLanguage\":\"pt-BR\",\"@id\":\"https:\/\/www.notibras.com\/site\/#\/schema\/logo\/image\/\",\"url\":\"https:\/\/www.notibras.com\/site\/wp-content\/uploads\/2023\/01\/notibras23.png\",\"contentUrl\":\"https:\/\/www.notibras.com\/site\/wp-content\/uploads\/2023\/01\/notibras23.png\",\"width\":350,\"height\":87,\"caption\":\"Grupo Notibras de Comunica\u00e7\u00e3o\"},\"image\":{\"@id\":\"https:\/\/www.notibras.com\/site\/#\/schema\/logo\/image\/\"},\"sameAs\":[\"https:\/\/www.facebook.com\/notibras\/\",\"https:\/\/x.com\/Notibras\",\"https:\/\/www.instagram.com\/notibras\/\"]},{\"@type\":\"Person\",\"@id\":\"https:\/\/www.notibras.com\/site\/#\/schema\/person\/36ab0979449956132d3e5b517ea76ac8\",\"name\":\"Reda\u00e7\u00e3o\",\"image\":{\"@type\":\"ImageObject\",\"inLanguage\":\"pt-BR\",\"@id\":\"https:\/\/secure.gravatar.com\/avatar\/e0a867bdedb85fd243eadf09663511f96fc81e0720a4a42581f334ad4303aa6b?s=96&d=mm&r=g\",\"url\":\"https:\/\/secure.gravatar.com\/avatar\/e0a867bdedb85fd243eadf09663511f96fc81e0720a4a42581f334ad4303aa6b?s=96&d=mm&r=g\",\"contentUrl\":\"https:\/\/secure.gravatar.com\/avatar\/e0a867bdedb85fd243eadf09663511f96fc81e0720a4a42581f334ad4303aa6b?s=96&d=mm&r=g\",\"caption\":\"Reda\u00e7\u00e3o\"}}]}<\/script>\n<!-- \/ Yoast SEO plugin. -->","yoast_head_json":{"title":"Corinthians n\u00e3o \u00e9 mais aquele. At\u00e9 paraguaios batem nele - Notibras","robots":{"index":"index","follow":"follow","max-snippet":"max-snippet:-1","max-image-preview":"max-image-preview:large","max-video-preview":"max-video-preview:-1"},"canonical":"https:\/\/www.notibras.com\/site\/corinthians-nao-e-mais-aquele-ate-paraguaios-batem-nele\/","og_locale":"pt_BR","og_type":"article","og_title":"Corinthians n\u00e3o \u00e9 mais aquele. At\u00e9 paraguaios batem nele - Notibras","og_description":"Acabou o mito corintiano. Nesta quarta-feira 6, em Assun\u00e7\u00e3o, foi o Guaran\u00ed-PAR a equipe a se impor e aplicar 2 a 0 sobre o Corinthians na abertura das oitavas de final da Copa Libertadores. Foi a segunda derrota consecutiva dos corintianos por esse marcador. Os gols paraguaios no Est\u00e1dio Defensores Del Chaco foram de Santander, [&hellip;]","og_url":"https:\/\/www.notibras.com\/site\/corinthians-nao-e-mais-aquele-ate-paraguaios-batem-nele\/","og_site_name":"Notibras","article_publisher":"https:\/\/www.facebook.com\/notibras\/","article_published_time":"2015-05-07T00:40:11+00:00","og_image":[{"width":615,"height":300,"url":"https:\/\/www.notibras.com\/site\/wp-content\/uploads\/2015\/05\/cor6.jpg","type":"image\/jpeg"}],"author":"Reda\u00e7\u00e3o","twitter_card":"summary_large_image","twitter_creator":"@Notibras","twitter_site":"@Notibras","twitter_misc":{"Escrito por":"Reda\u00e7\u00e3o","Est. tempo de leitura":"3 minutos"},"schema":{"@context":"https:\/\/schema.org","@graph":[{"@type":"Article","@id":"https:\/\/www.notibras.com\/site\/corinthians-nao-e-mais-aquele-ate-paraguaios-batem-nele\/#article","isPartOf":{"@id":"https:\/\/www.notibras.com\/site\/corinthians-nao-e-mais-aquele-ate-paraguaios-batem-nele\/"},"author":{"name":"Reda\u00e7\u00e3o","@id":"https:\/\/www.notibras.com\/site\/#\/schema\/person\/36ab0979449956132d3e5b517ea76ac8"},"headline":"Corinthians n\u00e3o \u00e9 mais aquele. At\u00e9 paraguaios batem nele","datePublished":"2015-05-07T00:40:11+00:00","mainEntityOfPage":{"@id":"https:\/\/www.notibras.com\/site\/corinthians-nao-e-mais-aquele-ate-paraguaios-batem-nele\/"},"wordCount":612,"commentCount":0,"publisher":{"@id":"https:\/\/www.notibras.com\/site\/#organization"},"image":{"@id":"https:\/\/www.notibras.com\/site\/corinthians-nao-e-mais-aquele-ate-paraguaios-batem-nele\/#primaryimage"},"thumbnailUrl":"https:\/\/www.notibras.com\/site\/wp-content\/uploads\/2015\/05\/cor6.jpg","articleSection":["Esportes","Futebol"],"inLanguage":"pt-BR","potentialAction":[{"@type":"CommentAction","name":"Comment","target":["https:\/\/www.notibras.com\/site\/corinthians-nao-e-mais-aquele-ate-paraguaios-batem-nele\/#respond"]}]},{"@type":"WebPage","@id":"https:\/\/www.notibras.com\/site\/corinthians-nao-e-mais-aquele-ate-paraguaios-batem-nele\/","url":"https:\/\/www.notibras.com\/site\/corinthians-nao-e-mais-aquele-ate-paraguaios-batem-nele\/","name":"Corinthians n\u00e3o \u00e9 mais aquele. At\u00e9 paraguaios batem nele - Notibras","isPartOf":{"@id":"https:\/\/www.notibras.com\/site\/#website"},"primaryImageOfPage":{"@id":"https:\/\/www.notibras.com\/site\/corinthians-nao-e-mais-aquele-ate-paraguaios-batem-nele\/#primaryimage"},"image":{"@id":"https:\/\/www.notibras.com\/site\/corinthians-nao-e-mais-aquele-ate-paraguaios-batem-nele\/#primaryimage"},"thumbnailUrl":"https:\/\/www.notibras.com\/site\/wp-content\/uploads\/2015\/05\/cor6.jpg","datePublished":"2015-05-07T00:40:11+00:00","breadcrumb":{"@id":"https:\/\/www.notibras.com\/site\/corinthians-nao-e-mais-aquele-ate-paraguaios-batem-nele\/#breadcrumb"},"inLanguage":"pt-BR","potentialAction":[{"@type":"ReadAction","target":["https:\/\/www.notibras.com\/site\/corinthians-nao-e-mais-aquele-ate-paraguaios-batem-nele\/"]}]},{"@type":"ImageObject","inLanguage":"pt-BR","@id":"https:\/\/www.notibras.com\/site\/corinthians-nao-e-mais-aquele-ate-paraguaios-batem-nele\/#primaryimage","url":"https:\/\/www.notibras.com\/site\/wp-content\/uploads\/2015\/05\/cor6.jpg","contentUrl":"https:\/\/www.notibras.com\/site\/wp-content\/uploads\/2015\/05\/cor6.jpg","width":615,"height":300},{"@type":"BreadcrumbList","@id":"https:\/\/www.notibras.com\/site\/corinthians-nao-e-mais-aquele-ate-paraguaios-batem-nele\/#breadcrumb","itemListElement":[{"@type":"ListItem","position":1,"name":"In\u00edcio","item":"https:\/\/www.notibras.com\/site\/"},{"@type":"ListItem","position":2,"name":"Corinthians n\u00e3o \u00e9 mais aquele. At\u00e9 paraguaios batem nele"}]},{"@type":"WebSite","@id":"https:\/\/www.notibras.com\/site\/#website","url":"https:\/\/www.notibras.com\/site\/","name":"Notibras","description":"Not\u00edcias de Bras\u00edlia, do Brasil e do Mundo","publisher":{"@id":"https:\/\/www.notibras.com\/site\/#organization"},"potentialAction":[{"@type":"SearchAction","target":{"@type":"EntryPoint","urlTemplate":"https:\/\/www.notibras.com\/site\/?s={search_term_string}"},"query-input":{"@type":"PropertyValueSpecification","valueRequired":true,"valueName":"search_term_string"}}],"inLanguage":"pt-BR"},{"@type":"Organization","@id":"https:\/\/www.notibras.com\/site\/#organization","name":"Grupo Notibras de Comunica\u00e7\u00e3o","url":"https:\/\/www.notibras.com\/site\/","logo":{"@type":"ImageObject","inLanguage":"pt-BR","@id":"https:\/\/www.notibras.com\/site\/#\/schema\/logo\/image\/","url":"https:\/\/www.notibras.com\/site\/wp-content\/uploads\/2023\/01\/notibras23.png","contentUrl":"https:\/\/www.notibras.com\/site\/wp-content\/uploads\/2023\/01\/notibras23.png","width":350,"height":87,"caption":"Grupo Notibras de Comunica\u00e7\u00e3o"},"image":{"@id":"https:\/\/www.notibras.com\/site\/#\/schema\/logo\/image\/"},"sameAs":["https:\/\/www.facebook.com\/notibras\/","https:\/\/x.com\/Notibras","https:\/\/www.instagram.com\/notibras\/"]},{"@type":"Person","@id":"https:\/\/www.notibras.com\/site\/#\/schema\/person\/36ab0979449956132d3e5b517ea76ac8","name":"Reda\u00e7\u00e3o","image":{"@type":"ImageObject","inLanguage":"pt-BR","@id":"https:\/\/secure.gravatar.com\/avatar\/e0a867bdedb85fd243eadf09663511f96fc81e0720a4a42581f334ad4303aa6b?s=96&d=mm&r=g","url":"https:\/\/secure.gravatar.com\/avatar\/e0a867bdedb85fd243eadf09663511f96fc81e0720a4a42581f334ad4303aa6b?s=96&d=mm&r=g","contentUrl":"https:\/\/secure.gravatar.com\/avatar\/e0a867bdedb85fd243eadf09663511f96fc81e0720a4a42581f334ad4303aa6b?s=96&d=mm&r=g","caption":"Reda\u00e7\u00e3o"}}]}},"amp_enabled":true,"_links":{"self":[{"href":"https:\/\/www.notibras.com\/site\/wp-json\/wp\/v2\/posts\/47186","targetHints":{"allow":["GET"]}}],"collection":[{"href":"https:\/\/www.notibras.com\/site\/wp-json\/wp\/v2\/posts"}],"about":[{"href":"https:\/\/www.notibras.com\/site\/wp-json\/wp\/v2\/types\/post"}],"author":[{"embeddable":true,"href":"https:\/\/www.notibras.com\/site\/wp-json\/wp\/v2\/users\/2"}],"replies":[{"embeddable":true,"href":"https:\/\/www.notibras.com\/site\/wp-json\/wp\/v2\/comments?post=47186"}],"version-history":[{"count":0,"href":"https:\/\/www.notibras.com\/site\/wp-json\/wp\/v2\/posts\/47186\/revisions"}],"wp:featuredmedia":[{"embeddable":true,"href":"https:\/\/www.notibras.com\/site\/wp-json\/wp\/v2\/media\/47187"}],"wp:attachment":[{"href":"https:\/\/www.notibras.com\/site\/wp-json\/wp\/v2\/media?parent=47186"}],"wp:term":[{"taxonomy":"category","embeddable":true,"href":"https:\/\/www.notibras.com\/site\/wp-json\/wp\/v2\/categories?post=47186"},{"taxonomy":"post_tag","embeddable":true,"href":"https:\/\/www.notibras.com\/site\/wp-json\/wp\/v2\/tags?post=47186"}],"curies":[{"name":"wp","href":"https:\/\/api.w.org\/{rel}","templated":true}]}}