{"id":47189,"date":"2015-05-06T20:45:07","date_gmt":"2015-05-06T23:45:07","guid":{"rendered":"http:\/\/www.notibras.com\/site\/?p=47189"},"modified":"2015-05-06T21:46:33","modified_gmt":"2015-05-07T00:46:33","slug":"furacao-e-eliminado-em-casa-da-copa-do-brasil-pelo-tupi","status":"publish","type":"post","link":"https:\/\/www.notibras.com\/site\/furacao-e-eliminado-em-casa-da-copa-do-brasil-pelo-tupi\/","title":{"rendered":"Furac\u00e3o \u00e9 eliminado em casa da Copa do Brasil pelo Tupi"},"content":{"rendered":"<p>Em seu segundo jogo com a camisa rubro-negra, Walter marcou o seu primeiro gol pelo Atl\u00e9tico-PR. Isso, por\u00e9m, n\u00e3o foi suficiente para evitar a elimina\u00e7\u00e3o ainda na segunda fase da Copa do Brasil. Como havia perdido o jogo de ida \u2013 em Juiz de Fora (MG) \u2013 por 1 a 0, a vit\u00f3ria de 2 a 1 na Arena da Baixada nesta quarta n\u00e3o foi suficiente, e assim o Tupi ficou com a vaga.<\/p>\n<p>O time mineiro agora encara na terceira fase quem levar a melhor no duelo entre Cear\u00e1 e Am\u00e9rica-MG. Os jogos entre as equipes acontecem nos dias 12 e 20 de maio.<\/p>\n<p>Tudo parecia bem no come\u00e7o. Torcida apoiando, e gol logo aos 18min de jogo. Eduardo avan\u00e7ou pela direita e cruzou na segunda trave; a bola passou por todo mundo, mas n\u00e3o por Marco Damasceno, novidade no time, que completou para as redes. 1 a 0 Atl\u00e9tico-PR.<\/p>\n<blockquote><p>Por\u00e9m, um gola\u00e7o do Tupi aos 29min mudou a hist\u00f3ria do duelo. Depois de bola mal afastado por Kadu, Daniel Morais soltou a bomba de fora da \u00e1rea e acertou um lindo chute. Tudo igual na Arena da Baixada, que a partir da\u00ed deixou de ser um &#8216;aliado&#8217; do time rubro-negro.<\/p><\/blockquote>\n<p>Na sa\u00edda para o intervalo, vaias ao Atl\u00e9tico-PR, e an\u00e1lise de Walter, apagado dentro de campo. &#8220;Nosso time estava bem. Teve um acidente em que o atacante deles deu um baita de um chute. Agora \u00e9 voltar no segundo tempo e fazer dois gols&#8221;, afirmou o atacante.<\/p>\n<p>E foi o pr\u00f3prio Walter que colocou a torcida novamente ao lado do Atl\u00e9tico-PR no segundo tempo. Aos 15min, o atacante recebeu cruzamento preciso de Eduardo da direita e, de cabe\u00e7a, marcou o seu primeiro gol com a camisa rubro-negra. 2 a 1. Faltava mais um, mas ele n\u00e3o veio.<\/p>\n<p>Um ano, ao menos por enquanto, para a torcida rubro-negra esquecer. No Estadual, precisou disputar o torneio da morte, ficando de fora das quartas de final. Agora, elimina\u00e7\u00e3o precoce na Copa do Brasil. Sem paci\u00eancia, os aficionados mais uma vez n\u00e3o perdoaram o time ap\u00f3s (e durante) o apito final. Milton Mendes, que acabou de chegar, j\u00e1 ouviu gritos de &#8216;burro&#8217;.<\/p>\n","protected":false},"excerpt":{"rendered":"<p>Em seu segundo jogo com a camisa rubro-negra, Walter marcou o seu primeiro gol pelo Atl\u00e9tico-PR. Isso, por\u00e9m, n\u00e3o foi suficiente para evitar a elimina\u00e7\u00e3o ainda na segunda fase da Copa do Brasil. Como havia perdido o jogo de ida \u2013 em Juiz de Fora (MG) \u2013 por 1 a 0, a vit\u00f3ria de 2 [&hellip;]<\/p>\n","protected":false},"author":2,"featured_media":47190,"comment_status":"open","ping_status":"closed","sticky":false,"template":"","format":"standard","meta":{"_acf_changed":false,"footnotes":""},"categories":[19,29],"tags":[],"class_list":["post-47189","post","type-post","status-publish","format-standard","has-post-thumbnail","hentry","category-esportes","category-futebol"],"acf":[],"yoast_head":"<!-- This site is optimized with the Yoast SEO plugin v27.2 - https:\/\/yoast.com\/product\/yoast-seo-wordpress\/ -->\n<title>Furac\u00e3o \u00e9 eliminado em casa da Copa do Brasil pelo Tupi - Notibras<\/title>\n<meta name=\"robots\" content=\"index, follow, max-snippet:-1, max-image-preview:large, max-video-preview:-1\" \/>\n<link rel=\"canonical\" href=\"https:\/\/www.notibras.com\/site\/furacao-e-eliminado-em-casa-da-copa-do-brasil-pelo-tupi\/\" \/>\n<meta property=\"og:locale\" content=\"pt_BR\" \/>\n<meta property=\"og:type\" content=\"article\" \/>\n<meta property=\"og:title\" content=\"Furac\u00e3o \u00e9 eliminado em casa da Copa do Brasil pelo Tupi - Notibras\" \/>\n<meta property=\"og:description\" content=\"Em seu segundo jogo com a camisa rubro-negra, Walter marcou o seu primeiro gol pelo Atl\u00e9tico-PR. Isso, por\u00e9m, n\u00e3o foi suficiente para evitar a elimina\u00e7\u00e3o ainda na segunda fase da Copa do Brasil. Como havia perdido o jogo de ida \u2013 em Juiz de Fora (MG) \u2013 por 1 a 0, a vit\u00f3ria de 2 [&hellip;]\" \/>\n<meta property=\"og:url\" content=\"https:\/\/www.notibras.com\/site\/furacao-e-eliminado-em-casa-da-copa-do-brasil-pelo-tupi\/\" \/>\n<meta property=\"og:site_name\" content=\"Notibras\" \/>\n<meta property=\"article:publisher\" content=\"https:\/\/www.facebook.com\/notibras\/\" \/>\n<meta property=\"article:published_time\" content=\"2015-05-06T23:45:07+00:00\" \/>\n<meta property=\"article:modified_time\" content=\"2015-05-07T00:46:33+00:00\" \/>\n<meta property=\"og:image\" content=\"https:\/\/www.notibras.com\/site\/wp-content\/uploads\/2015\/05\/fur.jpeg\" \/>\n\t<meta property=\"og:image:width\" content=\"275\" \/>\n\t<meta property=\"og:image:height\" content=\"183\" \/>\n\t<meta property=\"og:image:type\" content=\"image\/jpeg\" \/>\n<meta name=\"author\" content=\"Reda\u00e7\u00e3o\" \/>\n<meta name=\"twitter:card\" content=\"summary_large_image\" \/>\n<meta name=\"twitter:creator\" content=\"@Notibras\" \/>\n<meta name=\"twitter:site\" content=\"@Notibras\" \/>\n<meta name=\"twitter:label1\" content=\"Escrito por\" \/>\n\t<meta name=\"twitter:data1\" content=\"Reda\u00e7\u00e3o\" \/>\n\t<meta name=\"twitter:label2\" content=\"Est. tempo de leitura\" \/>\n\t<meta name=\"twitter:data2\" content=\"2 minutos\" \/>\n<script type=\"application\/ld+json\" class=\"yoast-schema-graph\">{\"@context\":\"https:\/\/schema.org\",\"@graph\":[{\"@type\":\"Article\",\"@id\":\"https:\/\/www.notibras.com\/site\/furacao-e-eliminado-em-casa-da-copa-do-brasil-pelo-tupi\/#article\",\"isPartOf\":{\"@id\":\"https:\/\/www.notibras.com\/site\/furacao-e-eliminado-em-casa-da-copa-do-brasil-pelo-tupi\/\"},\"author\":{\"name\":\"Reda\u00e7\u00e3o\",\"@id\":\"https:\/\/www.notibras.com\/site\/#\/schema\/person\/36ab0979449956132d3e5b517ea76ac8\"},\"headline\":\"Furac\u00e3o \u00e9 eliminado em casa da Copa do Brasil pelo Tupi\",\"datePublished\":\"2015-05-06T23:45:07+00:00\",\"dateModified\":\"2015-05-07T00:46:33+00:00\",\"mainEntityOfPage\":{\"@id\":\"https:\/\/www.notibras.com\/site\/furacao-e-eliminado-em-casa-da-copa-do-brasil-pelo-tupi\/\"},\"wordCount\":383,\"commentCount\":0,\"publisher\":{\"@id\":\"https:\/\/www.notibras.com\/site\/#organization\"},\"image\":{\"@id\":\"https:\/\/www.notibras.com\/site\/furacao-e-eliminado-em-casa-da-copa-do-brasil-pelo-tupi\/#primaryimage\"},\"thumbnailUrl\":\"https:\/\/www.notibras.com\/site\/wp-content\/uploads\/2015\/05\/fur.jpeg\",\"articleSection\":[\"Esportes\",\"Futebol\"],\"inLanguage\":\"pt-BR\",\"potentialAction\":[{\"@type\":\"CommentAction\",\"name\":\"Comment\",\"target\":[\"https:\/\/www.notibras.com\/site\/furacao-e-eliminado-em-casa-da-copa-do-brasil-pelo-tupi\/#respond\"]}]},{\"@type\":\"WebPage\",\"@id\":\"https:\/\/www.notibras.com\/site\/furacao-e-eliminado-em-casa-da-copa-do-brasil-pelo-tupi\/\",\"url\":\"https:\/\/www.notibras.com\/site\/furacao-e-eliminado-em-casa-da-copa-do-brasil-pelo-tupi\/\",\"name\":\"Furac\u00e3o \u00e9 eliminado em casa da Copa do Brasil pelo Tupi - Notibras\",\"isPartOf\":{\"@id\":\"https:\/\/www.notibras.com\/site\/#website\"},\"primaryImageOfPage\":{\"@id\":\"https:\/\/www.notibras.com\/site\/furacao-e-eliminado-em-casa-da-copa-do-brasil-pelo-tupi\/#primaryimage\"},\"image\":{\"@id\":\"https:\/\/www.notibras.com\/site\/furacao-e-eliminado-em-casa-da-copa-do-brasil-pelo-tupi\/#primaryimage\"},\"thumbnailUrl\":\"https:\/\/www.notibras.com\/site\/wp-content\/uploads\/2015\/05\/fur.jpeg\",\"datePublished\":\"2015-05-06T23:45:07+00:00\",\"dateModified\":\"2015-05-07T00:46:33+00:00\",\"breadcrumb\":{\"@id\":\"https:\/\/www.notibras.com\/site\/furacao-e-eliminado-em-casa-da-copa-do-brasil-pelo-tupi\/#breadcrumb\"},\"inLanguage\":\"pt-BR\",\"potentialAction\":[{\"@type\":\"ReadAction\",\"target\":[\"https:\/\/www.notibras.com\/site\/furacao-e-eliminado-em-casa-da-copa-do-brasil-pelo-tupi\/\"]}]},{\"@type\":\"ImageObject\",\"inLanguage\":\"pt-BR\",\"@id\":\"https:\/\/www.notibras.com\/site\/furacao-e-eliminado-em-casa-da-copa-do-brasil-pelo-tupi\/#primaryimage\",\"url\":\"https:\/\/www.notibras.com\/site\/wp-content\/uploads\/2015\/05\/fur.jpeg\",\"contentUrl\":\"https:\/\/www.notibras.com\/site\/wp-content\/uploads\/2015\/05\/fur.jpeg\",\"width\":275,\"height\":183},{\"@type\":\"BreadcrumbList\",\"@id\":\"https:\/\/www.notibras.com\/site\/furacao-e-eliminado-em-casa-da-copa-do-brasil-pelo-tupi\/#breadcrumb\",\"itemListElement\":[{\"@type\":\"ListItem\",\"position\":1,\"name\":\"In\u00edcio\",\"item\":\"https:\/\/www.notibras.com\/site\/\"},{\"@type\":\"ListItem\",\"position\":2,\"name\":\"Furac\u00e3o \u00e9 eliminado em casa da Copa do Brasil pelo Tupi\"}]},{\"@type\":\"WebSite\",\"@id\":\"https:\/\/www.notibras.com\/site\/#website\",\"url\":\"https:\/\/www.notibras.com\/site\/\",\"name\":\"Notibras\",\"description\":\"Not\u00edcias de Bras\u00edlia, do Brasil e do Mundo\",\"publisher\":{\"@id\":\"https:\/\/www.notibras.com\/site\/#organization\"},\"potentialAction\":[{\"@type\":\"SearchAction\",\"target\":{\"@type\":\"EntryPoint\",\"urlTemplate\":\"https:\/\/www.notibras.com\/site\/?s={search_term_string}\"},\"query-input\":{\"@type\":\"PropertyValueSpecification\",\"valueRequired\":true,\"valueName\":\"search_term_string\"}}],\"inLanguage\":\"pt-BR\"},{\"@type\":\"Organization\",\"@id\":\"https:\/\/www.notibras.com\/site\/#organization\",\"name\":\"Grupo Notibras de Comunica\u00e7\u00e3o\",\"url\":\"https:\/\/www.notibras.com\/site\/\",\"logo\":{\"@type\":\"ImageObject\",\"inLanguage\":\"pt-BR\",\"@id\":\"https:\/\/www.notibras.com\/site\/#\/schema\/logo\/image\/\",\"url\":\"https:\/\/www.notibras.com\/site\/wp-content\/uploads\/2023\/01\/notibras23.png\",\"contentUrl\":\"https:\/\/www.notibras.com\/site\/wp-content\/uploads\/2023\/01\/notibras23.png\",\"width\":350,\"height\":87,\"caption\":\"Grupo Notibras de Comunica\u00e7\u00e3o\"},\"image\":{\"@id\":\"https:\/\/www.notibras.com\/site\/#\/schema\/logo\/image\/\"},\"sameAs\":[\"https:\/\/www.facebook.com\/notibras\/\",\"https:\/\/x.com\/Notibras\",\"https:\/\/www.instagram.com\/notibras\/\"]},{\"@type\":\"Person\",\"@id\":\"https:\/\/www.notibras.com\/site\/#\/schema\/person\/36ab0979449956132d3e5b517ea76ac8\",\"name\":\"Reda\u00e7\u00e3o\",\"image\":{\"@type\":\"ImageObject\",\"inLanguage\":\"pt-BR\",\"@id\":\"https:\/\/secure.gravatar.com\/avatar\/e0a867bdedb85fd243eadf09663511f96fc81e0720a4a42581f334ad4303aa6b?s=96&d=mm&r=g\",\"url\":\"https:\/\/secure.gravatar.com\/avatar\/e0a867bdedb85fd243eadf09663511f96fc81e0720a4a42581f334ad4303aa6b?s=96&d=mm&r=g\",\"contentUrl\":\"https:\/\/secure.gravatar.com\/avatar\/e0a867bdedb85fd243eadf09663511f96fc81e0720a4a42581f334ad4303aa6b?s=96&d=mm&r=g\",\"caption\":\"Reda\u00e7\u00e3o\"}}]}<\/script>\n<!-- \/ Yoast SEO plugin. -->","yoast_head_json":{"title":"Furac\u00e3o \u00e9 eliminado em casa da Copa do Brasil pelo Tupi - Notibras","robots":{"index":"index","follow":"follow","max-snippet":"max-snippet:-1","max-image-preview":"max-image-preview:large","max-video-preview":"max-video-preview:-1"},"canonical":"https:\/\/www.notibras.com\/site\/furacao-e-eliminado-em-casa-da-copa-do-brasil-pelo-tupi\/","og_locale":"pt_BR","og_type":"article","og_title":"Furac\u00e3o \u00e9 eliminado em casa da Copa do Brasil pelo Tupi - Notibras","og_description":"Em seu segundo jogo com a camisa rubro-negra, Walter marcou o seu primeiro gol pelo Atl\u00e9tico-PR. Isso, por\u00e9m, n\u00e3o foi suficiente para evitar a elimina\u00e7\u00e3o ainda na segunda fase da Copa do Brasil. Como havia perdido o jogo de ida \u2013 em Juiz de Fora (MG) \u2013 por 1 a 0, a vit\u00f3ria de 2 [&hellip;]","og_url":"https:\/\/www.notibras.com\/site\/furacao-e-eliminado-em-casa-da-copa-do-brasil-pelo-tupi\/","og_site_name":"Notibras","article_publisher":"https:\/\/www.facebook.com\/notibras\/","article_published_time":"2015-05-06T23:45:07+00:00","article_modified_time":"2015-05-07T00:46:33+00:00","og_image":[{"width":275,"height":183,"url":"https:\/\/www.notibras.com\/site\/wp-content\/uploads\/2015\/05\/fur.jpeg","type":"image\/jpeg"}],"author":"Reda\u00e7\u00e3o","twitter_card":"summary_large_image","twitter_creator":"@Notibras","twitter_site":"@Notibras","twitter_misc":{"Escrito por":"Reda\u00e7\u00e3o","Est. tempo de leitura":"2 minutos"},"schema":{"@context":"https:\/\/schema.org","@graph":[{"@type":"Article","@id":"https:\/\/www.notibras.com\/site\/furacao-e-eliminado-em-casa-da-copa-do-brasil-pelo-tupi\/#article","isPartOf":{"@id":"https:\/\/www.notibras.com\/site\/furacao-e-eliminado-em-casa-da-copa-do-brasil-pelo-tupi\/"},"author":{"name":"Reda\u00e7\u00e3o","@id":"https:\/\/www.notibras.com\/site\/#\/schema\/person\/36ab0979449956132d3e5b517ea76ac8"},"headline":"Furac\u00e3o \u00e9 eliminado em casa da Copa do Brasil pelo Tupi","datePublished":"2015-05-06T23:45:07+00:00","dateModified":"2015-05-07T00:46:33+00:00","mainEntityOfPage":{"@id":"https:\/\/www.notibras.com\/site\/furacao-e-eliminado-em-casa-da-copa-do-brasil-pelo-tupi\/"},"wordCount":383,"commentCount":0,"publisher":{"@id":"https:\/\/www.notibras.com\/site\/#organization"},"image":{"@id":"https:\/\/www.notibras.com\/site\/furacao-e-eliminado-em-casa-da-copa-do-brasil-pelo-tupi\/#primaryimage"},"thumbnailUrl":"https:\/\/www.notibras.com\/site\/wp-content\/uploads\/2015\/05\/fur.jpeg","articleSection":["Esportes","Futebol"],"inLanguage":"pt-BR","potentialAction":[{"@type":"CommentAction","name":"Comment","target":["https:\/\/www.notibras.com\/site\/furacao-e-eliminado-em-casa-da-copa-do-brasil-pelo-tupi\/#respond"]}]},{"@type":"WebPage","@id":"https:\/\/www.notibras.com\/site\/furacao-e-eliminado-em-casa-da-copa-do-brasil-pelo-tupi\/","url":"https:\/\/www.notibras.com\/site\/furacao-e-eliminado-em-casa-da-copa-do-brasil-pelo-tupi\/","name":"Furac\u00e3o \u00e9 eliminado em casa da Copa do Brasil pelo Tupi - Notibras","isPartOf":{"@id":"https:\/\/www.notibras.com\/site\/#website"},"primaryImageOfPage":{"@id":"https:\/\/www.notibras.com\/site\/furacao-e-eliminado-em-casa-da-copa-do-brasil-pelo-tupi\/#primaryimage"},"image":{"@id":"https:\/\/www.notibras.com\/site\/furacao-e-eliminado-em-casa-da-copa-do-brasil-pelo-tupi\/#primaryimage"},"thumbnailUrl":"https:\/\/www.notibras.com\/site\/wp-content\/uploads\/2015\/05\/fur.jpeg","datePublished":"2015-05-06T23:45:07+00:00","dateModified":"2015-05-07T00:46:33+00:00","breadcrumb":{"@id":"https:\/\/www.notibras.com\/site\/furacao-e-eliminado-em-casa-da-copa-do-brasil-pelo-tupi\/#breadcrumb"},"inLanguage":"pt-BR","potentialAction":[{"@type":"ReadAction","target":["https:\/\/www.notibras.com\/site\/furacao-e-eliminado-em-casa-da-copa-do-brasil-pelo-tupi\/"]}]},{"@type":"ImageObject","inLanguage":"pt-BR","@id":"https:\/\/www.notibras.com\/site\/furacao-e-eliminado-em-casa-da-copa-do-brasil-pelo-tupi\/#primaryimage","url":"https:\/\/www.notibras.com\/site\/wp-content\/uploads\/2015\/05\/fur.jpeg","contentUrl":"https:\/\/www.notibras.com\/site\/wp-content\/uploads\/2015\/05\/fur.jpeg","width":275,"height":183},{"@type":"BreadcrumbList","@id":"https:\/\/www.notibras.com\/site\/furacao-e-eliminado-em-casa-da-copa-do-brasil-pelo-tupi\/#breadcrumb","itemListElement":[{"@type":"ListItem","position":1,"name":"In\u00edcio","item":"https:\/\/www.notibras.com\/site\/"},{"@type":"ListItem","position":2,"name":"Furac\u00e3o \u00e9 eliminado em casa da Copa do Brasil pelo Tupi"}]},{"@type":"WebSite","@id":"https:\/\/www.notibras.com\/site\/#website","url":"https:\/\/www.notibras.com\/site\/","name":"Notibras","description":"Not\u00edcias de Bras\u00edlia, do Brasil e do Mundo","publisher":{"@id":"https:\/\/www.notibras.com\/site\/#organization"},"potentialAction":[{"@type":"SearchAction","target":{"@type":"EntryPoint","urlTemplate":"https:\/\/www.notibras.com\/site\/?s={search_term_string}"},"query-input":{"@type":"PropertyValueSpecification","valueRequired":true,"valueName":"search_term_string"}}],"inLanguage":"pt-BR"},{"@type":"Organization","@id":"https:\/\/www.notibras.com\/site\/#organization","name":"Grupo Notibras de Comunica\u00e7\u00e3o","url":"https:\/\/www.notibras.com\/site\/","logo":{"@type":"ImageObject","inLanguage":"pt-BR","@id":"https:\/\/www.notibras.com\/site\/#\/schema\/logo\/image\/","url":"https:\/\/www.notibras.com\/site\/wp-content\/uploads\/2023\/01\/notibras23.png","contentUrl":"https:\/\/www.notibras.com\/site\/wp-content\/uploads\/2023\/01\/notibras23.png","width":350,"height":87,"caption":"Grupo Notibras de Comunica\u00e7\u00e3o"},"image":{"@id":"https:\/\/www.notibras.com\/site\/#\/schema\/logo\/image\/"},"sameAs":["https:\/\/www.facebook.com\/notibras\/","https:\/\/x.com\/Notibras","https:\/\/www.instagram.com\/notibras\/"]},{"@type":"Person","@id":"https:\/\/www.notibras.com\/site\/#\/schema\/person\/36ab0979449956132d3e5b517ea76ac8","name":"Reda\u00e7\u00e3o","image":{"@type":"ImageObject","inLanguage":"pt-BR","@id":"https:\/\/secure.gravatar.com\/avatar\/e0a867bdedb85fd243eadf09663511f96fc81e0720a4a42581f334ad4303aa6b?s=96&d=mm&r=g","url":"https:\/\/secure.gravatar.com\/avatar\/e0a867bdedb85fd243eadf09663511f96fc81e0720a4a42581f334ad4303aa6b?s=96&d=mm&r=g","contentUrl":"https:\/\/secure.gravatar.com\/avatar\/e0a867bdedb85fd243eadf09663511f96fc81e0720a4a42581f334ad4303aa6b?s=96&d=mm&r=g","caption":"Reda\u00e7\u00e3o"}}]}},"amp_enabled":true,"_links":{"self":[{"href":"https:\/\/www.notibras.com\/site\/wp-json\/wp\/v2\/posts\/47189","targetHints":{"allow":["GET"]}}],"collection":[{"href":"https:\/\/www.notibras.com\/site\/wp-json\/wp\/v2\/posts"}],"about":[{"href":"https:\/\/www.notibras.com\/site\/wp-json\/wp\/v2\/types\/post"}],"author":[{"embeddable":true,"href":"https:\/\/www.notibras.com\/site\/wp-json\/wp\/v2\/users\/2"}],"replies":[{"embeddable":true,"href":"https:\/\/www.notibras.com\/site\/wp-json\/wp\/v2\/comments?post=47189"}],"version-history":[{"count":0,"href":"https:\/\/www.notibras.com\/site\/wp-json\/wp\/v2\/posts\/47189\/revisions"}],"wp:featuredmedia":[{"embeddable":true,"href":"https:\/\/www.notibras.com\/site\/wp-json\/wp\/v2\/media\/47190"}],"wp:attachment":[{"href":"https:\/\/www.notibras.com\/site\/wp-json\/wp\/v2\/media?parent=47189"}],"wp:term":[{"taxonomy":"category","embeddable":true,"href":"https:\/\/www.notibras.com\/site\/wp-json\/wp\/v2\/categories?post=47189"},{"taxonomy":"post_tag","embeddable":true,"href":"https:\/\/www.notibras.com\/site\/wp-json\/wp\/v2\/tags?post=47189"}],"curies":[{"name":"wp","href":"https:\/\/api.w.org\/{rel}","templated":true}]}}