{"id":47208,"date":"2015-05-06T19:50:21","date_gmt":"2015-05-06T22:50:21","guid":{"rendered":"http:\/\/www.notibras.com\/site\/?p=47208"},"modified":"2015-05-07T12:06:00","modified_gmt":"2015-05-07T15:06:00","slug":"pdt-vota-em-peso-contra-o-governo-e-pode-perder-o-ministerio-do-trabalho","status":"publish","type":"post","link":"https:\/\/www.notibras.com\/site\/pdt-vota-em-peso-contra-o-governo-e-pode-perder-o-ministerio-do-trabalho\/","title":{"rendered":"PDT vota em peso contra o Governo e pode perder o Minist\u00e9rio do Trabalho"},"content":{"rendered":"<p>Tudo indica que o PDT est\u00e1 caminhando para a oposi\u00e7\u00e3o. Depois de o presidente do partido, Carlos Luppi, ter dito que o PT &#8220;roubou demais&#8221;, o PDT na noite desta quarta-feira, votou em massa contra a Medida Provis\u00f3ria 665, o que desagradou profundamente o governo.<\/p>\n<p>Esse gesto, dizem interlocutores do Planalto consultados pela Ag\u00eancia Estado, poder\u00e1 custar o Minist\u00e9rio do Trabalho, ocupado pelo pedetista Manoel Dias. &#8220;Foi um sufoco, mas vencemos&#8221;, comentou um assessor palaciano, ao lembrar que nesta quinta-feira as vota\u00e7\u00f5es prosseguem e ser\u00e1 preciso manter a base mobilizada.<\/p>\n<blockquote><p>Sem contar com os votos do PDT e de dez petistas e de 13 peemedebistas, o governo s\u00f3 respirou aliviado porque o texto recebeu apoio de oito deputados do DEM que, depois de terem participado de almo\u00e7o com Michel Temer, nesta quarta-feira, votaram com governo pelo ajuste fiscal. Temer tamb\u00e9m conseguiu apoios no PV, que n\u00e3o \u00e9 da base aliada, e resgatou dissidentes do PP.<\/p><\/blockquote>\n<p>Mas, agora, o governo dever\u00e1 cobrar do PDT, que votou em massa contra o governo na MP 665.<\/p>\n<p>O vice-presidente Michel Temer, coordenador pol\u00edtico do governo, permaneceu em seu gabinete, no Planalto, at\u00e9 o final da vota\u00e7\u00e3o, acompanhando passo a passo a vota\u00e7\u00e3o no Congresso. Embora o placar das aprova\u00e7\u00f5es n\u00e3o tenha sido dos mais folgados, Temer comemorava o resultado, ao lado dos ministros Eliseu Padilha, da Avia\u00e7\u00e3o Civil, e Henrique Eduardo Alves, do Turismo, e fez quest\u00e3o de ligar para v\u00e1rios parlamentares agradecendo seus votos.<\/p>\n","protected":false},"excerpt":{"rendered":"<p>Tudo indica que o PDT est\u00e1 caminhando para a oposi\u00e7\u00e3o. Depois de o presidente do partido, Carlos Luppi, ter dito que o PT &#8220;roubou demais&#8221;, o PDT na noite desta quarta-feira, votou em massa contra a Medida Provis\u00f3ria 665, o que desagradou profundamente o governo. Esse gesto, dizem interlocutores do Planalto consultados pela Ag\u00eancia Estado, [&hellip;]<\/p>\n","protected":false},"author":2,"featured_media":0,"comment_status":"open","ping_status":"closed","sticky":false,"template":"","format":"standard","meta":{"_acf_changed":false,"footnotes":""},"categories":[16],"tags":[],"class_list":["post-47208","post","type-post","status-publish","format-standard","hentry","category-brasil"],"acf":[],"yoast_head":"<!-- This site is optimized with the Yoast SEO plugin v27.5 - https:\/\/yoast.com\/product\/yoast-seo-wordpress\/ -->\n<title>PDT vota em peso contra o Governo e pode perder o Minist\u00e9rio do Trabalho - Notibras<\/title>\n<meta name=\"robots\" content=\"index, follow, max-snippet:-1, max-image-preview:large, max-video-preview:-1\" \/>\n<link rel=\"canonical\" href=\"https:\/\/www.notibras.com\/site\/pdt-vota-em-peso-contra-o-governo-e-pode-perder-o-ministerio-do-trabalho\/\" \/>\n<meta property=\"og:locale\" content=\"pt_BR\" \/>\n<meta property=\"og:type\" content=\"article\" \/>\n<meta property=\"og:title\" content=\"PDT vota em peso contra o Governo e pode perder o Minist\u00e9rio do Trabalho - Notibras\" \/>\n<meta property=\"og:description\" content=\"Tudo indica que o PDT est\u00e1 caminhando para a oposi\u00e7\u00e3o. Depois de o presidente do partido, Carlos Luppi, ter dito que o PT &#8220;roubou demais&#8221;, o PDT na noite desta quarta-feira, votou em massa contra a Medida Provis\u00f3ria 665, o que desagradou profundamente o governo. Esse gesto, dizem interlocutores do Planalto consultados pela Ag\u00eancia Estado, [&hellip;]\" \/>\n<meta property=\"og:url\" content=\"https:\/\/www.notibras.com\/site\/pdt-vota-em-peso-contra-o-governo-e-pode-perder-o-ministerio-do-trabalho\/\" \/>\n<meta property=\"og:site_name\" content=\"Notibras\" \/>\n<meta property=\"article:publisher\" content=\"https:\/\/www.facebook.com\/notibras\/\" \/>\n<meta property=\"article:published_time\" content=\"2015-05-06T22:50:21+00:00\" \/>\n<meta property=\"article:modified_time\" content=\"2015-05-07T15:06:00+00:00\" \/>\n<meta name=\"author\" content=\"Reda\u00e7\u00e3o\" \/>\n<meta name=\"twitter:card\" content=\"summary_large_image\" \/>\n<meta name=\"twitter:creator\" content=\"@Notibras\" \/>\n<meta name=\"twitter:site\" content=\"@Notibras\" \/>\n<meta name=\"twitter:label1\" content=\"Escrito por\" \/>\n\t<meta name=\"twitter:data1\" content=\"Reda\u00e7\u00e3o\" \/>\n\t<meta name=\"twitter:label2\" content=\"Est. tempo de leitura\" \/>\n\t<meta name=\"twitter:data2\" content=\"1 minuto\" \/>\n<script type=\"application\/ld+json\" class=\"yoast-schema-graph\">{\"@context\":\"https:\\\/\\\/schema.org\",\"@graph\":[{\"@type\":\"Article\",\"@id\":\"https:\\\/\\\/www.notibras.com\\\/site\\\/pdt-vota-em-peso-contra-o-governo-e-pode-perder-o-ministerio-do-trabalho\\\/#article\",\"isPartOf\":{\"@id\":\"https:\\\/\\\/www.notibras.com\\\/site\\\/pdt-vota-em-peso-contra-o-governo-e-pode-perder-o-ministerio-do-trabalho\\\/\"},\"author\":{\"name\":\"Reda\u00e7\u00e3o\",\"@id\":\"https:\\\/\\\/www.notibras.com\\\/site\\\/#\\\/schema\\\/person\\\/36ab0979449956132d3e5b517ea76ac8\"},\"headline\":\"PDT vota em peso contra o Governo e pode perder o Minist\u00e9rio do Trabalho\",\"datePublished\":\"2015-05-06T22:50:21+00:00\",\"dateModified\":\"2015-05-07T15:06:00+00:00\",\"mainEntityOfPage\":{\"@id\":\"https:\\\/\\\/www.notibras.com\\\/site\\\/pdt-vota-em-peso-contra-o-governo-e-pode-perder-o-ministerio-do-trabalho\\\/\"},\"wordCount\":268,\"commentCount\":0,\"publisher\":{\"@id\":\"https:\\\/\\\/www.notibras.com\\\/site\\\/#organization\"},\"articleSection\":[\"Brasil\"],\"inLanguage\":\"pt-BR\",\"potentialAction\":[{\"@type\":\"CommentAction\",\"name\":\"Comment\",\"target\":[\"https:\\\/\\\/www.notibras.com\\\/site\\\/pdt-vota-em-peso-contra-o-governo-e-pode-perder-o-ministerio-do-trabalho\\\/#respond\"]}]},{\"@type\":\"WebPage\",\"@id\":\"https:\\\/\\\/www.notibras.com\\\/site\\\/pdt-vota-em-peso-contra-o-governo-e-pode-perder-o-ministerio-do-trabalho\\\/\",\"url\":\"https:\\\/\\\/www.notibras.com\\\/site\\\/pdt-vota-em-peso-contra-o-governo-e-pode-perder-o-ministerio-do-trabalho\\\/\",\"name\":\"PDT vota em peso contra o Governo e pode perder o Minist\u00e9rio do Trabalho - Notibras\",\"isPartOf\":{\"@id\":\"https:\\\/\\\/www.notibras.com\\\/site\\\/#website\"},\"datePublished\":\"2015-05-06T22:50:21+00:00\",\"dateModified\":\"2015-05-07T15:06:00+00:00\",\"breadcrumb\":{\"@id\":\"https:\\\/\\\/www.notibras.com\\\/site\\\/pdt-vota-em-peso-contra-o-governo-e-pode-perder-o-ministerio-do-trabalho\\\/#breadcrumb\"},\"inLanguage\":\"pt-BR\",\"potentialAction\":[{\"@type\":\"ReadAction\",\"target\":[\"https:\\\/\\\/www.notibras.com\\\/site\\\/pdt-vota-em-peso-contra-o-governo-e-pode-perder-o-ministerio-do-trabalho\\\/\"]}]},{\"@type\":\"BreadcrumbList\",\"@id\":\"https:\\\/\\\/www.notibras.com\\\/site\\\/pdt-vota-em-peso-contra-o-governo-e-pode-perder-o-ministerio-do-trabalho\\\/#breadcrumb\",\"itemListElement\":[{\"@type\":\"ListItem\",\"position\":1,\"name\":\"In\u00edcio\",\"item\":\"https:\\\/\\\/www.notibras.com\\\/site\\\/\"},{\"@type\":\"ListItem\",\"position\":2,\"name\":\"PDT vota em peso contra o Governo e pode perder o Minist\u00e9rio do Trabalho\"}]},{\"@type\":\"WebSite\",\"@id\":\"https:\\\/\\\/www.notibras.com\\\/site\\\/#website\",\"url\":\"https:\\\/\\\/www.notibras.com\\\/site\\\/\",\"name\":\"Notibras\",\"description\":\"Not\u00edcias de Bras\u00edlia, do Brasil e do Mundo\",\"publisher\":{\"@id\":\"https:\\\/\\\/www.notibras.com\\\/site\\\/#organization\"},\"potentialAction\":[{\"@type\":\"SearchAction\",\"target\":{\"@type\":\"EntryPoint\",\"urlTemplate\":\"https:\\\/\\\/www.notibras.com\\\/site\\\/?s={search_term_string}\"},\"query-input\":{\"@type\":\"PropertyValueSpecification\",\"valueRequired\":true,\"valueName\":\"search_term_string\"}}],\"inLanguage\":\"pt-BR\"},{\"@type\":\"Organization\",\"@id\":\"https:\\\/\\\/www.notibras.com\\\/site\\\/#organization\",\"name\":\"Grupo Notibras de Comunica\u00e7\u00e3o\",\"url\":\"https:\\\/\\\/www.notibras.com\\\/site\\\/\",\"logo\":{\"@type\":\"ImageObject\",\"inLanguage\":\"pt-BR\",\"@id\":\"https:\\\/\\\/www.notibras.com\\\/site\\\/#\\\/schema\\\/logo\\\/image\\\/\",\"url\":\"https:\\\/\\\/www.notibras.com\\\/site\\\/wp-content\\\/uploads\\\/2023\\\/01\\\/notibras23.png\",\"contentUrl\":\"https:\\\/\\\/www.notibras.com\\\/site\\\/wp-content\\\/uploads\\\/2023\\\/01\\\/notibras23.png\",\"width\":350,\"height\":87,\"caption\":\"Grupo Notibras de Comunica\u00e7\u00e3o\"},\"image\":{\"@id\":\"https:\\\/\\\/www.notibras.com\\\/site\\\/#\\\/schema\\\/logo\\\/image\\\/\"},\"sameAs\":[\"https:\\\/\\\/www.facebook.com\\\/notibras\\\/\",\"https:\\\/\\\/x.com\\\/Notibras\",\"https:\\\/\\\/www.instagram.com\\\/notibras\\\/\"]},{\"@type\":\"Person\",\"@id\":\"https:\\\/\\\/www.notibras.com\\\/site\\\/#\\\/schema\\\/person\\\/36ab0979449956132d3e5b517ea76ac8\",\"name\":\"Reda\u00e7\u00e3o\",\"image\":{\"@type\":\"ImageObject\",\"inLanguage\":\"pt-BR\",\"@id\":\"https:\\\/\\\/secure.gravatar.com\\\/avatar\\\/e0a867bdedb85fd243eadf09663511f96fc81e0720a4a42581f334ad4303aa6b?s=96&d=mm&r=g\",\"url\":\"https:\\\/\\\/secure.gravatar.com\\\/avatar\\\/e0a867bdedb85fd243eadf09663511f96fc81e0720a4a42581f334ad4303aa6b?s=96&d=mm&r=g\",\"contentUrl\":\"https:\\\/\\\/secure.gravatar.com\\\/avatar\\\/e0a867bdedb85fd243eadf09663511f96fc81e0720a4a42581f334ad4303aa6b?s=96&d=mm&r=g\",\"caption\":\"Reda\u00e7\u00e3o\"}}]}<\/script>\n<!-- \/ Yoast SEO plugin. -->","yoast_head_json":{"title":"PDT vota em peso contra o Governo e pode perder o Minist\u00e9rio do Trabalho - Notibras","robots":{"index":"index","follow":"follow","max-snippet":"max-snippet:-1","max-image-preview":"max-image-preview:large","max-video-preview":"max-video-preview:-1"},"canonical":"https:\/\/www.notibras.com\/site\/pdt-vota-em-peso-contra-o-governo-e-pode-perder-o-ministerio-do-trabalho\/","og_locale":"pt_BR","og_type":"article","og_title":"PDT vota em peso contra o Governo e pode perder o Minist\u00e9rio do Trabalho - Notibras","og_description":"Tudo indica que o PDT est\u00e1 caminhando para a oposi\u00e7\u00e3o. Depois de o presidente do partido, Carlos Luppi, ter dito que o PT &#8220;roubou demais&#8221;, o PDT na noite desta quarta-feira, votou em massa contra a Medida Provis\u00f3ria 665, o que desagradou profundamente o governo. Esse gesto, dizem interlocutores do Planalto consultados pela Ag\u00eancia Estado, [&hellip;]","og_url":"https:\/\/www.notibras.com\/site\/pdt-vota-em-peso-contra-o-governo-e-pode-perder-o-ministerio-do-trabalho\/","og_site_name":"Notibras","article_publisher":"https:\/\/www.facebook.com\/notibras\/","article_published_time":"2015-05-06T22:50:21+00:00","article_modified_time":"2015-05-07T15:06:00+00:00","author":"Reda\u00e7\u00e3o","twitter_card":"summary_large_image","twitter_creator":"@Notibras","twitter_site":"@Notibras","twitter_misc":{"Escrito por":"Reda\u00e7\u00e3o","Est. tempo de leitura":"1 minuto"},"schema":{"@context":"https:\/\/schema.org","@graph":[{"@type":"Article","@id":"https:\/\/www.notibras.com\/site\/pdt-vota-em-peso-contra-o-governo-e-pode-perder-o-ministerio-do-trabalho\/#article","isPartOf":{"@id":"https:\/\/www.notibras.com\/site\/pdt-vota-em-peso-contra-o-governo-e-pode-perder-o-ministerio-do-trabalho\/"},"author":{"name":"Reda\u00e7\u00e3o","@id":"https:\/\/www.notibras.com\/site\/#\/schema\/person\/36ab0979449956132d3e5b517ea76ac8"},"headline":"PDT vota em peso contra o Governo e pode perder o Minist\u00e9rio do Trabalho","datePublished":"2015-05-06T22:50:21+00:00","dateModified":"2015-05-07T15:06:00+00:00","mainEntityOfPage":{"@id":"https:\/\/www.notibras.com\/site\/pdt-vota-em-peso-contra-o-governo-e-pode-perder-o-ministerio-do-trabalho\/"},"wordCount":268,"commentCount":0,"publisher":{"@id":"https:\/\/www.notibras.com\/site\/#organization"},"articleSection":["Brasil"],"inLanguage":"pt-BR","potentialAction":[{"@type":"CommentAction","name":"Comment","target":["https:\/\/www.notibras.com\/site\/pdt-vota-em-peso-contra-o-governo-e-pode-perder-o-ministerio-do-trabalho\/#respond"]}]},{"@type":"WebPage","@id":"https:\/\/www.notibras.com\/site\/pdt-vota-em-peso-contra-o-governo-e-pode-perder-o-ministerio-do-trabalho\/","url":"https:\/\/www.notibras.com\/site\/pdt-vota-em-peso-contra-o-governo-e-pode-perder-o-ministerio-do-trabalho\/","name":"PDT vota em peso contra o Governo e pode perder o Minist\u00e9rio do Trabalho - Notibras","isPartOf":{"@id":"https:\/\/www.notibras.com\/site\/#website"},"datePublished":"2015-05-06T22:50:21+00:00","dateModified":"2015-05-07T15:06:00+00:00","breadcrumb":{"@id":"https:\/\/www.notibras.com\/site\/pdt-vota-em-peso-contra-o-governo-e-pode-perder-o-ministerio-do-trabalho\/#breadcrumb"},"inLanguage":"pt-BR","potentialAction":[{"@type":"ReadAction","target":["https:\/\/www.notibras.com\/site\/pdt-vota-em-peso-contra-o-governo-e-pode-perder-o-ministerio-do-trabalho\/"]}]},{"@type":"BreadcrumbList","@id":"https:\/\/www.notibras.com\/site\/pdt-vota-em-peso-contra-o-governo-e-pode-perder-o-ministerio-do-trabalho\/#breadcrumb","itemListElement":[{"@type":"ListItem","position":1,"name":"In\u00edcio","item":"https:\/\/www.notibras.com\/site\/"},{"@type":"ListItem","position":2,"name":"PDT vota em peso contra o Governo e pode perder o Minist\u00e9rio do Trabalho"}]},{"@type":"WebSite","@id":"https:\/\/www.notibras.com\/site\/#website","url":"https:\/\/www.notibras.com\/site\/","name":"Notibras","description":"Not\u00edcias de Bras\u00edlia, do Brasil e do Mundo","publisher":{"@id":"https:\/\/www.notibras.com\/site\/#organization"},"potentialAction":[{"@type":"SearchAction","target":{"@type":"EntryPoint","urlTemplate":"https:\/\/www.notibras.com\/site\/?s={search_term_string}"},"query-input":{"@type":"PropertyValueSpecification","valueRequired":true,"valueName":"search_term_string"}}],"inLanguage":"pt-BR"},{"@type":"Organization","@id":"https:\/\/www.notibras.com\/site\/#organization","name":"Grupo Notibras de Comunica\u00e7\u00e3o","url":"https:\/\/www.notibras.com\/site\/","logo":{"@type":"ImageObject","inLanguage":"pt-BR","@id":"https:\/\/www.notibras.com\/site\/#\/schema\/logo\/image\/","url":"https:\/\/www.notibras.com\/site\/wp-content\/uploads\/2023\/01\/notibras23.png","contentUrl":"https:\/\/www.notibras.com\/site\/wp-content\/uploads\/2023\/01\/notibras23.png","width":350,"height":87,"caption":"Grupo Notibras de Comunica\u00e7\u00e3o"},"image":{"@id":"https:\/\/www.notibras.com\/site\/#\/schema\/logo\/image\/"},"sameAs":["https:\/\/www.facebook.com\/notibras\/","https:\/\/x.com\/Notibras","https:\/\/www.instagram.com\/notibras\/"]},{"@type":"Person","@id":"https:\/\/www.notibras.com\/site\/#\/schema\/person\/36ab0979449956132d3e5b517ea76ac8","name":"Reda\u00e7\u00e3o","image":{"@type":"ImageObject","inLanguage":"pt-BR","@id":"https:\/\/secure.gravatar.com\/avatar\/e0a867bdedb85fd243eadf09663511f96fc81e0720a4a42581f334ad4303aa6b?s=96&d=mm&r=g","url":"https:\/\/secure.gravatar.com\/avatar\/e0a867bdedb85fd243eadf09663511f96fc81e0720a4a42581f334ad4303aa6b?s=96&d=mm&r=g","contentUrl":"https:\/\/secure.gravatar.com\/avatar\/e0a867bdedb85fd243eadf09663511f96fc81e0720a4a42581f334ad4303aa6b?s=96&d=mm&r=g","caption":"Reda\u00e7\u00e3o"}}]}},"amp_enabled":true,"_links":{"self":[{"href":"https:\/\/www.notibras.com\/site\/wp-json\/wp\/v2\/posts\/47208","targetHints":{"allow":["GET"]}}],"collection":[{"href":"https:\/\/www.notibras.com\/site\/wp-json\/wp\/v2\/posts"}],"about":[{"href":"https:\/\/www.notibras.com\/site\/wp-json\/wp\/v2\/types\/post"}],"author":[{"embeddable":true,"href":"https:\/\/www.notibras.com\/site\/wp-json\/wp\/v2\/users\/2"}],"replies":[{"embeddable":true,"href":"https:\/\/www.notibras.com\/site\/wp-json\/wp\/v2\/comments?post=47208"}],"version-history":[{"count":0,"href":"https:\/\/www.notibras.com\/site\/wp-json\/wp\/v2\/posts\/47208\/revisions"}],"wp:attachment":[{"href":"https:\/\/www.notibras.com\/site\/wp-json\/wp\/v2\/media?parent=47208"}],"wp:term":[{"taxonomy":"category","embeddable":true,"href":"https:\/\/www.notibras.com\/site\/wp-json\/wp\/v2\/categories?post=47208"},{"taxonomy":"post_tag","embeddable":true,"href":"https:\/\/www.notibras.com\/site\/wp-json\/wp\/v2\/tags?post=47208"}],"curies":[{"name":"wp","href":"https:\/\/api.w.org\/{rel}","templated":true}]}}