{"id":47245,"date":"2015-05-07T00:47:35","date_gmt":"2015-05-07T03:47:35","guid":{"rendered":"http:\/\/www.notibras.com\/site\/?p=47245"},"modified":"2015-05-07T10:47:35","modified_gmt":"2015-05-07T13:47:35","slug":"vai-faltar-luz-hoje-veja-os-locais-e-saiba-o-trabalho-que-a-ceb-faz","status":"publish","type":"post","link":"https:\/\/www.notibras.com\/site\/vai-faltar-luz-hoje-veja-os-locais-e-saiba-o-trabalho-que-a-ceb-faz\/","title":{"rendered":"Vai faltar luz hoje? Veja os locais e saiba o trabalho que a CEB faz"},"content":{"rendered":"<p>A CEB realiza nesta quinta-feira 7 servi\u00e7o de manuten\u00e7\u00e3o e obras de melhoria na rede el\u00e9trica de diferentes regi\u00f5es de Bras\u00edlia. \u00c9 aquela velha m\u00e1xima, de quem previne, n\u00e3o remedia. Veja a agenda de servi\u00e7os:<\/p>\n<p><strong>CEIL\u00c2NDIA<\/strong><br \/>\nHor\u00e1rio: 8h \u00e0s 12h<br \/>\nLocal: Qnm 21 conjunto M.<br \/>\nMotivo:\u00a0 Manuten\u00e7\u00e3o preventiva geral na rede com substitui\u00e7\u00e3o de transformador, balanceamento de fases, reaperto de conex\u00f5es, padroniza\u00e7\u00e3o de conectores, substitui\u00e7\u00e3o de thv.<\/p>\n<p><strong>CEIL\u00c2NDIA<\/strong><br \/>\nHor\u00e1rio: 13h \u00e0s 17h<br \/>\nLocal:\u00a0 Qnr 02 Conjuntos A, B, C.<br \/>\nMotivo:\u00a0 manuten\u00e7\u00e3o preventiva geral na rede com substitui\u00e7\u00e3o de transformador.<\/p>\n<p><strong>LAGO SUL<\/strong><br \/>\nHor\u00e1rio: 9h \u00e0s 15h<br \/>\nLocal:\u00a0 Quintas da Alvorada, lotes de 152 a 182.<br \/>\nMotivo: compacta\u00e7\u00e3o de rede de alta tens\u00e3o.<\/p>\n<p><strong>LAGO NORTE<\/strong><br \/>\nHor\u00e1rio: 9h \u00e0s 15h<br \/>\nLocal:\u00a0 N\u00facleo rural Capoeira: ch\u00e1caras de 05 a 23, 36 a 43, ch\u00e1cara Emanuel, ch\u00e1cara santo Antonio, ch\u00e1cara Jaqueline; Smln MI trecho 07 conjunto 01.<br \/>\nMotivo: recondutoramento de tronco.<\/p>\n<p><strong>PLANALTINA<\/strong><br \/>\nHor\u00e1rio: 9h \u00e0s 14h<br \/>\nLocal:\u00a0 Arapoanga, Quadra 16 conjunto I; Quadra 08 conjunto J.<br \/>\nMotivo:\u00a0 remanejamento de poste de baixa tens\u00e3o.<\/p>\n<p><strong>PARANO\u00c1<\/strong><br \/>\nHor\u00e1rio: 9h \u00e0s 15h<br \/>\nLocal:\u00a0 Altiplanoleste:\u00a0 Ch\u00e1cara Boa Vista, Ch\u00e1cara Azevedo, Ch\u00e1cara C\u00f3rrego dos Passarinhos, Ch\u00e1cara Estrela Dalva, Ch\u00e1cara Beto, Ch\u00e1cara Engenho Velho, Ch\u00e1cara Cana\u00e3, Sitio Do Sol, Sitio Santa Luzia, Ch\u00e1cara Segredo, Ch\u00e1cara Forquilha, Fazenda Taboquinha, Ch\u00e1cara Est\u00e2ncia Velha, Ch\u00e1cara Recanto Dos Passarinhos, Ch\u00e1cara Santa Luzia, Ch\u00e1cara S\u00e3o Caetano, Ch\u00e1cara Santa Edwirgem, Ch\u00e1cara Jardim.<br \/>\nMotivo:\u00a0 manuten\u00e7\u00e3o preventiva, poda de \u00e1rvores e substitui\u00e7\u00e3o de conectores.<\/p>\n<p><strong>S\u00c3O SEBASTI\u00c3O<\/strong><br \/>\nHor\u00e1rio: 8h \u00e0s 12h<br \/>\nLocal:\u00a0 Quadra 18 lotes \u00edmpares; Quadra 19 lotes de\u00a0 \u00edmpares de 01 a 53; Quadra 20 lotes pares de\u00a0 02 a 50, 50-a; Quadra 21 lotes pares de 02 a 50; Quadra 29 lotes 43, 47; Quadra 31 lotes de 02, 04, 06, 08.<br \/>\nMotivo:\u00a0 Manuten\u00e7\u00e3o preventiva, limpeza de rede, reaperto \/padroniza\u00e7\u00e3o de conex\u00f5es.<\/p>\n<p><strong>S\u00c3O SEBASTI\u00c3O<\/strong><br \/>\nHor\u00e1rio: 13h \u00e0s 17h<br \/>\nLocal:\u00a0 S\u00e3o Jos\u00e9, Quadra 20 Lotes \u00edmpares Lotes de 01 a 37; Quadra 21 Lotes \u00edmpares de\u00a0 01 a 45; Quadra 22 Lotes Pares de 02 a 34; Quadra 23 Lotes de 02 a 44; Quadra 29 Lotes 33, 35, 37, 39, 41; Quadra 30 Lotes 04, 06, 08, 10, 12; Quadra 31 Lotes 01, 05, 07.<br \/>\nMotivo:\u00a0 manuten\u00e7\u00e3o preventiva, limpeza de rede secund\u00e1ria, poda de \u00e1rvore, reaperto\/padroniza\u00e7\u00e3o de conex\u00f5es.<\/p>\n<p><strong>SUDOESTE<\/strong><br \/>\nHor\u00e1rio: 9h \u00e0s 15h<br \/>\nLocal:\u00a0 CCSW 01 Lotes 03 a 05; CCSW 03 Lotes de 01 a 04.<br \/>\nMotivo:\u00a0 Retirada de rede a\u00e9rea de alta tens\u00e3o.<\/p>\n","protected":false},"excerpt":{"rendered":"<p>A CEB realiza nesta quinta-feira 7 servi\u00e7o de manuten\u00e7\u00e3o e obras de melhoria na rede el\u00e9trica de diferentes regi\u00f5es de Bras\u00edlia. \u00c9 aquela velha m\u00e1xima, de quem previne, n\u00e3o remedia. Veja a agenda de servi\u00e7os: CEIL\u00c2NDIA Hor\u00e1rio: 8h \u00e0s 12h Local: Qnm 21 conjunto M. Motivo:\u00a0 Manuten\u00e7\u00e3o preventiva geral na rede com substitui\u00e7\u00e3o de transformador, [&hellip;]<\/p>\n","protected":false},"author":2,"featured_media":47279,"comment_status":"open","ping_status":"closed","sticky":false,"template":"","format":"standard","meta":{"_acf_changed":false,"footnotes":""},"categories":[40],"tags":[],"class_list":["post-47245","post","type-post","status-publish","format-standard","has-post-thumbnail","hentry","category-zapzap-das-quadras"],"acf":[],"yoast_head":"<!-- This site is optimized with the Yoast SEO plugin v27.2 - https:\/\/yoast.com\/product\/yoast-seo-wordpress\/ -->\n<title>Vai faltar luz hoje? Veja os locais e saiba o trabalho que a CEB faz - Notibras<\/title>\n<meta name=\"robots\" content=\"index, follow, max-snippet:-1, max-image-preview:large, max-video-preview:-1\" \/>\n<link rel=\"canonical\" href=\"https:\/\/www.notibras.com\/site\/vai-faltar-luz-hoje-veja-os-locais-e-saiba-o-trabalho-que-a-ceb-faz\/\" \/>\n<meta property=\"og:locale\" content=\"pt_BR\" \/>\n<meta property=\"og:type\" content=\"article\" \/>\n<meta property=\"og:title\" content=\"Vai faltar luz hoje? Veja os locais e saiba o trabalho que a CEB faz - Notibras\" \/>\n<meta property=\"og:description\" content=\"A CEB realiza nesta quinta-feira 7 servi\u00e7o de manuten\u00e7\u00e3o e obras de melhoria na rede el\u00e9trica de diferentes regi\u00f5es de Bras\u00edlia. \u00c9 aquela velha m\u00e1xima, de quem previne, n\u00e3o remedia. Veja a agenda de servi\u00e7os: CEIL\u00c2NDIA Hor\u00e1rio: 8h \u00e0s 12h Local: Qnm 21 conjunto M. Motivo:\u00a0 Manuten\u00e7\u00e3o preventiva geral na rede com substitui\u00e7\u00e3o de transformador, [&hellip;]\" \/>\n<meta property=\"og:url\" content=\"https:\/\/www.notibras.com\/site\/vai-faltar-luz-hoje-veja-os-locais-e-saiba-o-trabalho-que-a-ceb-faz\/\" \/>\n<meta property=\"og:site_name\" content=\"Notibras\" \/>\n<meta property=\"article:publisher\" content=\"https:\/\/www.facebook.com\/notibras\/\" \/>\n<meta property=\"article:published_time\" content=\"2015-05-07T03:47:35+00:00\" \/>\n<meta property=\"article:modified_time\" content=\"2015-05-07T13:47:35+00:00\" \/>\n<meta property=\"og:image\" content=\"https:\/\/www.notibras.com\/site\/wp-content\/uploads\/2015\/05\/Sem-t\u00edtulo-135.jpg\" \/>\n\t<meta property=\"og:image:width\" content=\"350\" \/>\n\t<meta property=\"og:image:height\" content=\"233\" \/>\n\t<meta property=\"og:image:type\" content=\"image\/jpeg\" \/>\n<meta name=\"author\" content=\"Reda\u00e7\u00e3o\" \/>\n<meta name=\"twitter:card\" content=\"summary_large_image\" \/>\n<meta name=\"twitter:creator\" content=\"@Notibras\" \/>\n<meta name=\"twitter:site\" content=\"@Notibras\" \/>\n<meta name=\"twitter:label1\" content=\"Escrito por\" \/>\n\t<meta name=\"twitter:data1\" content=\"Reda\u00e7\u00e3o\" \/>\n\t<meta name=\"twitter:label2\" content=\"Est. tempo de leitura\" \/>\n\t<meta name=\"twitter:data2\" content=\"2 minutos\" \/>\n<script type=\"application\/ld+json\" class=\"yoast-schema-graph\">{\"@context\":\"https:\/\/schema.org\",\"@graph\":[{\"@type\":\"Article\",\"@id\":\"https:\/\/www.notibras.com\/site\/vai-faltar-luz-hoje-veja-os-locais-e-saiba-o-trabalho-que-a-ceb-faz\/#article\",\"isPartOf\":{\"@id\":\"https:\/\/www.notibras.com\/site\/vai-faltar-luz-hoje-veja-os-locais-e-saiba-o-trabalho-que-a-ceb-faz\/\"},\"author\":{\"name\":\"Reda\u00e7\u00e3o\",\"@id\":\"https:\/\/www.notibras.com\/site\/#\/schema\/person\/36ab0979449956132d3e5b517ea76ac8\"},\"headline\":\"Vai faltar luz hoje? Veja os locais e saiba o trabalho que a CEB faz\",\"datePublished\":\"2015-05-07T03:47:35+00:00\",\"dateModified\":\"2015-05-07T13:47:35+00:00\",\"mainEntityOfPage\":{\"@id\":\"https:\/\/www.notibras.com\/site\/vai-faltar-luz-hoje-veja-os-locais-e-saiba-o-trabalho-que-a-ceb-faz\/\"},\"wordCount\":415,\"commentCount\":0,\"publisher\":{\"@id\":\"https:\/\/www.notibras.com\/site\/#organization\"},\"image\":{\"@id\":\"https:\/\/www.notibras.com\/site\/vai-faltar-luz-hoje-veja-os-locais-e-saiba-o-trabalho-que-a-ceb-faz\/#primaryimage\"},\"thumbnailUrl\":\"https:\/\/www.notibras.com\/site\/wp-content\/uploads\/2015\/05\/Sem-t\u00edtulo-135.jpg\",\"articleSection\":[\"ZapZap das Quadras\"],\"inLanguage\":\"pt-BR\",\"potentialAction\":[{\"@type\":\"CommentAction\",\"name\":\"Comment\",\"target\":[\"https:\/\/www.notibras.com\/site\/vai-faltar-luz-hoje-veja-os-locais-e-saiba-o-trabalho-que-a-ceb-faz\/#respond\"]}]},{\"@type\":\"WebPage\",\"@id\":\"https:\/\/www.notibras.com\/site\/vai-faltar-luz-hoje-veja-os-locais-e-saiba-o-trabalho-que-a-ceb-faz\/\",\"url\":\"https:\/\/www.notibras.com\/site\/vai-faltar-luz-hoje-veja-os-locais-e-saiba-o-trabalho-que-a-ceb-faz\/\",\"name\":\"Vai faltar luz hoje? Veja os locais e saiba o trabalho que a CEB faz - Notibras\",\"isPartOf\":{\"@id\":\"https:\/\/www.notibras.com\/site\/#website\"},\"primaryImageOfPage\":{\"@id\":\"https:\/\/www.notibras.com\/site\/vai-faltar-luz-hoje-veja-os-locais-e-saiba-o-trabalho-que-a-ceb-faz\/#primaryimage\"},\"image\":{\"@id\":\"https:\/\/www.notibras.com\/site\/vai-faltar-luz-hoje-veja-os-locais-e-saiba-o-trabalho-que-a-ceb-faz\/#primaryimage\"},\"thumbnailUrl\":\"https:\/\/www.notibras.com\/site\/wp-content\/uploads\/2015\/05\/Sem-t\u00edtulo-135.jpg\",\"datePublished\":\"2015-05-07T03:47:35+00:00\",\"dateModified\":\"2015-05-07T13:47:35+00:00\",\"breadcrumb\":{\"@id\":\"https:\/\/www.notibras.com\/site\/vai-faltar-luz-hoje-veja-os-locais-e-saiba-o-trabalho-que-a-ceb-faz\/#breadcrumb\"},\"inLanguage\":\"pt-BR\",\"potentialAction\":[{\"@type\":\"ReadAction\",\"target\":[\"https:\/\/www.notibras.com\/site\/vai-faltar-luz-hoje-veja-os-locais-e-saiba-o-trabalho-que-a-ceb-faz\/\"]}]},{\"@type\":\"ImageObject\",\"inLanguage\":\"pt-BR\",\"@id\":\"https:\/\/www.notibras.com\/site\/vai-faltar-luz-hoje-veja-os-locais-e-saiba-o-trabalho-que-a-ceb-faz\/#primaryimage\",\"url\":\"https:\/\/www.notibras.com\/site\/wp-content\/uploads\/2015\/05\/Sem-t\u00edtulo-135.jpg\",\"contentUrl\":\"https:\/\/www.notibras.com\/site\/wp-content\/uploads\/2015\/05\/Sem-t\u00edtulo-135.jpg\",\"width\":350,\"height\":233},{\"@type\":\"BreadcrumbList\",\"@id\":\"https:\/\/www.notibras.com\/site\/vai-faltar-luz-hoje-veja-os-locais-e-saiba-o-trabalho-que-a-ceb-faz\/#breadcrumb\",\"itemListElement\":[{\"@type\":\"ListItem\",\"position\":1,\"name\":\"In\u00edcio\",\"item\":\"https:\/\/www.notibras.com\/site\/\"},{\"@type\":\"ListItem\",\"position\":2,\"name\":\"Vai faltar luz hoje? Veja os locais e saiba o trabalho que a CEB faz\"}]},{\"@type\":\"WebSite\",\"@id\":\"https:\/\/www.notibras.com\/site\/#website\",\"url\":\"https:\/\/www.notibras.com\/site\/\",\"name\":\"Notibras\",\"description\":\"Not\u00edcias de Bras\u00edlia, do Brasil e do Mundo\",\"publisher\":{\"@id\":\"https:\/\/www.notibras.com\/site\/#organization\"},\"potentialAction\":[{\"@type\":\"SearchAction\",\"target\":{\"@type\":\"EntryPoint\",\"urlTemplate\":\"https:\/\/www.notibras.com\/site\/?s={search_term_string}\"},\"query-input\":{\"@type\":\"PropertyValueSpecification\",\"valueRequired\":true,\"valueName\":\"search_term_string\"}}],\"inLanguage\":\"pt-BR\"},{\"@type\":\"Organization\",\"@id\":\"https:\/\/www.notibras.com\/site\/#organization\",\"name\":\"Grupo Notibras de Comunica\u00e7\u00e3o\",\"url\":\"https:\/\/www.notibras.com\/site\/\",\"logo\":{\"@type\":\"ImageObject\",\"inLanguage\":\"pt-BR\",\"@id\":\"https:\/\/www.notibras.com\/site\/#\/schema\/logo\/image\/\",\"url\":\"https:\/\/www.notibras.com\/site\/wp-content\/uploads\/2023\/01\/notibras23.png\",\"contentUrl\":\"https:\/\/www.notibras.com\/site\/wp-content\/uploads\/2023\/01\/notibras23.png\",\"width\":350,\"height\":87,\"caption\":\"Grupo Notibras de Comunica\u00e7\u00e3o\"},\"image\":{\"@id\":\"https:\/\/www.notibras.com\/site\/#\/schema\/logo\/image\/\"},\"sameAs\":[\"https:\/\/www.facebook.com\/notibras\/\",\"https:\/\/x.com\/Notibras\",\"https:\/\/www.instagram.com\/notibras\/\"]},{\"@type\":\"Person\",\"@id\":\"https:\/\/www.notibras.com\/site\/#\/schema\/person\/36ab0979449956132d3e5b517ea76ac8\",\"name\":\"Reda\u00e7\u00e3o\",\"image\":{\"@type\":\"ImageObject\",\"inLanguage\":\"pt-BR\",\"@id\":\"https:\/\/secure.gravatar.com\/avatar\/e0a867bdedb85fd243eadf09663511f96fc81e0720a4a42581f334ad4303aa6b?s=96&d=mm&r=g\",\"url\":\"https:\/\/secure.gravatar.com\/avatar\/e0a867bdedb85fd243eadf09663511f96fc81e0720a4a42581f334ad4303aa6b?s=96&d=mm&r=g\",\"contentUrl\":\"https:\/\/secure.gravatar.com\/avatar\/e0a867bdedb85fd243eadf09663511f96fc81e0720a4a42581f334ad4303aa6b?s=96&d=mm&r=g\",\"caption\":\"Reda\u00e7\u00e3o\"}}]}<\/script>\n<!-- \/ Yoast SEO plugin. -->","yoast_head_json":{"title":"Vai faltar luz hoje? Veja os locais e saiba o trabalho que a CEB faz - Notibras","robots":{"index":"index","follow":"follow","max-snippet":"max-snippet:-1","max-image-preview":"max-image-preview:large","max-video-preview":"max-video-preview:-1"},"canonical":"https:\/\/www.notibras.com\/site\/vai-faltar-luz-hoje-veja-os-locais-e-saiba-o-trabalho-que-a-ceb-faz\/","og_locale":"pt_BR","og_type":"article","og_title":"Vai faltar luz hoje? Veja os locais e saiba o trabalho que a CEB faz - Notibras","og_description":"A CEB realiza nesta quinta-feira 7 servi\u00e7o de manuten\u00e7\u00e3o e obras de melhoria na rede el\u00e9trica de diferentes regi\u00f5es de Bras\u00edlia. \u00c9 aquela velha m\u00e1xima, de quem previne, n\u00e3o remedia. Veja a agenda de servi\u00e7os: CEIL\u00c2NDIA Hor\u00e1rio: 8h \u00e0s 12h Local: Qnm 21 conjunto M. Motivo:\u00a0 Manuten\u00e7\u00e3o preventiva geral na rede com substitui\u00e7\u00e3o de transformador, [&hellip;]","og_url":"https:\/\/www.notibras.com\/site\/vai-faltar-luz-hoje-veja-os-locais-e-saiba-o-trabalho-que-a-ceb-faz\/","og_site_name":"Notibras","article_publisher":"https:\/\/www.facebook.com\/notibras\/","article_published_time":"2015-05-07T03:47:35+00:00","article_modified_time":"2015-05-07T13:47:35+00:00","og_image":[{"width":350,"height":233,"url":"https:\/\/www.notibras.com\/site\/wp-content\/uploads\/2015\/05\/Sem-t\u00edtulo-135.jpg","type":"image\/jpeg"}],"author":"Reda\u00e7\u00e3o","twitter_card":"summary_large_image","twitter_creator":"@Notibras","twitter_site":"@Notibras","twitter_misc":{"Escrito por":"Reda\u00e7\u00e3o","Est. tempo de leitura":"2 minutos"},"schema":{"@context":"https:\/\/schema.org","@graph":[{"@type":"Article","@id":"https:\/\/www.notibras.com\/site\/vai-faltar-luz-hoje-veja-os-locais-e-saiba-o-trabalho-que-a-ceb-faz\/#article","isPartOf":{"@id":"https:\/\/www.notibras.com\/site\/vai-faltar-luz-hoje-veja-os-locais-e-saiba-o-trabalho-que-a-ceb-faz\/"},"author":{"name":"Reda\u00e7\u00e3o","@id":"https:\/\/www.notibras.com\/site\/#\/schema\/person\/36ab0979449956132d3e5b517ea76ac8"},"headline":"Vai faltar luz hoje? Veja os locais e saiba o trabalho que a CEB faz","datePublished":"2015-05-07T03:47:35+00:00","dateModified":"2015-05-07T13:47:35+00:00","mainEntityOfPage":{"@id":"https:\/\/www.notibras.com\/site\/vai-faltar-luz-hoje-veja-os-locais-e-saiba-o-trabalho-que-a-ceb-faz\/"},"wordCount":415,"commentCount":0,"publisher":{"@id":"https:\/\/www.notibras.com\/site\/#organization"},"image":{"@id":"https:\/\/www.notibras.com\/site\/vai-faltar-luz-hoje-veja-os-locais-e-saiba-o-trabalho-que-a-ceb-faz\/#primaryimage"},"thumbnailUrl":"https:\/\/www.notibras.com\/site\/wp-content\/uploads\/2015\/05\/Sem-t\u00edtulo-135.jpg","articleSection":["ZapZap das Quadras"],"inLanguage":"pt-BR","potentialAction":[{"@type":"CommentAction","name":"Comment","target":["https:\/\/www.notibras.com\/site\/vai-faltar-luz-hoje-veja-os-locais-e-saiba-o-trabalho-que-a-ceb-faz\/#respond"]}]},{"@type":"WebPage","@id":"https:\/\/www.notibras.com\/site\/vai-faltar-luz-hoje-veja-os-locais-e-saiba-o-trabalho-que-a-ceb-faz\/","url":"https:\/\/www.notibras.com\/site\/vai-faltar-luz-hoje-veja-os-locais-e-saiba-o-trabalho-que-a-ceb-faz\/","name":"Vai faltar luz hoje? Veja os locais e saiba o trabalho que a CEB faz - Notibras","isPartOf":{"@id":"https:\/\/www.notibras.com\/site\/#website"},"primaryImageOfPage":{"@id":"https:\/\/www.notibras.com\/site\/vai-faltar-luz-hoje-veja-os-locais-e-saiba-o-trabalho-que-a-ceb-faz\/#primaryimage"},"image":{"@id":"https:\/\/www.notibras.com\/site\/vai-faltar-luz-hoje-veja-os-locais-e-saiba-o-trabalho-que-a-ceb-faz\/#primaryimage"},"thumbnailUrl":"https:\/\/www.notibras.com\/site\/wp-content\/uploads\/2015\/05\/Sem-t\u00edtulo-135.jpg","datePublished":"2015-05-07T03:47:35+00:00","dateModified":"2015-05-07T13:47:35+00:00","breadcrumb":{"@id":"https:\/\/www.notibras.com\/site\/vai-faltar-luz-hoje-veja-os-locais-e-saiba-o-trabalho-que-a-ceb-faz\/#breadcrumb"},"inLanguage":"pt-BR","potentialAction":[{"@type":"ReadAction","target":["https:\/\/www.notibras.com\/site\/vai-faltar-luz-hoje-veja-os-locais-e-saiba-o-trabalho-que-a-ceb-faz\/"]}]},{"@type":"ImageObject","inLanguage":"pt-BR","@id":"https:\/\/www.notibras.com\/site\/vai-faltar-luz-hoje-veja-os-locais-e-saiba-o-trabalho-que-a-ceb-faz\/#primaryimage","url":"https:\/\/www.notibras.com\/site\/wp-content\/uploads\/2015\/05\/Sem-t\u00edtulo-135.jpg","contentUrl":"https:\/\/www.notibras.com\/site\/wp-content\/uploads\/2015\/05\/Sem-t\u00edtulo-135.jpg","width":350,"height":233},{"@type":"BreadcrumbList","@id":"https:\/\/www.notibras.com\/site\/vai-faltar-luz-hoje-veja-os-locais-e-saiba-o-trabalho-que-a-ceb-faz\/#breadcrumb","itemListElement":[{"@type":"ListItem","position":1,"name":"In\u00edcio","item":"https:\/\/www.notibras.com\/site\/"},{"@type":"ListItem","position":2,"name":"Vai faltar luz hoje? Veja os locais e saiba o trabalho que a CEB faz"}]},{"@type":"WebSite","@id":"https:\/\/www.notibras.com\/site\/#website","url":"https:\/\/www.notibras.com\/site\/","name":"Notibras","description":"Not\u00edcias de Bras\u00edlia, do Brasil e do Mundo","publisher":{"@id":"https:\/\/www.notibras.com\/site\/#organization"},"potentialAction":[{"@type":"SearchAction","target":{"@type":"EntryPoint","urlTemplate":"https:\/\/www.notibras.com\/site\/?s={search_term_string}"},"query-input":{"@type":"PropertyValueSpecification","valueRequired":true,"valueName":"search_term_string"}}],"inLanguage":"pt-BR"},{"@type":"Organization","@id":"https:\/\/www.notibras.com\/site\/#organization","name":"Grupo Notibras de Comunica\u00e7\u00e3o","url":"https:\/\/www.notibras.com\/site\/","logo":{"@type":"ImageObject","inLanguage":"pt-BR","@id":"https:\/\/www.notibras.com\/site\/#\/schema\/logo\/image\/","url":"https:\/\/www.notibras.com\/site\/wp-content\/uploads\/2023\/01\/notibras23.png","contentUrl":"https:\/\/www.notibras.com\/site\/wp-content\/uploads\/2023\/01\/notibras23.png","width":350,"height":87,"caption":"Grupo Notibras de Comunica\u00e7\u00e3o"},"image":{"@id":"https:\/\/www.notibras.com\/site\/#\/schema\/logo\/image\/"},"sameAs":["https:\/\/www.facebook.com\/notibras\/","https:\/\/x.com\/Notibras","https:\/\/www.instagram.com\/notibras\/"]},{"@type":"Person","@id":"https:\/\/www.notibras.com\/site\/#\/schema\/person\/36ab0979449956132d3e5b517ea76ac8","name":"Reda\u00e7\u00e3o","image":{"@type":"ImageObject","inLanguage":"pt-BR","@id":"https:\/\/secure.gravatar.com\/avatar\/e0a867bdedb85fd243eadf09663511f96fc81e0720a4a42581f334ad4303aa6b?s=96&d=mm&r=g","url":"https:\/\/secure.gravatar.com\/avatar\/e0a867bdedb85fd243eadf09663511f96fc81e0720a4a42581f334ad4303aa6b?s=96&d=mm&r=g","contentUrl":"https:\/\/secure.gravatar.com\/avatar\/e0a867bdedb85fd243eadf09663511f96fc81e0720a4a42581f334ad4303aa6b?s=96&d=mm&r=g","caption":"Reda\u00e7\u00e3o"}}]}},"amp_enabled":true,"_links":{"self":[{"href":"https:\/\/www.notibras.com\/site\/wp-json\/wp\/v2\/posts\/47245","targetHints":{"allow":["GET"]}}],"collection":[{"href":"https:\/\/www.notibras.com\/site\/wp-json\/wp\/v2\/posts"}],"about":[{"href":"https:\/\/www.notibras.com\/site\/wp-json\/wp\/v2\/types\/post"}],"author":[{"embeddable":true,"href":"https:\/\/www.notibras.com\/site\/wp-json\/wp\/v2\/users\/2"}],"replies":[{"embeddable":true,"href":"https:\/\/www.notibras.com\/site\/wp-json\/wp\/v2\/comments?post=47245"}],"version-history":[{"count":0,"href":"https:\/\/www.notibras.com\/site\/wp-json\/wp\/v2\/posts\/47245\/revisions"}],"wp:featuredmedia":[{"embeddable":true,"href":"https:\/\/www.notibras.com\/site\/wp-json\/wp\/v2\/media\/47279"}],"wp:attachment":[{"href":"https:\/\/www.notibras.com\/site\/wp-json\/wp\/v2\/media?parent=47245"}],"wp:term":[{"taxonomy":"category","embeddable":true,"href":"https:\/\/www.notibras.com\/site\/wp-json\/wp\/v2\/categories?post=47245"},{"taxonomy":"post_tag","embeddable":true,"href":"https:\/\/www.notibras.com\/site\/wp-json\/wp\/v2\/tags?post=47245"}],"curies":[{"name":"wp","href":"https:\/\/api.w.org\/{rel}","templated":true}]}}