{"id":47303,"date":"2015-05-07T11:33:38","date_gmt":"2015-05-07T14:33:38","guid":{"rendered":"http:\/\/www.notibras.com\/site\/?p=47303"},"modified":"2015-05-07T16:43:01","modified_gmt":"2015-05-07T19:43:01","slug":"banco-central-joga-a-toalha-e-admite-que-inflacao-voltou-para-ficar","status":"publish","type":"post","link":"https:\/\/www.notibras.com\/site\/banco-central-joga-a-toalha-e-admite-que-inflacao-voltou-para-ficar\/","title":{"rendered":"Banco Central joga a toalha e j\u00e1 admite que infla\u00e7\u00e3o voltou"},"content":{"rendered":"<div class=\"content\">\n<p>O Comit\u00ea de Pol\u00edtica Monet\u00e1ria (Copom) do Banco Central (BC) voltou a avaliar que as informa\u00e7\u00f5es dispon\u00edveis sobre infla\u00e7\u00e3o \u201csugerem persist\u00eancia\u201d do movimento de alta de pre\u00e7os. Para o comit\u00ea, a continuidade da infla\u00e7\u00e3o elevada reflete os pre\u00e7os no segmento de servi\u00e7os e o realinhamento dos pre\u00e7os administrados &#8211; que s\u00e3o os pre\u00e7os regulados pelo governo ou por contrato, como o da gasolina e da energia.<\/p>\n<p>As pondera\u00e7\u00f5es est\u00e3o na ata da \u00faltima reuni\u00e3o do Copom, realizada nos dias 28 e 29 de abril. O documento foi divulgado nesta quinta 7 pelo BC. Na reuni\u00e3o da semana passada, o Copom elevou em 0,5 ponto percentual a Selic, taxa b\u00e1sica de juros da economia, que agora est\u00e1 em 13,25% ao ano. Foi a quinta eleva\u00e7\u00e3o consecutiva: a taxa \u00e9 o instrumento do BC para controle da infla\u00e7\u00e3o.<\/p>\n<blockquote><p>Na ata, o comit\u00ea destacou que a infla\u00e7\u00e3o medida pelo \u00cdndice de Pre\u00e7os ao Consumidor Amplo (IPCA) acumulada em 12 meses atingiu 8,13% em mar\u00e7o. Ressaltou, ainda, que a alta especificamente dos pre\u00e7os administrados ficou em 13,37% no mesmo per\u00edodo. O colegiado do BC disse que a converg\u00eancia da infla\u00e7\u00e3o para o centro da meta, de 4,5%, deve ocorrer s\u00f3 ao final de 2016.<\/p><\/blockquote>\n<p>A ata informa que o comit\u00ea projeta alta de 11,8% nos pre\u00e7os administrados para 2015. A estimativa engloba proje\u00e7\u00e3o de alta de 9,8% no pre\u00e7o da gasolina, de 1,9% no do g\u00e1s de buj\u00e3o, de 4,1% nas tarifas de telefonia e de 38,3% nos pre\u00e7os da energia.<\/p>\n<p>O Copom avalia h\u00e1 dados favor\u00e1veis \u00e0 queda da infla\u00e7\u00e3o, como in\u00edcio de um processo de distens\u00e3o (perda de dinamismo) no mercado de trabalho. No entanto, acredita que que a concess\u00e3o de aumentos de sal\u00e1rios \u201cincompat\u00edveis com o crescimento da produtividade\u201d pode ter repercuss\u00f5es negativas sobre a infla\u00e7\u00e3o.<\/p>\n<p>O comit\u00ea reafirmou que o cen\u00e1rio permite uma expans\u00e3o moderada do cr\u00e9dito, que j\u00e1 vem sendo observada. Mas avaliou que ainda s\u00e3o necess\u00e1rias iniciativas para moderar as opera\u00e7\u00f5es de cr\u00e9dito. O Copom acredita que o consumo das fam\u00edlias deve se estabilizar, devido a quest\u00f5es como emprego, renda e cr\u00e9dito.<\/p>\n<p>Por outro lado, o financiamento imobili\u00e1rio, a concess\u00e3o de servi\u00e7os p\u00fablicos e a amplia\u00e7\u00e3o de renda agr\u00edcola devem favorecer o investimento, segundo o BC. J\u00e1 as exporta\u00e7\u00f5es devem ser beneficiadas pela desvaloriza\u00e7\u00e3o do real.<\/p>\n<p>Com rela\u00e7\u00e3o ao quadro internacional, a ata diz que, apesar de o Copom identificar baixa probabilidade de eventos extremos, o ambiente \u201cpermanece complexo\u201d. O colegiado frisou a recupera\u00e7\u00e3o da atividade em algumas economias maduras, contrastando com modera\u00e7\u00e3o do ritmo da economia nas emergentes.<\/p>\n<p>Tamb\u00e9m se referindo aos mercados internacionais, o Copom lembrou a modera\u00e7\u00e3o dos pre\u00e7os de commodities (produtos b\u00e1sicos com cota\u00e7\u00e3o internacional). Com rela\u00e7\u00e3o especificamente ao petr\u00f3leo, o colegiado do BC destacou que a evolu\u00e7\u00e3o dos pre\u00e7os internacionais tende a se transmitir \u00e0 economia dom\u00e9stica.<\/p>\n<p>Neste contexto, o comit\u00ea novamente avaliou que os avan\u00e7os alcan\u00e7ados no controle da infla\u00e7\u00e3o ainda n\u00e3o se mostraram suficientes e reafirmou que a pol\u00edtica monet\u00e1ria \u201cdeve manter-se vigilante\u201d. O colegiado volta a se reunir nos dias 2 e 3 de junho, para deliberar sobre os rumos da taxa Selic para o pr\u00f3ximo per\u00edodo de 45 dias.<\/p>\n<header>\n<div class=\"node-info\"><strong>Mariana Branco, ABr<\/strong><\/div>\n<\/header>\n<\/div>\n","protected":false},"excerpt":{"rendered":"<p>O Comit\u00ea de Pol\u00edtica Monet\u00e1ria (Copom) do Banco Central (BC) voltou a avaliar que as informa\u00e7\u00f5es dispon\u00edveis sobre infla\u00e7\u00e3o \u201csugerem persist\u00eancia\u201d do movimento de alta de pre\u00e7os. Para o comit\u00ea, a continuidade da infla\u00e7\u00e3o elevada reflete os pre\u00e7os no segmento de servi\u00e7os e o realinhamento dos pre\u00e7os administrados &#8211; que s\u00e3o os pre\u00e7os regulados pelo [&hellip;]<\/p>\n","protected":false},"author":2,"featured_media":47305,"comment_status":"open","ping_status":"closed","sticky":false,"template":"","format":"standard","meta":{"_acf_changed":false,"footnotes":""},"categories":[16],"tags":[],"class_list":["post-47303","post","type-post","status-publish","format-standard","has-post-thumbnail","hentry","category-brasil"],"acf":[],"yoast_head":"<!-- This site is optimized with the Yoast SEO plugin v27.2 - https:\/\/yoast.com\/product\/yoast-seo-wordpress\/ -->\n<title>Banco Central joga a toalha e j\u00e1 admite que infla\u00e7\u00e3o voltou - Notibras<\/title>\n<meta name=\"robots\" content=\"index, follow, max-snippet:-1, max-image-preview:large, max-video-preview:-1\" \/>\n<link rel=\"canonical\" href=\"https:\/\/www.notibras.com\/site\/banco-central-joga-a-toalha-e-admite-que-inflacao-voltou-para-ficar\/\" \/>\n<meta property=\"og:locale\" content=\"pt_BR\" \/>\n<meta property=\"og:type\" content=\"article\" \/>\n<meta property=\"og:title\" content=\"Banco Central joga a toalha e j\u00e1 admite que infla\u00e7\u00e3o voltou - Notibras\" \/>\n<meta property=\"og:description\" content=\"O Comit\u00ea de Pol\u00edtica Monet\u00e1ria (Copom) do Banco Central (BC) voltou a avaliar que as informa\u00e7\u00f5es dispon\u00edveis sobre infla\u00e7\u00e3o \u201csugerem persist\u00eancia\u201d do movimento de alta de pre\u00e7os. Para o comit\u00ea, a continuidade da infla\u00e7\u00e3o elevada reflete os pre\u00e7os no segmento de servi\u00e7os e o realinhamento dos pre\u00e7os administrados &#8211; que s\u00e3o os pre\u00e7os regulados pelo [&hellip;]\" \/>\n<meta property=\"og:url\" content=\"https:\/\/www.notibras.com\/site\/banco-central-joga-a-toalha-e-admite-que-inflacao-voltou-para-ficar\/\" \/>\n<meta property=\"og:site_name\" content=\"Notibras\" \/>\n<meta property=\"article:publisher\" content=\"https:\/\/www.facebook.com\/notibras\/\" \/>\n<meta property=\"article:published_time\" content=\"2015-05-07T14:33:38+00:00\" \/>\n<meta property=\"article:modified_time\" content=\"2015-05-07T19:43:01+00:00\" \/>\n<meta property=\"og:image\" content=\"https:\/\/www.notibras.com\/site\/wp-content\/uploads\/2015\/05\/infla\u00e7\u00e3o3.jpg\" \/>\n\t<meta property=\"og:image:width\" content=\"600\" \/>\n\t<meta property=\"og:image:height\" content=\"400\" \/>\n\t<meta property=\"og:image:type\" content=\"image\/jpeg\" \/>\n<meta name=\"author\" content=\"Reda\u00e7\u00e3o\" \/>\n<meta name=\"twitter:card\" content=\"summary_large_image\" \/>\n<meta name=\"twitter:creator\" content=\"@Notibras\" \/>\n<meta name=\"twitter:site\" content=\"@Notibras\" \/>\n<meta name=\"twitter:label1\" content=\"Escrito por\" \/>\n\t<meta name=\"twitter:data1\" content=\"Reda\u00e7\u00e3o\" \/>\n\t<meta name=\"twitter:label2\" content=\"Est. tempo de leitura\" \/>\n\t<meta name=\"twitter:data2\" content=\"3 minutos\" \/>\n<script type=\"application\/ld+json\" class=\"yoast-schema-graph\">{\"@context\":\"https:\/\/schema.org\",\"@graph\":[{\"@type\":\"Article\",\"@id\":\"https:\/\/www.notibras.com\/site\/banco-central-joga-a-toalha-e-admite-que-inflacao-voltou-para-ficar\/#article\",\"isPartOf\":{\"@id\":\"https:\/\/www.notibras.com\/site\/banco-central-joga-a-toalha-e-admite-que-inflacao-voltou-para-ficar\/\"},\"author\":{\"name\":\"Reda\u00e7\u00e3o\",\"@id\":\"https:\/\/www.notibras.com\/site\/#\/schema\/person\/36ab0979449956132d3e5b517ea76ac8\"},\"headline\":\"Banco Central joga a toalha e j\u00e1 admite que infla\u00e7\u00e3o voltou\",\"datePublished\":\"2015-05-07T14:33:38+00:00\",\"dateModified\":\"2015-05-07T19:43:01+00:00\",\"mainEntityOfPage\":{\"@id\":\"https:\/\/www.notibras.com\/site\/banco-central-joga-a-toalha-e-admite-que-inflacao-voltou-para-ficar\/\"},\"wordCount\":594,\"commentCount\":0,\"publisher\":{\"@id\":\"https:\/\/www.notibras.com\/site\/#organization\"},\"image\":{\"@id\":\"https:\/\/www.notibras.com\/site\/banco-central-joga-a-toalha-e-admite-que-inflacao-voltou-para-ficar\/#primaryimage\"},\"thumbnailUrl\":\"https:\/\/www.notibras.com\/site\/wp-content\/uploads\/2015\/05\/infla\u00e7\u00e3o3.jpg\",\"articleSection\":[\"Brasil\"],\"inLanguage\":\"pt-BR\",\"potentialAction\":[{\"@type\":\"CommentAction\",\"name\":\"Comment\",\"target\":[\"https:\/\/www.notibras.com\/site\/banco-central-joga-a-toalha-e-admite-que-inflacao-voltou-para-ficar\/#respond\"]}]},{\"@type\":\"WebPage\",\"@id\":\"https:\/\/www.notibras.com\/site\/banco-central-joga-a-toalha-e-admite-que-inflacao-voltou-para-ficar\/\",\"url\":\"https:\/\/www.notibras.com\/site\/banco-central-joga-a-toalha-e-admite-que-inflacao-voltou-para-ficar\/\",\"name\":\"Banco Central joga a toalha e j\u00e1 admite que infla\u00e7\u00e3o voltou - Notibras\",\"isPartOf\":{\"@id\":\"https:\/\/www.notibras.com\/site\/#website\"},\"primaryImageOfPage\":{\"@id\":\"https:\/\/www.notibras.com\/site\/banco-central-joga-a-toalha-e-admite-que-inflacao-voltou-para-ficar\/#primaryimage\"},\"image\":{\"@id\":\"https:\/\/www.notibras.com\/site\/banco-central-joga-a-toalha-e-admite-que-inflacao-voltou-para-ficar\/#primaryimage\"},\"thumbnailUrl\":\"https:\/\/www.notibras.com\/site\/wp-content\/uploads\/2015\/05\/infla\u00e7\u00e3o3.jpg\",\"datePublished\":\"2015-05-07T14:33:38+00:00\",\"dateModified\":\"2015-05-07T19:43:01+00:00\",\"breadcrumb\":{\"@id\":\"https:\/\/www.notibras.com\/site\/banco-central-joga-a-toalha-e-admite-que-inflacao-voltou-para-ficar\/#breadcrumb\"},\"inLanguage\":\"pt-BR\",\"potentialAction\":[{\"@type\":\"ReadAction\",\"target\":[\"https:\/\/www.notibras.com\/site\/banco-central-joga-a-toalha-e-admite-que-inflacao-voltou-para-ficar\/\"]}]},{\"@type\":\"ImageObject\",\"inLanguage\":\"pt-BR\",\"@id\":\"https:\/\/www.notibras.com\/site\/banco-central-joga-a-toalha-e-admite-que-inflacao-voltou-para-ficar\/#primaryimage\",\"url\":\"https:\/\/www.notibras.com\/site\/wp-content\/uploads\/2015\/05\/infla\u00e7\u00e3o3.jpg\",\"contentUrl\":\"https:\/\/www.notibras.com\/site\/wp-content\/uploads\/2015\/05\/infla\u00e7\u00e3o3.jpg\",\"width\":600,\"height\":400},{\"@type\":\"BreadcrumbList\",\"@id\":\"https:\/\/www.notibras.com\/site\/banco-central-joga-a-toalha-e-admite-que-inflacao-voltou-para-ficar\/#breadcrumb\",\"itemListElement\":[{\"@type\":\"ListItem\",\"position\":1,\"name\":\"In\u00edcio\",\"item\":\"https:\/\/www.notibras.com\/site\/\"},{\"@type\":\"ListItem\",\"position\":2,\"name\":\"Banco Central joga a toalha e j\u00e1 admite que infla\u00e7\u00e3o voltou\"}]},{\"@type\":\"WebSite\",\"@id\":\"https:\/\/www.notibras.com\/site\/#website\",\"url\":\"https:\/\/www.notibras.com\/site\/\",\"name\":\"Notibras\",\"description\":\"Not\u00edcias de Bras\u00edlia, do Brasil e do Mundo\",\"publisher\":{\"@id\":\"https:\/\/www.notibras.com\/site\/#organization\"},\"potentialAction\":[{\"@type\":\"SearchAction\",\"target\":{\"@type\":\"EntryPoint\",\"urlTemplate\":\"https:\/\/www.notibras.com\/site\/?s={search_term_string}\"},\"query-input\":{\"@type\":\"PropertyValueSpecification\",\"valueRequired\":true,\"valueName\":\"search_term_string\"}}],\"inLanguage\":\"pt-BR\"},{\"@type\":\"Organization\",\"@id\":\"https:\/\/www.notibras.com\/site\/#organization\",\"name\":\"Grupo Notibras de Comunica\u00e7\u00e3o\",\"url\":\"https:\/\/www.notibras.com\/site\/\",\"logo\":{\"@type\":\"ImageObject\",\"inLanguage\":\"pt-BR\",\"@id\":\"https:\/\/www.notibras.com\/site\/#\/schema\/logo\/image\/\",\"url\":\"https:\/\/www.notibras.com\/site\/wp-content\/uploads\/2023\/01\/notibras23.png\",\"contentUrl\":\"https:\/\/www.notibras.com\/site\/wp-content\/uploads\/2023\/01\/notibras23.png\",\"width\":350,\"height\":87,\"caption\":\"Grupo Notibras de Comunica\u00e7\u00e3o\"},\"image\":{\"@id\":\"https:\/\/www.notibras.com\/site\/#\/schema\/logo\/image\/\"},\"sameAs\":[\"https:\/\/www.facebook.com\/notibras\/\",\"https:\/\/x.com\/Notibras\",\"https:\/\/www.instagram.com\/notibras\/\"]},{\"@type\":\"Person\",\"@id\":\"https:\/\/www.notibras.com\/site\/#\/schema\/person\/36ab0979449956132d3e5b517ea76ac8\",\"name\":\"Reda\u00e7\u00e3o\",\"image\":{\"@type\":\"ImageObject\",\"inLanguage\":\"pt-BR\",\"@id\":\"https:\/\/secure.gravatar.com\/avatar\/e0a867bdedb85fd243eadf09663511f96fc81e0720a4a42581f334ad4303aa6b?s=96&d=mm&r=g\",\"url\":\"https:\/\/secure.gravatar.com\/avatar\/e0a867bdedb85fd243eadf09663511f96fc81e0720a4a42581f334ad4303aa6b?s=96&d=mm&r=g\",\"contentUrl\":\"https:\/\/secure.gravatar.com\/avatar\/e0a867bdedb85fd243eadf09663511f96fc81e0720a4a42581f334ad4303aa6b?s=96&d=mm&r=g\",\"caption\":\"Reda\u00e7\u00e3o\"}}]}<\/script>\n<!-- \/ Yoast SEO plugin. -->","yoast_head_json":{"title":"Banco Central joga a toalha e j\u00e1 admite que infla\u00e7\u00e3o voltou - Notibras","robots":{"index":"index","follow":"follow","max-snippet":"max-snippet:-1","max-image-preview":"max-image-preview:large","max-video-preview":"max-video-preview:-1"},"canonical":"https:\/\/www.notibras.com\/site\/banco-central-joga-a-toalha-e-admite-que-inflacao-voltou-para-ficar\/","og_locale":"pt_BR","og_type":"article","og_title":"Banco Central joga a toalha e j\u00e1 admite que infla\u00e7\u00e3o voltou - Notibras","og_description":"O Comit\u00ea de Pol\u00edtica Monet\u00e1ria (Copom) do Banco Central (BC) voltou a avaliar que as informa\u00e7\u00f5es dispon\u00edveis sobre infla\u00e7\u00e3o \u201csugerem persist\u00eancia\u201d do movimento de alta de pre\u00e7os. Para o comit\u00ea, a continuidade da infla\u00e7\u00e3o elevada reflete os pre\u00e7os no segmento de servi\u00e7os e o realinhamento dos pre\u00e7os administrados &#8211; que s\u00e3o os pre\u00e7os regulados pelo [&hellip;]","og_url":"https:\/\/www.notibras.com\/site\/banco-central-joga-a-toalha-e-admite-que-inflacao-voltou-para-ficar\/","og_site_name":"Notibras","article_publisher":"https:\/\/www.facebook.com\/notibras\/","article_published_time":"2015-05-07T14:33:38+00:00","article_modified_time":"2015-05-07T19:43:01+00:00","og_image":[{"width":600,"height":400,"url":"https:\/\/www.notibras.com\/site\/wp-content\/uploads\/2015\/05\/infla\u00e7\u00e3o3.jpg","type":"image\/jpeg"}],"author":"Reda\u00e7\u00e3o","twitter_card":"summary_large_image","twitter_creator":"@Notibras","twitter_site":"@Notibras","twitter_misc":{"Escrito por":"Reda\u00e7\u00e3o","Est. tempo de leitura":"3 minutos"},"schema":{"@context":"https:\/\/schema.org","@graph":[{"@type":"Article","@id":"https:\/\/www.notibras.com\/site\/banco-central-joga-a-toalha-e-admite-que-inflacao-voltou-para-ficar\/#article","isPartOf":{"@id":"https:\/\/www.notibras.com\/site\/banco-central-joga-a-toalha-e-admite-que-inflacao-voltou-para-ficar\/"},"author":{"name":"Reda\u00e7\u00e3o","@id":"https:\/\/www.notibras.com\/site\/#\/schema\/person\/36ab0979449956132d3e5b517ea76ac8"},"headline":"Banco Central joga a toalha e j\u00e1 admite que infla\u00e7\u00e3o voltou","datePublished":"2015-05-07T14:33:38+00:00","dateModified":"2015-05-07T19:43:01+00:00","mainEntityOfPage":{"@id":"https:\/\/www.notibras.com\/site\/banco-central-joga-a-toalha-e-admite-que-inflacao-voltou-para-ficar\/"},"wordCount":594,"commentCount":0,"publisher":{"@id":"https:\/\/www.notibras.com\/site\/#organization"},"image":{"@id":"https:\/\/www.notibras.com\/site\/banco-central-joga-a-toalha-e-admite-que-inflacao-voltou-para-ficar\/#primaryimage"},"thumbnailUrl":"https:\/\/www.notibras.com\/site\/wp-content\/uploads\/2015\/05\/infla\u00e7\u00e3o3.jpg","articleSection":["Brasil"],"inLanguage":"pt-BR","potentialAction":[{"@type":"CommentAction","name":"Comment","target":["https:\/\/www.notibras.com\/site\/banco-central-joga-a-toalha-e-admite-que-inflacao-voltou-para-ficar\/#respond"]}]},{"@type":"WebPage","@id":"https:\/\/www.notibras.com\/site\/banco-central-joga-a-toalha-e-admite-que-inflacao-voltou-para-ficar\/","url":"https:\/\/www.notibras.com\/site\/banco-central-joga-a-toalha-e-admite-que-inflacao-voltou-para-ficar\/","name":"Banco Central joga a toalha e j\u00e1 admite que infla\u00e7\u00e3o voltou - Notibras","isPartOf":{"@id":"https:\/\/www.notibras.com\/site\/#website"},"primaryImageOfPage":{"@id":"https:\/\/www.notibras.com\/site\/banco-central-joga-a-toalha-e-admite-que-inflacao-voltou-para-ficar\/#primaryimage"},"image":{"@id":"https:\/\/www.notibras.com\/site\/banco-central-joga-a-toalha-e-admite-que-inflacao-voltou-para-ficar\/#primaryimage"},"thumbnailUrl":"https:\/\/www.notibras.com\/site\/wp-content\/uploads\/2015\/05\/infla\u00e7\u00e3o3.jpg","datePublished":"2015-05-07T14:33:38+00:00","dateModified":"2015-05-07T19:43:01+00:00","breadcrumb":{"@id":"https:\/\/www.notibras.com\/site\/banco-central-joga-a-toalha-e-admite-que-inflacao-voltou-para-ficar\/#breadcrumb"},"inLanguage":"pt-BR","potentialAction":[{"@type":"ReadAction","target":["https:\/\/www.notibras.com\/site\/banco-central-joga-a-toalha-e-admite-que-inflacao-voltou-para-ficar\/"]}]},{"@type":"ImageObject","inLanguage":"pt-BR","@id":"https:\/\/www.notibras.com\/site\/banco-central-joga-a-toalha-e-admite-que-inflacao-voltou-para-ficar\/#primaryimage","url":"https:\/\/www.notibras.com\/site\/wp-content\/uploads\/2015\/05\/infla\u00e7\u00e3o3.jpg","contentUrl":"https:\/\/www.notibras.com\/site\/wp-content\/uploads\/2015\/05\/infla\u00e7\u00e3o3.jpg","width":600,"height":400},{"@type":"BreadcrumbList","@id":"https:\/\/www.notibras.com\/site\/banco-central-joga-a-toalha-e-admite-que-inflacao-voltou-para-ficar\/#breadcrumb","itemListElement":[{"@type":"ListItem","position":1,"name":"In\u00edcio","item":"https:\/\/www.notibras.com\/site\/"},{"@type":"ListItem","position":2,"name":"Banco Central joga a toalha e j\u00e1 admite que infla\u00e7\u00e3o voltou"}]},{"@type":"WebSite","@id":"https:\/\/www.notibras.com\/site\/#website","url":"https:\/\/www.notibras.com\/site\/","name":"Notibras","description":"Not\u00edcias de Bras\u00edlia, do Brasil e do Mundo","publisher":{"@id":"https:\/\/www.notibras.com\/site\/#organization"},"potentialAction":[{"@type":"SearchAction","target":{"@type":"EntryPoint","urlTemplate":"https:\/\/www.notibras.com\/site\/?s={search_term_string}"},"query-input":{"@type":"PropertyValueSpecification","valueRequired":true,"valueName":"search_term_string"}}],"inLanguage":"pt-BR"},{"@type":"Organization","@id":"https:\/\/www.notibras.com\/site\/#organization","name":"Grupo Notibras de Comunica\u00e7\u00e3o","url":"https:\/\/www.notibras.com\/site\/","logo":{"@type":"ImageObject","inLanguage":"pt-BR","@id":"https:\/\/www.notibras.com\/site\/#\/schema\/logo\/image\/","url":"https:\/\/www.notibras.com\/site\/wp-content\/uploads\/2023\/01\/notibras23.png","contentUrl":"https:\/\/www.notibras.com\/site\/wp-content\/uploads\/2023\/01\/notibras23.png","width":350,"height":87,"caption":"Grupo Notibras de Comunica\u00e7\u00e3o"},"image":{"@id":"https:\/\/www.notibras.com\/site\/#\/schema\/logo\/image\/"},"sameAs":["https:\/\/www.facebook.com\/notibras\/","https:\/\/x.com\/Notibras","https:\/\/www.instagram.com\/notibras\/"]},{"@type":"Person","@id":"https:\/\/www.notibras.com\/site\/#\/schema\/person\/36ab0979449956132d3e5b517ea76ac8","name":"Reda\u00e7\u00e3o","image":{"@type":"ImageObject","inLanguage":"pt-BR","@id":"https:\/\/secure.gravatar.com\/avatar\/e0a867bdedb85fd243eadf09663511f96fc81e0720a4a42581f334ad4303aa6b?s=96&d=mm&r=g","url":"https:\/\/secure.gravatar.com\/avatar\/e0a867bdedb85fd243eadf09663511f96fc81e0720a4a42581f334ad4303aa6b?s=96&d=mm&r=g","contentUrl":"https:\/\/secure.gravatar.com\/avatar\/e0a867bdedb85fd243eadf09663511f96fc81e0720a4a42581f334ad4303aa6b?s=96&d=mm&r=g","caption":"Reda\u00e7\u00e3o"}}]}},"amp_enabled":true,"_links":{"self":[{"href":"https:\/\/www.notibras.com\/site\/wp-json\/wp\/v2\/posts\/47303","targetHints":{"allow":["GET"]}}],"collection":[{"href":"https:\/\/www.notibras.com\/site\/wp-json\/wp\/v2\/posts"}],"about":[{"href":"https:\/\/www.notibras.com\/site\/wp-json\/wp\/v2\/types\/post"}],"author":[{"embeddable":true,"href":"https:\/\/www.notibras.com\/site\/wp-json\/wp\/v2\/users\/2"}],"replies":[{"embeddable":true,"href":"https:\/\/www.notibras.com\/site\/wp-json\/wp\/v2\/comments?post=47303"}],"version-history":[{"count":0,"href":"https:\/\/www.notibras.com\/site\/wp-json\/wp\/v2\/posts\/47303\/revisions"}],"wp:featuredmedia":[{"embeddable":true,"href":"https:\/\/www.notibras.com\/site\/wp-json\/wp\/v2\/media\/47305"}],"wp:attachment":[{"href":"https:\/\/www.notibras.com\/site\/wp-json\/wp\/v2\/media?parent=47303"}],"wp:term":[{"taxonomy":"category","embeddable":true,"href":"https:\/\/www.notibras.com\/site\/wp-json\/wp\/v2\/categories?post=47303"},{"taxonomy":"post_tag","embeddable":true,"href":"https:\/\/www.notibras.com\/site\/wp-json\/wp\/v2\/tags?post=47303"}],"curies":[{"name":"wp","href":"https:\/\/api.w.org\/{rel}","templated":true}]}}