{"id":47313,"date":"2015-05-07T11:47:00","date_gmt":"2015-05-07T14:47:00","guid":{"rendered":"http:\/\/www.notibras.com\/site\/?p=47313"},"modified":"2015-05-07T11:47:00","modified_gmt":"2015-05-07T14:47:00","slug":"congresso-bate-boca-por-dilma-e-o-trabalhador-paga-a-conta","status":"publish","type":"post","link":"https:\/\/www.notibras.com\/site\/congresso-bate-boca-por-dilma-e-o-trabalhador-paga-a-conta\/","title":{"rendered":"Congresso bate boca por Dilma e o trabalhador paga a conta"},"content":{"rendered":"<p>Numa sess\u00e3o altamente tensa, que durou 7 horas, com troca de agress\u00f5es entre os parlamentares, a C\u00e2mara dos Deputados, na noite de quarta-feira, aprovou a Medida Provis\u00f3ria n\u00b0 665, que endurece as regras de acesso ao seguro desemprego, ao abono salarial e ao seguro defeso para pescador profissional. O resultado foi apertado: 252 votos a favor e 227 contra.<\/p>\n<p>A MP 665, que ainda precisa ser votada no Senado, estabelece um prazo m\u00ednimo de 12 meses de trabalho para o primeiro pedido de seguro desemprego. A MP tamb\u00e9m define um per\u00edodo de 90 dias para que o trabalhador tenha direito ao abono salarial, um beneficio anual equivalente \u00e0 um sal\u00e1rio m\u00ednimo (R$ 780,00).<\/p>\n<p>S\u00f3 foi poss\u00edvel a aprova\u00e7\u00e3o da MP depois do PT assumir compromisso com o PMDB de que todos os petistas votariam \u00e0 favor da proposta. Essa articula\u00e7\u00e3o foi feita pelo Pal\u00e1cio do Planalto.<\/p>\n<p>\u00c0 certa altura da sess\u00e3o plen\u00e1ria, o presidente Eduardo Cunha determinou o esvaziamento das galerias. Al\u00e9m de vaiaram os deputados, os manifestantes jogaram sobre os parlamentares c\u00f3pias de notas de 100 d\u00f3lares com fotos da presidente Dilma, do ex-presidente Lula e do ex- tesoureiro do PT, Jo\u00e3o Vaccari Neto, que est\u00e1 preso na Policia Federal por envolvimento nos desvios de recursos da Petrobras para o PT.<\/p>\n<blockquote><p>A MP faz parte do pacote do ajuste fiscal idealizado pelo ministro Joaquim Levy, da Fazenda. O objetivo \u00e9 criar condi\u00e7\u00f5es para tirar o governo Dilma Rousseff do fundo do po\u00e7o. Na pr\u00f3xima semana dever\u00e1 ser votada a MP 664, que muda as pens\u00f5es por morte pagas pela Previd\u00eancia Social.<\/p><\/blockquote>\n<p>A estimativa \u00e9 que os direitos trabalhistas e previdenci\u00e1rios cortados pelas duas MPS v\u00e3o proporcionar uma redu\u00e7\u00e3o de custos de R$ 18 bilh\u00f5es para os cofres do governo.<\/p>\n<p>O Senado, tamb\u00e9m na quarta-feira, aprovou projetos de lei garantindo v\u00e1rios direitos aos empregados dom\u00e9sticos. Os patr\u00f5es v\u00e3o pagar 8% do FGTS e v\u00e3o depositar, mensalmente, 3,2% do sal\u00e1rio numa esp\u00e9cie de poupan\u00e7a a ser usada para quitar a multa de 40% a que o trabalhador tem direito em caso de demiss\u00e3o sem justa causa.<\/p>\n<p>Quanto ao INSS, a al\u00edquota patronal ser\u00e1 de 8% e n\u00e3o de 12% como queria o governo. Foi institu\u00eddo o recolhimento de 0,8% do seguro de acidente de trabalho.<\/p>\n<p>O projeto, que tamb\u00e9m garante seguro-desemprego, aux\u00edlio creche e outros benef\u00edcios, seguiu para san\u00e7\u00e3o presidencial.<\/p>\n<p>A partir da publica\u00e7\u00e3o da lei, os empregadores ter\u00e3o 120 dias para come\u00e7ar a recolher os impostos e adotar todas as mudan\u00e7as.<\/p>\n<p>De acordo com o que foi aprovado pelo Senado, empregado dom\u00e9stico \u00e9 aquele que presta servi\u00e7os remunerados e sem finalidade lucrativa a pessoa ou fam\u00edlia, no \u00e2mbito residencial, por mais de dois dias por semana. A jornada regular \u00e9 de at\u00e9 8 horas di\u00e1rias e 44 semanais.<\/p>\n<p><strong>Cl\u00e1udio Coletti<\/strong><\/p>\n","protected":false},"excerpt":{"rendered":"<p>Numa sess\u00e3o altamente tensa, que durou 7 horas, com troca de agress\u00f5es entre os parlamentares, a C\u00e2mara dos Deputados, na noite de quarta-feira, aprovou a Medida Provis\u00f3ria n\u00b0 665, que endurece as regras de acesso ao seguro desemprego, ao abono salarial e ao seguro defeso para pescador profissional. O resultado foi apertado: 252 votos a [&hellip;]<\/p>\n","protected":false},"author":2,"featured_media":47314,"comment_status":"open","ping_status":"closed","sticky":false,"template":"","format":"standard","meta":{"_acf_changed":false,"footnotes":""},"categories":[25],"tags":[],"class_list":["post-47313","post","type-post","status-publish","format-standard","has-post-thumbnail","hentry","category-opina-ai"],"acf":[],"yoast_head":"<!-- This site is optimized with the Yoast SEO plugin v27.2 - https:\/\/yoast.com\/product\/yoast-seo-wordpress\/ -->\n<title>Congresso bate boca por Dilma e o trabalhador paga a conta - Notibras<\/title>\n<meta name=\"robots\" content=\"index, follow, max-snippet:-1, max-image-preview:large, max-video-preview:-1\" \/>\n<link rel=\"canonical\" href=\"https:\/\/www.notibras.com\/site\/congresso-bate-boca-por-dilma-e-o-trabalhador-paga-a-conta\/\" \/>\n<meta property=\"og:locale\" content=\"pt_BR\" \/>\n<meta property=\"og:type\" content=\"article\" \/>\n<meta property=\"og:title\" content=\"Congresso bate boca por Dilma e o trabalhador paga a conta - Notibras\" \/>\n<meta property=\"og:description\" content=\"Numa sess\u00e3o altamente tensa, que durou 7 horas, com troca de agress\u00f5es entre os parlamentares, a C\u00e2mara dos Deputados, na noite de quarta-feira, aprovou a Medida Provis\u00f3ria n\u00b0 665, que endurece as regras de acesso ao seguro desemprego, ao abono salarial e ao seguro defeso para pescador profissional. O resultado foi apertado: 252 votos a [&hellip;]\" \/>\n<meta property=\"og:url\" content=\"https:\/\/www.notibras.com\/site\/congresso-bate-boca-por-dilma-e-o-trabalhador-paga-a-conta\/\" \/>\n<meta property=\"og:site_name\" content=\"Notibras\" \/>\n<meta property=\"article:publisher\" content=\"https:\/\/www.facebook.com\/notibras\/\" \/>\n<meta property=\"article:published_time\" content=\"2015-05-07T14:47:00+00:00\" \/>\n<meta property=\"og:image\" content=\"https:\/\/www.notibras.com\/site\/wp-content\/uploads\/2015\/05\/cole.jpg\" \/>\n\t<meta property=\"og:image:width\" content=\"1082\" \/>\n\t<meta property=\"og:image:height\" content=\"720\" \/>\n\t<meta property=\"og:image:type\" content=\"image\/jpeg\" \/>\n<meta name=\"author\" content=\"Reda\u00e7\u00e3o\" \/>\n<meta name=\"twitter:card\" content=\"summary_large_image\" \/>\n<meta name=\"twitter:creator\" content=\"@Notibras\" \/>\n<meta name=\"twitter:site\" content=\"@Notibras\" \/>\n<meta name=\"twitter:label1\" content=\"Escrito por\" \/>\n\t<meta name=\"twitter:data1\" content=\"Reda\u00e7\u00e3o\" \/>\n\t<meta name=\"twitter:label2\" content=\"Est. tempo de leitura\" \/>\n\t<meta name=\"twitter:data2\" content=\"2 minutos\" \/>\n<script type=\"application\/ld+json\" class=\"yoast-schema-graph\">{\"@context\":\"https:\/\/schema.org\",\"@graph\":[{\"@type\":\"Article\",\"@id\":\"https:\/\/www.notibras.com\/site\/congresso-bate-boca-por-dilma-e-o-trabalhador-paga-a-conta\/#article\",\"isPartOf\":{\"@id\":\"https:\/\/www.notibras.com\/site\/congresso-bate-boca-por-dilma-e-o-trabalhador-paga-a-conta\/\"},\"author\":{\"name\":\"Reda\u00e7\u00e3o\",\"@id\":\"https:\/\/www.notibras.com\/site\/#\/schema\/person\/36ab0979449956132d3e5b517ea76ac8\"},\"headline\":\"Congresso bate boca por Dilma e o trabalhador paga a conta\",\"datePublished\":\"2015-05-07T14:47:00+00:00\",\"mainEntityOfPage\":{\"@id\":\"https:\/\/www.notibras.com\/site\/congresso-bate-boca-por-dilma-e-o-trabalhador-paga-a-conta\/\"},\"wordCount\":498,\"commentCount\":0,\"publisher\":{\"@id\":\"https:\/\/www.notibras.com\/site\/#organization\"},\"image\":{\"@id\":\"https:\/\/www.notibras.com\/site\/congresso-bate-boca-por-dilma-e-o-trabalhador-paga-a-conta\/#primaryimage\"},\"thumbnailUrl\":\"https:\/\/www.notibras.com\/site\/wp-content\/uploads\/2015\/05\/cole.jpg\",\"articleSection\":[\"Opina a\u00ed\"],\"inLanguage\":\"pt-BR\",\"potentialAction\":[{\"@type\":\"CommentAction\",\"name\":\"Comment\",\"target\":[\"https:\/\/www.notibras.com\/site\/congresso-bate-boca-por-dilma-e-o-trabalhador-paga-a-conta\/#respond\"]}]},{\"@type\":\"WebPage\",\"@id\":\"https:\/\/www.notibras.com\/site\/congresso-bate-boca-por-dilma-e-o-trabalhador-paga-a-conta\/\",\"url\":\"https:\/\/www.notibras.com\/site\/congresso-bate-boca-por-dilma-e-o-trabalhador-paga-a-conta\/\",\"name\":\"Congresso bate boca por Dilma e o trabalhador paga a conta - Notibras\",\"isPartOf\":{\"@id\":\"https:\/\/www.notibras.com\/site\/#website\"},\"primaryImageOfPage\":{\"@id\":\"https:\/\/www.notibras.com\/site\/congresso-bate-boca-por-dilma-e-o-trabalhador-paga-a-conta\/#primaryimage\"},\"image\":{\"@id\":\"https:\/\/www.notibras.com\/site\/congresso-bate-boca-por-dilma-e-o-trabalhador-paga-a-conta\/#primaryimage\"},\"thumbnailUrl\":\"https:\/\/www.notibras.com\/site\/wp-content\/uploads\/2015\/05\/cole.jpg\",\"datePublished\":\"2015-05-07T14:47:00+00:00\",\"breadcrumb\":{\"@id\":\"https:\/\/www.notibras.com\/site\/congresso-bate-boca-por-dilma-e-o-trabalhador-paga-a-conta\/#breadcrumb\"},\"inLanguage\":\"pt-BR\",\"potentialAction\":[{\"@type\":\"ReadAction\",\"target\":[\"https:\/\/www.notibras.com\/site\/congresso-bate-boca-por-dilma-e-o-trabalhador-paga-a-conta\/\"]}]},{\"@type\":\"ImageObject\",\"inLanguage\":\"pt-BR\",\"@id\":\"https:\/\/www.notibras.com\/site\/congresso-bate-boca-por-dilma-e-o-trabalhador-paga-a-conta\/#primaryimage\",\"url\":\"https:\/\/www.notibras.com\/site\/wp-content\/uploads\/2015\/05\/cole.jpg\",\"contentUrl\":\"https:\/\/www.notibras.com\/site\/wp-content\/uploads\/2015\/05\/cole.jpg\",\"width\":1082,\"height\":720},{\"@type\":\"BreadcrumbList\",\"@id\":\"https:\/\/www.notibras.com\/site\/congresso-bate-boca-por-dilma-e-o-trabalhador-paga-a-conta\/#breadcrumb\",\"itemListElement\":[{\"@type\":\"ListItem\",\"position\":1,\"name\":\"In\u00edcio\",\"item\":\"https:\/\/www.notibras.com\/site\/\"},{\"@type\":\"ListItem\",\"position\":2,\"name\":\"Congresso bate boca por Dilma e o trabalhador paga a conta\"}]},{\"@type\":\"WebSite\",\"@id\":\"https:\/\/www.notibras.com\/site\/#website\",\"url\":\"https:\/\/www.notibras.com\/site\/\",\"name\":\"Notibras\",\"description\":\"Not\u00edcias de Bras\u00edlia, do Brasil e do Mundo\",\"publisher\":{\"@id\":\"https:\/\/www.notibras.com\/site\/#organization\"},\"potentialAction\":[{\"@type\":\"SearchAction\",\"target\":{\"@type\":\"EntryPoint\",\"urlTemplate\":\"https:\/\/www.notibras.com\/site\/?s={search_term_string}\"},\"query-input\":{\"@type\":\"PropertyValueSpecification\",\"valueRequired\":true,\"valueName\":\"search_term_string\"}}],\"inLanguage\":\"pt-BR\"},{\"@type\":\"Organization\",\"@id\":\"https:\/\/www.notibras.com\/site\/#organization\",\"name\":\"Grupo Notibras de Comunica\u00e7\u00e3o\",\"url\":\"https:\/\/www.notibras.com\/site\/\",\"logo\":{\"@type\":\"ImageObject\",\"inLanguage\":\"pt-BR\",\"@id\":\"https:\/\/www.notibras.com\/site\/#\/schema\/logo\/image\/\",\"url\":\"https:\/\/www.notibras.com\/site\/wp-content\/uploads\/2023\/01\/notibras23.png\",\"contentUrl\":\"https:\/\/www.notibras.com\/site\/wp-content\/uploads\/2023\/01\/notibras23.png\",\"width\":350,\"height\":87,\"caption\":\"Grupo Notibras de Comunica\u00e7\u00e3o\"},\"image\":{\"@id\":\"https:\/\/www.notibras.com\/site\/#\/schema\/logo\/image\/\"},\"sameAs\":[\"https:\/\/www.facebook.com\/notibras\/\",\"https:\/\/x.com\/Notibras\",\"https:\/\/www.instagram.com\/notibras\/\"]},{\"@type\":\"Person\",\"@id\":\"https:\/\/www.notibras.com\/site\/#\/schema\/person\/36ab0979449956132d3e5b517ea76ac8\",\"name\":\"Reda\u00e7\u00e3o\",\"image\":{\"@type\":\"ImageObject\",\"inLanguage\":\"pt-BR\",\"@id\":\"https:\/\/secure.gravatar.com\/avatar\/e0a867bdedb85fd243eadf09663511f96fc81e0720a4a42581f334ad4303aa6b?s=96&d=mm&r=g\",\"url\":\"https:\/\/secure.gravatar.com\/avatar\/e0a867bdedb85fd243eadf09663511f96fc81e0720a4a42581f334ad4303aa6b?s=96&d=mm&r=g\",\"contentUrl\":\"https:\/\/secure.gravatar.com\/avatar\/e0a867bdedb85fd243eadf09663511f96fc81e0720a4a42581f334ad4303aa6b?s=96&d=mm&r=g\",\"caption\":\"Reda\u00e7\u00e3o\"}}]}<\/script>\n<!-- \/ Yoast SEO plugin. -->","yoast_head_json":{"title":"Congresso bate boca por Dilma e o trabalhador paga a conta - Notibras","robots":{"index":"index","follow":"follow","max-snippet":"max-snippet:-1","max-image-preview":"max-image-preview:large","max-video-preview":"max-video-preview:-1"},"canonical":"https:\/\/www.notibras.com\/site\/congresso-bate-boca-por-dilma-e-o-trabalhador-paga-a-conta\/","og_locale":"pt_BR","og_type":"article","og_title":"Congresso bate boca por Dilma e o trabalhador paga a conta - Notibras","og_description":"Numa sess\u00e3o altamente tensa, que durou 7 horas, com troca de agress\u00f5es entre os parlamentares, a C\u00e2mara dos Deputados, na noite de quarta-feira, aprovou a Medida Provis\u00f3ria n\u00b0 665, que endurece as regras de acesso ao seguro desemprego, ao abono salarial e ao seguro defeso para pescador profissional. O resultado foi apertado: 252 votos a [&hellip;]","og_url":"https:\/\/www.notibras.com\/site\/congresso-bate-boca-por-dilma-e-o-trabalhador-paga-a-conta\/","og_site_name":"Notibras","article_publisher":"https:\/\/www.facebook.com\/notibras\/","article_published_time":"2015-05-07T14:47:00+00:00","og_image":[{"width":1082,"height":720,"url":"https:\/\/www.notibras.com\/site\/wp-content\/uploads\/2015\/05\/cole.jpg","type":"image\/jpeg"}],"author":"Reda\u00e7\u00e3o","twitter_card":"summary_large_image","twitter_creator":"@Notibras","twitter_site":"@Notibras","twitter_misc":{"Escrito por":"Reda\u00e7\u00e3o","Est. tempo de leitura":"2 minutos"},"schema":{"@context":"https:\/\/schema.org","@graph":[{"@type":"Article","@id":"https:\/\/www.notibras.com\/site\/congresso-bate-boca-por-dilma-e-o-trabalhador-paga-a-conta\/#article","isPartOf":{"@id":"https:\/\/www.notibras.com\/site\/congresso-bate-boca-por-dilma-e-o-trabalhador-paga-a-conta\/"},"author":{"name":"Reda\u00e7\u00e3o","@id":"https:\/\/www.notibras.com\/site\/#\/schema\/person\/36ab0979449956132d3e5b517ea76ac8"},"headline":"Congresso bate boca por Dilma e o trabalhador paga a conta","datePublished":"2015-05-07T14:47:00+00:00","mainEntityOfPage":{"@id":"https:\/\/www.notibras.com\/site\/congresso-bate-boca-por-dilma-e-o-trabalhador-paga-a-conta\/"},"wordCount":498,"commentCount":0,"publisher":{"@id":"https:\/\/www.notibras.com\/site\/#organization"},"image":{"@id":"https:\/\/www.notibras.com\/site\/congresso-bate-boca-por-dilma-e-o-trabalhador-paga-a-conta\/#primaryimage"},"thumbnailUrl":"https:\/\/www.notibras.com\/site\/wp-content\/uploads\/2015\/05\/cole.jpg","articleSection":["Opina a\u00ed"],"inLanguage":"pt-BR","potentialAction":[{"@type":"CommentAction","name":"Comment","target":["https:\/\/www.notibras.com\/site\/congresso-bate-boca-por-dilma-e-o-trabalhador-paga-a-conta\/#respond"]}]},{"@type":"WebPage","@id":"https:\/\/www.notibras.com\/site\/congresso-bate-boca-por-dilma-e-o-trabalhador-paga-a-conta\/","url":"https:\/\/www.notibras.com\/site\/congresso-bate-boca-por-dilma-e-o-trabalhador-paga-a-conta\/","name":"Congresso bate boca por Dilma e o trabalhador paga a conta - Notibras","isPartOf":{"@id":"https:\/\/www.notibras.com\/site\/#website"},"primaryImageOfPage":{"@id":"https:\/\/www.notibras.com\/site\/congresso-bate-boca-por-dilma-e-o-trabalhador-paga-a-conta\/#primaryimage"},"image":{"@id":"https:\/\/www.notibras.com\/site\/congresso-bate-boca-por-dilma-e-o-trabalhador-paga-a-conta\/#primaryimage"},"thumbnailUrl":"https:\/\/www.notibras.com\/site\/wp-content\/uploads\/2015\/05\/cole.jpg","datePublished":"2015-05-07T14:47:00+00:00","breadcrumb":{"@id":"https:\/\/www.notibras.com\/site\/congresso-bate-boca-por-dilma-e-o-trabalhador-paga-a-conta\/#breadcrumb"},"inLanguage":"pt-BR","potentialAction":[{"@type":"ReadAction","target":["https:\/\/www.notibras.com\/site\/congresso-bate-boca-por-dilma-e-o-trabalhador-paga-a-conta\/"]}]},{"@type":"ImageObject","inLanguage":"pt-BR","@id":"https:\/\/www.notibras.com\/site\/congresso-bate-boca-por-dilma-e-o-trabalhador-paga-a-conta\/#primaryimage","url":"https:\/\/www.notibras.com\/site\/wp-content\/uploads\/2015\/05\/cole.jpg","contentUrl":"https:\/\/www.notibras.com\/site\/wp-content\/uploads\/2015\/05\/cole.jpg","width":1082,"height":720},{"@type":"BreadcrumbList","@id":"https:\/\/www.notibras.com\/site\/congresso-bate-boca-por-dilma-e-o-trabalhador-paga-a-conta\/#breadcrumb","itemListElement":[{"@type":"ListItem","position":1,"name":"In\u00edcio","item":"https:\/\/www.notibras.com\/site\/"},{"@type":"ListItem","position":2,"name":"Congresso bate boca por Dilma e o trabalhador paga a conta"}]},{"@type":"WebSite","@id":"https:\/\/www.notibras.com\/site\/#website","url":"https:\/\/www.notibras.com\/site\/","name":"Notibras","description":"Not\u00edcias de Bras\u00edlia, do Brasil e do Mundo","publisher":{"@id":"https:\/\/www.notibras.com\/site\/#organization"},"potentialAction":[{"@type":"SearchAction","target":{"@type":"EntryPoint","urlTemplate":"https:\/\/www.notibras.com\/site\/?s={search_term_string}"},"query-input":{"@type":"PropertyValueSpecification","valueRequired":true,"valueName":"search_term_string"}}],"inLanguage":"pt-BR"},{"@type":"Organization","@id":"https:\/\/www.notibras.com\/site\/#organization","name":"Grupo Notibras de Comunica\u00e7\u00e3o","url":"https:\/\/www.notibras.com\/site\/","logo":{"@type":"ImageObject","inLanguage":"pt-BR","@id":"https:\/\/www.notibras.com\/site\/#\/schema\/logo\/image\/","url":"https:\/\/www.notibras.com\/site\/wp-content\/uploads\/2023\/01\/notibras23.png","contentUrl":"https:\/\/www.notibras.com\/site\/wp-content\/uploads\/2023\/01\/notibras23.png","width":350,"height":87,"caption":"Grupo Notibras de Comunica\u00e7\u00e3o"},"image":{"@id":"https:\/\/www.notibras.com\/site\/#\/schema\/logo\/image\/"},"sameAs":["https:\/\/www.facebook.com\/notibras\/","https:\/\/x.com\/Notibras","https:\/\/www.instagram.com\/notibras\/"]},{"@type":"Person","@id":"https:\/\/www.notibras.com\/site\/#\/schema\/person\/36ab0979449956132d3e5b517ea76ac8","name":"Reda\u00e7\u00e3o","image":{"@type":"ImageObject","inLanguage":"pt-BR","@id":"https:\/\/secure.gravatar.com\/avatar\/e0a867bdedb85fd243eadf09663511f96fc81e0720a4a42581f334ad4303aa6b?s=96&d=mm&r=g","url":"https:\/\/secure.gravatar.com\/avatar\/e0a867bdedb85fd243eadf09663511f96fc81e0720a4a42581f334ad4303aa6b?s=96&d=mm&r=g","contentUrl":"https:\/\/secure.gravatar.com\/avatar\/e0a867bdedb85fd243eadf09663511f96fc81e0720a4a42581f334ad4303aa6b?s=96&d=mm&r=g","caption":"Reda\u00e7\u00e3o"}}]}},"amp_enabled":true,"_links":{"self":[{"href":"https:\/\/www.notibras.com\/site\/wp-json\/wp\/v2\/posts\/47313","targetHints":{"allow":["GET"]}}],"collection":[{"href":"https:\/\/www.notibras.com\/site\/wp-json\/wp\/v2\/posts"}],"about":[{"href":"https:\/\/www.notibras.com\/site\/wp-json\/wp\/v2\/types\/post"}],"author":[{"embeddable":true,"href":"https:\/\/www.notibras.com\/site\/wp-json\/wp\/v2\/users\/2"}],"replies":[{"embeddable":true,"href":"https:\/\/www.notibras.com\/site\/wp-json\/wp\/v2\/comments?post=47313"}],"version-history":[{"count":0,"href":"https:\/\/www.notibras.com\/site\/wp-json\/wp\/v2\/posts\/47313\/revisions"}],"wp:featuredmedia":[{"embeddable":true,"href":"https:\/\/www.notibras.com\/site\/wp-json\/wp\/v2\/media\/47314"}],"wp:attachment":[{"href":"https:\/\/www.notibras.com\/site\/wp-json\/wp\/v2\/media?parent=47313"}],"wp:term":[{"taxonomy":"category","embeddable":true,"href":"https:\/\/www.notibras.com\/site\/wp-json\/wp\/v2\/categories?post=47313"},{"taxonomy":"post_tag","embeddable":true,"href":"https:\/\/www.notibras.com\/site\/wp-json\/wp\/v2\/tags?post=47313"}],"curies":[{"name":"wp","href":"https:\/\/api.w.org\/{rel}","templated":true}]}}