{"id":47317,"date":"2015-05-07T11:55:58","date_gmt":"2015-05-07T14:55:58","guid":{"rendered":"http:\/\/www.notibras.com\/site\/?p=47317"},"modified":"2015-05-07T11:56:50","modified_gmt":"2015-05-07T14:56:50","slug":"federais-cacam-gangue-que-rouba-pedras-preciosas-em-terra-de-indios","status":"publish","type":"post","link":"https:\/\/www.notibras.com\/site\/federais-cacam-gangue-que-rouba-pedras-preciosas-em-terra-de-indios\/","title":{"rendered":"PF ca\u00e7a gangue que rouba pedras preciosas em terra de \u00edndios"},"content":{"rendered":"<div class=\"content\">\n<p>Policiais federais de Roraima, Rond\u00f4nia, S\u00e3o Paulo, Amazonas e Par\u00e1 est\u00e3o nas ruas desde as primeiras horas da manh\u00e3 desta quinta 7, cumprindo 313 mandados judiciais expedidos contra suspeitos de integrar um esquema de extra\u00e7\u00e3o ilegal de ouro e pedras preciosas em terras ind\u00edgenas. O principal alvo dos investigados \u00e9 a reserva ind\u00edgena Yanomami, de Roraima.<\/p>\n<p>De acordo com a Pol\u00edcia Federal (PF), o esquema contava com a participa\u00e7\u00e3o de empres\u00e1rios, funcion\u00e1rios p\u00fablicos, donos de garimpos, joalheiros e pilotos de avi\u00f5es. Juntos, eles abriam locais de extra\u00e7\u00e3o de ouro, pedras preciosas e outros minerais usados na ind\u00fastria, no interior de reservas ind\u00edgenas, sobretudo no norte de Roraima.<\/p>\n<p>As terras ind\u00edgenas, demarcadas em locais tradicionalmente ocupados pelos \u00edndios, pertencem \u00e0 Uni\u00e3o. Em seu interior, a explora\u00e7\u00e3o e o aproveitamento dos recursos h\u00eddricos e a pesquisa e a lavra de riquezas minerais s\u00f3 podem ser feitos com a autoriza\u00e7\u00e3o do Estado brasileiro.<\/p>\n<blockquote><p>Os investigadores estimam que, todos os meses, o grupo retirava em m\u00e9dia 160 quilos de ouro das \u00e1reas de garimpo ilegal. O preju\u00edzo ao er\u00e1rio pode chegar a R$ 17 milh\u00f5es, al\u00e9m dos danos ambientais \u00e0s reservas ind\u00edgenas. Os policiais investigam tamb\u00e9m a suspeita de que parte do ouro era usada para lavar dinheiro il\u00edcito proveniente de outras a\u00e7\u00f5es il\u00edcitas.<\/p><\/blockquote>\n<p>A r\u00e1pida destrui\u00e7\u00e3o das \u00e1reas de extra\u00e7\u00e3o impressionou os investigadores. &#8220;[\u00c9 impressionante] a voracidade com que o ecossistema vinha sendo degradado pela atividade extrativista, que polui os rios com merc\u00fario e outros metais pesados, destruindo a fauna, a flora e a cultura yanomami\u201d.<\/p>\n<p>\u00c9 na Terra Ind\u00edgena Yanomami que, desde a manh\u00e3 da \u00faltima sexta-feira (1), \u00edndios impedem um grupo de servidores da Secretaria Especial de Sa\u00fade Ind\u00edgena (Sesai) que visitavam a \u00e1rea para prestar atendimento m\u00e9dico b\u00e1sico de prosseguir viagem. Ontem, ao comentar o assunto, o coordenador de Pol\u00edticas P\u00fablicas da Hutukara Associa\u00e7\u00e3o Yanomami, D\u00e1rio Vit\u00f3rio Kopenawa, foi enf\u00e1tico ao associar o aumento do n\u00famero de casos de mal\u00e1ria, diarreia e at\u00e9 de c\u00e2ncer entre os \u00edndios de sua etnia \u00e0 presen\u00e7a ilegal de garimpeiros e \u00e0 consequente polui\u00e7\u00e3o dos rios que cortam a reserva e destrui\u00e7\u00e3o da flora.<\/p>\n<p>&#8220;H\u00e1 muitos problemas em todas as \u00e1reas ind\u00edgenas. Na reserva Yanomami, um problema \u00e9 a presen\u00e7a do garimpo. Onde h\u00e1 porta de entrada a invasores e garimpeiros que poluem nossos rios com merc\u00fario h\u00e1 mal\u00e1ria, diarreia e outras doen\u00e7as\u201d, observou D\u00e1rio.<\/p>\n<p>Cerca de 150 policiais federais participam da opera\u00e7\u00e3o, que conta tamb\u00e9m com a participa\u00e7\u00e3o de agentes do Instituto Brasileiro do Meio Ambiente e dos Recursos Naturais Renov\u00e1veis, o Ibama. O nome da opera\u00e7\u00e3o, Warari Koxi, \u00e9 uma alus\u00e3o a uma express\u00e3o yanomami para criticar a destrui\u00e7\u00e3o ou interven\u00e7\u00e3o prejudicial em um ambiente saud\u00e1vel.<\/p>\n<p>Se comprovado o envolvimento com o esquema, os investigados responder\u00e3o \u00e0 Justi\u00e7a pelos crimes de associa\u00e7\u00e3o criminosa, extra\u00e7\u00e3o de recursos naturais de forma ilegal, uso indiscriminado de merc\u00fario, usurpa\u00e7\u00e3o de patrim\u00f4nio da Uni\u00e3o, recepta\u00e7\u00e3o de bens provenientes de crime, corrup\u00e7\u00e3o passiva, viola\u00e7\u00e3o de sigilo funcional, contrabando, lavagem de dinheiro e de operar institui\u00e7\u00e3o financeira sem a devida autoriza\u00e7\u00e3o do Banco Central.<\/p>\n<header>\n<div class=\"node-info\"><strong>Alex Rodrigues, ABr<\/strong><strong><br \/>\n<\/strong><\/div>\n<\/header>\n<\/div>\n","protected":false},"excerpt":{"rendered":"<p>Policiais federais de Roraima, Rond\u00f4nia, S\u00e3o Paulo, Amazonas e Par\u00e1 est\u00e3o nas ruas desde as primeiras horas da manh\u00e3 desta quinta 7, cumprindo 313 mandados judiciais expedidos contra suspeitos de integrar um esquema de extra\u00e7\u00e3o ilegal de ouro e pedras preciosas em terras ind\u00edgenas. O principal alvo dos investigados \u00e9 a reserva ind\u00edgena Yanomami, de [&hellip;]<\/p>\n","protected":false},"author":2,"featured_media":47319,"comment_status":"open","ping_status":"closed","sticky":false,"template":"","format":"standard","meta":{"_acf_changed":false,"footnotes":""},"categories":[16],"tags":[],"class_list":["post-47317","post","type-post","status-publish","format-standard","has-post-thumbnail","hentry","category-brasil"],"acf":[],"yoast_head":"<!-- This site is optimized with the Yoast SEO plugin v27.2 - https:\/\/yoast.com\/product\/yoast-seo-wordpress\/ -->\n<title>PF ca\u00e7a gangue que rouba pedras preciosas em terra de \u00edndios - Notibras<\/title>\n<meta name=\"robots\" content=\"index, follow, max-snippet:-1, max-image-preview:large, max-video-preview:-1\" \/>\n<link rel=\"canonical\" href=\"https:\/\/www.notibras.com\/site\/federais-cacam-gangue-que-rouba-pedras-preciosas-em-terra-de-indios\/\" \/>\n<meta property=\"og:locale\" content=\"pt_BR\" \/>\n<meta property=\"og:type\" content=\"article\" \/>\n<meta property=\"og:title\" content=\"PF ca\u00e7a gangue que rouba pedras preciosas em terra de \u00edndios - Notibras\" \/>\n<meta property=\"og:description\" content=\"Policiais federais de Roraima, Rond\u00f4nia, S\u00e3o Paulo, Amazonas e Par\u00e1 est\u00e3o nas ruas desde as primeiras horas da manh\u00e3 desta quinta 7, cumprindo 313 mandados judiciais expedidos contra suspeitos de integrar um esquema de extra\u00e7\u00e3o ilegal de ouro e pedras preciosas em terras ind\u00edgenas. O principal alvo dos investigados \u00e9 a reserva ind\u00edgena Yanomami, de [&hellip;]\" \/>\n<meta property=\"og:url\" content=\"https:\/\/www.notibras.com\/site\/federais-cacam-gangue-que-rouba-pedras-preciosas-em-terra-de-indios\/\" \/>\n<meta property=\"og:site_name\" content=\"Notibras\" \/>\n<meta property=\"article:publisher\" content=\"https:\/\/www.facebook.com\/notibras\/\" \/>\n<meta property=\"article:published_time\" content=\"2015-05-07T14:55:58+00:00\" \/>\n<meta property=\"article:modified_time\" content=\"2015-05-07T14:56:50+00:00\" \/>\n<meta property=\"og:image\" content=\"https:\/\/www.notibras.com\/site\/wp-content\/uploads\/2015\/05\/pf7.jpg\" \/>\n\t<meta property=\"og:image:width\" content=\"730\" \/>\n\t<meta property=\"og:image:height\" content=\"502\" \/>\n\t<meta property=\"og:image:type\" content=\"image\/jpeg\" \/>\n<meta name=\"author\" content=\"Reda\u00e7\u00e3o\" \/>\n<meta name=\"twitter:card\" content=\"summary_large_image\" \/>\n<meta name=\"twitter:creator\" content=\"@Notibras\" \/>\n<meta name=\"twitter:site\" content=\"@Notibras\" \/>\n<meta name=\"twitter:label1\" content=\"Escrito por\" \/>\n\t<meta name=\"twitter:data1\" content=\"Reda\u00e7\u00e3o\" \/>\n\t<meta name=\"twitter:label2\" content=\"Est. tempo de leitura\" \/>\n\t<meta name=\"twitter:data2\" content=\"3 minutos\" \/>\n<script type=\"application\/ld+json\" class=\"yoast-schema-graph\">{\"@context\":\"https:\/\/schema.org\",\"@graph\":[{\"@type\":\"Article\",\"@id\":\"https:\/\/www.notibras.com\/site\/federais-cacam-gangue-que-rouba-pedras-preciosas-em-terra-de-indios\/#article\",\"isPartOf\":{\"@id\":\"https:\/\/www.notibras.com\/site\/federais-cacam-gangue-que-rouba-pedras-preciosas-em-terra-de-indios\/\"},\"author\":{\"name\":\"Reda\u00e7\u00e3o\",\"@id\":\"https:\/\/www.notibras.com\/site\/#\/schema\/person\/36ab0979449956132d3e5b517ea76ac8\"},\"headline\":\"PF ca\u00e7a gangue que rouba pedras preciosas em terra de \u00edndios\",\"datePublished\":\"2015-05-07T14:55:58+00:00\",\"dateModified\":\"2015-05-07T14:56:50+00:00\",\"mainEntityOfPage\":{\"@id\":\"https:\/\/www.notibras.com\/site\/federais-cacam-gangue-que-rouba-pedras-preciosas-em-terra-de-indios\/\"},\"wordCount\":585,\"commentCount\":0,\"publisher\":{\"@id\":\"https:\/\/www.notibras.com\/site\/#organization\"},\"image\":{\"@id\":\"https:\/\/www.notibras.com\/site\/federais-cacam-gangue-que-rouba-pedras-preciosas-em-terra-de-indios\/#primaryimage\"},\"thumbnailUrl\":\"https:\/\/www.notibras.com\/site\/wp-content\/uploads\/2015\/05\/pf7.jpg\",\"articleSection\":[\"Brasil\"],\"inLanguage\":\"pt-BR\",\"potentialAction\":[{\"@type\":\"CommentAction\",\"name\":\"Comment\",\"target\":[\"https:\/\/www.notibras.com\/site\/federais-cacam-gangue-que-rouba-pedras-preciosas-em-terra-de-indios\/#respond\"]}]},{\"@type\":\"WebPage\",\"@id\":\"https:\/\/www.notibras.com\/site\/federais-cacam-gangue-que-rouba-pedras-preciosas-em-terra-de-indios\/\",\"url\":\"https:\/\/www.notibras.com\/site\/federais-cacam-gangue-que-rouba-pedras-preciosas-em-terra-de-indios\/\",\"name\":\"PF ca\u00e7a gangue que rouba pedras preciosas em terra de \u00edndios - Notibras\",\"isPartOf\":{\"@id\":\"https:\/\/www.notibras.com\/site\/#website\"},\"primaryImageOfPage\":{\"@id\":\"https:\/\/www.notibras.com\/site\/federais-cacam-gangue-que-rouba-pedras-preciosas-em-terra-de-indios\/#primaryimage\"},\"image\":{\"@id\":\"https:\/\/www.notibras.com\/site\/federais-cacam-gangue-que-rouba-pedras-preciosas-em-terra-de-indios\/#primaryimage\"},\"thumbnailUrl\":\"https:\/\/www.notibras.com\/site\/wp-content\/uploads\/2015\/05\/pf7.jpg\",\"datePublished\":\"2015-05-07T14:55:58+00:00\",\"dateModified\":\"2015-05-07T14:56:50+00:00\",\"breadcrumb\":{\"@id\":\"https:\/\/www.notibras.com\/site\/federais-cacam-gangue-que-rouba-pedras-preciosas-em-terra-de-indios\/#breadcrumb\"},\"inLanguage\":\"pt-BR\",\"potentialAction\":[{\"@type\":\"ReadAction\",\"target\":[\"https:\/\/www.notibras.com\/site\/federais-cacam-gangue-que-rouba-pedras-preciosas-em-terra-de-indios\/\"]}]},{\"@type\":\"ImageObject\",\"inLanguage\":\"pt-BR\",\"@id\":\"https:\/\/www.notibras.com\/site\/federais-cacam-gangue-que-rouba-pedras-preciosas-em-terra-de-indios\/#primaryimage\",\"url\":\"https:\/\/www.notibras.com\/site\/wp-content\/uploads\/2015\/05\/pf7.jpg\",\"contentUrl\":\"https:\/\/www.notibras.com\/site\/wp-content\/uploads\/2015\/05\/pf7.jpg\",\"width\":730,\"height\":502},{\"@type\":\"BreadcrumbList\",\"@id\":\"https:\/\/www.notibras.com\/site\/federais-cacam-gangue-que-rouba-pedras-preciosas-em-terra-de-indios\/#breadcrumb\",\"itemListElement\":[{\"@type\":\"ListItem\",\"position\":1,\"name\":\"In\u00edcio\",\"item\":\"https:\/\/www.notibras.com\/site\/\"},{\"@type\":\"ListItem\",\"position\":2,\"name\":\"PF ca\u00e7a gangue que rouba pedras preciosas em terra de \u00edndios\"}]},{\"@type\":\"WebSite\",\"@id\":\"https:\/\/www.notibras.com\/site\/#website\",\"url\":\"https:\/\/www.notibras.com\/site\/\",\"name\":\"Notibras\",\"description\":\"Not\u00edcias de Bras\u00edlia, do Brasil e do Mundo\",\"publisher\":{\"@id\":\"https:\/\/www.notibras.com\/site\/#organization\"},\"potentialAction\":[{\"@type\":\"SearchAction\",\"target\":{\"@type\":\"EntryPoint\",\"urlTemplate\":\"https:\/\/www.notibras.com\/site\/?s={search_term_string}\"},\"query-input\":{\"@type\":\"PropertyValueSpecification\",\"valueRequired\":true,\"valueName\":\"search_term_string\"}}],\"inLanguage\":\"pt-BR\"},{\"@type\":\"Organization\",\"@id\":\"https:\/\/www.notibras.com\/site\/#organization\",\"name\":\"Grupo Notibras de Comunica\u00e7\u00e3o\",\"url\":\"https:\/\/www.notibras.com\/site\/\",\"logo\":{\"@type\":\"ImageObject\",\"inLanguage\":\"pt-BR\",\"@id\":\"https:\/\/www.notibras.com\/site\/#\/schema\/logo\/image\/\",\"url\":\"https:\/\/www.notibras.com\/site\/wp-content\/uploads\/2023\/01\/notibras23.png\",\"contentUrl\":\"https:\/\/www.notibras.com\/site\/wp-content\/uploads\/2023\/01\/notibras23.png\",\"width\":350,\"height\":87,\"caption\":\"Grupo Notibras de Comunica\u00e7\u00e3o\"},\"image\":{\"@id\":\"https:\/\/www.notibras.com\/site\/#\/schema\/logo\/image\/\"},\"sameAs\":[\"https:\/\/www.facebook.com\/notibras\/\",\"https:\/\/x.com\/Notibras\",\"https:\/\/www.instagram.com\/notibras\/\"]},{\"@type\":\"Person\",\"@id\":\"https:\/\/www.notibras.com\/site\/#\/schema\/person\/36ab0979449956132d3e5b517ea76ac8\",\"name\":\"Reda\u00e7\u00e3o\",\"image\":{\"@type\":\"ImageObject\",\"inLanguage\":\"pt-BR\",\"@id\":\"https:\/\/secure.gravatar.com\/avatar\/e0a867bdedb85fd243eadf09663511f96fc81e0720a4a42581f334ad4303aa6b?s=96&d=mm&r=g\",\"url\":\"https:\/\/secure.gravatar.com\/avatar\/e0a867bdedb85fd243eadf09663511f96fc81e0720a4a42581f334ad4303aa6b?s=96&d=mm&r=g\",\"contentUrl\":\"https:\/\/secure.gravatar.com\/avatar\/e0a867bdedb85fd243eadf09663511f96fc81e0720a4a42581f334ad4303aa6b?s=96&d=mm&r=g\",\"caption\":\"Reda\u00e7\u00e3o\"}}]}<\/script>\n<!-- \/ Yoast SEO plugin. -->","yoast_head_json":{"title":"PF ca\u00e7a gangue que rouba pedras preciosas em terra de \u00edndios - Notibras","robots":{"index":"index","follow":"follow","max-snippet":"max-snippet:-1","max-image-preview":"max-image-preview:large","max-video-preview":"max-video-preview:-1"},"canonical":"https:\/\/www.notibras.com\/site\/federais-cacam-gangue-que-rouba-pedras-preciosas-em-terra-de-indios\/","og_locale":"pt_BR","og_type":"article","og_title":"PF ca\u00e7a gangue que rouba pedras preciosas em terra de \u00edndios - Notibras","og_description":"Policiais federais de Roraima, Rond\u00f4nia, S\u00e3o Paulo, Amazonas e Par\u00e1 est\u00e3o nas ruas desde as primeiras horas da manh\u00e3 desta quinta 7, cumprindo 313 mandados judiciais expedidos contra suspeitos de integrar um esquema de extra\u00e7\u00e3o ilegal de ouro e pedras preciosas em terras ind\u00edgenas. O principal alvo dos investigados \u00e9 a reserva ind\u00edgena Yanomami, de [&hellip;]","og_url":"https:\/\/www.notibras.com\/site\/federais-cacam-gangue-que-rouba-pedras-preciosas-em-terra-de-indios\/","og_site_name":"Notibras","article_publisher":"https:\/\/www.facebook.com\/notibras\/","article_published_time":"2015-05-07T14:55:58+00:00","article_modified_time":"2015-05-07T14:56:50+00:00","og_image":[{"width":730,"height":502,"url":"https:\/\/www.notibras.com\/site\/wp-content\/uploads\/2015\/05\/pf7.jpg","type":"image\/jpeg"}],"author":"Reda\u00e7\u00e3o","twitter_card":"summary_large_image","twitter_creator":"@Notibras","twitter_site":"@Notibras","twitter_misc":{"Escrito por":"Reda\u00e7\u00e3o","Est. tempo de leitura":"3 minutos"},"schema":{"@context":"https:\/\/schema.org","@graph":[{"@type":"Article","@id":"https:\/\/www.notibras.com\/site\/federais-cacam-gangue-que-rouba-pedras-preciosas-em-terra-de-indios\/#article","isPartOf":{"@id":"https:\/\/www.notibras.com\/site\/federais-cacam-gangue-que-rouba-pedras-preciosas-em-terra-de-indios\/"},"author":{"name":"Reda\u00e7\u00e3o","@id":"https:\/\/www.notibras.com\/site\/#\/schema\/person\/36ab0979449956132d3e5b517ea76ac8"},"headline":"PF ca\u00e7a gangue que rouba pedras preciosas em terra de \u00edndios","datePublished":"2015-05-07T14:55:58+00:00","dateModified":"2015-05-07T14:56:50+00:00","mainEntityOfPage":{"@id":"https:\/\/www.notibras.com\/site\/federais-cacam-gangue-que-rouba-pedras-preciosas-em-terra-de-indios\/"},"wordCount":585,"commentCount":0,"publisher":{"@id":"https:\/\/www.notibras.com\/site\/#organization"},"image":{"@id":"https:\/\/www.notibras.com\/site\/federais-cacam-gangue-que-rouba-pedras-preciosas-em-terra-de-indios\/#primaryimage"},"thumbnailUrl":"https:\/\/www.notibras.com\/site\/wp-content\/uploads\/2015\/05\/pf7.jpg","articleSection":["Brasil"],"inLanguage":"pt-BR","potentialAction":[{"@type":"CommentAction","name":"Comment","target":["https:\/\/www.notibras.com\/site\/federais-cacam-gangue-que-rouba-pedras-preciosas-em-terra-de-indios\/#respond"]}]},{"@type":"WebPage","@id":"https:\/\/www.notibras.com\/site\/federais-cacam-gangue-que-rouba-pedras-preciosas-em-terra-de-indios\/","url":"https:\/\/www.notibras.com\/site\/federais-cacam-gangue-que-rouba-pedras-preciosas-em-terra-de-indios\/","name":"PF ca\u00e7a gangue que rouba pedras preciosas em terra de \u00edndios - Notibras","isPartOf":{"@id":"https:\/\/www.notibras.com\/site\/#website"},"primaryImageOfPage":{"@id":"https:\/\/www.notibras.com\/site\/federais-cacam-gangue-que-rouba-pedras-preciosas-em-terra-de-indios\/#primaryimage"},"image":{"@id":"https:\/\/www.notibras.com\/site\/federais-cacam-gangue-que-rouba-pedras-preciosas-em-terra-de-indios\/#primaryimage"},"thumbnailUrl":"https:\/\/www.notibras.com\/site\/wp-content\/uploads\/2015\/05\/pf7.jpg","datePublished":"2015-05-07T14:55:58+00:00","dateModified":"2015-05-07T14:56:50+00:00","breadcrumb":{"@id":"https:\/\/www.notibras.com\/site\/federais-cacam-gangue-que-rouba-pedras-preciosas-em-terra-de-indios\/#breadcrumb"},"inLanguage":"pt-BR","potentialAction":[{"@type":"ReadAction","target":["https:\/\/www.notibras.com\/site\/federais-cacam-gangue-que-rouba-pedras-preciosas-em-terra-de-indios\/"]}]},{"@type":"ImageObject","inLanguage":"pt-BR","@id":"https:\/\/www.notibras.com\/site\/federais-cacam-gangue-que-rouba-pedras-preciosas-em-terra-de-indios\/#primaryimage","url":"https:\/\/www.notibras.com\/site\/wp-content\/uploads\/2015\/05\/pf7.jpg","contentUrl":"https:\/\/www.notibras.com\/site\/wp-content\/uploads\/2015\/05\/pf7.jpg","width":730,"height":502},{"@type":"BreadcrumbList","@id":"https:\/\/www.notibras.com\/site\/federais-cacam-gangue-que-rouba-pedras-preciosas-em-terra-de-indios\/#breadcrumb","itemListElement":[{"@type":"ListItem","position":1,"name":"In\u00edcio","item":"https:\/\/www.notibras.com\/site\/"},{"@type":"ListItem","position":2,"name":"PF ca\u00e7a gangue que rouba pedras preciosas em terra de \u00edndios"}]},{"@type":"WebSite","@id":"https:\/\/www.notibras.com\/site\/#website","url":"https:\/\/www.notibras.com\/site\/","name":"Notibras","description":"Not\u00edcias de Bras\u00edlia, do Brasil e do Mundo","publisher":{"@id":"https:\/\/www.notibras.com\/site\/#organization"},"potentialAction":[{"@type":"SearchAction","target":{"@type":"EntryPoint","urlTemplate":"https:\/\/www.notibras.com\/site\/?s={search_term_string}"},"query-input":{"@type":"PropertyValueSpecification","valueRequired":true,"valueName":"search_term_string"}}],"inLanguage":"pt-BR"},{"@type":"Organization","@id":"https:\/\/www.notibras.com\/site\/#organization","name":"Grupo Notibras de Comunica\u00e7\u00e3o","url":"https:\/\/www.notibras.com\/site\/","logo":{"@type":"ImageObject","inLanguage":"pt-BR","@id":"https:\/\/www.notibras.com\/site\/#\/schema\/logo\/image\/","url":"https:\/\/www.notibras.com\/site\/wp-content\/uploads\/2023\/01\/notibras23.png","contentUrl":"https:\/\/www.notibras.com\/site\/wp-content\/uploads\/2023\/01\/notibras23.png","width":350,"height":87,"caption":"Grupo Notibras de Comunica\u00e7\u00e3o"},"image":{"@id":"https:\/\/www.notibras.com\/site\/#\/schema\/logo\/image\/"},"sameAs":["https:\/\/www.facebook.com\/notibras\/","https:\/\/x.com\/Notibras","https:\/\/www.instagram.com\/notibras\/"]},{"@type":"Person","@id":"https:\/\/www.notibras.com\/site\/#\/schema\/person\/36ab0979449956132d3e5b517ea76ac8","name":"Reda\u00e7\u00e3o","image":{"@type":"ImageObject","inLanguage":"pt-BR","@id":"https:\/\/secure.gravatar.com\/avatar\/e0a867bdedb85fd243eadf09663511f96fc81e0720a4a42581f334ad4303aa6b?s=96&d=mm&r=g","url":"https:\/\/secure.gravatar.com\/avatar\/e0a867bdedb85fd243eadf09663511f96fc81e0720a4a42581f334ad4303aa6b?s=96&d=mm&r=g","contentUrl":"https:\/\/secure.gravatar.com\/avatar\/e0a867bdedb85fd243eadf09663511f96fc81e0720a4a42581f334ad4303aa6b?s=96&d=mm&r=g","caption":"Reda\u00e7\u00e3o"}}]}},"amp_enabled":true,"_links":{"self":[{"href":"https:\/\/www.notibras.com\/site\/wp-json\/wp\/v2\/posts\/47317","targetHints":{"allow":["GET"]}}],"collection":[{"href":"https:\/\/www.notibras.com\/site\/wp-json\/wp\/v2\/posts"}],"about":[{"href":"https:\/\/www.notibras.com\/site\/wp-json\/wp\/v2\/types\/post"}],"author":[{"embeddable":true,"href":"https:\/\/www.notibras.com\/site\/wp-json\/wp\/v2\/users\/2"}],"replies":[{"embeddable":true,"href":"https:\/\/www.notibras.com\/site\/wp-json\/wp\/v2\/comments?post=47317"}],"version-history":[{"count":0,"href":"https:\/\/www.notibras.com\/site\/wp-json\/wp\/v2\/posts\/47317\/revisions"}],"wp:featuredmedia":[{"embeddable":true,"href":"https:\/\/www.notibras.com\/site\/wp-json\/wp\/v2\/media\/47319"}],"wp:attachment":[{"href":"https:\/\/www.notibras.com\/site\/wp-json\/wp\/v2\/media?parent=47317"}],"wp:term":[{"taxonomy":"category","embeddable":true,"href":"https:\/\/www.notibras.com\/site\/wp-json\/wp\/v2\/categories?post=47317"},{"taxonomy":"post_tag","embeddable":true,"href":"https:\/\/www.notibras.com\/site\/wp-json\/wp\/v2\/tags?post=47317"}],"curies":[{"name":"wp","href":"https:\/\/api.w.org\/{rel}","templated":true}]}}