{"id":47323,"date":"2015-05-07T12:03:37","date_gmt":"2015-05-07T15:03:37","guid":{"rendered":"http:\/\/www.notibras.com\/site\/?p=47323"},"modified":"2015-05-07T19:26:26","modified_gmt":"2015-05-07T22:26:26","slug":"crise-se-agrava-e-desemprego-bate-na-casa-dos-8-maior-indice-desde-2013","status":"publish","type":"post","link":"https:\/\/www.notibras.com\/site\/crise-se-agrava-e-desemprego-bate-na-casa-dos-8-maior-indice-desde-2013\/","title":{"rendered":"Crise se agrava e desemprego bate na casa dos 8%"},"content":{"rendered":"<p>A taxa de desemprego do pa\u00eds fechou o primeiro trimestre do ano em 7,9%, a maior registrada desde o primeiro trimestre de 2013 (8%). Os dados fazem parte da Pesquisa Nacional por Amostra de Domic\u00edlio Cont\u00ednua (Pnad Cont\u00ednua), divulgada nesta quinta-feira 7 pelo Instituto Brasileiro de Geografia e estat\u00edstica (IBGE). A Pnad Cont\u00ednua se destina a produzir informa\u00e7\u00f5es sobre a inser\u00e7\u00e3o da popula\u00e7\u00e3o no mercado de trabalho.<\/p>\n<p>Segundo o IBGE, o \u00edndices de desocupa\u00e7\u00e3o cresceu na compara\u00e7\u00e3o com o quarto trimestre de 2014, quando a taxa de desemprego foi 6,5%. Tamb\u00e9m houve aumento em rela\u00e7\u00e3o ao primeiro trimestre de 2014, quando a taxa de desocupa\u00e7\u00e3o correspondeu a 7,2%.<\/p>\n<blockquote><p>A pesquisa informa que a popula\u00e7\u00e3o ocupada fechou o primeiro trimestre do ano em 90,023 milh\u00f5es de trabalhadores, queda de 0,9% em rela\u00e7\u00e3o aos 92,875 milh\u00f5es empregados no quarto trimestre do ano passado.<\/p><\/blockquote>\n<p>A popula\u00e7\u00e3o desocupada fechou o primeiro trimestre deste ano em 7,934 milh\u00f5es de pessoas, registrando uma varia\u00e7\u00e3o de 23% na compara\u00e7\u00e3o com o trimestre imediatamente anterior. Em rela\u00e7\u00e3o ao primeiro trimestre do ano passado, houve varia\u00e7\u00e3o de 12,6%.<\/p>\n<p>O n\u00edvel da ocupa\u00e7\u00e3o (indicador que mede a parcela da popula\u00e7\u00e3o ocupada em rela\u00e7\u00e3o \u00e0 popula\u00e7\u00e3o em idade de trabalhar) foi estimado em 56,2% no primeiro trimestre de 2015, abaixo dos 56,9% verificados no trimestre anterior e dos 56,8% observados no primeiro trimestre de 2014.<\/p>\n<p>O IBGE apurou que, no primeiro trimestre de 2015, 78,2% dos empregados no setor privado tinham Carteira de Trabalho assinada, um avan\u00e7o de 0,5 ponto percentual em rela\u00e7\u00e3o a igual trimestre de 2014 (77,7%). Em rela\u00e7\u00e3o ao trimestre anterior, n\u00e3o houve varia\u00e7\u00e3o.<\/p>\n<p>O rendimento m\u00e9dio real habitual dos trabalhadores brasileiros foi estimado em R$ 1.840, valor 0,8% maior que o registrado no trimestre anterior (R$ 1.825) e est\u00e1vel em rela\u00e7\u00e3o ao obtido no primeiro trimestre de 2014 (R$ 1.840).<\/p>\n<p>A massa de rendimento m\u00e9dio real habitual dos ocupados foi estimada em R$ 163,8 bilh\u00f5es, registrando aumento de 3% em rela\u00e7\u00e3o ao quarto trimestre de 2014. Na compara\u00e7\u00e3o anual, segundo o IBGE, houve alta de 8,7%.<\/p>\n<p><strong>Nielmar de Oliveira, ABr<\/strong><\/p>\n","protected":false},"excerpt":{"rendered":"<p>A taxa de desemprego do pa\u00eds fechou o primeiro trimestre do ano em 7,9%, a maior registrada desde o primeiro trimestre de 2013 (8%). Os dados fazem parte da Pesquisa Nacional por Amostra de Domic\u00edlio Cont\u00ednua (Pnad Cont\u00ednua), divulgada nesta quinta-feira 7 pelo Instituto Brasileiro de Geografia e estat\u00edstica (IBGE). A Pnad Cont\u00ednua se destina [&hellip;]<\/p>\n","protected":false},"author":2,"featured_media":47325,"comment_status":"open","ping_status":"closed","sticky":false,"template":"","format":"standard","meta":{"_acf_changed":false,"footnotes":""},"categories":[16],"tags":[],"class_list":["post-47323","post","type-post","status-publish","format-standard","has-post-thumbnail","hentry","category-brasil"],"acf":[],"yoast_head":"<!-- This site is optimized with the Yoast SEO plugin v27.2 - https:\/\/yoast.com\/product\/yoast-seo-wordpress\/ -->\n<title>Crise se agrava e desemprego bate na casa dos 8% - Notibras<\/title>\n<meta name=\"robots\" content=\"index, follow, max-snippet:-1, max-image-preview:large, max-video-preview:-1\" \/>\n<link rel=\"canonical\" href=\"https:\/\/www.notibras.com\/site\/crise-se-agrava-e-desemprego-bate-na-casa-dos-8-maior-indice-desde-2013\/\" \/>\n<meta property=\"og:locale\" content=\"pt_BR\" \/>\n<meta property=\"og:type\" content=\"article\" \/>\n<meta property=\"og:title\" content=\"Crise se agrava e desemprego bate na casa dos 8% - Notibras\" \/>\n<meta property=\"og:description\" content=\"A taxa de desemprego do pa\u00eds fechou o primeiro trimestre do ano em 7,9%, a maior registrada desde o primeiro trimestre de 2013 (8%). Os dados fazem parte da Pesquisa Nacional por Amostra de Domic\u00edlio Cont\u00ednua (Pnad Cont\u00ednua), divulgada nesta quinta-feira 7 pelo Instituto Brasileiro de Geografia e estat\u00edstica (IBGE). A Pnad Cont\u00ednua se destina [&hellip;]\" \/>\n<meta property=\"og:url\" content=\"https:\/\/www.notibras.com\/site\/crise-se-agrava-e-desemprego-bate-na-casa-dos-8-maior-indice-desde-2013\/\" \/>\n<meta property=\"og:site_name\" content=\"Notibras\" \/>\n<meta property=\"article:publisher\" content=\"https:\/\/www.facebook.com\/notibras\/\" \/>\n<meta property=\"article:published_time\" content=\"2015-05-07T15:03:37+00:00\" \/>\n<meta property=\"article:modified_time\" content=\"2015-05-07T22:26:26+00:00\" \/>\n<meta property=\"og:image\" content=\"https:\/\/www.notibras.com\/site\/wp-content\/uploads\/2015\/05\/Desempregado1.jpg\" \/>\n\t<meta property=\"og:image:width\" content=\"639\" \/>\n\t<meta property=\"og:image:height\" content=\"427\" \/>\n\t<meta property=\"og:image:type\" content=\"image\/jpeg\" \/>\n<meta name=\"author\" content=\"Reda\u00e7\u00e3o\" \/>\n<meta name=\"twitter:card\" content=\"summary_large_image\" \/>\n<meta name=\"twitter:creator\" content=\"@Notibras\" \/>\n<meta name=\"twitter:site\" content=\"@Notibras\" \/>\n<meta name=\"twitter:label1\" content=\"Escrito por\" \/>\n\t<meta name=\"twitter:data1\" content=\"Reda\u00e7\u00e3o\" \/>\n\t<meta name=\"twitter:label2\" content=\"Est. tempo de leitura\" \/>\n\t<meta name=\"twitter:data2\" content=\"2 minutos\" \/>\n<script type=\"application\/ld+json\" class=\"yoast-schema-graph\">{\"@context\":\"https:\/\/schema.org\",\"@graph\":[{\"@type\":\"Article\",\"@id\":\"https:\/\/www.notibras.com\/site\/crise-se-agrava-e-desemprego-bate-na-casa-dos-8-maior-indice-desde-2013\/#article\",\"isPartOf\":{\"@id\":\"https:\/\/www.notibras.com\/site\/crise-se-agrava-e-desemprego-bate-na-casa-dos-8-maior-indice-desde-2013\/\"},\"author\":{\"name\":\"Reda\u00e7\u00e3o\",\"@id\":\"https:\/\/www.notibras.com\/site\/#\/schema\/person\/36ab0979449956132d3e5b517ea76ac8\"},\"headline\":\"Crise se agrava e desemprego bate na casa dos 8%\",\"datePublished\":\"2015-05-07T15:03:37+00:00\",\"dateModified\":\"2015-05-07T22:26:26+00:00\",\"mainEntityOfPage\":{\"@id\":\"https:\/\/www.notibras.com\/site\/crise-se-agrava-e-desemprego-bate-na-casa-dos-8-maior-indice-desde-2013\/\"},\"wordCount\":359,\"commentCount\":0,\"publisher\":{\"@id\":\"https:\/\/www.notibras.com\/site\/#organization\"},\"image\":{\"@id\":\"https:\/\/www.notibras.com\/site\/crise-se-agrava-e-desemprego-bate-na-casa-dos-8-maior-indice-desde-2013\/#primaryimage\"},\"thumbnailUrl\":\"https:\/\/www.notibras.com\/site\/wp-content\/uploads\/2015\/05\/Desempregado1.jpg\",\"articleSection\":[\"Brasil\"],\"inLanguage\":\"pt-BR\",\"potentialAction\":[{\"@type\":\"CommentAction\",\"name\":\"Comment\",\"target\":[\"https:\/\/www.notibras.com\/site\/crise-se-agrava-e-desemprego-bate-na-casa-dos-8-maior-indice-desde-2013\/#respond\"]}]},{\"@type\":\"WebPage\",\"@id\":\"https:\/\/www.notibras.com\/site\/crise-se-agrava-e-desemprego-bate-na-casa-dos-8-maior-indice-desde-2013\/\",\"url\":\"https:\/\/www.notibras.com\/site\/crise-se-agrava-e-desemprego-bate-na-casa-dos-8-maior-indice-desde-2013\/\",\"name\":\"Crise se agrava e desemprego bate na casa dos 8% - Notibras\",\"isPartOf\":{\"@id\":\"https:\/\/www.notibras.com\/site\/#website\"},\"primaryImageOfPage\":{\"@id\":\"https:\/\/www.notibras.com\/site\/crise-se-agrava-e-desemprego-bate-na-casa-dos-8-maior-indice-desde-2013\/#primaryimage\"},\"image\":{\"@id\":\"https:\/\/www.notibras.com\/site\/crise-se-agrava-e-desemprego-bate-na-casa-dos-8-maior-indice-desde-2013\/#primaryimage\"},\"thumbnailUrl\":\"https:\/\/www.notibras.com\/site\/wp-content\/uploads\/2015\/05\/Desempregado1.jpg\",\"datePublished\":\"2015-05-07T15:03:37+00:00\",\"dateModified\":\"2015-05-07T22:26:26+00:00\",\"breadcrumb\":{\"@id\":\"https:\/\/www.notibras.com\/site\/crise-se-agrava-e-desemprego-bate-na-casa-dos-8-maior-indice-desde-2013\/#breadcrumb\"},\"inLanguage\":\"pt-BR\",\"potentialAction\":[{\"@type\":\"ReadAction\",\"target\":[\"https:\/\/www.notibras.com\/site\/crise-se-agrava-e-desemprego-bate-na-casa-dos-8-maior-indice-desde-2013\/\"]}]},{\"@type\":\"ImageObject\",\"inLanguage\":\"pt-BR\",\"@id\":\"https:\/\/www.notibras.com\/site\/crise-se-agrava-e-desemprego-bate-na-casa-dos-8-maior-indice-desde-2013\/#primaryimage\",\"url\":\"https:\/\/www.notibras.com\/site\/wp-content\/uploads\/2015\/05\/Desempregado1.jpg\",\"contentUrl\":\"https:\/\/www.notibras.com\/site\/wp-content\/uploads\/2015\/05\/Desempregado1.jpg\",\"width\":639,\"height\":427},{\"@type\":\"BreadcrumbList\",\"@id\":\"https:\/\/www.notibras.com\/site\/crise-se-agrava-e-desemprego-bate-na-casa-dos-8-maior-indice-desde-2013\/#breadcrumb\",\"itemListElement\":[{\"@type\":\"ListItem\",\"position\":1,\"name\":\"In\u00edcio\",\"item\":\"https:\/\/www.notibras.com\/site\/\"},{\"@type\":\"ListItem\",\"position\":2,\"name\":\"Crise se agrava e desemprego bate na casa dos 8%\"}]},{\"@type\":\"WebSite\",\"@id\":\"https:\/\/www.notibras.com\/site\/#website\",\"url\":\"https:\/\/www.notibras.com\/site\/\",\"name\":\"Notibras\",\"description\":\"Not\u00edcias de Bras\u00edlia, do Brasil e do Mundo\",\"publisher\":{\"@id\":\"https:\/\/www.notibras.com\/site\/#organization\"},\"potentialAction\":[{\"@type\":\"SearchAction\",\"target\":{\"@type\":\"EntryPoint\",\"urlTemplate\":\"https:\/\/www.notibras.com\/site\/?s={search_term_string}\"},\"query-input\":{\"@type\":\"PropertyValueSpecification\",\"valueRequired\":true,\"valueName\":\"search_term_string\"}}],\"inLanguage\":\"pt-BR\"},{\"@type\":\"Organization\",\"@id\":\"https:\/\/www.notibras.com\/site\/#organization\",\"name\":\"Grupo Notibras de Comunica\u00e7\u00e3o\",\"url\":\"https:\/\/www.notibras.com\/site\/\",\"logo\":{\"@type\":\"ImageObject\",\"inLanguage\":\"pt-BR\",\"@id\":\"https:\/\/www.notibras.com\/site\/#\/schema\/logo\/image\/\",\"url\":\"https:\/\/www.notibras.com\/site\/wp-content\/uploads\/2023\/01\/notibras23.png\",\"contentUrl\":\"https:\/\/www.notibras.com\/site\/wp-content\/uploads\/2023\/01\/notibras23.png\",\"width\":350,\"height\":87,\"caption\":\"Grupo Notibras de Comunica\u00e7\u00e3o\"},\"image\":{\"@id\":\"https:\/\/www.notibras.com\/site\/#\/schema\/logo\/image\/\"},\"sameAs\":[\"https:\/\/www.facebook.com\/notibras\/\",\"https:\/\/x.com\/Notibras\",\"https:\/\/www.instagram.com\/notibras\/\"]},{\"@type\":\"Person\",\"@id\":\"https:\/\/www.notibras.com\/site\/#\/schema\/person\/36ab0979449956132d3e5b517ea76ac8\",\"name\":\"Reda\u00e7\u00e3o\",\"image\":{\"@type\":\"ImageObject\",\"inLanguage\":\"pt-BR\",\"@id\":\"https:\/\/secure.gravatar.com\/avatar\/e0a867bdedb85fd243eadf09663511f96fc81e0720a4a42581f334ad4303aa6b?s=96&d=mm&r=g\",\"url\":\"https:\/\/secure.gravatar.com\/avatar\/e0a867bdedb85fd243eadf09663511f96fc81e0720a4a42581f334ad4303aa6b?s=96&d=mm&r=g\",\"contentUrl\":\"https:\/\/secure.gravatar.com\/avatar\/e0a867bdedb85fd243eadf09663511f96fc81e0720a4a42581f334ad4303aa6b?s=96&d=mm&r=g\",\"caption\":\"Reda\u00e7\u00e3o\"}}]}<\/script>\n<!-- \/ Yoast SEO plugin. -->","yoast_head_json":{"title":"Crise se agrava e desemprego bate na casa dos 8% - Notibras","robots":{"index":"index","follow":"follow","max-snippet":"max-snippet:-1","max-image-preview":"max-image-preview:large","max-video-preview":"max-video-preview:-1"},"canonical":"https:\/\/www.notibras.com\/site\/crise-se-agrava-e-desemprego-bate-na-casa-dos-8-maior-indice-desde-2013\/","og_locale":"pt_BR","og_type":"article","og_title":"Crise se agrava e desemprego bate na casa dos 8% - Notibras","og_description":"A taxa de desemprego do pa\u00eds fechou o primeiro trimestre do ano em 7,9%, a maior registrada desde o primeiro trimestre de 2013 (8%). Os dados fazem parte da Pesquisa Nacional por Amostra de Domic\u00edlio Cont\u00ednua (Pnad Cont\u00ednua), divulgada nesta quinta-feira 7 pelo Instituto Brasileiro de Geografia e estat\u00edstica (IBGE). A Pnad Cont\u00ednua se destina [&hellip;]","og_url":"https:\/\/www.notibras.com\/site\/crise-se-agrava-e-desemprego-bate-na-casa-dos-8-maior-indice-desde-2013\/","og_site_name":"Notibras","article_publisher":"https:\/\/www.facebook.com\/notibras\/","article_published_time":"2015-05-07T15:03:37+00:00","article_modified_time":"2015-05-07T22:26:26+00:00","og_image":[{"width":639,"height":427,"url":"https:\/\/www.notibras.com\/site\/wp-content\/uploads\/2015\/05\/Desempregado1.jpg","type":"image\/jpeg"}],"author":"Reda\u00e7\u00e3o","twitter_card":"summary_large_image","twitter_creator":"@Notibras","twitter_site":"@Notibras","twitter_misc":{"Escrito por":"Reda\u00e7\u00e3o","Est. tempo de leitura":"2 minutos"},"schema":{"@context":"https:\/\/schema.org","@graph":[{"@type":"Article","@id":"https:\/\/www.notibras.com\/site\/crise-se-agrava-e-desemprego-bate-na-casa-dos-8-maior-indice-desde-2013\/#article","isPartOf":{"@id":"https:\/\/www.notibras.com\/site\/crise-se-agrava-e-desemprego-bate-na-casa-dos-8-maior-indice-desde-2013\/"},"author":{"name":"Reda\u00e7\u00e3o","@id":"https:\/\/www.notibras.com\/site\/#\/schema\/person\/36ab0979449956132d3e5b517ea76ac8"},"headline":"Crise se agrava e desemprego bate na casa dos 8%","datePublished":"2015-05-07T15:03:37+00:00","dateModified":"2015-05-07T22:26:26+00:00","mainEntityOfPage":{"@id":"https:\/\/www.notibras.com\/site\/crise-se-agrava-e-desemprego-bate-na-casa-dos-8-maior-indice-desde-2013\/"},"wordCount":359,"commentCount":0,"publisher":{"@id":"https:\/\/www.notibras.com\/site\/#organization"},"image":{"@id":"https:\/\/www.notibras.com\/site\/crise-se-agrava-e-desemprego-bate-na-casa-dos-8-maior-indice-desde-2013\/#primaryimage"},"thumbnailUrl":"https:\/\/www.notibras.com\/site\/wp-content\/uploads\/2015\/05\/Desempregado1.jpg","articleSection":["Brasil"],"inLanguage":"pt-BR","potentialAction":[{"@type":"CommentAction","name":"Comment","target":["https:\/\/www.notibras.com\/site\/crise-se-agrava-e-desemprego-bate-na-casa-dos-8-maior-indice-desde-2013\/#respond"]}]},{"@type":"WebPage","@id":"https:\/\/www.notibras.com\/site\/crise-se-agrava-e-desemprego-bate-na-casa-dos-8-maior-indice-desde-2013\/","url":"https:\/\/www.notibras.com\/site\/crise-se-agrava-e-desemprego-bate-na-casa-dos-8-maior-indice-desde-2013\/","name":"Crise se agrava e desemprego bate na casa dos 8% - Notibras","isPartOf":{"@id":"https:\/\/www.notibras.com\/site\/#website"},"primaryImageOfPage":{"@id":"https:\/\/www.notibras.com\/site\/crise-se-agrava-e-desemprego-bate-na-casa-dos-8-maior-indice-desde-2013\/#primaryimage"},"image":{"@id":"https:\/\/www.notibras.com\/site\/crise-se-agrava-e-desemprego-bate-na-casa-dos-8-maior-indice-desde-2013\/#primaryimage"},"thumbnailUrl":"https:\/\/www.notibras.com\/site\/wp-content\/uploads\/2015\/05\/Desempregado1.jpg","datePublished":"2015-05-07T15:03:37+00:00","dateModified":"2015-05-07T22:26:26+00:00","breadcrumb":{"@id":"https:\/\/www.notibras.com\/site\/crise-se-agrava-e-desemprego-bate-na-casa-dos-8-maior-indice-desde-2013\/#breadcrumb"},"inLanguage":"pt-BR","potentialAction":[{"@type":"ReadAction","target":["https:\/\/www.notibras.com\/site\/crise-se-agrava-e-desemprego-bate-na-casa-dos-8-maior-indice-desde-2013\/"]}]},{"@type":"ImageObject","inLanguage":"pt-BR","@id":"https:\/\/www.notibras.com\/site\/crise-se-agrava-e-desemprego-bate-na-casa-dos-8-maior-indice-desde-2013\/#primaryimage","url":"https:\/\/www.notibras.com\/site\/wp-content\/uploads\/2015\/05\/Desempregado1.jpg","contentUrl":"https:\/\/www.notibras.com\/site\/wp-content\/uploads\/2015\/05\/Desempregado1.jpg","width":639,"height":427},{"@type":"BreadcrumbList","@id":"https:\/\/www.notibras.com\/site\/crise-se-agrava-e-desemprego-bate-na-casa-dos-8-maior-indice-desde-2013\/#breadcrumb","itemListElement":[{"@type":"ListItem","position":1,"name":"In\u00edcio","item":"https:\/\/www.notibras.com\/site\/"},{"@type":"ListItem","position":2,"name":"Crise se agrava e desemprego bate na casa dos 8%"}]},{"@type":"WebSite","@id":"https:\/\/www.notibras.com\/site\/#website","url":"https:\/\/www.notibras.com\/site\/","name":"Notibras","description":"Not\u00edcias de Bras\u00edlia, do Brasil e do Mundo","publisher":{"@id":"https:\/\/www.notibras.com\/site\/#organization"},"potentialAction":[{"@type":"SearchAction","target":{"@type":"EntryPoint","urlTemplate":"https:\/\/www.notibras.com\/site\/?s={search_term_string}"},"query-input":{"@type":"PropertyValueSpecification","valueRequired":true,"valueName":"search_term_string"}}],"inLanguage":"pt-BR"},{"@type":"Organization","@id":"https:\/\/www.notibras.com\/site\/#organization","name":"Grupo Notibras de Comunica\u00e7\u00e3o","url":"https:\/\/www.notibras.com\/site\/","logo":{"@type":"ImageObject","inLanguage":"pt-BR","@id":"https:\/\/www.notibras.com\/site\/#\/schema\/logo\/image\/","url":"https:\/\/www.notibras.com\/site\/wp-content\/uploads\/2023\/01\/notibras23.png","contentUrl":"https:\/\/www.notibras.com\/site\/wp-content\/uploads\/2023\/01\/notibras23.png","width":350,"height":87,"caption":"Grupo Notibras de Comunica\u00e7\u00e3o"},"image":{"@id":"https:\/\/www.notibras.com\/site\/#\/schema\/logo\/image\/"},"sameAs":["https:\/\/www.facebook.com\/notibras\/","https:\/\/x.com\/Notibras","https:\/\/www.instagram.com\/notibras\/"]},{"@type":"Person","@id":"https:\/\/www.notibras.com\/site\/#\/schema\/person\/36ab0979449956132d3e5b517ea76ac8","name":"Reda\u00e7\u00e3o","image":{"@type":"ImageObject","inLanguage":"pt-BR","@id":"https:\/\/secure.gravatar.com\/avatar\/e0a867bdedb85fd243eadf09663511f96fc81e0720a4a42581f334ad4303aa6b?s=96&d=mm&r=g","url":"https:\/\/secure.gravatar.com\/avatar\/e0a867bdedb85fd243eadf09663511f96fc81e0720a4a42581f334ad4303aa6b?s=96&d=mm&r=g","contentUrl":"https:\/\/secure.gravatar.com\/avatar\/e0a867bdedb85fd243eadf09663511f96fc81e0720a4a42581f334ad4303aa6b?s=96&d=mm&r=g","caption":"Reda\u00e7\u00e3o"}}]}},"amp_enabled":true,"_links":{"self":[{"href":"https:\/\/www.notibras.com\/site\/wp-json\/wp\/v2\/posts\/47323","targetHints":{"allow":["GET"]}}],"collection":[{"href":"https:\/\/www.notibras.com\/site\/wp-json\/wp\/v2\/posts"}],"about":[{"href":"https:\/\/www.notibras.com\/site\/wp-json\/wp\/v2\/types\/post"}],"author":[{"embeddable":true,"href":"https:\/\/www.notibras.com\/site\/wp-json\/wp\/v2\/users\/2"}],"replies":[{"embeddable":true,"href":"https:\/\/www.notibras.com\/site\/wp-json\/wp\/v2\/comments?post=47323"}],"version-history":[{"count":0,"href":"https:\/\/www.notibras.com\/site\/wp-json\/wp\/v2\/posts\/47323\/revisions"}],"wp:featuredmedia":[{"embeddable":true,"href":"https:\/\/www.notibras.com\/site\/wp-json\/wp\/v2\/media\/47325"}],"wp:attachment":[{"href":"https:\/\/www.notibras.com\/site\/wp-json\/wp\/v2\/media?parent=47323"}],"wp:term":[{"taxonomy":"category","embeddable":true,"href":"https:\/\/www.notibras.com\/site\/wp-json\/wp\/v2\/categories?post=47323"},{"taxonomy":"post_tag","embeddable":true,"href":"https:\/\/www.notibras.com\/site\/wp-json\/wp\/v2\/tags?post=47323"}],"curies":[{"name":"wp","href":"https:\/\/api.w.org\/{rel}","templated":true}]}}