{"id":47368,"date":"2015-05-07T19:37:13","date_gmt":"2015-05-07T22:37:13","guid":{"rendered":"http:\/\/www.notibras.com\/site\/?p=47368"},"modified":"2015-05-07T19:46:51","modified_gmt":"2015-05-07T22:46:51","slug":"vendas-caem-e-jogam-para-baixo-confianca-dos-lojistas-na-economia","status":"publish","type":"post","link":"https:\/\/www.notibras.com\/site\/vendas-caem-e-jogam-para-baixo-confianca-dos-lojistas-na-economia\/","title":{"rendered":"Vendas caem e jogam para baixo confian\u00e7a dos lojistas"},"content":{"rendered":"<div class=\"content\">\n<p>A avalia\u00e7\u00e3o das condi\u00e7\u00f5es econ\u00f4micas correntes e o desempenho do com\u00e9rcio no in\u00edcio do ano levaram o \u00cdndice de Confian\u00e7a do Empres\u00e1rio do Com\u00e9rcio (Icec), apurado mensalmente pela Confedera\u00e7\u00e3o Nacional do Com\u00e9rcio de Bens, Servi\u00e7os e Turismo (CNC), a alcan\u00e7ar novo piso hist\u00f3rico de baixa.<\/p>\n<p>O Icec recuou 8,2% em abril, em compara\u00e7\u00e3o a mar\u00e7o, atingindo 87,2 pontos. De acordo com pesquisa divulgada pela CNC, \u00e9 a primeira vez que a percep\u00e7\u00e3o das empresas est\u00e1 negativa, h\u00e1 dois meses abaixo da mediana de 100 pontos. Em rela\u00e7\u00e3o a abril do ano passado, a queda foi 25,1%, mostrando retra\u00e7\u00e3o pelo oitavo m\u00eas seguido.<\/p>\n<p>O resultado do Icec significa que a maioria dos empres\u00e1rios do setor est\u00e1 tendo avalia\u00e7\u00e3o predominantemente negativa da economia para os pr\u00f3ximos meses. A avalia\u00e7\u00e3o deles, em rela\u00e7\u00e3o ao desempenho econ\u00f4mico do pa\u00eds, indica queda anual de 60,9%. Outro term\u00f4metro importante desse comportamento \u00e9 o item relativo a estoques. A quantidade de empres\u00e1rios com estoques acima do desejado \u00e9 a maior da s\u00e9rie hist\u00f3rica: 28,5%. \u201cEst\u00e1 sobrando estoque\u201d, disse o economista Fabio Bentes, da CNC, lembrando que na mesma \u00e9poca do ano passado s\u00f3 23% dos empres\u00e1rios acusavam estoques altos.<\/p>\n<blockquote><p>Fabio Bentes avaliou que \u00e9 muito simples fazer a analogia da decep\u00e7\u00e3o dos empres\u00e1rios do com\u00e9rcio com o Produto Interno Bruto (PIB, soma dos bens e servi\u00e7os produzidos no pa\u00eds), por exemplo, uma vez que a expectativa atual para o desempenho do PIB \u00e9 de queda entre 1% e 1,5%, quando h\u00e1 um ano se esperava alta de 1,8% do PIB de 2015. \u201cHouve grande decep\u00e7\u00e3o\u201d, enfatizou.<\/p><\/blockquote>\n<p>Bentes destacou tamb\u00e9m que o com\u00e9rcio teve o pior in\u00edcio de ano desde 2003, segundo dados do Instituto Brasileiro de Geografia e Estat\u00edstica (IBGE). \u201cAs vendas est\u00e3o caindo. No primeiro bimestre, a queda atingiu 1,2%, o que n\u00e3o acontecia desde 2003\u201d. Refor\u00e7am a redu\u00e7\u00e3o do faturamento do com\u00e9rcio os dados do \u00cdndice de Atividade do Com\u00e9rcio, divulgados hoje pela Serasa Experian (banco de dados que centraliza servi\u00e7os de bancos e demais entidades financeiras). Eles apontam que o n\u00famero de consultas feitas \u00e0 base de dados da entidade, por lojas comerciais, subiu 1,2% no quadrimestre, comparado ao mesmo per\u00edodo de 2014.<\/p>\n<p>O economista da CNC informou que esse \u00e9 tamb\u00e9m o pior resultado para o per\u00edodo, desde 2002, quando houve queda de 6,8% nas consultas. No ano passado, as consultas ao Serasa subiram 3,8%. Embora n\u00e3o sejam informa\u00e7\u00f5es financeiras, Bentes avaliou que os dados servem como term\u00f4metro do com\u00e9rcio, e acrescentou que os dois fatores negativos (decep\u00e7\u00e3o com o cen\u00e1rio econ\u00f4mico e desempenho da atividade do com\u00e9rcio) \u201ccontaminaram o \u00edndice de confian\u00e7a da CNC como um todo\u201d.<\/p>\n<p>Todos os indicadores do Icec est\u00e3o no seu piso hist\u00f3rico, revelando movimento compat\u00edvel com o momento atual do varejo, salientou Bentes. Em termos de contrata\u00e7\u00f5es, pela primeira vez, o Icec n\u00e3o considera uma poss\u00edvel gera\u00e7\u00e3o de empregos no com\u00e9rcio. Ao contr\u00e1rio, a perspectiva da CNC para este ano \u00e9 de encolhimento de 1,1% no pessoal ocupado, em compara\u00e7\u00e3o a 2014. \u201cDeve fechar mais vagas do que criar, em um ano em que nossa previs\u00e3o \u00e9 de crescimento do faturamento, o com\u00e9rcio, pr\u00f3ximo de 0%\u201d, segundo ele.<\/p>\n<p>Bentes advertiu que se as coisas n\u00e3o melhorarem j\u00e1 nos pr\u00f3ximos meses, a entidade pode vir com uma previs\u00e3o negativa. As proje\u00e7\u00f5es s\u00e3o de que as vendas do com\u00e9rcio crescer\u00e3o este ano 0,3% para o varejo restrito, apresentando queda de 5,2% para o chamado varejo ampliado, que inclui material de constru\u00e7\u00e3o e com\u00e9rcio automotivo. \u201cHoje, o vi\u00e9s que a gente coloca \u00e9 de baixa\u201d, ressaltou.<\/p>\n<p>A tend\u00eancia de retra\u00e7\u00e3o da atividade comercial \u00e9 confirmada pelo Servi\u00e7o de Prote\u00e7\u00e3o ao Cr\u00e9dito, do Clube de Diretores Lojistas do Rio de Janeiro. As consultas ao banco de dados da entidade, que indica o movimento do com\u00e9rcio, ca\u00edram 1,2% em abril, enquanto a inadimpl\u00eancia aumentou 1,4% em rela\u00e7\u00e3o ao mesmo m\u00eas de 2014.<\/p>\n<header>\n<div class=\"node-info\"><strong>Alana Gandra, Abr<\/strong><strong><br \/>\n<\/strong><\/div>\n<\/header>\n<\/div>\n","protected":false},"excerpt":{"rendered":"<p>A avalia\u00e7\u00e3o das condi\u00e7\u00f5es econ\u00f4micas correntes e o desempenho do com\u00e9rcio no in\u00edcio do ano levaram o \u00cdndice de Confian\u00e7a do Empres\u00e1rio do Com\u00e9rcio (Icec), apurado mensalmente pela Confedera\u00e7\u00e3o Nacional do Com\u00e9rcio de Bens, Servi\u00e7os e Turismo (CNC), a alcan\u00e7ar novo piso hist\u00f3rico de baixa. O Icec recuou 8,2% em abril, em compara\u00e7\u00e3o a mar\u00e7o, [&hellip;]<\/p>\n","protected":false},"author":2,"featured_media":47369,"comment_status":"open","ping_status":"closed","sticky":false,"template":"","format":"standard","meta":{"_acf_changed":false,"footnotes":""},"categories":[16],"tags":[],"class_list":["post-47368","post","type-post","status-publish","format-standard","has-post-thumbnail","hentry","category-brasil"],"acf":[],"yoast_head":"<!-- This site is optimized with the Yoast SEO plugin v27.2 - https:\/\/yoast.com\/product\/yoast-seo-wordpress\/ -->\n<title>Vendas caem e jogam para baixo confian\u00e7a dos lojistas - Notibras<\/title>\n<meta name=\"robots\" content=\"index, follow, max-snippet:-1, max-image-preview:large, max-video-preview:-1\" \/>\n<link rel=\"canonical\" href=\"https:\/\/www.notibras.com\/site\/vendas-caem-e-jogam-para-baixo-confianca-dos-lojistas-na-economia\/\" \/>\n<meta property=\"og:locale\" content=\"pt_BR\" \/>\n<meta property=\"og:type\" content=\"article\" \/>\n<meta property=\"og:title\" content=\"Vendas caem e jogam para baixo confian\u00e7a dos lojistas - Notibras\" \/>\n<meta property=\"og:description\" content=\"A avalia\u00e7\u00e3o das condi\u00e7\u00f5es econ\u00f4micas correntes e o desempenho do com\u00e9rcio no in\u00edcio do ano levaram o \u00cdndice de Confian\u00e7a do Empres\u00e1rio do Com\u00e9rcio (Icec), apurado mensalmente pela Confedera\u00e7\u00e3o Nacional do Com\u00e9rcio de Bens, Servi\u00e7os e Turismo (CNC), a alcan\u00e7ar novo piso hist\u00f3rico de baixa. O Icec recuou 8,2% em abril, em compara\u00e7\u00e3o a mar\u00e7o, [&hellip;]\" \/>\n<meta property=\"og:url\" content=\"https:\/\/www.notibras.com\/site\/vendas-caem-e-jogam-para-baixo-confianca-dos-lojistas-na-economia\/\" \/>\n<meta property=\"og:site_name\" content=\"Notibras\" \/>\n<meta property=\"article:publisher\" content=\"https:\/\/www.facebook.com\/notibras\/\" \/>\n<meta property=\"article:published_time\" content=\"2015-05-07T22:37:13+00:00\" \/>\n<meta property=\"article:modified_time\" content=\"2015-05-07T22:46:51+00:00\" \/>\n<meta property=\"og:image\" content=\"https:\/\/www.notibras.com\/site\/wp-content\/uploads\/2015\/05\/com.7.jpg\" \/>\n\t<meta property=\"og:image:width\" content=\"620\" \/>\n\t<meta property=\"og:image:height\" content=\"465\" \/>\n\t<meta property=\"og:image:type\" content=\"image\/jpeg\" \/>\n<meta name=\"author\" content=\"Reda\u00e7\u00e3o\" \/>\n<meta name=\"twitter:card\" content=\"summary_large_image\" \/>\n<meta name=\"twitter:creator\" content=\"@Notibras\" \/>\n<meta name=\"twitter:site\" content=\"@Notibras\" \/>\n<meta name=\"twitter:label1\" content=\"Escrito por\" \/>\n\t<meta name=\"twitter:data1\" content=\"Reda\u00e7\u00e3o\" \/>\n\t<meta name=\"twitter:label2\" content=\"Est. tempo de leitura\" \/>\n\t<meta name=\"twitter:data2\" content=\"3 minutos\" \/>\n<script type=\"application\/ld+json\" class=\"yoast-schema-graph\">{\"@context\":\"https:\/\/schema.org\",\"@graph\":[{\"@type\":\"Article\",\"@id\":\"https:\/\/www.notibras.com\/site\/vendas-caem-e-jogam-para-baixo-confianca-dos-lojistas-na-economia\/#article\",\"isPartOf\":{\"@id\":\"https:\/\/www.notibras.com\/site\/vendas-caem-e-jogam-para-baixo-confianca-dos-lojistas-na-economia\/\"},\"author\":{\"name\":\"Reda\u00e7\u00e3o\",\"@id\":\"https:\/\/www.notibras.com\/site\/#\/schema\/person\/36ab0979449956132d3e5b517ea76ac8\"},\"headline\":\"Vendas caem e jogam para baixo confian\u00e7a dos lojistas\",\"datePublished\":\"2015-05-07T22:37:13+00:00\",\"dateModified\":\"2015-05-07T22:46:51+00:00\",\"mainEntityOfPage\":{\"@id\":\"https:\/\/www.notibras.com\/site\/vendas-caem-e-jogam-para-baixo-confianca-dos-lojistas-na-economia\/\"},\"wordCount\":709,\"commentCount\":0,\"publisher\":{\"@id\":\"https:\/\/www.notibras.com\/site\/#organization\"},\"image\":{\"@id\":\"https:\/\/www.notibras.com\/site\/vendas-caem-e-jogam-para-baixo-confianca-dos-lojistas-na-economia\/#primaryimage\"},\"thumbnailUrl\":\"https:\/\/www.notibras.com\/site\/wp-content\/uploads\/2015\/05\/com.7.jpg\",\"articleSection\":[\"Brasil\"],\"inLanguage\":\"pt-BR\",\"potentialAction\":[{\"@type\":\"CommentAction\",\"name\":\"Comment\",\"target\":[\"https:\/\/www.notibras.com\/site\/vendas-caem-e-jogam-para-baixo-confianca-dos-lojistas-na-economia\/#respond\"]}]},{\"@type\":\"WebPage\",\"@id\":\"https:\/\/www.notibras.com\/site\/vendas-caem-e-jogam-para-baixo-confianca-dos-lojistas-na-economia\/\",\"url\":\"https:\/\/www.notibras.com\/site\/vendas-caem-e-jogam-para-baixo-confianca-dos-lojistas-na-economia\/\",\"name\":\"Vendas caem e jogam para baixo confian\u00e7a dos lojistas - Notibras\",\"isPartOf\":{\"@id\":\"https:\/\/www.notibras.com\/site\/#website\"},\"primaryImageOfPage\":{\"@id\":\"https:\/\/www.notibras.com\/site\/vendas-caem-e-jogam-para-baixo-confianca-dos-lojistas-na-economia\/#primaryimage\"},\"image\":{\"@id\":\"https:\/\/www.notibras.com\/site\/vendas-caem-e-jogam-para-baixo-confianca-dos-lojistas-na-economia\/#primaryimage\"},\"thumbnailUrl\":\"https:\/\/www.notibras.com\/site\/wp-content\/uploads\/2015\/05\/com.7.jpg\",\"datePublished\":\"2015-05-07T22:37:13+00:00\",\"dateModified\":\"2015-05-07T22:46:51+00:00\",\"breadcrumb\":{\"@id\":\"https:\/\/www.notibras.com\/site\/vendas-caem-e-jogam-para-baixo-confianca-dos-lojistas-na-economia\/#breadcrumb\"},\"inLanguage\":\"pt-BR\",\"potentialAction\":[{\"@type\":\"ReadAction\",\"target\":[\"https:\/\/www.notibras.com\/site\/vendas-caem-e-jogam-para-baixo-confianca-dos-lojistas-na-economia\/\"]}]},{\"@type\":\"ImageObject\",\"inLanguage\":\"pt-BR\",\"@id\":\"https:\/\/www.notibras.com\/site\/vendas-caem-e-jogam-para-baixo-confianca-dos-lojistas-na-economia\/#primaryimage\",\"url\":\"https:\/\/www.notibras.com\/site\/wp-content\/uploads\/2015\/05\/com.7.jpg\",\"contentUrl\":\"https:\/\/www.notibras.com\/site\/wp-content\/uploads\/2015\/05\/com.7.jpg\",\"width\":620,\"height\":465},{\"@type\":\"BreadcrumbList\",\"@id\":\"https:\/\/www.notibras.com\/site\/vendas-caem-e-jogam-para-baixo-confianca-dos-lojistas-na-economia\/#breadcrumb\",\"itemListElement\":[{\"@type\":\"ListItem\",\"position\":1,\"name\":\"In\u00edcio\",\"item\":\"https:\/\/www.notibras.com\/site\/\"},{\"@type\":\"ListItem\",\"position\":2,\"name\":\"Vendas caem e jogam para baixo confian\u00e7a dos lojistas\"}]},{\"@type\":\"WebSite\",\"@id\":\"https:\/\/www.notibras.com\/site\/#website\",\"url\":\"https:\/\/www.notibras.com\/site\/\",\"name\":\"Notibras\",\"description\":\"Not\u00edcias de Bras\u00edlia, do Brasil e do Mundo\",\"publisher\":{\"@id\":\"https:\/\/www.notibras.com\/site\/#organization\"},\"potentialAction\":[{\"@type\":\"SearchAction\",\"target\":{\"@type\":\"EntryPoint\",\"urlTemplate\":\"https:\/\/www.notibras.com\/site\/?s={search_term_string}\"},\"query-input\":{\"@type\":\"PropertyValueSpecification\",\"valueRequired\":true,\"valueName\":\"search_term_string\"}}],\"inLanguage\":\"pt-BR\"},{\"@type\":\"Organization\",\"@id\":\"https:\/\/www.notibras.com\/site\/#organization\",\"name\":\"Grupo Notibras de Comunica\u00e7\u00e3o\",\"url\":\"https:\/\/www.notibras.com\/site\/\",\"logo\":{\"@type\":\"ImageObject\",\"inLanguage\":\"pt-BR\",\"@id\":\"https:\/\/www.notibras.com\/site\/#\/schema\/logo\/image\/\",\"url\":\"https:\/\/www.notibras.com\/site\/wp-content\/uploads\/2023\/01\/notibras23.png\",\"contentUrl\":\"https:\/\/www.notibras.com\/site\/wp-content\/uploads\/2023\/01\/notibras23.png\",\"width\":350,\"height\":87,\"caption\":\"Grupo Notibras de Comunica\u00e7\u00e3o\"},\"image\":{\"@id\":\"https:\/\/www.notibras.com\/site\/#\/schema\/logo\/image\/\"},\"sameAs\":[\"https:\/\/www.facebook.com\/notibras\/\",\"https:\/\/x.com\/Notibras\",\"https:\/\/www.instagram.com\/notibras\/\"]},{\"@type\":\"Person\",\"@id\":\"https:\/\/www.notibras.com\/site\/#\/schema\/person\/36ab0979449956132d3e5b517ea76ac8\",\"name\":\"Reda\u00e7\u00e3o\",\"image\":{\"@type\":\"ImageObject\",\"inLanguage\":\"pt-BR\",\"@id\":\"https:\/\/secure.gravatar.com\/avatar\/e0a867bdedb85fd243eadf09663511f96fc81e0720a4a42581f334ad4303aa6b?s=96&d=mm&r=g\",\"url\":\"https:\/\/secure.gravatar.com\/avatar\/e0a867bdedb85fd243eadf09663511f96fc81e0720a4a42581f334ad4303aa6b?s=96&d=mm&r=g\",\"contentUrl\":\"https:\/\/secure.gravatar.com\/avatar\/e0a867bdedb85fd243eadf09663511f96fc81e0720a4a42581f334ad4303aa6b?s=96&d=mm&r=g\",\"caption\":\"Reda\u00e7\u00e3o\"}}]}<\/script>\n<!-- \/ Yoast SEO plugin. -->","yoast_head_json":{"title":"Vendas caem e jogam para baixo confian\u00e7a dos lojistas - Notibras","robots":{"index":"index","follow":"follow","max-snippet":"max-snippet:-1","max-image-preview":"max-image-preview:large","max-video-preview":"max-video-preview:-1"},"canonical":"https:\/\/www.notibras.com\/site\/vendas-caem-e-jogam-para-baixo-confianca-dos-lojistas-na-economia\/","og_locale":"pt_BR","og_type":"article","og_title":"Vendas caem e jogam para baixo confian\u00e7a dos lojistas - Notibras","og_description":"A avalia\u00e7\u00e3o das condi\u00e7\u00f5es econ\u00f4micas correntes e o desempenho do com\u00e9rcio no in\u00edcio do ano levaram o \u00cdndice de Confian\u00e7a do Empres\u00e1rio do Com\u00e9rcio (Icec), apurado mensalmente pela Confedera\u00e7\u00e3o Nacional do Com\u00e9rcio de Bens, Servi\u00e7os e Turismo (CNC), a alcan\u00e7ar novo piso hist\u00f3rico de baixa. O Icec recuou 8,2% em abril, em compara\u00e7\u00e3o a mar\u00e7o, [&hellip;]","og_url":"https:\/\/www.notibras.com\/site\/vendas-caem-e-jogam-para-baixo-confianca-dos-lojistas-na-economia\/","og_site_name":"Notibras","article_publisher":"https:\/\/www.facebook.com\/notibras\/","article_published_time":"2015-05-07T22:37:13+00:00","article_modified_time":"2015-05-07T22:46:51+00:00","og_image":[{"width":620,"height":465,"url":"https:\/\/www.notibras.com\/site\/wp-content\/uploads\/2015\/05\/com.7.jpg","type":"image\/jpeg"}],"author":"Reda\u00e7\u00e3o","twitter_card":"summary_large_image","twitter_creator":"@Notibras","twitter_site":"@Notibras","twitter_misc":{"Escrito por":"Reda\u00e7\u00e3o","Est. tempo de leitura":"3 minutos"},"schema":{"@context":"https:\/\/schema.org","@graph":[{"@type":"Article","@id":"https:\/\/www.notibras.com\/site\/vendas-caem-e-jogam-para-baixo-confianca-dos-lojistas-na-economia\/#article","isPartOf":{"@id":"https:\/\/www.notibras.com\/site\/vendas-caem-e-jogam-para-baixo-confianca-dos-lojistas-na-economia\/"},"author":{"name":"Reda\u00e7\u00e3o","@id":"https:\/\/www.notibras.com\/site\/#\/schema\/person\/36ab0979449956132d3e5b517ea76ac8"},"headline":"Vendas caem e jogam para baixo confian\u00e7a dos lojistas","datePublished":"2015-05-07T22:37:13+00:00","dateModified":"2015-05-07T22:46:51+00:00","mainEntityOfPage":{"@id":"https:\/\/www.notibras.com\/site\/vendas-caem-e-jogam-para-baixo-confianca-dos-lojistas-na-economia\/"},"wordCount":709,"commentCount":0,"publisher":{"@id":"https:\/\/www.notibras.com\/site\/#organization"},"image":{"@id":"https:\/\/www.notibras.com\/site\/vendas-caem-e-jogam-para-baixo-confianca-dos-lojistas-na-economia\/#primaryimage"},"thumbnailUrl":"https:\/\/www.notibras.com\/site\/wp-content\/uploads\/2015\/05\/com.7.jpg","articleSection":["Brasil"],"inLanguage":"pt-BR","potentialAction":[{"@type":"CommentAction","name":"Comment","target":["https:\/\/www.notibras.com\/site\/vendas-caem-e-jogam-para-baixo-confianca-dos-lojistas-na-economia\/#respond"]}]},{"@type":"WebPage","@id":"https:\/\/www.notibras.com\/site\/vendas-caem-e-jogam-para-baixo-confianca-dos-lojistas-na-economia\/","url":"https:\/\/www.notibras.com\/site\/vendas-caem-e-jogam-para-baixo-confianca-dos-lojistas-na-economia\/","name":"Vendas caem e jogam para baixo confian\u00e7a dos lojistas - Notibras","isPartOf":{"@id":"https:\/\/www.notibras.com\/site\/#website"},"primaryImageOfPage":{"@id":"https:\/\/www.notibras.com\/site\/vendas-caem-e-jogam-para-baixo-confianca-dos-lojistas-na-economia\/#primaryimage"},"image":{"@id":"https:\/\/www.notibras.com\/site\/vendas-caem-e-jogam-para-baixo-confianca-dos-lojistas-na-economia\/#primaryimage"},"thumbnailUrl":"https:\/\/www.notibras.com\/site\/wp-content\/uploads\/2015\/05\/com.7.jpg","datePublished":"2015-05-07T22:37:13+00:00","dateModified":"2015-05-07T22:46:51+00:00","breadcrumb":{"@id":"https:\/\/www.notibras.com\/site\/vendas-caem-e-jogam-para-baixo-confianca-dos-lojistas-na-economia\/#breadcrumb"},"inLanguage":"pt-BR","potentialAction":[{"@type":"ReadAction","target":["https:\/\/www.notibras.com\/site\/vendas-caem-e-jogam-para-baixo-confianca-dos-lojistas-na-economia\/"]}]},{"@type":"ImageObject","inLanguage":"pt-BR","@id":"https:\/\/www.notibras.com\/site\/vendas-caem-e-jogam-para-baixo-confianca-dos-lojistas-na-economia\/#primaryimage","url":"https:\/\/www.notibras.com\/site\/wp-content\/uploads\/2015\/05\/com.7.jpg","contentUrl":"https:\/\/www.notibras.com\/site\/wp-content\/uploads\/2015\/05\/com.7.jpg","width":620,"height":465},{"@type":"BreadcrumbList","@id":"https:\/\/www.notibras.com\/site\/vendas-caem-e-jogam-para-baixo-confianca-dos-lojistas-na-economia\/#breadcrumb","itemListElement":[{"@type":"ListItem","position":1,"name":"In\u00edcio","item":"https:\/\/www.notibras.com\/site\/"},{"@type":"ListItem","position":2,"name":"Vendas caem e jogam para baixo confian\u00e7a dos lojistas"}]},{"@type":"WebSite","@id":"https:\/\/www.notibras.com\/site\/#website","url":"https:\/\/www.notibras.com\/site\/","name":"Notibras","description":"Not\u00edcias de Bras\u00edlia, do Brasil e do Mundo","publisher":{"@id":"https:\/\/www.notibras.com\/site\/#organization"},"potentialAction":[{"@type":"SearchAction","target":{"@type":"EntryPoint","urlTemplate":"https:\/\/www.notibras.com\/site\/?s={search_term_string}"},"query-input":{"@type":"PropertyValueSpecification","valueRequired":true,"valueName":"search_term_string"}}],"inLanguage":"pt-BR"},{"@type":"Organization","@id":"https:\/\/www.notibras.com\/site\/#organization","name":"Grupo Notibras de Comunica\u00e7\u00e3o","url":"https:\/\/www.notibras.com\/site\/","logo":{"@type":"ImageObject","inLanguage":"pt-BR","@id":"https:\/\/www.notibras.com\/site\/#\/schema\/logo\/image\/","url":"https:\/\/www.notibras.com\/site\/wp-content\/uploads\/2023\/01\/notibras23.png","contentUrl":"https:\/\/www.notibras.com\/site\/wp-content\/uploads\/2023\/01\/notibras23.png","width":350,"height":87,"caption":"Grupo Notibras de Comunica\u00e7\u00e3o"},"image":{"@id":"https:\/\/www.notibras.com\/site\/#\/schema\/logo\/image\/"},"sameAs":["https:\/\/www.facebook.com\/notibras\/","https:\/\/x.com\/Notibras","https:\/\/www.instagram.com\/notibras\/"]},{"@type":"Person","@id":"https:\/\/www.notibras.com\/site\/#\/schema\/person\/36ab0979449956132d3e5b517ea76ac8","name":"Reda\u00e7\u00e3o","image":{"@type":"ImageObject","inLanguage":"pt-BR","@id":"https:\/\/secure.gravatar.com\/avatar\/e0a867bdedb85fd243eadf09663511f96fc81e0720a4a42581f334ad4303aa6b?s=96&d=mm&r=g","url":"https:\/\/secure.gravatar.com\/avatar\/e0a867bdedb85fd243eadf09663511f96fc81e0720a4a42581f334ad4303aa6b?s=96&d=mm&r=g","contentUrl":"https:\/\/secure.gravatar.com\/avatar\/e0a867bdedb85fd243eadf09663511f96fc81e0720a4a42581f334ad4303aa6b?s=96&d=mm&r=g","caption":"Reda\u00e7\u00e3o"}}]}},"amp_enabled":true,"_links":{"self":[{"href":"https:\/\/www.notibras.com\/site\/wp-json\/wp\/v2\/posts\/47368","targetHints":{"allow":["GET"]}}],"collection":[{"href":"https:\/\/www.notibras.com\/site\/wp-json\/wp\/v2\/posts"}],"about":[{"href":"https:\/\/www.notibras.com\/site\/wp-json\/wp\/v2\/types\/post"}],"author":[{"embeddable":true,"href":"https:\/\/www.notibras.com\/site\/wp-json\/wp\/v2\/users\/2"}],"replies":[{"embeddable":true,"href":"https:\/\/www.notibras.com\/site\/wp-json\/wp\/v2\/comments?post=47368"}],"version-history":[{"count":0,"href":"https:\/\/www.notibras.com\/site\/wp-json\/wp\/v2\/posts\/47368\/revisions"}],"wp:featuredmedia":[{"embeddable":true,"href":"https:\/\/www.notibras.com\/site\/wp-json\/wp\/v2\/media\/47369"}],"wp:attachment":[{"href":"https:\/\/www.notibras.com\/site\/wp-json\/wp\/v2\/media?parent=47368"}],"wp:term":[{"taxonomy":"category","embeddable":true,"href":"https:\/\/www.notibras.com\/site\/wp-json\/wp\/v2\/categories?post=47368"},{"taxonomy":"post_tag","embeddable":true,"href":"https:\/\/www.notibras.com\/site\/wp-json\/wp\/v2\/tags?post=47368"}],"curies":[{"name":"wp","href":"https:\/\/api.w.org\/{rel}","templated":true}]}}