{"id":47439,"date":"2015-05-07T23:00:57","date_gmt":"2015-05-08T02:00:57","guid":{"rendered":"http:\/\/www.notibras.com\/site\/?p=47439"},"modified":"2015-05-09T08:53:09","modified_gmt":"2015-05-09T11:53:09","slug":"sexta-feira-e-dia-de-manutencao-das-redes-da-ceb-em-varias-cidades","status":"publish","type":"post","link":"https:\/\/www.notibras.com\/site\/sexta-feira-e-dia-de-manutencao-das-redes-da-ceb-em-varias-cidades\/","title":{"rendered":"Sexta-feira \u00e9 dia de manuten\u00e7\u00e3o das redes em v\u00e1rias cidades"},"content":{"rendered":"<p>A sexta-feira 8 ser\u00e1 marcada por mais um dia de servi\u00e7os de manuten\u00e7\u00e3o da CEB. \u00c1reas em diversas cidades sat\u00e9lites, al\u00e9m do pr\u00f3prio Plano Piloto, receber\u00e3o t\u00e9cnicos da companhia energ\u00e9tica, para evitar que problemas futuros aconte\u00e7am. Durante os trabalhos, o fornecimento de energia ser\u00e1 suspenso. Veja onde:<\/p>\n<p><strong>CEIL\u00c2NDIA<\/strong><br \/>\nHor\u00e1rio: 8h \u00e0s 12h<br \/>\nLocal:\u00a0 Setor de\u00a0 oficinas, QI\u00a0 11 Lotes de 26 a 38, 60\/64, 66\/72; QI 12 lote 01.<br \/>\nMotivo:\u00a0 manuten\u00e7\u00e3o geral na rede com posa de \u00e1rvores.<\/p>\n<p><strong>CEIL\u00c2NDIA<\/strong><br \/>\nHor\u00e1rio: 13h \u00e0s 17h<br \/>\nLocal:\u00a0 Qno 15 Conjuntos G,\u00a0 H.<br \/>\nMotivo:\u00a0 manuten\u00e7\u00e3o preventiva geral na rede com substitui\u00e7\u00e3o de transformador, poda de \u00e1rvores e balanceamento de fases.<\/p>\n<p><strong>LAGO SUL<\/strong><br \/>\nHor\u00e1rio: 9h \u00e1s 15h<br \/>\nLocal:\u00a0 Condom\u00ednio Quintas da Alvorada: lotes de 116 a 151.<br \/>\nMotivo:\u00a0 compacta\u00e7\u00e3o de rede a\u00e9rea.<\/p>\n<p><strong>PARANO\u00c1 RURAL<\/strong><br \/>\nHor\u00e1rio: 9h \u00e0s 15h<br \/>\nLocal:\u00a0 Regi\u00e3o do Cap\u00e3o da On\u00e7a:\u00a0 Ch\u00e1cara S\u00e3o Vicente, Ch\u00e1cara Delmiro, Ch\u00e1cara Dois Irm\u00e3os, Ch\u00e1 cara Bela Vista, ch\u00e1cara Cap\u00e3o Da On\u00e7a, ch\u00e1cara Sal\u00e9m, Ch\u00e1cara Anahata, Sitio Santa M\u00f4nica, Ch\u00e1cara Almeida, Ch\u00e1cara Dois Irm\u00e3os, ch\u00e1cara S\u00e3o Jos\u00e9, Ch\u00e1cara Recanto do Amor, Ch\u00e1cara Monte Sinai, ch\u00e1cara S\u00e3o Vicente.<br \/>\nMotivo:\u00a0 manuten\u00e7\u00e3o preventiva, poda de \u00e1rvores e substitui\u00e7\u00e3o de conectores.<\/p>\n<p><strong>PLANALTINA<\/strong><br \/>\nHor\u00e1rio: 9h \u00e0s 15h<br \/>\nLocal:\u00a0 Arapoanga,\u00a0 Quadra 10 Conjunto H Lotes de 01 a 26; Quadra 13 Conjunto D Lotes 01, 03-A, 03b, 04, 09, 12-A, 11,11-A,13,13-A 15,19,18-A, 20,22; Quadra 14 Conjunto D Lotes 01-A, 02, 04, 06, 07, 08, 10, 11,14,15,16,19,21.<br \/>\nMotivo:\u00a0 substitui\u00e7\u00e3o de transformador.<\/p>\n<p><strong>S\u00c3O SEBASTI\u00c3O<\/strong><br \/>\nHor\u00e1rio: 8h \u00e0s 12h<br \/>\nLocal:\u00a0 Bairro S\u00e3o Jos\u00e9, Quadra 09 lotes pares 02 a 28; Quadra 07 lotes de pares de 02 a 32; Quadra 08 lotes impares de\u00a0 01 a 41; Quadra 09 lotes de 01 a 37.<br \/>\nMotivo:\u00a0 substitui\u00e7\u00e3o de 07 v\u00e3os de rede secund\u00e1ria convencional por cabo quadruplex.<\/p>\n<p><strong>S\u00c3O SEBASTI\u00c3O<\/strong><br \/>\nHor\u00e1rio: 13h \u00e0s 17h<br \/>\nLocal:\u00a0 Barro S\u00e3o Jos\u00e9,\u00a0 Quadra 01 Lotes pares de 02 a 98; Quadra 02 Lotes Impares de\u00a0 01 a 33; Quadra 03 Lotes Impares de\u00a0 01 a 55.<br \/>\nMotivo:\u00a0 manuten\u00e7\u00e3o preventiva, limpeza de rede secund\u00e1ria, poda de \u00e1rvores, reaperto\/padroniza\u00e7\u00e3o de conex\u00f5es.<\/p>\n","protected":false},"excerpt":{"rendered":"<p>A sexta-feira 8 ser\u00e1 marcada por mais um dia de servi\u00e7os de manuten\u00e7\u00e3o da CEB. \u00c1reas em diversas cidades sat\u00e9lites, al\u00e9m do pr\u00f3prio Plano Piloto, receber\u00e3o t\u00e9cnicos da companhia energ\u00e9tica, para evitar que problemas futuros aconte\u00e7am. Durante os trabalhos, o fornecimento de energia ser\u00e1 suspenso. Veja onde: CEIL\u00c2NDIA Hor\u00e1rio: 8h \u00e0s 12h Local:\u00a0 Setor de\u00a0 [&hellip;]<\/p>\n","protected":false},"author":2,"featured_media":47440,"comment_status":"open","ping_status":"closed","sticky":false,"template":"","format":"standard","meta":{"_acf_changed":false,"footnotes":""},"categories":[40],"tags":[],"class_list":["post-47439","post","type-post","status-publish","format-standard","has-post-thumbnail","hentry","category-zapzap-das-quadras"],"acf":[],"yoast_head":"<!-- This site is optimized with the Yoast SEO plugin v27.2 - https:\/\/yoast.com\/product\/yoast-seo-wordpress\/ -->\n<title>Sexta-feira \u00e9 dia de manuten\u00e7\u00e3o das redes em v\u00e1rias cidades - Notibras<\/title>\n<meta name=\"robots\" content=\"index, follow, max-snippet:-1, max-image-preview:large, max-video-preview:-1\" \/>\n<link rel=\"canonical\" href=\"https:\/\/www.notibras.com\/site\/sexta-feira-e-dia-de-manutencao-das-redes-da-ceb-em-varias-cidades\/\" \/>\n<meta property=\"og:locale\" content=\"pt_BR\" \/>\n<meta property=\"og:type\" content=\"article\" \/>\n<meta property=\"og:title\" content=\"Sexta-feira \u00e9 dia de manuten\u00e7\u00e3o das redes em v\u00e1rias cidades - Notibras\" \/>\n<meta property=\"og:description\" content=\"A sexta-feira 8 ser\u00e1 marcada por mais um dia de servi\u00e7os de manuten\u00e7\u00e3o da CEB. \u00c1reas em diversas cidades sat\u00e9lites, al\u00e9m do pr\u00f3prio Plano Piloto, receber\u00e3o t\u00e9cnicos da companhia energ\u00e9tica, para evitar que problemas futuros aconte\u00e7am. Durante os trabalhos, o fornecimento de energia ser\u00e1 suspenso. Veja onde: CEIL\u00c2NDIA Hor\u00e1rio: 8h \u00e0s 12h Local:\u00a0 Setor de\u00a0 [&hellip;]\" \/>\n<meta property=\"og:url\" content=\"https:\/\/www.notibras.com\/site\/sexta-feira-e-dia-de-manutencao-das-redes-da-ceb-em-varias-cidades\/\" \/>\n<meta property=\"og:site_name\" content=\"Notibras\" \/>\n<meta property=\"article:publisher\" content=\"https:\/\/www.facebook.com\/notibras\/\" \/>\n<meta property=\"article:published_time\" content=\"2015-05-08T02:00:57+00:00\" \/>\n<meta property=\"article:modified_time\" content=\"2015-05-09T11:53:09+00:00\" \/>\n<meta property=\"og:image\" content=\"https:\/\/www.notibras.com\/site\/wp-content\/uploads\/2015\/05\/zapceb8.jpg\" \/>\n\t<meta property=\"og:image:width\" content=\"460\" \/>\n\t<meta property=\"og:image:height\" content=\"305\" \/>\n\t<meta property=\"og:image:type\" content=\"image\/jpeg\" \/>\n<meta name=\"author\" content=\"Reda\u00e7\u00e3o\" \/>\n<meta name=\"twitter:card\" content=\"summary_large_image\" \/>\n<meta name=\"twitter:creator\" content=\"@Notibras\" \/>\n<meta name=\"twitter:site\" content=\"@Notibras\" \/>\n<meta name=\"twitter:label1\" content=\"Escrito por\" \/>\n\t<meta name=\"twitter:data1\" content=\"Reda\u00e7\u00e3o\" \/>\n\t<meta name=\"twitter:label2\" content=\"Est. tempo de leitura\" \/>\n\t<meta name=\"twitter:data2\" content=\"2 minutos\" \/>\n<script type=\"application\/ld+json\" class=\"yoast-schema-graph\">{\"@context\":\"https:\/\/schema.org\",\"@graph\":[{\"@type\":\"Article\",\"@id\":\"https:\/\/www.notibras.com\/site\/sexta-feira-e-dia-de-manutencao-das-redes-da-ceb-em-varias-cidades\/#article\",\"isPartOf\":{\"@id\":\"https:\/\/www.notibras.com\/site\/sexta-feira-e-dia-de-manutencao-das-redes-da-ceb-em-varias-cidades\/\"},\"author\":{\"name\":\"Reda\u00e7\u00e3o\",\"@id\":\"https:\/\/www.notibras.com\/site\/#\/schema\/person\/36ab0979449956132d3e5b517ea76ac8\"},\"headline\":\"Sexta-feira \u00e9 dia de manuten\u00e7\u00e3o das redes em v\u00e1rias cidades\",\"datePublished\":\"2015-05-08T02:00:57+00:00\",\"dateModified\":\"2015-05-09T11:53:09+00:00\",\"mainEntityOfPage\":{\"@id\":\"https:\/\/www.notibras.com\/site\/sexta-feira-e-dia-de-manutencao-das-redes-da-ceb-em-varias-cidades\/\"},\"wordCount\":365,\"commentCount\":0,\"publisher\":{\"@id\":\"https:\/\/www.notibras.com\/site\/#organization\"},\"image\":{\"@id\":\"https:\/\/www.notibras.com\/site\/sexta-feira-e-dia-de-manutencao-das-redes-da-ceb-em-varias-cidades\/#primaryimage\"},\"thumbnailUrl\":\"https:\/\/www.notibras.com\/site\/wp-content\/uploads\/2015\/05\/zapceb8.jpg\",\"articleSection\":[\"ZapZap das Quadras\"],\"inLanguage\":\"pt-BR\",\"potentialAction\":[{\"@type\":\"CommentAction\",\"name\":\"Comment\",\"target\":[\"https:\/\/www.notibras.com\/site\/sexta-feira-e-dia-de-manutencao-das-redes-da-ceb-em-varias-cidades\/#respond\"]}]},{\"@type\":\"WebPage\",\"@id\":\"https:\/\/www.notibras.com\/site\/sexta-feira-e-dia-de-manutencao-das-redes-da-ceb-em-varias-cidades\/\",\"url\":\"https:\/\/www.notibras.com\/site\/sexta-feira-e-dia-de-manutencao-das-redes-da-ceb-em-varias-cidades\/\",\"name\":\"Sexta-feira \u00e9 dia de manuten\u00e7\u00e3o das redes em v\u00e1rias cidades - Notibras\",\"isPartOf\":{\"@id\":\"https:\/\/www.notibras.com\/site\/#website\"},\"primaryImageOfPage\":{\"@id\":\"https:\/\/www.notibras.com\/site\/sexta-feira-e-dia-de-manutencao-das-redes-da-ceb-em-varias-cidades\/#primaryimage\"},\"image\":{\"@id\":\"https:\/\/www.notibras.com\/site\/sexta-feira-e-dia-de-manutencao-das-redes-da-ceb-em-varias-cidades\/#primaryimage\"},\"thumbnailUrl\":\"https:\/\/www.notibras.com\/site\/wp-content\/uploads\/2015\/05\/zapceb8.jpg\",\"datePublished\":\"2015-05-08T02:00:57+00:00\",\"dateModified\":\"2015-05-09T11:53:09+00:00\",\"breadcrumb\":{\"@id\":\"https:\/\/www.notibras.com\/site\/sexta-feira-e-dia-de-manutencao-das-redes-da-ceb-em-varias-cidades\/#breadcrumb\"},\"inLanguage\":\"pt-BR\",\"potentialAction\":[{\"@type\":\"ReadAction\",\"target\":[\"https:\/\/www.notibras.com\/site\/sexta-feira-e-dia-de-manutencao-das-redes-da-ceb-em-varias-cidades\/\"]}]},{\"@type\":\"ImageObject\",\"inLanguage\":\"pt-BR\",\"@id\":\"https:\/\/www.notibras.com\/site\/sexta-feira-e-dia-de-manutencao-das-redes-da-ceb-em-varias-cidades\/#primaryimage\",\"url\":\"https:\/\/www.notibras.com\/site\/wp-content\/uploads\/2015\/05\/zapceb8.jpg\",\"contentUrl\":\"https:\/\/www.notibras.com\/site\/wp-content\/uploads\/2015\/05\/zapceb8.jpg\",\"width\":460,\"height\":305},{\"@type\":\"BreadcrumbList\",\"@id\":\"https:\/\/www.notibras.com\/site\/sexta-feira-e-dia-de-manutencao-das-redes-da-ceb-em-varias-cidades\/#breadcrumb\",\"itemListElement\":[{\"@type\":\"ListItem\",\"position\":1,\"name\":\"In\u00edcio\",\"item\":\"https:\/\/www.notibras.com\/site\/\"},{\"@type\":\"ListItem\",\"position\":2,\"name\":\"Sexta-feira \u00e9 dia de manuten\u00e7\u00e3o das redes em v\u00e1rias cidades\"}]},{\"@type\":\"WebSite\",\"@id\":\"https:\/\/www.notibras.com\/site\/#website\",\"url\":\"https:\/\/www.notibras.com\/site\/\",\"name\":\"Notibras\",\"description\":\"Not\u00edcias de Bras\u00edlia, do Brasil e do Mundo\",\"publisher\":{\"@id\":\"https:\/\/www.notibras.com\/site\/#organization\"},\"potentialAction\":[{\"@type\":\"SearchAction\",\"target\":{\"@type\":\"EntryPoint\",\"urlTemplate\":\"https:\/\/www.notibras.com\/site\/?s={search_term_string}\"},\"query-input\":{\"@type\":\"PropertyValueSpecification\",\"valueRequired\":true,\"valueName\":\"search_term_string\"}}],\"inLanguage\":\"pt-BR\"},{\"@type\":\"Organization\",\"@id\":\"https:\/\/www.notibras.com\/site\/#organization\",\"name\":\"Grupo Notibras de Comunica\u00e7\u00e3o\",\"url\":\"https:\/\/www.notibras.com\/site\/\",\"logo\":{\"@type\":\"ImageObject\",\"inLanguage\":\"pt-BR\",\"@id\":\"https:\/\/www.notibras.com\/site\/#\/schema\/logo\/image\/\",\"url\":\"https:\/\/www.notibras.com\/site\/wp-content\/uploads\/2023\/01\/notibras23.png\",\"contentUrl\":\"https:\/\/www.notibras.com\/site\/wp-content\/uploads\/2023\/01\/notibras23.png\",\"width\":350,\"height\":87,\"caption\":\"Grupo Notibras de Comunica\u00e7\u00e3o\"},\"image\":{\"@id\":\"https:\/\/www.notibras.com\/site\/#\/schema\/logo\/image\/\"},\"sameAs\":[\"https:\/\/www.facebook.com\/notibras\/\",\"https:\/\/x.com\/Notibras\",\"https:\/\/www.instagram.com\/notibras\/\"]},{\"@type\":\"Person\",\"@id\":\"https:\/\/www.notibras.com\/site\/#\/schema\/person\/36ab0979449956132d3e5b517ea76ac8\",\"name\":\"Reda\u00e7\u00e3o\",\"image\":{\"@type\":\"ImageObject\",\"inLanguage\":\"pt-BR\",\"@id\":\"https:\/\/secure.gravatar.com\/avatar\/e0a867bdedb85fd243eadf09663511f96fc81e0720a4a42581f334ad4303aa6b?s=96&d=mm&r=g\",\"url\":\"https:\/\/secure.gravatar.com\/avatar\/e0a867bdedb85fd243eadf09663511f96fc81e0720a4a42581f334ad4303aa6b?s=96&d=mm&r=g\",\"contentUrl\":\"https:\/\/secure.gravatar.com\/avatar\/e0a867bdedb85fd243eadf09663511f96fc81e0720a4a42581f334ad4303aa6b?s=96&d=mm&r=g\",\"caption\":\"Reda\u00e7\u00e3o\"}}]}<\/script>\n<!-- \/ Yoast SEO plugin. -->","yoast_head_json":{"title":"Sexta-feira \u00e9 dia de manuten\u00e7\u00e3o das redes em v\u00e1rias cidades - Notibras","robots":{"index":"index","follow":"follow","max-snippet":"max-snippet:-1","max-image-preview":"max-image-preview:large","max-video-preview":"max-video-preview:-1"},"canonical":"https:\/\/www.notibras.com\/site\/sexta-feira-e-dia-de-manutencao-das-redes-da-ceb-em-varias-cidades\/","og_locale":"pt_BR","og_type":"article","og_title":"Sexta-feira \u00e9 dia de manuten\u00e7\u00e3o das redes em v\u00e1rias cidades - Notibras","og_description":"A sexta-feira 8 ser\u00e1 marcada por mais um dia de servi\u00e7os de manuten\u00e7\u00e3o da CEB. \u00c1reas em diversas cidades sat\u00e9lites, al\u00e9m do pr\u00f3prio Plano Piloto, receber\u00e3o t\u00e9cnicos da companhia energ\u00e9tica, para evitar que problemas futuros aconte\u00e7am. Durante os trabalhos, o fornecimento de energia ser\u00e1 suspenso. Veja onde: CEIL\u00c2NDIA Hor\u00e1rio: 8h \u00e0s 12h Local:\u00a0 Setor de\u00a0 [&hellip;]","og_url":"https:\/\/www.notibras.com\/site\/sexta-feira-e-dia-de-manutencao-das-redes-da-ceb-em-varias-cidades\/","og_site_name":"Notibras","article_publisher":"https:\/\/www.facebook.com\/notibras\/","article_published_time":"2015-05-08T02:00:57+00:00","article_modified_time":"2015-05-09T11:53:09+00:00","og_image":[{"width":460,"height":305,"url":"https:\/\/www.notibras.com\/site\/wp-content\/uploads\/2015\/05\/zapceb8.jpg","type":"image\/jpeg"}],"author":"Reda\u00e7\u00e3o","twitter_card":"summary_large_image","twitter_creator":"@Notibras","twitter_site":"@Notibras","twitter_misc":{"Escrito por":"Reda\u00e7\u00e3o","Est. tempo de leitura":"2 minutos"},"schema":{"@context":"https:\/\/schema.org","@graph":[{"@type":"Article","@id":"https:\/\/www.notibras.com\/site\/sexta-feira-e-dia-de-manutencao-das-redes-da-ceb-em-varias-cidades\/#article","isPartOf":{"@id":"https:\/\/www.notibras.com\/site\/sexta-feira-e-dia-de-manutencao-das-redes-da-ceb-em-varias-cidades\/"},"author":{"name":"Reda\u00e7\u00e3o","@id":"https:\/\/www.notibras.com\/site\/#\/schema\/person\/36ab0979449956132d3e5b517ea76ac8"},"headline":"Sexta-feira \u00e9 dia de manuten\u00e7\u00e3o das redes em v\u00e1rias cidades","datePublished":"2015-05-08T02:00:57+00:00","dateModified":"2015-05-09T11:53:09+00:00","mainEntityOfPage":{"@id":"https:\/\/www.notibras.com\/site\/sexta-feira-e-dia-de-manutencao-das-redes-da-ceb-em-varias-cidades\/"},"wordCount":365,"commentCount":0,"publisher":{"@id":"https:\/\/www.notibras.com\/site\/#organization"},"image":{"@id":"https:\/\/www.notibras.com\/site\/sexta-feira-e-dia-de-manutencao-das-redes-da-ceb-em-varias-cidades\/#primaryimage"},"thumbnailUrl":"https:\/\/www.notibras.com\/site\/wp-content\/uploads\/2015\/05\/zapceb8.jpg","articleSection":["ZapZap das Quadras"],"inLanguage":"pt-BR","potentialAction":[{"@type":"CommentAction","name":"Comment","target":["https:\/\/www.notibras.com\/site\/sexta-feira-e-dia-de-manutencao-das-redes-da-ceb-em-varias-cidades\/#respond"]}]},{"@type":"WebPage","@id":"https:\/\/www.notibras.com\/site\/sexta-feira-e-dia-de-manutencao-das-redes-da-ceb-em-varias-cidades\/","url":"https:\/\/www.notibras.com\/site\/sexta-feira-e-dia-de-manutencao-das-redes-da-ceb-em-varias-cidades\/","name":"Sexta-feira \u00e9 dia de manuten\u00e7\u00e3o das redes em v\u00e1rias cidades - Notibras","isPartOf":{"@id":"https:\/\/www.notibras.com\/site\/#website"},"primaryImageOfPage":{"@id":"https:\/\/www.notibras.com\/site\/sexta-feira-e-dia-de-manutencao-das-redes-da-ceb-em-varias-cidades\/#primaryimage"},"image":{"@id":"https:\/\/www.notibras.com\/site\/sexta-feira-e-dia-de-manutencao-das-redes-da-ceb-em-varias-cidades\/#primaryimage"},"thumbnailUrl":"https:\/\/www.notibras.com\/site\/wp-content\/uploads\/2015\/05\/zapceb8.jpg","datePublished":"2015-05-08T02:00:57+00:00","dateModified":"2015-05-09T11:53:09+00:00","breadcrumb":{"@id":"https:\/\/www.notibras.com\/site\/sexta-feira-e-dia-de-manutencao-das-redes-da-ceb-em-varias-cidades\/#breadcrumb"},"inLanguage":"pt-BR","potentialAction":[{"@type":"ReadAction","target":["https:\/\/www.notibras.com\/site\/sexta-feira-e-dia-de-manutencao-das-redes-da-ceb-em-varias-cidades\/"]}]},{"@type":"ImageObject","inLanguage":"pt-BR","@id":"https:\/\/www.notibras.com\/site\/sexta-feira-e-dia-de-manutencao-das-redes-da-ceb-em-varias-cidades\/#primaryimage","url":"https:\/\/www.notibras.com\/site\/wp-content\/uploads\/2015\/05\/zapceb8.jpg","contentUrl":"https:\/\/www.notibras.com\/site\/wp-content\/uploads\/2015\/05\/zapceb8.jpg","width":460,"height":305},{"@type":"BreadcrumbList","@id":"https:\/\/www.notibras.com\/site\/sexta-feira-e-dia-de-manutencao-das-redes-da-ceb-em-varias-cidades\/#breadcrumb","itemListElement":[{"@type":"ListItem","position":1,"name":"In\u00edcio","item":"https:\/\/www.notibras.com\/site\/"},{"@type":"ListItem","position":2,"name":"Sexta-feira \u00e9 dia de manuten\u00e7\u00e3o das redes em v\u00e1rias cidades"}]},{"@type":"WebSite","@id":"https:\/\/www.notibras.com\/site\/#website","url":"https:\/\/www.notibras.com\/site\/","name":"Notibras","description":"Not\u00edcias de Bras\u00edlia, do Brasil e do Mundo","publisher":{"@id":"https:\/\/www.notibras.com\/site\/#organization"},"potentialAction":[{"@type":"SearchAction","target":{"@type":"EntryPoint","urlTemplate":"https:\/\/www.notibras.com\/site\/?s={search_term_string}"},"query-input":{"@type":"PropertyValueSpecification","valueRequired":true,"valueName":"search_term_string"}}],"inLanguage":"pt-BR"},{"@type":"Organization","@id":"https:\/\/www.notibras.com\/site\/#organization","name":"Grupo Notibras de Comunica\u00e7\u00e3o","url":"https:\/\/www.notibras.com\/site\/","logo":{"@type":"ImageObject","inLanguage":"pt-BR","@id":"https:\/\/www.notibras.com\/site\/#\/schema\/logo\/image\/","url":"https:\/\/www.notibras.com\/site\/wp-content\/uploads\/2023\/01\/notibras23.png","contentUrl":"https:\/\/www.notibras.com\/site\/wp-content\/uploads\/2023\/01\/notibras23.png","width":350,"height":87,"caption":"Grupo Notibras de Comunica\u00e7\u00e3o"},"image":{"@id":"https:\/\/www.notibras.com\/site\/#\/schema\/logo\/image\/"},"sameAs":["https:\/\/www.facebook.com\/notibras\/","https:\/\/x.com\/Notibras","https:\/\/www.instagram.com\/notibras\/"]},{"@type":"Person","@id":"https:\/\/www.notibras.com\/site\/#\/schema\/person\/36ab0979449956132d3e5b517ea76ac8","name":"Reda\u00e7\u00e3o","image":{"@type":"ImageObject","inLanguage":"pt-BR","@id":"https:\/\/secure.gravatar.com\/avatar\/e0a867bdedb85fd243eadf09663511f96fc81e0720a4a42581f334ad4303aa6b?s=96&d=mm&r=g","url":"https:\/\/secure.gravatar.com\/avatar\/e0a867bdedb85fd243eadf09663511f96fc81e0720a4a42581f334ad4303aa6b?s=96&d=mm&r=g","contentUrl":"https:\/\/secure.gravatar.com\/avatar\/e0a867bdedb85fd243eadf09663511f96fc81e0720a4a42581f334ad4303aa6b?s=96&d=mm&r=g","caption":"Reda\u00e7\u00e3o"}}]}},"amp_enabled":true,"_links":{"self":[{"href":"https:\/\/www.notibras.com\/site\/wp-json\/wp\/v2\/posts\/47439","targetHints":{"allow":["GET"]}}],"collection":[{"href":"https:\/\/www.notibras.com\/site\/wp-json\/wp\/v2\/posts"}],"about":[{"href":"https:\/\/www.notibras.com\/site\/wp-json\/wp\/v2\/types\/post"}],"author":[{"embeddable":true,"href":"https:\/\/www.notibras.com\/site\/wp-json\/wp\/v2\/users\/2"}],"replies":[{"embeddable":true,"href":"https:\/\/www.notibras.com\/site\/wp-json\/wp\/v2\/comments?post=47439"}],"version-history":[{"count":0,"href":"https:\/\/www.notibras.com\/site\/wp-json\/wp\/v2\/posts\/47439\/revisions"}],"wp:featuredmedia":[{"embeddable":true,"href":"https:\/\/www.notibras.com\/site\/wp-json\/wp\/v2\/media\/47440"}],"wp:attachment":[{"href":"https:\/\/www.notibras.com\/site\/wp-json\/wp\/v2\/media?parent=47439"}],"wp:term":[{"taxonomy":"category","embeddable":true,"href":"https:\/\/www.notibras.com\/site\/wp-json\/wp\/v2\/categories?post=47439"},{"taxonomy":"post_tag","embeddable":true,"href":"https:\/\/www.notibras.com\/site\/wp-json\/wp\/v2\/tags?post=47439"}],"curies":[{"name":"wp","href":"https:\/\/api.w.org\/{rel}","templated":true}]}}