{"id":47600,"date":"2015-05-09T09:31:03","date_gmt":"2015-05-09T12:31:03","guid":{"rendered":"http:\/\/www.notibras.com\/site\/?p=47600"},"modified":"2015-05-09T09:31:03","modified_gmt":"2015-05-09T12:31:03","slug":"vicente-pires-vira-criadouro-de-buracos-e-irrita-os-moradores","status":"publish","type":"post","link":"https:\/\/www.notibras.com\/site\/vicente-pires-vira-criadouro-de-buracos-e-irrita-os-moradores\/","title":{"rendered":"Vicente Pires vira criadouro de buracos e irrita os moradores"},"content":{"rendered":"<p>Indignado com a atual situa\u00e7\u00e3o da cidade, Josu\u00e9 Martins, morador de Vicente Pires, enviou pelo ZapZap sua reclama\u00e7\u00e3o da falta de infraestrutura em diversos pontos da regi\u00e3o. Josu\u00e9 ressaltou que n\u00e3o h\u00e1 mais asfalto na cidade por conta dos buracos que t\u00eam aumentado cada vez mais e que est\u00e1 dif\u00edcil a circula\u00e7\u00e3o de carros nas quadras residenciais.<\/p>\n","protected":false},"excerpt":{"rendered":"<p>Indignado com a atual situa\u00e7\u00e3o da cidade, Josu\u00e9 Martins, morador de Vicente Pires, enviou pelo ZapZap sua reclama\u00e7\u00e3o da falta de infraestrutura em diversos pontos da regi\u00e3o. Josu\u00e9 ressaltou que n\u00e3o h\u00e1 mais asfalto na cidade por conta dos buracos que t\u00eam aumentado cada vez mais e que est\u00e1 dif\u00edcil a circula\u00e7\u00e3o de carros nas [&hellip;]<\/p>\n","protected":false},"author":2,"featured_media":47601,"comment_status":"open","ping_status":"closed","sticky":false,"template":"","format":"standard","meta":{"_acf_changed":false,"footnotes":""},"categories":[40],"tags":[],"class_list":["post-47600","post","type-post","status-publish","format-standard","has-post-thumbnail","hentry","category-zapzap-das-quadras"],"acf":[],"yoast_head":"<!-- This site is optimized with the Yoast SEO plugin v27.2 - https:\/\/yoast.com\/product\/yoast-seo-wordpress\/ -->\n<title>Vicente Pires vira criadouro de buracos e irrita os moradores - Notibras<\/title>\n<meta name=\"robots\" content=\"index, follow, max-snippet:-1, max-image-preview:large, max-video-preview:-1\" \/>\n<link rel=\"canonical\" href=\"https:\/\/www.notibras.com\/site\/vicente-pires-vira-criadouro-de-buracos-e-irrita-os-moradores\/\" \/>\n<meta property=\"og:locale\" content=\"pt_BR\" \/>\n<meta property=\"og:type\" content=\"article\" \/>\n<meta property=\"og:title\" content=\"Vicente Pires vira criadouro de buracos e irrita os moradores - Notibras\" \/>\n<meta property=\"og:description\" content=\"Indignado com a atual situa\u00e7\u00e3o da cidade, Josu\u00e9 Martins, morador de Vicente Pires, enviou pelo ZapZap sua reclama\u00e7\u00e3o da falta de infraestrutura em diversos pontos da regi\u00e3o. Josu\u00e9 ressaltou que n\u00e3o h\u00e1 mais asfalto na cidade por conta dos buracos que t\u00eam aumentado cada vez mais e que est\u00e1 dif\u00edcil a circula\u00e7\u00e3o de carros nas [&hellip;]\" \/>\n<meta property=\"og:url\" content=\"https:\/\/www.notibras.com\/site\/vicente-pires-vira-criadouro-de-buracos-e-irrita-os-moradores\/\" \/>\n<meta property=\"og:site_name\" content=\"Notibras\" \/>\n<meta property=\"article:publisher\" content=\"https:\/\/www.facebook.com\/notibras\/\" \/>\n<meta property=\"article:published_time\" content=\"2015-05-09T12:31:03+00:00\" \/>\n<meta property=\"og:image\" content=\"https:\/\/www.notibras.com\/site\/wp-content\/uploads\/2015\/05\/zapvp.jpg\" \/>\n\t<meta property=\"og:image:width\" content=\"480\" \/>\n\t<meta property=\"og:image:height\" content=\"361\" \/>\n\t<meta property=\"og:image:type\" content=\"image\/jpeg\" \/>\n<meta name=\"author\" content=\"Reda\u00e7\u00e3o\" \/>\n<meta name=\"twitter:card\" content=\"summary_large_image\" \/>\n<meta name=\"twitter:creator\" content=\"@Notibras\" \/>\n<meta name=\"twitter:site\" content=\"@Notibras\" \/>\n<meta name=\"twitter:label1\" content=\"Escrito por\" \/>\n\t<meta name=\"twitter:data1\" content=\"Reda\u00e7\u00e3o\" \/>\n<script type=\"application\/ld+json\" class=\"yoast-schema-graph\">{\"@context\":\"https:\/\/schema.org\",\"@graph\":[{\"@type\":\"Article\",\"@id\":\"https:\/\/www.notibras.com\/site\/vicente-pires-vira-criadouro-de-buracos-e-irrita-os-moradores\/#article\",\"isPartOf\":{\"@id\":\"https:\/\/www.notibras.com\/site\/vicente-pires-vira-criadouro-de-buracos-e-irrita-os-moradores\/\"},\"author\":{\"name\":\"Reda\u00e7\u00e3o\",\"@id\":\"https:\/\/www.notibras.com\/site\/#\/schema\/person\/36ab0979449956132d3e5b517ea76ac8\"},\"headline\":\"Vicente Pires vira criadouro de buracos e irrita os moradores\",\"datePublished\":\"2015-05-09T12:31:03+00:00\",\"mainEntityOfPage\":{\"@id\":\"https:\/\/www.notibras.com\/site\/vicente-pires-vira-criadouro-de-buracos-e-irrita-os-moradores\/\"},\"wordCount\":74,\"commentCount\":0,\"publisher\":{\"@id\":\"https:\/\/www.notibras.com\/site\/#organization\"},\"image\":{\"@id\":\"https:\/\/www.notibras.com\/site\/vicente-pires-vira-criadouro-de-buracos-e-irrita-os-moradores\/#primaryimage\"},\"thumbnailUrl\":\"https:\/\/www.notibras.com\/site\/wp-content\/uploads\/2015\/05\/zapvp.jpg\",\"articleSection\":[\"ZapZap das Quadras\"],\"inLanguage\":\"pt-BR\",\"potentialAction\":[{\"@type\":\"CommentAction\",\"name\":\"Comment\",\"target\":[\"https:\/\/www.notibras.com\/site\/vicente-pires-vira-criadouro-de-buracos-e-irrita-os-moradores\/#respond\"]}]},{\"@type\":\"WebPage\",\"@id\":\"https:\/\/www.notibras.com\/site\/vicente-pires-vira-criadouro-de-buracos-e-irrita-os-moradores\/\",\"url\":\"https:\/\/www.notibras.com\/site\/vicente-pires-vira-criadouro-de-buracos-e-irrita-os-moradores\/\",\"name\":\"Vicente Pires vira criadouro de buracos e irrita os moradores - Notibras\",\"isPartOf\":{\"@id\":\"https:\/\/www.notibras.com\/site\/#website\"},\"primaryImageOfPage\":{\"@id\":\"https:\/\/www.notibras.com\/site\/vicente-pires-vira-criadouro-de-buracos-e-irrita-os-moradores\/#primaryimage\"},\"image\":{\"@id\":\"https:\/\/www.notibras.com\/site\/vicente-pires-vira-criadouro-de-buracos-e-irrita-os-moradores\/#primaryimage\"},\"thumbnailUrl\":\"https:\/\/www.notibras.com\/site\/wp-content\/uploads\/2015\/05\/zapvp.jpg\",\"datePublished\":\"2015-05-09T12:31:03+00:00\",\"breadcrumb\":{\"@id\":\"https:\/\/www.notibras.com\/site\/vicente-pires-vira-criadouro-de-buracos-e-irrita-os-moradores\/#breadcrumb\"},\"inLanguage\":\"pt-BR\",\"potentialAction\":[{\"@type\":\"ReadAction\",\"target\":[\"https:\/\/www.notibras.com\/site\/vicente-pires-vira-criadouro-de-buracos-e-irrita-os-moradores\/\"]}]},{\"@type\":\"ImageObject\",\"inLanguage\":\"pt-BR\",\"@id\":\"https:\/\/www.notibras.com\/site\/vicente-pires-vira-criadouro-de-buracos-e-irrita-os-moradores\/#primaryimage\",\"url\":\"https:\/\/www.notibras.com\/site\/wp-content\/uploads\/2015\/05\/zapvp.jpg\",\"contentUrl\":\"https:\/\/www.notibras.com\/site\/wp-content\/uploads\/2015\/05\/zapvp.jpg\",\"width\":480,\"height\":361},{\"@type\":\"BreadcrumbList\",\"@id\":\"https:\/\/www.notibras.com\/site\/vicente-pires-vira-criadouro-de-buracos-e-irrita-os-moradores\/#breadcrumb\",\"itemListElement\":[{\"@type\":\"ListItem\",\"position\":1,\"name\":\"In\u00edcio\",\"item\":\"https:\/\/www.notibras.com\/site\/\"},{\"@type\":\"ListItem\",\"position\":2,\"name\":\"Vicente Pires vira criadouro de buracos e irrita os moradores\"}]},{\"@type\":\"WebSite\",\"@id\":\"https:\/\/www.notibras.com\/site\/#website\",\"url\":\"https:\/\/www.notibras.com\/site\/\",\"name\":\"Notibras\",\"description\":\"Not\u00edcias de Bras\u00edlia, do Brasil e do Mundo\",\"publisher\":{\"@id\":\"https:\/\/www.notibras.com\/site\/#organization\"},\"potentialAction\":[{\"@type\":\"SearchAction\",\"target\":{\"@type\":\"EntryPoint\",\"urlTemplate\":\"https:\/\/www.notibras.com\/site\/?s={search_term_string}\"},\"query-input\":{\"@type\":\"PropertyValueSpecification\",\"valueRequired\":true,\"valueName\":\"search_term_string\"}}],\"inLanguage\":\"pt-BR\"},{\"@type\":\"Organization\",\"@id\":\"https:\/\/www.notibras.com\/site\/#organization\",\"name\":\"Grupo Notibras de Comunica\u00e7\u00e3o\",\"url\":\"https:\/\/www.notibras.com\/site\/\",\"logo\":{\"@type\":\"ImageObject\",\"inLanguage\":\"pt-BR\",\"@id\":\"https:\/\/www.notibras.com\/site\/#\/schema\/logo\/image\/\",\"url\":\"https:\/\/www.notibras.com\/site\/wp-content\/uploads\/2023\/01\/notibras23.png\",\"contentUrl\":\"https:\/\/www.notibras.com\/site\/wp-content\/uploads\/2023\/01\/notibras23.png\",\"width\":350,\"height\":87,\"caption\":\"Grupo Notibras de Comunica\u00e7\u00e3o\"},\"image\":{\"@id\":\"https:\/\/www.notibras.com\/site\/#\/schema\/logo\/image\/\"},\"sameAs\":[\"https:\/\/www.facebook.com\/notibras\/\",\"https:\/\/x.com\/Notibras\",\"https:\/\/www.instagram.com\/notibras\/\"]},{\"@type\":\"Person\",\"@id\":\"https:\/\/www.notibras.com\/site\/#\/schema\/person\/36ab0979449956132d3e5b517ea76ac8\",\"name\":\"Reda\u00e7\u00e3o\",\"image\":{\"@type\":\"ImageObject\",\"inLanguage\":\"pt-BR\",\"@id\":\"https:\/\/secure.gravatar.com\/avatar\/e0a867bdedb85fd243eadf09663511f96fc81e0720a4a42581f334ad4303aa6b?s=96&d=mm&r=g\",\"url\":\"https:\/\/secure.gravatar.com\/avatar\/e0a867bdedb85fd243eadf09663511f96fc81e0720a4a42581f334ad4303aa6b?s=96&d=mm&r=g\",\"contentUrl\":\"https:\/\/secure.gravatar.com\/avatar\/e0a867bdedb85fd243eadf09663511f96fc81e0720a4a42581f334ad4303aa6b?s=96&d=mm&r=g\",\"caption\":\"Reda\u00e7\u00e3o\"}}]}<\/script>\n<!-- \/ Yoast SEO plugin. -->","yoast_head_json":{"title":"Vicente Pires vira criadouro de buracos e irrita os moradores - Notibras","robots":{"index":"index","follow":"follow","max-snippet":"max-snippet:-1","max-image-preview":"max-image-preview:large","max-video-preview":"max-video-preview:-1"},"canonical":"https:\/\/www.notibras.com\/site\/vicente-pires-vira-criadouro-de-buracos-e-irrita-os-moradores\/","og_locale":"pt_BR","og_type":"article","og_title":"Vicente Pires vira criadouro de buracos e irrita os moradores - Notibras","og_description":"Indignado com a atual situa\u00e7\u00e3o da cidade, Josu\u00e9 Martins, morador de Vicente Pires, enviou pelo ZapZap sua reclama\u00e7\u00e3o da falta de infraestrutura em diversos pontos da regi\u00e3o. Josu\u00e9 ressaltou que n\u00e3o h\u00e1 mais asfalto na cidade por conta dos buracos que t\u00eam aumentado cada vez mais e que est\u00e1 dif\u00edcil a circula\u00e7\u00e3o de carros nas [&hellip;]","og_url":"https:\/\/www.notibras.com\/site\/vicente-pires-vira-criadouro-de-buracos-e-irrita-os-moradores\/","og_site_name":"Notibras","article_publisher":"https:\/\/www.facebook.com\/notibras\/","article_published_time":"2015-05-09T12:31:03+00:00","og_image":[{"width":480,"height":361,"url":"https:\/\/www.notibras.com\/site\/wp-content\/uploads\/2015\/05\/zapvp.jpg","type":"image\/jpeg"}],"author":"Reda\u00e7\u00e3o","twitter_card":"summary_large_image","twitter_creator":"@Notibras","twitter_site":"@Notibras","twitter_misc":{"Escrito por":"Reda\u00e7\u00e3o"},"schema":{"@context":"https:\/\/schema.org","@graph":[{"@type":"Article","@id":"https:\/\/www.notibras.com\/site\/vicente-pires-vira-criadouro-de-buracos-e-irrita-os-moradores\/#article","isPartOf":{"@id":"https:\/\/www.notibras.com\/site\/vicente-pires-vira-criadouro-de-buracos-e-irrita-os-moradores\/"},"author":{"name":"Reda\u00e7\u00e3o","@id":"https:\/\/www.notibras.com\/site\/#\/schema\/person\/36ab0979449956132d3e5b517ea76ac8"},"headline":"Vicente Pires vira criadouro de buracos e irrita os moradores","datePublished":"2015-05-09T12:31:03+00:00","mainEntityOfPage":{"@id":"https:\/\/www.notibras.com\/site\/vicente-pires-vira-criadouro-de-buracos-e-irrita-os-moradores\/"},"wordCount":74,"commentCount":0,"publisher":{"@id":"https:\/\/www.notibras.com\/site\/#organization"},"image":{"@id":"https:\/\/www.notibras.com\/site\/vicente-pires-vira-criadouro-de-buracos-e-irrita-os-moradores\/#primaryimage"},"thumbnailUrl":"https:\/\/www.notibras.com\/site\/wp-content\/uploads\/2015\/05\/zapvp.jpg","articleSection":["ZapZap das Quadras"],"inLanguage":"pt-BR","potentialAction":[{"@type":"CommentAction","name":"Comment","target":["https:\/\/www.notibras.com\/site\/vicente-pires-vira-criadouro-de-buracos-e-irrita-os-moradores\/#respond"]}]},{"@type":"WebPage","@id":"https:\/\/www.notibras.com\/site\/vicente-pires-vira-criadouro-de-buracos-e-irrita-os-moradores\/","url":"https:\/\/www.notibras.com\/site\/vicente-pires-vira-criadouro-de-buracos-e-irrita-os-moradores\/","name":"Vicente Pires vira criadouro de buracos e irrita os moradores - Notibras","isPartOf":{"@id":"https:\/\/www.notibras.com\/site\/#website"},"primaryImageOfPage":{"@id":"https:\/\/www.notibras.com\/site\/vicente-pires-vira-criadouro-de-buracos-e-irrita-os-moradores\/#primaryimage"},"image":{"@id":"https:\/\/www.notibras.com\/site\/vicente-pires-vira-criadouro-de-buracos-e-irrita-os-moradores\/#primaryimage"},"thumbnailUrl":"https:\/\/www.notibras.com\/site\/wp-content\/uploads\/2015\/05\/zapvp.jpg","datePublished":"2015-05-09T12:31:03+00:00","breadcrumb":{"@id":"https:\/\/www.notibras.com\/site\/vicente-pires-vira-criadouro-de-buracos-e-irrita-os-moradores\/#breadcrumb"},"inLanguage":"pt-BR","potentialAction":[{"@type":"ReadAction","target":["https:\/\/www.notibras.com\/site\/vicente-pires-vira-criadouro-de-buracos-e-irrita-os-moradores\/"]}]},{"@type":"ImageObject","inLanguage":"pt-BR","@id":"https:\/\/www.notibras.com\/site\/vicente-pires-vira-criadouro-de-buracos-e-irrita-os-moradores\/#primaryimage","url":"https:\/\/www.notibras.com\/site\/wp-content\/uploads\/2015\/05\/zapvp.jpg","contentUrl":"https:\/\/www.notibras.com\/site\/wp-content\/uploads\/2015\/05\/zapvp.jpg","width":480,"height":361},{"@type":"BreadcrumbList","@id":"https:\/\/www.notibras.com\/site\/vicente-pires-vira-criadouro-de-buracos-e-irrita-os-moradores\/#breadcrumb","itemListElement":[{"@type":"ListItem","position":1,"name":"In\u00edcio","item":"https:\/\/www.notibras.com\/site\/"},{"@type":"ListItem","position":2,"name":"Vicente Pires vira criadouro de buracos e irrita os moradores"}]},{"@type":"WebSite","@id":"https:\/\/www.notibras.com\/site\/#website","url":"https:\/\/www.notibras.com\/site\/","name":"Notibras","description":"Not\u00edcias de Bras\u00edlia, do Brasil e do Mundo","publisher":{"@id":"https:\/\/www.notibras.com\/site\/#organization"},"potentialAction":[{"@type":"SearchAction","target":{"@type":"EntryPoint","urlTemplate":"https:\/\/www.notibras.com\/site\/?s={search_term_string}"},"query-input":{"@type":"PropertyValueSpecification","valueRequired":true,"valueName":"search_term_string"}}],"inLanguage":"pt-BR"},{"@type":"Organization","@id":"https:\/\/www.notibras.com\/site\/#organization","name":"Grupo Notibras de Comunica\u00e7\u00e3o","url":"https:\/\/www.notibras.com\/site\/","logo":{"@type":"ImageObject","inLanguage":"pt-BR","@id":"https:\/\/www.notibras.com\/site\/#\/schema\/logo\/image\/","url":"https:\/\/www.notibras.com\/site\/wp-content\/uploads\/2023\/01\/notibras23.png","contentUrl":"https:\/\/www.notibras.com\/site\/wp-content\/uploads\/2023\/01\/notibras23.png","width":350,"height":87,"caption":"Grupo Notibras de Comunica\u00e7\u00e3o"},"image":{"@id":"https:\/\/www.notibras.com\/site\/#\/schema\/logo\/image\/"},"sameAs":["https:\/\/www.facebook.com\/notibras\/","https:\/\/x.com\/Notibras","https:\/\/www.instagram.com\/notibras\/"]},{"@type":"Person","@id":"https:\/\/www.notibras.com\/site\/#\/schema\/person\/36ab0979449956132d3e5b517ea76ac8","name":"Reda\u00e7\u00e3o","image":{"@type":"ImageObject","inLanguage":"pt-BR","@id":"https:\/\/secure.gravatar.com\/avatar\/e0a867bdedb85fd243eadf09663511f96fc81e0720a4a42581f334ad4303aa6b?s=96&d=mm&r=g","url":"https:\/\/secure.gravatar.com\/avatar\/e0a867bdedb85fd243eadf09663511f96fc81e0720a4a42581f334ad4303aa6b?s=96&d=mm&r=g","contentUrl":"https:\/\/secure.gravatar.com\/avatar\/e0a867bdedb85fd243eadf09663511f96fc81e0720a4a42581f334ad4303aa6b?s=96&d=mm&r=g","caption":"Reda\u00e7\u00e3o"}}]}},"amp_enabled":true,"_links":{"self":[{"href":"https:\/\/www.notibras.com\/site\/wp-json\/wp\/v2\/posts\/47600","targetHints":{"allow":["GET"]}}],"collection":[{"href":"https:\/\/www.notibras.com\/site\/wp-json\/wp\/v2\/posts"}],"about":[{"href":"https:\/\/www.notibras.com\/site\/wp-json\/wp\/v2\/types\/post"}],"author":[{"embeddable":true,"href":"https:\/\/www.notibras.com\/site\/wp-json\/wp\/v2\/users\/2"}],"replies":[{"embeddable":true,"href":"https:\/\/www.notibras.com\/site\/wp-json\/wp\/v2\/comments?post=47600"}],"version-history":[{"count":0,"href":"https:\/\/www.notibras.com\/site\/wp-json\/wp\/v2\/posts\/47600\/revisions"}],"wp:featuredmedia":[{"embeddable":true,"href":"https:\/\/www.notibras.com\/site\/wp-json\/wp\/v2\/media\/47601"}],"wp:attachment":[{"href":"https:\/\/www.notibras.com\/site\/wp-json\/wp\/v2\/media?parent=47600"}],"wp:term":[{"taxonomy":"category","embeddable":true,"href":"https:\/\/www.notibras.com\/site\/wp-json\/wp\/v2\/categories?post=47600"},{"taxonomy":"post_tag","embeddable":true,"href":"https:\/\/www.notibras.com\/site\/wp-json\/wp\/v2\/tags?post=47600"}],"curies":[{"name":"wp","href":"https:\/\/api.w.org\/{rel}","templated":true}]}}