{"id":47603,"date":"2015-05-09T10:20:53","date_gmt":"2015-05-09T13:20:53","guid":{"rendered":"http:\/\/www.notibras.com\/site\/?p=47603"},"modified":"2015-05-09T10:20:53","modified_gmt":"2015-05-09T13:20:53","slug":"quem-nao-se-acomoda-reinventa-modos-e-cresce-com-a-crise","status":"publish","type":"post","link":"https:\/\/www.notibras.com\/site\/quem-nao-se-acomoda-reinventa-modos-e-cresce-com-a-crise\/","title":{"rendered":"Quem n\u00e3o se acomoda, reinventa modos e cresce com a crise"},"content":{"rendered":"<p>Em momentos de crise, \u00e9 comum empresas fecharem as portas ou diminu\u00edrem estrutura e, consequentemente, a produtividade. N\u00e3o existe uma receita de bolo para lidar com a crise, mas \u00e9 poss\u00edvel minimizar os efeitos e at\u00e9 crescer em meio \u00e0 ela. Para isso \u00e9 necess\u00e1rio sair da zona de conforto, se reinventar, agir estrategicamente e buscar os meios certos para lidar com os momentos dif\u00edceis.<\/p>\n<p>No Coaching Ontol\u00f3gico, h\u00e1 uma express\u00e3o que representa os canais de apoio aos quais se pode recorrer nessas situa\u00e7\u00f5es. Denomina-se rede de ajuda. Ao longo da vida, vamos construindo rela\u00e7\u00f5es que, direta ou indiretamente, nos apoiam em ocorr\u00eancias espec\u00edficas. Podem ser caracterizados como integrantes dessa rede, as pessoas ou profissionais capazes de nos auxiliar na resolu\u00e7\u00e3o da demanda em quest\u00e3o.<\/p>\n<blockquote><p>Na crise, \u00e9 comum postergar decis\u00f5es porque est\u00e1 dando tudo errado. Em geral, as organiza\u00e7\u00f5es come\u00e7am os cortes por custos que, diretamente, n\u00e3o atinjam a sua log\u00edstica. Mas \u00e9 preciso ter planos a curto, a m\u00e9dio e a longo prazos, pois as consequ\u00eancias dos cortes podem ser mais danosas do que inicialmente se imaginava. Caso o empres\u00e1rio n\u00e3o esteja seguro, \u00e9 recomend\u00e1vel que se contrate um consultor, com refer\u00eancias. Uma pessoa de fora tende a enxergar, de modo mais panor\u00e2mico, o que quem est\u00e1 dentro n\u00e3o consegue.<\/p><\/blockquote>\n<p>A sensa\u00e7\u00e3o do mercado \u00e9 de que os gestores est\u00e3o em estado de aten\u00e7\u00e3o. Muitas coisas ocorrendo simultaneamente, o que desequilibra a condu\u00e7\u00e3o dos neg\u00f3cios e as rela\u00e7\u00f5es interpessoais. O grande problema \u00e9 que n\u00e3o d\u00e1 para parar o mundo, se organizar e voltar a seguir o fluxo. Tudo acontece paralelamente. Atingir\u00e1 os objetivos quem tiver alicerce emocional suficiente para tomar as decis\u00f5es mais acertadas para cada momento e, principalmente, quem manter a tranquilidade.<\/p>\n<p><strong>Fl\u00e1vio Resende<\/strong><\/p>\n","protected":false},"excerpt":{"rendered":"<p>Em momentos de crise, \u00e9 comum empresas fecharem as portas ou diminu\u00edrem estrutura e, consequentemente, a produtividade. N\u00e3o existe uma receita de bolo para lidar com a crise, mas \u00e9 poss\u00edvel minimizar os efeitos e at\u00e9 crescer em meio \u00e0 ela. Para isso \u00e9 necess\u00e1rio sair da zona de conforto, se reinventar, agir estrategicamente e [&hellip;]<\/p>\n","protected":false},"author":2,"featured_media":47604,"comment_status":"open","ping_status":"closed","sticky":false,"template":"","format":"standard","meta":{"_acf_changed":false,"footnotes":""},"categories":[25],"tags":[],"class_list":["post-47603","post","type-post","status-publish","format-standard","has-post-thumbnail","hentry","category-opina-ai"],"acf":[],"yoast_head":"<!-- This site is optimized with the Yoast SEO plugin v27.5 - https:\/\/yoast.com\/product\/yoast-seo-wordpress\/ -->\n<title>Quem n\u00e3o se acomoda, reinventa modos e cresce com a crise - Notibras<\/title>\n<meta name=\"robots\" content=\"index, follow, max-snippet:-1, max-image-preview:large, max-video-preview:-1\" \/>\n<link rel=\"canonical\" href=\"https:\/\/www.notibras.com\/site\/quem-nao-se-acomoda-reinventa-modos-e-cresce-com-a-crise\/\" \/>\n<meta property=\"og:locale\" content=\"pt_BR\" \/>\n<meta property=\"og:type\" content=\"article\" \/>\n<meta property=\"og:title\" content=\"Quem n\u00e3o se acomoda, reinventa modos e cresce com a crise - Notibras\" \/>\n<meta property=\"og:description\" content=\"Em momentos de crise, \u00e9 comum empresas fecharem as portas ou diminu\u00edrem estrutura e, consequentemente, a produtividade. N\u00e3o existe uma receita de bolo para lidar com a crise, mas \u00e9 poss\u00edvel minimizar os efeitos e at\u00e9 crescer em meio \u00e0 ela. Para isso \u00e9 necess\u00e1rio sair da zona de conforto, se reinventar, agir estrategicamente e [&hellip;]\" \/>\n<meta property=\"og:url\" content=\"https:\/\/www.notibras.com\/site\/quem-nao-se-acomoda-reinventa-modos-e-cresce-com-a-crise\/\" \/>\n<meta property=\"og:site_name\" content=\"Notibras\" \/>\n<meta property=\"article:publisher\" content=\"https:\/\/www.facebook.com\/notibras\/\" \/>\n<meta property=\"article:published_time\" content=\"2015-05-09T13:20:53+00:00\" \/>\n<meta property=\"og:image\" content=\"https:\/\/www.notibras.com\/site\/wp-content\/uploads\/2015\/05\/opfla.jpg\" \/>\n\t<meta property=\"og:image:width\" content=\"880\" \/>\n\t<meta property=\"og:image:height\" content=\"540\" \/>\n\t<meta property=\"og:image:type\" content=\"image\/jpeg\" \/>\n<meta name=\"author\" content=\"Reda\u00e7\u00e3o\" \/>\n<meta name=\"twitter:card\" content=\"summary_large_image\" \/>\n<meta name=\"twitter:creator\" content=\"@Notibras\" \/>\n<meta name=\"twitter:site\" content=\"@Notibras\" \/>\n<meta name=\"twitter:label1\" content=\"Escrito por\" \/>\n\t<meta name=\"twitter:data1\" content=\"Reda\u00e7\u00e3o\" \/>\n\t<meta name=\"twitter:label2\" content=\"Est. tempo de leitura\" \/>\n\t<meta name=\"twitter:data2\" content=\"2 minutos\" \/>\n<script type=\"application\/ld+json\" class=\"yoast-schema-graph\">{\"@context\":\"https:\\\/\\\/schema.org\",\"@graph\":[{\"@type\":\"Article\",\"@id\":\"https:\\\/\\\/www.notibras.com\\\/site\\\/quem-nao-se-acomoda-reinventa-modos-e-cresce-com-a-crise\\\/#article\",\"isPartOf\":{\"@id\":\"https:\\\/\\\/www.notibras.com\\\/site\\\/quem-nao-se-acomoda-reinventa-modos-e-cresce-com-a-crise\\\/\"},\"author\":{\"name\":\"Reda\u00e7\u00e3o\",\"@id\":\"https:\\\/\\\/www.notibras.com\\\/site\\\/#\\\/schema\\\/person\\\/36ab0979449956132d3e5b517ea76ac8\"},\"headline\":\"Quem n\u00e3o se acomoda, reinventa modos e cresce com a crise\",\"datePublished\":\"2015-05-09T13:20:53+00:00\",\"mainEntityOfPage\":{\"@id\":\"https:\\\/\\\/www.notibras.com\\\/site\\\/quem-nao-se-acomoda-reinventa-modos-e-cresce-com-a-crise\\\/\"},\"wordCount\":326,\"commentCount\":0,\"publisher\":{\"@id\":\"https:\\\/\\\/www.notibras.com\\\/site\\\/#organization\"},\"image\":{\"@id\":\"https:\\\/\\\/www.notibras.com\\\/site\\\/quem-nao-se-acomoda-reinventa-modos-e-cresce-com-a-crise\\\/#primaryimage\"},\"thumbnailUrl\":\"https:\\\/\\\/www.notibras.com\\\/site\\\/wp-content\\\/uploads\\\/2015\\\/05\\\/opfla.jpg\",\"articleSection\":[\"Opina a\u00ed\"],\"inLanguage\":\"pt-BR\",\"potentialAction\":[{\"@type\":\"CommentAction\",\"name\":\"Comment\",\"target\":[\"https:\\\/\\\/www.notibras.com\\\/site\\\/quem-nao-se-acomoda-reinventa-modos-e-cresce-com-a-crise\\\/#respond\"]}]},{\"@type\":\"WebPage\",\"@id\":\"https:\\\/\\\/www.notibras.com\\\/site\\\/quem-nao-se-acomoda-reinventa-modos-e-cresce-com-a-crise\\\/\",\"url\":\"https:\\\/\\\/www.notibras.com\\\/site\\\/quem-nao-se-acomoda-reinventa-modos-e-cresce-com-a-crise\\\/\",\"name\":\"Quem n\u00e3o se acomoda, reinventa modos e cresce com a crise - Notibras\",\"isPartOf\":{\"@id\":\"https:\\\/\\\/www.notibras.com\\\/site\\\/#website\"},\"primaryImageOfPage\":{\"@id\":\"https:\\\/\\\/www.notibras.com\\\/site\\\/quem-nao-se-acomoda-reinventa-modos-e-cresce-com-a-crise\\\/#primaryimage\"},\"image\":{\"@id\":\"https:\\\/\\\/www.notibras.com\\\/site\\\/quem-nao-se-acomoda-reinventa-modos-e-cresce-com-a-crise\\\/#primaryimage\"},\"thumbnailUrl\":\"https:\\\/\\\/www.notibras.com\\\/site\\\/wp-content\\\/uploads\\\/2015\\\/05\\\/opfla.jpg\",\"datePublished\":\"2015-05-09T13:20:53+00:00\",\"breadcrumb\":{\"@id\":\"https:\\\/\\\/www.notibras.com\\\/site\\\/quem-nao-se-acomoda-reinventa-modos-e-cresce-com-a-crise\\\/#breadcrumb\"},\"inLanguage\":\"pt-BR\",\"potentialAction\":[{\"@type\":\"ReadAction\",\"target\":[\"https:\\\/\\\/www.notibras.com\\\/site\\\/quem-nao-se-acomoda-reinventa-modos-e-cresce-com-a-crise\\\/\"]}]},{\"@type\":\"ImageObject\",\"inLanguage\":\"pt-BR\",\"@id\":\"https:\\\/\\\/www.notibras.com\\\/site\\\/quem-nao-se-acomoda-reinventa-modos-e-cresce-com-a-crise\\\/#primaryimage\",\"url\":\"https:\\\/\\\/www.notibras.com\\\/site\\\/wp-content\\\/uploads\\\/2015\\\/05\\\/opfla.jpg\",\"contentUrl\":\"https:\\\/\\\/www.notibras.com\\\/site\\\/wp-content\\\/uploads\\\/2015\\\/05\\\/opfla.jpg\",\"width\":880,\"height\":540},{\"@type\":\"BreadcrumbList\",\"@id\":\"https:\\\/\\\/www.notibras.com\\\/site\\\/quem-nao-se-acomoda-reinventa-modos-e-cresce-com-a-crise\\\/#breadcrumb\",\"itemListElement\":[{\"@type\":\"ListItem\",\"position\":1,\"name\":\"In\u00edcio\",\"item\":\"https:\\\/\\\/www.notibras.com\\\/site\\\/\"},{\"@type\":\"ListItem\",\"position\":2,\"name\":\"Quem n\u00e3o se acomoda, reinventa modos e cresce com a crise\"}]},{\"@type\":\"WebSite\",\"@id\":\"https:\\\/\\\/www.notibras.com\\\/site\\\/#website\",\"url\":\"https:\\\/\\\/www.notibras.com\\\/site\\\/\",\"name\":\"Notibras\",\"description\":\"Not\u00edcias de Bras\u00edlia, do Brasil e do Mundo\",\"publisher\":{\"@id\":\"https:\\\/\\\/www.notibras.com\\\/site\\\/#organization\"},\"potentialAction\":[{\"@type\":\"SearchAction\",\"target\":{\"@type\":\"EntryPoint\",\"urlTemplate\":\"https:\\\/\\\/www.notibras.com\\\/site\\\/?s={search_term_string}\"},\"query-input\":{\"@type\":\"PropertyValueSpecification\",\"valueRequired\":true,\"valueName\":\"search_term_string\"}}],\"inLanguage\":\"pt-BR\"},{\"@type\":\"Organization\",\"@id\":\"https:\\\/\\\/www.notibras.com\\\/site\\\/#organization\",\"name\":\"Grupo Notibras de Comunica\u00e7\u00e3o\",\"url\":\"https:\\\/\\\/www.notibras.com\\\/site\\\/\",\"logo\":{\"@type\":\"ImageObject\",\"inLanguage\":\"pt-BR\",\"@id\":\"https:\\\/\\\/www.notibras.com\\\/site\\\/#\\\/schema\\\/logo\\\/image\\\/\",\"url\":\"https:\\\/\\\/www.notibras.com\\\/site\\\/wp-content\\\/uploads\\\/2023\\\/01\\\/notibras23.png\",\"contentUrl\":\"https:\\\/\\\/www.notibras.com\\\/site\\\/wp-content\\\/uploads\\\/2023\\\/01\\\/notibras23.png\",\"width\":350,\"height\":87,\"caption\":\"Grupo Notibras de Comunica\u00e7\u00e3o\"},\"image\":{\"@id\":\"https:\\\/\\\/www.notibras.com\\\/site\\\/#\\\/schema\\\/logo\\\/image\\\/\"},\"sameAs\":[\"https:\\\/\\\/www.facebook.com\\\/notibras\\\/\",\"https:\\\/\\\/x.com\\\/Notibras\",\"https:\\\/\\\/www.instagram.com\\\/notibras\\\/\"]},{\"@type\":\"Person\",\"@id\":\"https:\\\/\\\/www.notibras.com\\\/site\\\/#\\\/schema\\\/person\\\/36ab0979449956132d3e5b517ea76ac8\",\"name\":\"Reda\u00e7\u00e3o\",\"image\":{\"@type\":\"ImageObject\",\"inLanguage\":\"pt-BR\",\"@id\":\"https:\\\/\\\/secure.gravatar.com\\\/avatar\\\/e0a867bdedb85fd243eadf09663511f96fc81e0720a4a42581f334ad4303aa6b?s=96&d=mm&r=g\",\"url\":\"https:\\\/\\\/secure.gravatar.com\\\/avatar\\\/e0a867bdedb85fd243eadf09663511f96fc81e0720a4a42581f334ad4303aa6b?s=96&d=mm&r=g\",\"contentUrl\":\"https:\\\/\\\/secure.gravatar.com\\\/avatar\\\/e0a867bdedb85fd243eadf09663511f96fc81e0720a4a42581f334ad4303aa6b?s=96&d=mm&r=g\",\"caption\":\"Reda\u00e7\u00e3o\"}}]}<\/script>\n<!-- \/ Yoast SEO plugin. -->","yoast_head_json":{"title":"Quem n\u00e3o se acomoda, reinventa modos e cresce com a crise - Notibras","robots":{"index":"index","follow":"follow","max-snippet":"max-snippet:-1","max-image-preview":"max-image-preview:large","max-video-preview":"max-video-preview:-1"},"canonical":"https:\/\/www.notibras.com\/site\/quem-nao-se-acomoda-reinventa-modos-e-cresce-com-a-crise\/","og_locale":"pt_BR","og_type":"article","og_title":"Quem n\u00e3o se acomoda, reinventa modos e cresce com a crise - Notibras","og_description":"Em momentos de crise, \u00e9 comum empresas fecharem as portas ou diminu\u00edrem estrutura e, consequentemente, a produtividade. N\u00e3o existe uma receita de bolo para lidar com a crise, mas \u00e9 poss\u00edvel minimizar os efeitos e at\u00e9 crescer em meio \u00e0 ela. Para isso \u00e9 necess\u00e1rio sair da zona de conforto, se reinventar, agir estrategicamente e [&hellip;]","og_url":"https:\/\/www.notibras.com\/site\/quem-nao-se-acomoda-reinventa-modos-e-cresce-com-a-crise\/","og_site_name":"Notibras","article_publisher":"https:\/\/www.facebook.com\/notibras\/","article_published_time":"2015-05-09T13:20:53+00:00","og_image":[{"width":880,"height":540,"url":"https:\/\/www.notibras.com\/site\/wp-content\/uploads\/2015\/05\/opfla.jpg","type":"image\/jpeg"}],"author":"Reda\u00e7\u00e3o","twitter_card":"summary_large_image","twitter_creator":"@Notibras","twitter_site":"@Notibras","twitter_misc":{"Escrito por":"Reda\u00e7\u00e3o","Est. tempo de leitura":"2 minutos"},"schema":{"@context":"https:\/\/schema.org","@graph":[{"@type":"Article","@id":"https:\/\/www.notibras.com\/site\/quem-nao-se-acomoda-reinventa-modos-e-cresce-com-a-crise\/#article","isPartOf":{"@id":"https:\/\/www.notibras.com\/site\/quem-nao-se-acomoda-reinventa-modos-e-cresce-com-a-crise\/"},"author":{"name":"Reda\u00e7\u00e3o","@id":"https:\/\/www.notibras.com\/site\/#\/schema\/person\/36ab0979449956132d3e5b517ea76ac8"},"headline":"Quem n\u00e3o se acomoda, reinventa modos e cresce com a crise","datePublished":"2015-05-09T13:20:53+00:00","mainEntityOfPage":{"@id":"https:\/\/www.notibras.com\/site\/quem-nao-se-acomoda-reinventa-modos-e-cresce-com-a-crise\/"},"wordCount":326,"commentCount":0,"publisher":{"@id":"https:\/\/www.notibras.com\/site\/#organization"},"image":{"@id":"https:\/\/www.notibras.com\/site\/quem-nao-se-acomoda-reinventa-modos-e-cresce-com-a-crise\/#primaryimage"},"thumbnailUrl":"https:\/\/www.notibras.com\/site\/wp-content\/uploads\/2015\/05\/opfla.jpg","articleSection":["Opina a\u00ed"],"inLanguage":"pt-BR","potentialAction":[{"@type":"CommentAction","name":"Comment","target":["https:\/\/www.notibras.com\/site\/quem-nao-se-acomoda-reinventa-modos-e-cresce-com-a-crise\/#respond"]}]},{"@type":"WebPage","@id":"https:\/\/www.notibras.com\/site\/quem-nao-se-acomoda-reinventa-modos-e-cresce-com-a-crise\/","url":"https:\/\/www.notibras.com\/site\/quem-nao-se-acomoda-reinventa-modos-e-cresce-com-a-crise\/","name":"Quem n\u00e3o se acomoda, reinventa modos e cresce com a crise - Notibras","isPartOf":{"@id":"https:\/\/www.notibras.com\/site\/#website"},"primaryImageOfPage":{"@id":"https:\/\/www.notibras.com\/site\/quem-nao-se-acomoda-reinventa-modos-e-cresce-com-a-crise\/#primaryimage"},"image":{"@id":"https:\/\/www.notibras.com\/site\/quem-nao-se-acomoda-reinventa-modos-e-cresce-com-a-crise\/#primaryimage"},"thumbnailUrl":"https:\/\/www.notibras.com\/site\/wp-content\/uploads\/2015\/05\/opfla.jpg","datePublished":"2015-05-09T13:20:53+00:00","breadcrumb":{"@id":"https:\/\/www.notibras.com\/site\/quem-nao-se-acomoda-reinventa-modos-e-cresce-com-a-crise\/#breadcrumb"},"inLanguage":"pt-BR","potentialAction":[{"@type":"ReadAction","target":["https:\/\/www.notibras.com\/site\/quem-nao-se-acomoda-reinventa-modos-e-cresce-com-a-crise\/"]}]},{"@type":"ImageObject","inLanguage":"pt-BR","@id":"https:\/\/www.notibras.com\/site\/quem-nao-se-acomoda-reinventa-modos-e-cresce-com-a-crise\/#primaryimage","url":"https:\/\/www.notibras.com\/site\/wp-content\/uploads\/2015\/05\/opfla.jpg","contentUrl":"https:\/\/www.notibras.com\/site\/wp-content\/uploads\/2015\/05\/opfla.jpg","width":880,"height":540},{"@type":"BreadcrumbList","@id":"https:\/\/www.notibras.com\/site\/quem-nao-se-acomoda-reinventa-modos-e-cresce-com-a-crise\/#breadcrumb","itemListElement":[{"@type":"ListItem","position":1,"name":"In\u00edcio","item":"https:\/\/www.notibras.com\/site\/"},{"@type":"ListItem","position":2,"name":"Quem n\u00e3o se acomoda, reinventa modos e cresce com a crise"}]},{"@type":"WebSite","@id":"https:\/\/www.notibras.com\/site\/#website","url":"https:\/\/www.notibras.com\/site\/","name":"Notibras","description":"Not\u00edcias de Bras\u00edlia, do Brasil e do Mundo","publisher":{"@id":"https:\/\/www.notibras.com\/site\/#organization"},"potentialAction":[{"@type":"SearchAction","target":{"@type":"EntryPoint","urlTemplate":"https:\/\/www.notibras.com\/site\/?s={search_term_string}"},"query-input":{"@type":"PropertyValueSpecification","valueRequired":true,"valueName":"search_term_string"}}],"inLanguage":"pt-BR"},{"@type":"Organization","@id":"https:\/\/www.notibras.com\/site\/#organization","name":"Grupo Notibras de Comunica\u00e7\u00e3o","url":"https:\/\/www.notibras.com\/site\/","logo":{"@type":"ImageObject","inLanguage":"pt-BR","@id":"https:\/\/www.notibras.com\/site\/#\/schema\/logo\/image\/","url":"https:\/\/www.notibras.com\/site\/wp-content\/uploads\/2023\/01\/notibras23.png","contentUrl":"https:\/\/www.notibras.com\/site\/wp-content\/uploads\/2023\/01\/notibras23.png","width":350,"height":87,"caption":"Grupo Notibras de Comunica\u00e7\u00e3o"},"image":{"@id":"https:\/\/www.notibras.com\/site\/#\/schema\/logo\/image\/"},"sameAs":["https:\/\/www.facebook.com\/notibras\/","https:\/\/x.com\/Notibras","https:\/\/www.instagram.com\/notibras\/"]},{"@type":"Person","@id":"https:\/\/www.notibras.com\/site\/#\/schema\/person\/36ab0979449956132d3e5b517ea76ac8","name":"Reda\u00e7\u00e3o","image":{"@type":"ImageObject","inLanguage":"pt-BR","@id":"https:\/\/secure.gravatar.com\/avatar\/e0a867bdedb85fd243eadf09663511f96fc81e0720a4a42581f334ad4303aa6b?s=96&d=mm&r=g","url":"https:\/\/secure.gravatar.com\/avatar\/e0a867bdedb85fd243eadf09663511f96fc81e0720a4a42581f334ad4303aa6b?s=96&d=mm&r=g","contentUrl":"https:\/\/secure.gravatar.com\/avatar\/e0a867bdedb85fd243eadf09663511f96fc81e0720a4a42581f334ad4303aa6b?s=96&d=mm&r=g","caption":"Reda\u00e7\u00e3o"}}]}},"amp_enabled":true,"_links":{"self":[{"href":"https:\/\/www.notibras.com\/site\/wp-json\/wp\/v2\/posts\/47603","targetHints":{"allow":["GET"]}}],"collection":[{"href":"https:\/\/www.notibras.com\/site\/wp-json\/wp\/v2\/posts"}],"about":[{"href":"https:\/\/www.notibras.com\/site\/wp-json\/wp\/v2\/types\/post"}],"author":[{"embeddable":true,"href":"https:\/\/www.notibras.com\/site\/wp-json\/wp\/v2\/users\/2"}],"replies":[{"embeddable":true,"href":"https:\/\/www.notibras.com\/site\/wp-json\/wp\/v2\/comments?post=47603"}],"version-history":[{"count":0,"href":"https:\/\/www.notibras.com\/site\/wp-json\/wp\/v2\/posts\/47603\/revisions"}],"wp:featuredmedia":[{"embeddable":true,"href":"https:\/\/www.notibras.com\/site\/wp-json\/wp\/v2\/media\/47604"}],"wp:attachment":[{"href":"https:\/\/www.notibras.com\/site\/wp-json\/wp\/v2\/media?parent=47603"}],"wp:term":[{"taxonomy":"category","embeddable":true,"href":"https:\/\/www.notibras.com\/site\/wp-json\/wp\/v2\/categories?post=47603"},{"taxonomy":"post_tag","embeddable":true,"href":"https:\/\/www.notibras.com\/site\/wp-json\/wp\/v2\/tags?post=47603"}],"curies":[{"name":"wp","href":"https:\/\/api.w.org\/{rel}","templated":true}]}}