{"id":47676,"date":"2015-05-09T17:45:52","date_gmt":"2015-05-09T20:45:52","guid":{"rendered":"http:\/\/www.notibras.com\/site\/?p=47676"},"modified":"2015-05-09T18:47:24","modified_gmt":"2015-05-09T21:47:24","slug":"campeao-pernambucano-santa-cruz-leva-de-2x0-do-macae","status":"publish","type":"post","link":"https:\/\/www.notibras.com\/site\/campeao-pernambucano-santa-cruz-leva-de-2x0-do-macae\/","title":{"rendered":"Campe\u00e3o pernambucano, Santa Cruz leva de 2&#215;0 do Maca\u00e9"},"content":{"rendered":"<p>N\u00e3o h\u00e1 d\u00favidas que o t\u00edtulo Pernambucano foi \u00f3timo para o Santa Cruz e para a sua torcida, que tem motivos para comemorar a conquista. Mas o futebol apresentado pelo Tricolor no Estadual precisa ir al\u00e9m em uma competi\u00e7\u00e3o como a S\u00e9rie B do Campeonato Brasileiro.<\/p>\n<p>A derrota de 2\u00d70 para o Maca\u00e9, neste s\u00e1bado, fora de casa, na abertura do campeonato, foi um bom exemplo dessa teoria. Os corais at\u00e9 se apresentaram melhor, mas vacilaram na hora H, como ocorreu v\u00e1rias vezes no Pernambucano. Como enfrentaram um advers\u00e1rio de maior n\u00edvel, a derrota veio como um castigo e aviso de que a equipe precisa evoluir para a Segundona.<\/p>\n<p>Na pr\u00f3xima rodada, o Santa Cruz encara o Paran\u00e1, no Arruda, enquanto o Maca\u00e9 enfrenta o Sampaio Corr\u00eaa, no Maranh\u00e3o.<\/p>\n<p>Apesar do resultado, o Santa Cruz poderia ter vencido a partida. Isso porque dominou o primeiro tempo do confronto e criou as suas chances de gols. O problema \u00e9 que Betinho, Anderson Aquino, Pedro Castro e at\u00e9 mesmo Bruno Mineiro, esse entrou na segunda etapa, perderam lances claros de gol.<\/p>\n<p>O desperd\u00edcio coral acabou custando muito caro, afinal o Maca\u00e9, mesmo com suas limita\u00e7\u00f5es, tamb\u00e9m conseguiu criar suas oportunidades. Assim como o Tricolor, abusou dos erros nas conclus\u00f5es, mas conseguiu ser feliz aos 35 do primeiro tempo com Fernando Santos, em chute na grande \u00e1rea.<\/p>\n<p>Vale ressaltar ainda que al\u00e9m de vacilar muito no ataque, o Santa Cruz foi deficiente na marca\u00e7\u00e3o pelos lados do campo. Renatinho e Nininho sofreram muito para segurar os jogadores do Maca\u00e9 que ca\u00edram pelo setor. O lateral-direito coral, por sinal, foi quem mais teve trabalho. Gra\u00e7as a Pipico, que deu um calor enorme no camisa 2.<\/p>\n","protected":false},"excerpt":{"rendered":"<p>N\u00e3o h\u00e1 d\u00favidas que o t\u00edtulo Pernambucano foi \u00f3timo para o Santa Cruz e para a sua torcida, que tem motivos para comemorar a conquista. Mas o futebol apresentado pelo Tricolor no Estadual precisa ir al\u00e9m em uma competi\u00e7\u00e3o como a S\u00e9rie B do Campeonato Brasileiro. A derrota de 2\u00d70 para o Maca\u00e9, neste s\u00e1bado, [&hellip;]<\/p>\n","protected":false},"author":2,"featured_media":47677,"comment_status":"open","ping_status":"closed","sticky":false,"template":"","format":"standard","meta":{"_acf_changed":false,"footnotes":""},"categories":[19,29],"tags":[],"class_list":["post-47676","post","type-post","status-publish","format-standard","has-post-thumbnail","hentry","category-esportes","category-futebol"],"acf":[],"yoast_head":"<!-- This site is optimized with the Yoast SEO plugin v27.2 - https:\/\/yoast.com\/product\/yoast-seo-wordpress\/ -->\n<title>Campe\u00e3o pernambucano, Santa Cruz leva de 2x0 do Maca\u00e9 - Notibras<\/title>\n<meta name=\"robots\" content=\"index, follow, max-snippet:-1, max-image-preview:large, max-video-preview:-1\" \/>\n<link rel=\"canonical\" href=\"https:\/\/www.notibras.com\/site\/campeao-pernambucano-santa-cruz-leva-de-2x0-do-macae\/\" \/>\n<meta property=\"og:locale\" content=\"pt_BR\" \/>\n<meta property=\"og:type\" content=\"article\" \/>\n<meta property=\"og:title\" content=\"Campe\u00e3o pernambucano, Santa Cruz leva de 2x0 do Maca\u00e9 - Notibras\" \/>\n<meta property=\"og:description\" content=\"N\u00e3o h\u00e1 d\u00favidas que o t\u00edtulo Pernambucano foi \u00f3timo para o Santa Cruz e para a sua torcida, que tem motivos para comemorar a conquista. Mas o futebol apresentado pelo Tricolor no Estadual precisa ir al\u00e9m em uma competi\u00e7\u00e3o como a S\u00e9rie B do Campeonato Brasileiro. A derrota de 2\u00d70 para o Maca\u00e9, neste s\u00e1bado, [&hellip;]\" \/>\n<meta property=\"og:url\" content=\"https:\/\/www.notibras.com\/site\/campeao-pernambucano-santa-cruz-leva-de-2x0-do-macae\/\" \/>\n<meta property=\"og:site_name\" content=\"Notibras\" \/>\n<meta property=\"article:publisher\" content=\"https:\/\/www.facebook.com\/notibras\/\" \/>\n<meta property=\"article:published_time\" content=\"2015-05-09T20:45:52+00:00\" \/>\n<meta property=\"article:modified_time\" content=\"2015-05-09T21:47:24+00:00\" \/>\n<meta property=\"og:image\" content=\"https:\/\/www.notibras.com\/site\/wp-content\/uploads\/2015\/05\/maca9.jpg\" \/>\n\t<meta property=\"og:image:width\" content=\"600\" \/>\n\t<meta property=\"og:image:height\" content=\"400\" \/>\n\t<meta property=\"og:image:type\" content=\"image\/jpeg\" \/>\n<meta name=\"author\" content=\"Reda\u00e7\u00e3o\" \/>\n<meta name=\"twitter:card\" content=\"summary_large_image\" \/>\n<meta name=\"twitter:creator\" content=\"@Notibras\" \/>\n<meta name=\"twitter:site\" content=\"@Notibras\" \/>\n<meta name=\"twitter:label1\" content=\"Escrito por\" \/>\n\t<meta name=\"twitter:data1\" content=\"Reda\u00e7\u00e3o\" \/>\n\t<meta name=\"twitter:label2\" content=\"Est. tempo de leitura\" \/>\n\t<meta name=\"twitter:data2\" content=\"1 minuto\" \/>\n<script type=\"application\/ld+json\" class=\"yoast-schema-graph\">{\"@context\":\"https:\/\/schema.org\",\"@graph\":[{\"@type\":\"Article\",\"@id\":\"https:\/\/www.notibras.com\/site\/campeao-pernambucano-santa-cruz-leva-de-2x0-do-macae\/#article\",\"isPartOf\":{\"@id\":\"https:\/\/www.notibras.com\/site\/campeao-pernambucano-santa-cruz-leva-de-2x0-do-macae\/\"},\"author\":{\"name\":\"Reda\u00e7\u00e3o\",\"@id\":\"https:\/\/www.notibras.com\/site\/#\/schema\/person\/36ab0979449956132d3e5b517ea76ac8\"},\"headline\":\"Campe\u00e3o pernambucano, Santa Cruz leva de 2&#215;0 do Maca\u00e9\",\"datePublished\":\"2015-05-09T20:45:52+00:00\",\"dateModified\":\"2015-05-09T21:47:24+00:00\",\"mainEntityOfPage\":{\"@id\":\"https:\/\/www.notibras.com\/site\/campeao-pernambucano-santa-cruz-leva-de-2x0-do-macae\/\"},\"wordCount\":308,\"commentCount\":0,\"publisher\":{\"@id\":\"https:\/\/www.notibras.com\/site\/#organization\"},\"image\":{\"@id\":\"https:\/\/www.notibras.com\/site\/campeao-pernambucano-santa-cruz-leva-de-2x0-do-macae\/#primaryimage\"},\"thumbnailUrl\":\"https:\/\/www.notibras.com\/site\/wp-content\/uploads\/2015\/05\/maca9.jpg\",\"articleSection\":[\"Esportes\",\"Futebol\"],\"inLanguage\":\"pt-BR\",\"potentialAction\":[{\"@type\":\"CommentAction\",\"name\":\"Comment\",\"target\":[\"https:\/\/www.notibras.com\/site\/campeao-pernambucano-santa-cruz-leva-de-2x0-do-macae\/#respond\"]}]},{\"@type\":\"WebPage\",\"@id\":\"https:\/\/www.notibras.com\/site\/campeao-pernambucano-santa-cruz-leva-de-2x0-do-macae\/\",\"url\":\"https:\/\/www.notibras.com\/site\/campeao-pernambucano-santa-cruz-leva-de-2x0-do-macae\/\",\"name\":\"Campe\u00e3o pernambucano, Santa Cruz leva de 2x0 do Maca\u00e9 - Notibras\",\"isPartOf\":{\"@id\":\"https:\/\/www.notibras.com\/site\/#website\"},\"primaryImageOfPage\":{\"@id\":\"https:\/\/www.notibras.com\/site\/campeao-pernambucano-santa-cruz-leva-de-2x0-do-macae\/#primaryimage\"},\"image\":{\"@id\":\"https:\/\/www.notibras.com\/site\/campeao-pernambucano-santa-cruz-leva-de-2x0-do-macae\/#primaryimage\"},\"thumbnailUrl\":\"https:\/\/www.notibras.com\/site\/wp-content\/uploads\/2015\/05\/maca9.jpg\",\"datePublished\":\"2015-05-09T20:45:52+00:00\",\"dateModified\":\"2015-05-09T21:47:24+00:00\",\"breadcrumb\":{\"@id\":\"https:\/\/www.notibras.com\/site\/campeao-pernambucano-santa-cruz-leva-de-2x0-do-macae\/#breadcrumb\"},\"inLanguage\":\"pt-BR\",\"potentialAction\":[{\"@type\":\"ReadAction\",\"target\":[\"https:\/\/www.notibras.com\/site\/campeao-pernambucano-santa-cruz-leva-de-2x0-do-macae\/\"]}]},{\"@type\":\"ImageObject\",\"inLanguage\":\"pt-BR\",\"@id\":\"https:\/\/www.notibras.com\/site\/campeao-pernambucano-santa-cruz-leva-de-2x0-do-macae\/#primaryimage\",\"url\":\"https:\/\/www.notibras.com\/site\/wp-content\/uploads\/2015\/05\/maca9.jpg\",\"contentUrl\":\"https:\/\/www.notibras.com\/site\/wp-content\/uploads\/2015\/05\/maca9.jpg\",\"width\":600,\"height\":400},{\"@type\":\"BreadcrumbList\",\"@id\":\"https:\/\/www.notibras.com\/site\/campeao-pernambucano-santa-cruz-leva-de-2x0-do-macae\/#breadcrumb\",\"itemListElement\":[{\"@type\":\"ListItem\",\"position\":1,\"name\":\"In\u00edcio\",\"item\":\"https:\/\/www.notibras.com\/site\/\"},{\"@type\":\"ListItem\",\"position\":2,\"name\":\"Campe\u00e3o pernambucano, Santa Cruz leva de 2&#215;0 do Maca\u00e9\"}]},{\"@type\":\"WebSite\",\"@id\":\"https:\/\/www.notibras.com\/site\/#website\",\"url\":\"https:\/\/www.notibras.com\/site\/\",\"name\":\"Notibras\",\"description\":\"Not\u00edcias de Bras\u00edlia, do Brasil e do Mundo\",\"publisher\":{\"@id\":\"https:\/\/www.notibras.com\/site\/#organization\"},\"potentialAction\":[{\"@type\":\"SearchAction\",\"target\":{\"@type\":\"EntryPoint\",\"urlTemplate\":\"https:\/\/www.notibras.com\/site\/?s={search_term_string}\"},\"query-input\":{\"@type\":\"PropertyValueSpecification\",\"valueRequired\":true,\"valueName\":\"search_term_string\"}}],\"inLanguage\":\"pt-BR\"},{\"@type\":\"Organization\",\"@id\":\"https:\/\/www.notibras.com\/site\/#organization\",\"name\":\"Grupo Notibras de Comunica\u00e7\u00e3o\",\"url\":\"https:\/\/www.notibras.com\/site\/\",\"logo\":{\"@type\":\"ImageObject\",\"inLanguage\":\"pt-BR\",\"@id\":\"https:\/\/www.notibras.com\/site\/#\/schema\/logo\/image\/\",\"url\":\"https:\/\/www.notibras.com\/site\/wp-content\/uploads\/2023\/01\/notibras23.png\",\"contentUrl\":\"https:\/\/www.notibras.com\/site\/wp-content\/uploads\/2023\/01\/notibras23.png\",\"width\":350,\"height\":87,\"caption\":\"Grupo Notibras de Comunica\u00e7\u00e3o\"},\"image\":{\"@id\":\"https:\/\/www.notibras.com\/site\/#\/schema\/logo\/image\/\"},\"sameAs\":[\"https:\/\/www.facebook.com\/notibras\/\",\"https:\/\/x.com\/Notibras\",\"https:\/\/www.instagram.com\/notibras\/\"]},{\"@type\":\"Person\",\"@id\":\"https:\/\/www.notibras.com\/site\/#\/schema\/person\/36ab0979449956132d3e5b517ea76ac8\",\"name\":\"Reda\u00e7\u00e3o\",\"image\":{\"@type\":\"ImageObject\",\"inLanguage\":\"pt-BR\",\"@id\":\"https:\/\/secure.gravatar.com\/avatar\/e0a867bdedb85fd243eadf09663511f96fc81e0720a4a42581f334ad4303aa6b?s=96&d=mm&r=g\",\"url\":\"https:\/\/secure.gravatar.com\/avatar\/e0a867bdedb85fd243eadf09663511f96fc81e0720a4a42581f334ad4303aa6b?s=96&d=mm&r=g\",\"contentUrl\":\"https:\/\/secure.gravatar.com\/avatar\/e0a867bdedb85fd243eadf09663511f96fc81e0720a4a42581f334ad4303aa6b?s=96&d=mm&r=g\",\"caption\":\"Reda\u00e7\u00e3o\"}}]}<\/script>\n<!-- \/ Yoast SEO plugin. -->","yoast_head_json":{"title":"Campe\u00e3o pernambucano, Santa Cruz leva de 2x0 do Maca\u00e9 - Notibras","robots":{"index":"index","follow":"follow","max-snippet":"max-snippet:-1","max-image-preview":"max-image-preview:large","max-video-preview":"max-video-preview:-1"},"canonical":"https:\/\/www.notibras.com\/site\/campeao-pernambucano-santa-cruz-leva-de-2x0-do-macae\/","og_locale":"pt_BR","og_type":"article","og_title":"Campe\u00e3o pernambucano, Santa Cruz leva de 2x0 do Maca\u00e9 - Notibras","og_description":"N\u00e3o h\u00e1 d\u00favidas que o t\u00edtulo Pernambucano foi \u00f3timo para o Santa Cruz e para a sua torcida, que tem motivos para comemorar a conquista. Mas o futebol apresentado pelo Tricolor no Estadual precisa ir al\u00e9m em uma competi\u00e7\u00e3o como a S\u00e9rie B do Campeonato Brasileiro. A derrota de 2\u00d70 para o Maca\u00e9, neste s\u00e1bado, [&hellip;]","og_url":"https:\/\/www.notibras.com\/site\/campeao-pernambucano-santa-cruz-leva-de-2x0-do-macae\/","og_site_name":"Notibras","article_publisher":"https:\/\/www.facebook.com\/notibras\/","article_published_time":"2015-05-09T20:45:52+00:00","article_modified_time":"2015-05-09T21:47:24+00:00","og_image":[{"width":600,"height":400,"url":"https:\/\/www.notibras.com\/site\/wp-content\/uploads\/2015\/05\/maca9.jpg","type":"image\/jpeg"}],"author":"Reda\u00e7\u00e3o","twitter_card":"summary_large_image","twitter_creator":"@Notibras","twitter_site":"@Notibras","twitter_misc":{"Escrito por":"Reda\u00e7\u00e3o","Est. tempo de leitura":"1 minuto"},"schema":{"@context":"https:\/\/schema.org","@graph":[{"@type":"Article","@id":"https:\/\/www.notibras.com\/site\/campeao-pernambucano-santa-cruz-leva-de-2x0-do-macae\/#article","isPartOf":{"@id":"https:\/\/www.notibras.com\/site\/campeao-pernambucano-santa-cruz-leva-de-2x0-do-macae\/"},"author":{"name":"Reda\u00e7\u00e3o","@id":"https:\/\/www.notibras.com\/site\/#\/schema\/person\/36ab0979449956132d3e5b517ea76ac8"},"headline":"Campe\u00e3o pernambucano, Santa Cruz leva de 2&#215;0 do Maca\u00e9","datePublished":"2015-05-09T20:45:52+00:00","dateModified":"2015-05-09T21:47:24+00:00","mainEntityOfPage":{"@id":"https:\/\/www.notibras.com\/site\/campeao-pernambucano-santa-cruz-leva-de-2x0-do-macae\/"},"wordCount":308,"commentCount":0,"publisher":{"@id":"https:\/\/www.notibras.com\/site\/#organization"},"image":{"@id":"https:\/\/www.notibras.com\/site\/campeao-pernambucano-santa-cruz-leva-de-2x0-do-macae\/#primaryimage"},"thumbnailUrl":"https:\/\/www.notibras.com\/site\/wp-content\/uploads\/2015\/05\/maca9.jpg","articleSection":["Esportes","Futebol"],"inLanguage":"pt-BR","potentialAction":[{"@type":"CommentAction","name":"Comment","target":["https:\/\/www.notibras.com\/site\/campeao-pernambucano-santa-cruz-leva-de-2x0-do-macae\/#respond"]}]},{"@type":"WebPage","@id":"https:\/\/www.notibras.com\/site\/campeao-pernambucano-santa-cruz-leva-de-2x0-do-macae\/","url":"https:\/\/www.notibras.com\/site\/campeao-pernambucano-santa-cruz-leva-de-2x0-do-macae\/","name":"Campe\u00e3o pernambucano, Santa Cruz leva de 2x0 do Maca\u00e9 - Notibras","isPartOf":{"@id":"https:\/\/www.notibras.com\/site\/#website"},"primaryImageOfPage":{"@id":"https:\/\/www.notibras.com\/site\/campeao-pernambucano-santa-cruz-leva-de-2x0-do-macae\/#primaryimage"},"image":{"@id":"https:\/\/www.notibras.com\/site\/campeao-pernambucano-santa-cruz-leva-de-2x0-do-macae\/#primaryimage"},"thumbnailUrl":"https:\/\/www.notibras.com\/site\/wp-content\/uploads\/2015\/05\/maca9.jpg","datePublished":"2015-05-09T20:45:52+00:00","dateModified":"2015-05-09T21:47:24+00:00","breadcrumb":{"@id":"https:\/\/www.notibras.com\/site\/campeao-pernambucano-santa-cruz-leva-de-2x0-do-macae\/#breadcrumb"},"inLanguage":"pt-BR","potentialAction":[{"@type":"ReadAction","target":["https:\/\/www.notibras.com\/site\/campeao-pernambucano-santa-cruz-leva-de-2x0-do-macae\/"]}]},{"@type":"ImageObject","inLanguage":"pt-BR","@id":"https:\/\/www.notibras.com\/site\/campeao-pernambucano-santa-cruz-leva-de-2x0-do-macae\/#primaryimage","url":"https:\/\/www.notibras.com\/site\/wp-content\/uploads\/2015\/05\/maca9.jpg","contentUrl":"https:\/\/www.notibras.com\/site\/wp-content\/uploads\/2015\/05\/maca9.jpg","width":600,"height":400},{"@type":"BreadcrumbList","@id":"https:\/\/www.notibras.com\/site\/campeao-pernambucano-santa-cruz-leva-de-2x0-do-macae\/#breadcrumb","itemListElement":[{"@type":"ListItem","position":1,"name":"In\u00edcio","item":"https:\/\/www.notibras.com\/site\/"},{"@type":"ListItem","position":2,"name":"Campe\u00e3o pernambucano, Santa Cruz leva de 2&#215;0 do Maca\u00e9"}]},{"@type":"WebSite","@id":"https:\/\/www.notibras.com\/site\/#website","url":"https:\/\/www.notibras.com\/site\/","name":"Notibras","description":"Not\u00edcias de Bras\u00edlia, do Brasil e do Mundo","publisher":{"@id":"https:\/\/www.notibras.com\/site\/#organization"},"potentialAction":[{"@type":"SearchAction","target":{"@type":"EntryPoint","urlTemplate":"https:\/\/www.notibras.com\/site\/?s={search_term_string}"},"query-input":{"@type":"PropertyValueSpecification","valueRequired":true,"valueName":"search_term_string"}}],"inLanguage":"pt-BR"},{"@type":"Organization","@id":"https:\/\/www.notibras.com\/site\/#organization","name":"Grupo Notibras de Comunica\u00e7\u00e3o","url":"https:\/\/www.notibras.com\/site\/","logo":{"@type":"ImageObject","inLanguage":"pt-BR","@id":"https:\/\/www.notibras.com\/site\/#\/schema\/logo\/image\/","url":"https:\/\/www.notibras.com\/site\/wp-content\/uploads\/2023\/01\/notibras23.png","contentUrl":"https:\/\/www.notibras.com\/site\/wp-content\/uploads\/2023\/01\/notibras23.png","width":350,"height":87,"caption":"Grupo Notibras de Comunica\u00e7\u00e3o"},"image":{"@id":"https:\/\/www.notibras.com\/site\/#\/schema\/logo\/image\/"},"sameAs":["https:\/\/www.facebook.com\/notibras\/","https:\/\/x.com\/Notibras","https:\/\/www.instagram.com\/notibras\/"]},{"@type":"Person","@id":"https:\/\/www.notibras.com\/site\/#\/schema\/person\/36ab0979449956132d3e5b517ea76ac8","name":"Reda\u00e7\u00e3o","image":{"@type":"ImageObject","inLanguage":"pt-BR","@id":"https:\/\/secure.gravatar.com\/avatar\/e0a867bdedb85fd243eadf09663511f96fc81e0720a4a42581f334ad4303aa6b?s=96&d=mm&r=g","url":"https:\/\/secure.gravatar.com\/avatar\/e0a867bdedb85fd243eadf09663511f96fc81e0720a4a42581f334ad4303aa6b?s=96&d=mm&r=g","contentUrl":"https:\/\/secure.gravatar.com\/avatar\/e0a867bdedb85fd243eadf09663511f96fc81e0720a4a42581f334ad4303aa6b?s=96&d=mm&r=g","caption":"Reda\u00e7\u00e3o"}}]}},"amp_enabled":true,"_links":{"self":[{"href":"https:\/\/www.notibras.com\/site\/wp-json\/wp\/v2\/posts\/47676","targetHints":{"allow":["GET"]}}],"collection":[{"href":"https:\/\/www.notibras.com\/site\/wp-json\/wp\/v2\/posts"}],"about":[{"href":"https:\/\/www.notibras.com\/site\/wp-json\/wp\/v2\/types\/post"}],"author":[{"embeddable":true,"href":"https:\/\/www.notibras.com\/site\/wp-json\/wp\/v2\/users\/2"}],"replies":[{"embeddable":true,"href":"https:\/\/www.notibras.com\/site\/wp-json\/wp\/v2\/comments?post=47676"}],"version-history":[{"count":0,"href":"https:\/\/www.notibras.com\/site\/wp-json\/wp\/v2\/posts\/47676\/revisions"}],"wp:featuredmedia":[{"embeddable":true,"href":"https:\/\/www.notibras.com\/site\/wp-json\/wp\/v2\/media\/47677"}],"wp:attachment":[{"href":"https:\/\/www.notibras.com\/site\/wp-json\/wp\/v2\/media?parent=47676"}],"wp:term":[{"taxonomy":"category","embeddable":true,"href":"https:\/\/www.notibras.com\/site\/wp-json\/wp\/v2\/categories?post=47676"},{"taxonomy":"post_tag","embeddable":true,"href":"https:\/\/www.notibras.com\/site\/wp-json\/wp\/v2\/tags?post=47676"}],"curies":[{"name":"wp","href":"https:\/\/api.w.org\/{rel}","templated":true}]}}