{"id":47782,"date":"2015-05-10T15:22:01","date_gmt":"2015-05-10T18:22:01","guid":{"rendered":"http:\/\/www.notibras.com\/site\/?p=47782"},"modified":"2015-05-10T15:22:01","modified_gmt":"2015-05-10T18:22:01","slug":"uno-vermelho-placa-jkl-8938-multa-por-irresponsabilidade","status":"publish","type":"post","link":"https:\/\/www.notibras.com\/site\/uno-vermelho-placa-jkl-8938-multa-por-irresponsabilidade\/","title":{"rendered":"Uno vermelho, placa JKL 8938. Multa por irresponsabilidade"},"content":{"rendered":"<p>\u00c9 lament\u00e1vel que ainda existam em Bras\u00edlia motoristas irrespons\u00e1veis que n\u00e3o sabem viver em sociedade. Um exemplo \u00e9 quem estacionou o Fiat Uno vermelho, placa JKL 8938, flagrado em vaga destinada a portadores de necessidades especiais, em uma \u00e1rea residencial de \u00c1guas Claras. N\u00e3o bastasse o fato de n\u00e3o obedecer o estacionamento privativo, o motorista ainda impediu a passagem de quem necessita se locomover em cadeira de rodas. Mas, como castigo n\u00e3o demora, informa Tati Mascarenhas, do edif\u00edcio Viviane Rinaldi, logo em seguida passou uma equipe de fiscaliza\u00e7\u00e3o do Detran, que multou o ve\u00edculo por estacionamento irregular.<\/p>\n","protected":false},"excerpt":{"rendered":"<p>\u00c9 lament\u00e1vel que ainda existam em Bras\u00edlia motoristas irrespons\u00e1veis que n\u00e3o sabem viver em sociedade. Um exemplo \u00e9 quem estacionou o Fiat Uno vermelho, placa JKL 8938, flagrado em vaga destinada a portadores de necessidades especiais, em uma \u00e1rea residencial de \u00c1guas Claras. N\u00e3o bastasse o fato de n\u00e3o obedecer o estacionamento privativo, o motorista [&hellip;]<\/p>\n","protected":false},"author":2,"featured_media":47783,"comment_status":"open","ping_status":"closed","sticky":false,"template":"","format":"standard","meta":{"_acf_changed":false,"footnotes":""},"categories":[40],"tags":[],"class_list":["post-47782","post","type-post","status-publish","format-standard","has-post-thumbnail","hentry","category-zapzap-das-quadras"],"acf":[],"yoast_head":"<!-- This site is optimized with the Yoast SEO plugin v27.2 - https:\/\/yoast.com\/product\/yoast-seo-wordpress\/ -->\n<title>Uno vermelho, placa JKL 8938. Multa por irresponsabilidade - Notibras<\/title>\n<meta name=\"robots\" content=\"index, follow, max-snippet:-1, max-image-preview:large, max-video-preview:-1\" \/>\n<link rel=\"canonical\" href=\"https:\/\/www.notibras.com\/site\/uno-vermelho-placa-jkl-8938-multa-por-irresponsabilidade\/\" \/>\n<meta property=\"og:locale\" content=\"pt_BR\" \/>\n<meta property=\"og:type\" content=\"article\" \/>\n<meta property=\"og:title\" content=\"Uno vermelho, placa JKL 8938. Multa por irresponsabilidade - Notibras\" \/>\n<meta property=\"og:description\" content=\"\u00c9 lament\u00e1vel que ainda existam em Bras\u00edlia motoristas irrespons\u00e1veis que n\u00e3o sabem viver em sociedade. Um exemplo \u00e9 quem estacionou o Fiat Uno vermelho, placa JKL 8938, flagrado em vaga destinada a portadores de necessidades especiais, em uma \u00e1rea residencial de \u00c1guas Claras. N\u00e3o bastasse o fato de n\u00e3o obedecer o estacionamento privativo, o motorista [&hellip;]\" \/>\n<meta property=\"og:url\" content=\"https:\/\/www.notibras.com\/site\/uno-vermelho-placa-jkl-8938-multa-por-irresponsabilidade\/\" \/>\n<meta property=\"og:site_name\" content=\"Notibras\" \/>\n<meta property=\"article:publisher\" content=\"https:\/\/www.facebook.com\/notibras\/\" \/>\n<meta property=\"article:published_time\" content=\"2015-05-10T18:22:01+00:00\" \/>\n<meta property=\"og:image\" content=\"https:\/\/www.notibras.com\/site\/wp-content\/uploads\/2015\/05\/uno.jpg\" \/>\n\t<meta property=\"og:image:width\" content=\"1040\" \/>\n\t<meta property=\"og:image:height\" content=\"585\" \/>\n\t<meta property=\"og:image:type\" content=\"image\/jpeg\" \/>\n<meta name=\"author\" content=\"Reda\u00e7\u00e3o\" \/>\n<meta name=\"twitter:card\" content=\"summary_large_image\" \/>\n<meta name=\"twitter:creator\" content=\"@Notibras\" \/>\n<meta name=\"twitter:site\" content=\"@Notibras\" \/>\n<meta name=\"twitter:label1\" content=\"Escrito por\" \/>\n\t<meta name=\"twitter:data1\" content=\"Reda\u00e7\u00e3o\" \/>\n\t<meta name=\"twitter:label2\" content=\"Est. tempo de leitura\" \/>\n\t<meta name=\"twitter:data2\" content=\"1 minuto\" \/>\n<script type=\"application\/ld+json\" class=\"yoast-schema-graph\">{\"@context\":\"https:\/\/schema.org\",\"@graph\":[{\"@type\":\"Article\",\"@id\":\"https:\/\/www.notibras.com\/site\/uno-vermelho-placa-jkl-8938-multa-por-irresponsabilidade\/#article\",\"isPartOf\":{\"@id\":\"https:\/\/www.notibras.com\/site\/uno-vermelho-placa-jkl-8938-multa-por-irresponsabilidade\/\"},\"author\":{\"name\":\"Reda\u00e7\u00e3o\",\"@id\":\"https:\/\/www.notibras.com\/site\/#\/schema\/person\/36ab0979449956132d3e5b517ea76ac8\"},\"headline\":\"Uno vermelho, placa JKL 8938. Multa por irresponsabilidade\",\"datePublished\":\"2015-05-10T18:22:01+00:00\",\"mainEntityOfPage\":{\"@id\":\"https:\/\/www.notibras.com\/site\/uno-vermelho-placa-jkl-8938-multa-por-irresponsabilidade\/\"},\"wordCount\":111,\"commentCount\":0,\"publisher\":{\"@id\":\"https:\/\/www.notibras.com\/site\/#organization\"},\"image\":{\"@id\":\"https:\/\/www.notibras.com\/site\/uno-vermelho-placa-jkl-8938-multa-por-irresponsabilidade\/#primaryimage\"},\"thumbnailUrl\":\"https:\/\/www.notibras.com\/site\/wp-content\/uploads\/2015\/05\/uno.jpg\",\"articleSection\":[\"ZapZap das Quadras\"],\"inLanguage\":\"pt-BR\",\"potentialAction\":[{\"@type\":\"CommentAction\",\"name\":\"Comment\",\"target\":[\"https:\/\/www.notibras.com\/site\/uno-vermelho-placa-jkl-8938-multa-por-irresponsabilidade\/#respond\"]}]},{\"@type\":\"WebPage\",\"@id\":\"https:\/\/www.notibras.com\/site\/uno-vermelho-placa-jkl-8938-multa-por-irresponsabilidade\/\",\"url\":\"https:\/\/www.notibras.com\/site\/uno-vermelho-placa-jkl-8938-multa-por-irresponsabilidade\/\",\"name\":\"Uno vermelho, placa JKL 8938. Multa por irresponsabilidade - Notibras\",\"isPartOf\":{\"@id\":\"https:\/\/www.notibras.com\/site\/#website\"},\"primaryImageOfPage\":{\"@id\":\"https:\/\/www.notibras.com\/site\/uno-vermelho-placa-jkl-8938-multa-por-irresponsabilidade\/#primaryimage\"},\"image\":{\"@id\":\"https:\/\/www.notibras.com\/site\/uno-vermelho-placa-jkl-8938-multa-por-irresponsabilidade\/#primaryimage\"},\"thumbnailUrl\":\"https:\/\/www.notibras.com\/site\/wp-content\/uploads\/2015\/05\/uno.jpg\",\"datePublished\":\"2015-05-10T18:22:01+00:00\",\"breadcrumb\":{\"@id\":\"https:\/\/www.notibras.com\/site\/uno-vermelho-placa-jkl-8938-multa-por-irresponsabilidade\/#breadcrumb\"},\"inLanguage\":\"pt-BR\",\"potentialAction\":[{\"@type\":\"ReadAction\",\"target\":[\"https:\/\/www.notibras.com\/site\/uno-vermelho-placa-jkl-8938-multa-por-irresponsabilidade\/\"]}]},{\"@type\":\"ImageObject\",\"inLanguage\":\"pt-BR\",\"@id\":\"https:\/\/www.notibras.com\/site\/uno-vermelho-placa-jkl-8938-multa-por-irresponsabilidade\/#primaryimage\",\"url\":\"https:\/\/www.notibras.com\/site\/wp-content\/uploads\/2015\/05\/uno.jpg\",\"contentUrl\":\"https:\/\/www.notibras.com\/site\/wp-content\/uploads\/2015\/05\/uno.jpg\",\"width\":1040,\"height\":585},{\"@type\":\"BreadcrumbList\",\"@id\":\"https:\/\/www.notibras.com\/site\/uno-vermelho-placa-jkl-8938-multa-por-irresponsabilidade\/#breadcrumb\",\"itemListElement\":[{\"@type\":\"ListItem\",\"position\":1,\"name\":\"In\u00edcio\",\"item\":\"https:\/\/www.notibras.com\/site\/\"},{\"@type\":\"ListItem\",\"position\":2,\"name\":\"Uno vermelho, placa JKL 8938. Multa por irresponsabilidade\"}]},{\"@type\":\"WebSite\",\"@id\":\"https:\/\/www.notibras.com\/site\/#website\",\"url\":\"https:\/\/www.notibras.com\/site\/\",\"name\":\"Notibras\",\"description\":\"Not\u00edcias de Bras\u00edlia, do Brasil e do Mundo\",\"publisher\":{\"@id\":\"https:\/\/www.notibras.com\/site\/#organization\"},\"potentialAction\":[{\"@type\":\"SearchAction\",\"target\":{\"@type\":\"EntryPoint\",\"urlTemplate\":\"https:\/\/www.notibras.com\/site\/?s={search_term_string}\"},\"query-input\":{\"@type\":\"PropertyValueSpecification\",\"valueRequired\":true,\"valueName\":\"search_term_string\"}}],\"inLanguage\":\"pt-BR\"},{\"@type\":\"Organization\",\"@id\":\"https:\/\/www.notibras.com\/site\/#organization\",\"name\":\"Grupo Notibras de Comunica\u00e7\u00e3o\",\"url\":\"https:\/\/www.notibras.com\/site\/\",\"logo\":{\"@type\":\"ImageObject\",\"inLanguage\":\"pt-BR\",\"@id\":\"https:\/\/www.notibras.com\/site\/#\/schema\/logo\/image\/\",\"url\":\"https:\/\/www.notibras.com\/site\/wp-content\/uploads\/2023\/01\/notibras23.png\",\"contentUrl\":\"https:\/\/www.notibras.com\/site\/wp-content\/uploads\/2023\/01\/notibras23.png\",\"width\":350,\"height\":87,\"caption\":\"Grupo Notibras de Comunica\u00e7\u00e3o\"},\"image\":{\"@id\":\"https:\/\/www.notibras.com\/site\/#\/schema\/logo\/image\/\"},\"sameAs\":[\"https:\/\/www.facebook.com\/notibras\/\",\"https:\/\/x.com\/Notibras\",\"https:\/\/www.instagram.com\/notibras\/\"]},{\"@type\":\"Person\",\"@id\":\"https:\/\/www.notibras.com\/site\/#\/schema\/person\/36ab0979449956132d3e5b517ea76ac8\",\"name\":\"Reda\u00e7\u00e3o\",\"image\":{\"@type\":\"ImageObject\",\"inLanguage\":\"pt-BR\",\"@id\":\"https:\/\/secure.gravatar.com\/avatar\/e0a867bdedb85fd243eadf09663511f96fc81e0720a4a42581f334ad4303aa6b?s=96&d=mm&r=g\",\"url\":\"https:\/\/secure.gravatar.com\/avatar\/e0a867bdedb85fd243eadf09663511f96fc81e0720a4a42581f334ad4303aa6b?s=96&d=mm&r=g\",\"contentUrl\":\"https:\/\/secure.gravatar.com\/avatar\/e0a867bdedb85fd243eadf09663511f96fc81e0720a4a42581f334ad4303aa6b?s=96&d=mm&r=g\",\"caption\":\"Reda\u00e7\u00e3o\"}}]}<\/script>\n<!-- \/ Yoast SEO plugin. -->","yoast_head_json":{"title":"Uno vermelho, placa JKL 8938. Multa por irresponsabilidade - Notibras","robots":{"index":"index","follow":"follow","max-snippet":"max-snippet:-1","max-image-preview":"max-image-preview:large","max-video-preview":"max-video-preview:-1"},"canonical":"https:\/\/www.notibras.com\/site\/uno-vermelho-placa-jkl-8938-multa-por-irresponsabilidade\/","og_locale":"pt_BR","og_type":"article","og_title":"Uno vermelho, placa JKL 8938. Multa por irresponsabilidade - Notibras","og_description":"\u00c9 lament\u00e1vel que ainda existam em Bras\u00edlia motoristas irrespons\u00e1veis que n\u00e3o sabem viver em sociedade. Um exemplo \u00e9 quem estacionou o Fiat Uno vermelho, placa JKL 8938, flagrado em vaga destinada a portadores de necessidades especiais, em uma \u00e1rea residencial de \u00c1guas Claras. N\u00e3o bastasse o fato de n\u00e3o obedecer o estacionamento privativo, o motorista [&hellip;]","og_url":"https:\/\/www.notibras.com\/site\/uno-vermelho-placa-jkl-8938-multa-por-irresponsabilidade\/","og_site_name":"Notibras","article_publisher":"https:\/\/www.facebook.com\/notibras\/","article_published_time":"2015-05-10T18:22:01+00:00","og_image":[{"width":1040,"height":585,"url":"https:\/\/www.notibras.com\/site\/wp-content\/uploads\/2015\/05\/uno.jpg","type":"image\/jpeg"}],"author":"Reda\u00e7\u00e3o","twitter_card":"summary_large_image","twitter_creator":"@Notibras","twitter_site":"@Notibras","twitter_misc":{"Escrito por":"Reda\u00e7\u00e3o","Est. tempo de leitura":"1 minuto"},"schema":{"@context":"https:\/\/schema.org","@graph":[{"@type":"Article","@id":"https:\/\/www.notibras.com\/site\/uno-vermelho-placa-jkl-8938-multa-por-irresponsabilidade\/#article","isPartOf":{"@id":"https:\/\/www.notibras.com\/site\/uno-vermelho-placa-jkl-8938-multa-por-irresponsabilidade\/"},"author":{"name":"Reda\u00e7\u00e3o","@id":"https:\/\/www.notibras.com\/site\/#\/schema\/person\/36ab0979449956132d3e5b517ea76ac8"},"headline":"Uno vermelho, placa JKL 8938. Multa por irresponsabilidade","datePublished":"2015-05-10T18:22:01+00:00","mainEntityOfPage":{"@id":"https:\/\/www.notibras.com\/site\/uno-vermelho-placa-jkl-8938-multa-por-irresponsabilidade\/"},"wordCount":111,"commentCount":0,"publisher":{"@id":"https:\/\/www.notibras.com\/site\/#organization"},"image":{"@id":"https:\/\/www.notibras.com\/site\/uno-vermelho-placa-jkl-8938-multa-por-irresponsabilidade\/#primaryimage"},"thumbnailUrl":"https:\/\/www.notibras.com\/site\/wp-content\/uploads\/2015\/05\/uno.jpg","articleSection":["ZapZap das Quadras"],"inLanguage":"pt-BR","potentialAction":[{"@type":"CommentAction","name":"Comment","target":["https:\/\/www.notibras.com\/site\/uno-vermelho-placa-jkl-8938-multa-por-irresponsabilidade\/#respond"]}]},{"@type":"WebPage","@id":"https:\/\/www.notibras.com\/site\/uno-vermelho-placa-jkl-8938-multa-por-irresponsabilidade\/","url":"https:\/\/www.notibras.com\/site\/uno-vermelho-placa-jkl-8938-multa-por-irresponsabilidade\/","name":"Uno vermelho, placa JKL 8938. Multa por irresponsabilidade - Notibras","isPartOf":{"@id":"https:\/\/www.notibras.com\/site\/#website"},"primaryImageOfPage":{"@id":"https:\/\/www.notibras.com\/site\/uno-vermelho-placa-jkl-8938-multa-por-irresponsabilidade\/#primaryimage"},"image":{"@id":"https:\/\/www.notibras.com\/site\/uno-vermelho-placa-jkl-8938-multa-por-irresponsabilidade\/#primaryimage"},"thumbnailUrl":"https:\/\/www.notibras.com\/site\/wp-content\/uploads\/2015\/05\/uno.jpg","datePublished":"2015-05-10T18:22:01+00:00","breadcrumb":{"@id":"https:\/\/www.notibras.com\/site\/uno-vermelho-placa-jkl-8938-multa-por-irresponsabilidade\/#breadcrumb"},"inLanguage":"pt-BR","potentialAction":[{"@type":"ReadAction","target":["https:\/\/www.notibras.com\/site\/uno-vermelho-placa-jkl-8938-multa-por-irresponsabilidade\/"]}]},{"@type":"ImageObject","inLanguage":"pt-BR","@id":"https:\/\/www.notibras.com\/site\/uno-vermelho-placa-jkl-8938-multa-por-irresponsabilidade\/#primaryimage","url":"https:\/\/www.notibras.com\/site\/wp-content\/uploads\/2015\/05\/uno.jpg","contentUrl":"https:\/\/www.notibras.com\/site\/wp-content\/uploads\/2015\/05\/uno.jpg","width":1040,"height":585},{"@type":"BreadcrumbList","@id":"https:\/\/www.notibras.com\/site\/uno-vermelho-placa-jkl-8938-multa-por-irresponsabilidade\/#breadcrumb","itemListElement":[{"@type":"ListItem","position":1,"name":"In\u00edcio","item":"https:\/\/www.notibras.com\/site\/"},{"@type":"ListItem","position":2,"name":"Uno vermelho, placa JKL 8938. Multa por irresponsabilidade"}]},{"@type":"WebSite","@id":"https:\/\/www.notibras.com\/site\/#website","url":"https:\/\/www.notibras.com\/site\/","name":"Notibras","description":"Not\u00edcias de Bras\u00edlia, do Brasil e do Mundo","publisher":{"@id":"https:\/\/www.notibras.com\/site\/#organization"},"potentialAction":[{"@type":"SearchAction","target":{"@type":"EntryPoint","urlTemplate":"https:\/\/www.notibras.com\/site\/?s={search_term_string}"},"query-input":{"@type":"PropertyValueSpecification","valueRequired":true,"valueName":"search_term_string"}}],"inLanguage":"pt-BR"},{"@type":"Organization","@id":"https:\/\/www.notibras.com\/site\/#organization","name":"Grupo Notibras de Comunica\u00e7\u00e3o","url":"https:\/\/www.notibras.com\/site\/","logo":{"@type":"ImageObject","inLanguage":"pt-BR","@id":"https:\/\/www.notibras.com\/site\/#\/schema\/logo\/image\/","url":"https:\/\/www.notibras.com\/site\/wp-content\/uploads\/2023\/01\/notibras23.png","contentUrl":"https:\/\/www.notibras.com\/site\/wp-content\/uploads\/2023\/01\/notibras23.png","width":350,"height":87,"caption":"Grupo Notibras de Comunica\u00e7\u00e3o"},"image":{"@id":"https:\/\/www.notibras.com\/site\/#\/schema\/logo\/image\/"},"sameAs":["https:\/\/www.facebook.com\/notibras\/","https:\/\/x.com\/Notibras","https:\/\/www.instagram.com\/notibras\/"]},{"@type":"Person","@id":"https:\/\/www.notibras.com\/site\/#\/schema\/person\/36ab0979449956132d3e5b517ea76ac8","name":"Reda\u00e7\u00e3o","image":{"@type":"ImageObject","inLanguage":"pt-BR","@id":"https:\/\/secure.gravatar.com\/avatar\/e0a867bdedb85fd243eadf09663511f96fc81e0720a4a42581f334ad4303aa6b?s=96&d=mm&r=g","url":"https:\/\/secure.gravatar.com\/avatar\/e0a867bdedb85fd243eadf09663511f96fc81e0720a4a42581f334ad4303aa6b?s=96&d=mm&r=g","contentUrl":"https:\/\/secure.gravatar.com\/avatar\/e0a867bdedb85fd243eadf09663511f96fc81e0720a4a42581f334ad4303aa6b?s=96&d=mm&r=g","caption":"Reda\u00e7\u00e3o"}}]}},"amp_enabled":true,"_links":{"self":[{"href":"https:\/\/www.notibras.com\/site\/wp-json\/wp\/v2\/posts\/47782","targetHints":{"allow":["GET"]}}],"collection":[{"href":"https:\/\/www.notibras.com\/site\/wp-json\/wp\/v2\/posts"}],"about":[{"href":"https:\/\/www.notibras.com\/site\/wp-json\/wp\/v2\/types\/post"}],"author":[{"embeddable":true,"href":"https:\/\/www.notibras.com\/site\/wp-json\/wp\/v2\/users\/2"}],"replies":[{"embeddable":true,"href":"https:\/\/www.notibras.com\/site\/wp-json\/wp\/v2\/comments?post=47782"}],"version-history":[{"count":0,"href":"https:\/\/www.notibras.com\/site\/wp-json\/wp\/v2\/posts\/47782\/revisions"}],"wp:featuredmedia":[{"embeddable":true,"href":"https:\/\/www.notibras.com\/site\/wp-json\/wp\/v2\/media\/47783"}],"wp:attachment":[{"href":"https:\/\/www.notibras.com\/site\/wp-json\/wp\/v2\/media?parent=47782"}],"wp:term":[{"taxonomy":"category","embeddable":true,"href":"https:\/\/www.notibras.com\/site\/wp-json\/wp\/v2\/categories?post=47782"},{"taxonomy":"post_tag","embeddable":true,"href":"https:\/\/www.notibras.com\/site\/wp-json\/wp\/v2\/tags?post=47782"}],"curies":[{"name":"wp","href":"https:\/\/api.w.org\/{rel}","templated":true}]}}